{"id":44857,"date":"2024-05-20T19:16:15","date_gmt":"2024-05-20T22:16:15","guid":{"rendered":"https:\/\/verdadeon.com.br\/portal\/?p=44857"},"modified":"2024-05-20T19:16:15","modified_gmt":"2024-05-20T22:16:15","slug":"expoagro-franca-2024-reforca-seguranca-com-apoio-da-policia-militar-e-guarda-civil-municipal-na-segunda-semana-do-evento","status":"publish","type":"post","link":"https:\/\/verdadeon.com.br\/portal\/2024\/05\/20\/expoagro-franca-2024-reforca-seguranca-com-apoio-da-policia-militar-e-guarda-civil-municipal-na-segunda-semana-do-evento\/","title":{"rendered":"Expoagro Franca 2024 refor\u00e7a seguran\u00e7a com apoio da Pol\u00edcia Militar e Guarda Civil Municipal na segunda semana do evento"},"content":{"rendered":"<h2>A segunda semana da Expoagro Franca 2024, que acontece at\u00e9 o pr\u00f3ximo dia 26 de maio, contar\u00e1 com refor\u00e7o na seguran\u00e7a da festa para proporcionar mais tranquilidade para o p\u00fablico presente.<\/h2>\n<p>Na tarde desta segunda-feira, 20, a empresa organizadora, Faz Eventos, atrav\u00e9s do respons\u00e1vel pela seguran\u00e7a do evento, Jos\u00e9 Fernando, se reuniu com integrantes da comiss\u00e3o t\u00e9cnica da Prefeitura de Franca, com a Secret\u00e1ria de Desenvolvimento, Lucimara Prado, com o Capit\u00e3o da Pol\u00edcia Militar, Alex Lan\u00e7a &#8211; respons\u00e1vel pela 5a Companhia e com o Coronel da Guarda Civil Municipal, Marcus Alexandre Morais de Ara\u00fajo, para alinhar as estrat\u00e9gias de seguran\u00e7a para esta segunda semana.<\/p>\n<p>A seguran\u00e7a privada contratada pela Expoagro Franca 2024 contar\u00e1 com um efetivo maior em todos os setores do evento. Agentes descaracterizados tamb\u00e9m estar\u00e3o circulando no recinto do Parque de Exposi\u00e7\u00f5es Fernando Costa para que caso seja necess\u00e1rio agir em alguma situa\u00e7\u00e3o de emerg\u00eancia.<\/p>\n<p>O Capit\u00e3o, Alex Lan\u00e7a, destacou que no pr\u00f3ximo fim de semana, a Pol\u00edcia Militar ter\u00e1 um efetivo maior para apoiar a festa em casos da necessidade de eventuais incurs\u00f5es. Al\u00e9m disso, viaturas de patrulhamento far\u00e3o rondas no entorno e dentro do parque, como j\u00e1 aconteceu no primeiro fim de semana.<\/p>\n<p>O Coronel da Guarda Civil Municipal, Marcus Alexandre Morais de Ara\u00fajo, pontuou que a Guarda Civil tamb\u00e9m ter\u00e1 um efetivo maior por conta do evento.<\/p>\n<p>A organiza\u00e7\u00e3o tamb\u00e9m refor\u00e7a que dentro do recinto, tem uma central de monitoramento com mais de 60 c\u00e2meras espalhadas pelo parque registrando todas as movimenta\u00e7\u00f5es do p\u00fablico. Dentro da central, os agentes de seguran\u00e7a possuem contato direto com os demais seguran\u00e7as que est\u00e3o circulando nos setores.<\/p>\n<p>Tais a\u00e7\u00f5es t\u00eam como objetivo principal garantir a seguran\u00e7a do p\u00fablico que comparecer ao Parque de Exposi\u00e7\u00f5es Fernando Costa nos pr\u00f3ximos dias.<\/p>\n<p>Veja a programa\u00e7\u00e3o da segunda semana<br \/>\n23\/5 Show ecum\u00eanico com Trio Janu\u00e1rio (entrada gratuita)<br \/>\n24\/5 Shows com Ra\u00e7a Negra e Em\u00edlio &amp; Eduardo<br \/>\n25\/5 Shows com Simone Mendes e Rionegro &amp; Solim\u00f5es<br \/>\n26\/5 Show infantil \u00e0s 15:00h (entrada gratuita) e na sequ\u00eancia \u201cTardezinha\u201d, com shows culturais<\/p>\n<p>Servi\u00e7o:<br \/>\n53a Expoagro Franca<br \/>\nData: De 16 a 26 de maio<br \/>\nLocal: Parque de Exposi\u00e7\u00f5es Fernando Costa<\/p>\n","protected":false},"excerpt":{"rendered":"<p>A segunda semana da Expoagro Franca 2024, que acontece at\u00e9 o pr\u00f3ximo dia 26 de maio, contar\u00e1 com refor\u00e7o na seguran\u00e7a da festa para proporcionar mais<span class=\"excerpt-hellip\"> [\u2026]<\/span><\/p>\n","protected":false},"author":4,"featured_media":44858,"comment_status":"open","ping_status":"open","sticky":false,"template":"","format":"standard","meta":{"_jetpack_memberships_contains_paid_content":false,"footnotes":"","jetpack_publicize_message":"","jetpack_publicize_feature_enabled":true,"jetpack_social_post_already_shared":false,"jetpack_social_options":{"image_generator_settings":{"template":"highway","default_image_id":0,"enabled":false},"version":2}},"categories":[28],"tags":[],"class_list":["post-44857","post","type-post","status-publish","format-standard","has-post-thumbnail","hentry","category-cotidiano"],"yoast_head":"<!-- This site is optimized with the Yoast SEO plugin v25.6 - https:\/\/yoast.com\/wordpress\/plugins\/seo\/ -->\n<title>Expoagro Franca 2024 refor\u00e7a seguran\u00e7a com apoio da Pol\u00edcia Militar e Guarda Civil Municipal na segunda semana do evento - VerdadeOn<\/title>\n<meta name=\"robots\" content=\"index, follow, max-snippet:-1, max-image-preview:large, max-video-preview:-1\" \/>\n<link rel=\"canonical\" href=\"https:\/\/verdadeon.com.br\/portal\/2024\/05\/20\/expoagro-franca-2024-reforca-seguranca-com-apoio-da-policia-militar-e-guarda-civil-municipal-na-segunda-semana-do-evento\/\" \/>\n<meta property=\"og:locale\" content=\"pt_BR\" \/>\n<meta property=\"og:type\" content=\"article\" \/>\n<meta property=\"og:title\" content=\"Expoagro Franca 2024 refor\u00e7a seguran\u00e7a com apoio da Pol\u00edcia Militar e Guarda Civil Municipal na segunda semana do evento - VerdadeOn\" \/>\n<meta property=\"og:description\" content=\"A segunda semana da Expoagro Franca 2024, que acontece at\u00e9 o pr\u00f3ximo dia 26 de maio, contar\u00e1 com refor\u00e7o na seguran\u00e7a da festa para proporcionar mais [\u2026]\" \/>\n<meta property=\"og:url\" content=\"https:\/\/verdadeon.com.br\/portal\/2024\/05\/20\/expoagro-franca-2024-reforca-seguranca-com-apoio-da-policia-militar-e-guarda-civil-municipal-na-segunda-semana-do-evento\/\" \/>\n<meta property=\"og:site_name\" content=\"VerdadeOn\" \/>\n<meta property=\"article:published_time\" content=\"2024-05-20T22:16:15+00:00\" \/>\n<meta property=\"og:image\" content=\"https:\/\/verdadeon.com.br\/portal\/wp-content\/uploads\/2024\/05\/WhatsApp-Image-2024-05-20-at-18.31.20.jpeg\" \/>\n\t<meta property=\"og:image:width\" content=\"2048\" \/>\n\t<meta property=\"og:image:height\" content=\"1536\" \/>\n\t<meta property=\"og:image:type\" content=\"image\/jpeg\" \/>\n<meta name=\"author\" content=\"Fernando Calixto\" \/>\n<meta name=\"twitter:card\" content=\"summary_large_image\" \/>\n<meta name=\"twitter:label1\" content=\"Escrito por\" \/>\n\t<meta name=\"twitter:data1\" content=\"Fernando Calixto\" \/>\n\t<meta name=\"twitter:label2\" content=\"Est. tempo de leitura\" \/>\n\t<meta name=\"twitter:data2\" content=\"2 minutos\" \/>\n<script type=\"application\/ld+json\" class=\"yoast-schema-graph\">{\"@context\":\"https:\/\/schema.org\",\"@graph\":[{\"@type\":\"WebPage\",\"@id\":\"https:\/\/verdadeon.com.br\/portal\/2024\/05\/20\/expoagro-franca-2024-reforca-seguranca-com-apoio-da-policia-militar-e-guarda-civil-municipal-na-segunda-semana-do-evento\/\",\"url\":\"https:\/\/verdadeon.com.br\/portal\/2024\/05\/20\/expoagro-franca-2024-reforca-seguranca-com-apoio-da-policia-militar-e-guarda-civil-municipal-na-segunda-semana-do-evento\/\",\"name\":\"Expoagro Franca 2024 refor\u00e7a seguran\u00e7a com apoio da Pol\u00edcia Militar e Guarda Civil Municipal na segunda semana do evento - VerdadeOn\",\"isPartOf\":{\"@id\":\"https:\/\/verdadeon.com.br\/portal\/#website\"},\"primaryImageOfPage\":{\"@id\":\"https:\/\/verdadeon.com.br\/portal\/2024\/05\/20\/expoagro-franca-2024-reforca-seguranca-com-apoio-da-policia-militar-e-guarda-civil-municipal-na-segunda-semana-do-evento\/#primaryimage\"},\"image\":{\"@id\":\"https:\/\/verdadeon.com.br\/portal\/2024\/05\/20\/expoagro-franca-2024-reforca-seguranca-com-apoio-da-policia-militar-e-guarda-civil-municipal-na-segunda-semana-do-evento\/#primaryimage\"},\"thumbnailUrl\":\"https:\/\/i0.wp.com\/verdadeon.com.br\/portal\/wp-content\/uploads\/2024\/05\/WhatsApp-Image-2024-05-20-at-18.31.20.jpeg?fit=2048%2C1536&ssl=1\",\"datePublished\":\"2024-05-20T22:16:15+00:00\",\"author\":{\"@id\":\"https:\/\/verdadeon.com.br\/portal\/#\/schema\/person\/8994718f49ee62ba5610471e29ca1f62\"},\"breadcrumb\":{\"@id\":\"https:\/\/verdadeon.com.br\/portal\/2024\/05\/20\/expoagro-franca-2024-reforca-seguranca-com-apoio-da-policia-militar-e-guarda-civil-municipal-na-segunda-semana-do-evento\/#breadcrumb\"},\"inLanguage\":\"pt-BR\",\"potentialAction\":[{\"@type\":\"ReadAction\",\"target\":[\"https:\/\/verdadeon.com.br\/portal\/2024\/05\/20\/expoagro-franca-2024-reforca-seguranca-com-apoio-da-policia-militar-e-guarda-civil-municipal-na-segunda-semana-do-evento\/\"]}]},{\"@type\":\"ImageObject\",\"inLanguage\":\"pt-BR\",\"@id\":\"https:\/\/verdadeon.com.br\/portal\/2024\/05\/20\/expoagro-franca-2024-reforca-seguranca-com-apoio-da-policia-militar-e-guarda-civil-municipal-na-segunda-semana-do-evento\/#primaryimage\",\"url\":\"https:\/\/i0.wp.com\/verdadeon.com.br\/portal\/wp-content\/uploads\/2024\/05\/WhatsApp-Image-2024-05-20-at-18.31.20.jpeg?fit=2048%2C1536&ssl=1\",\"contentUrl\":\"https:\/\/i0.wp.com\/verdadeon.com.br\/portal\/wp-content\/uploads\/2024\/05\/WhatsApp-Image-2024-05-20-at-18.31.20.jpeg?fit=2048%2C1536&ssl=1\",\"width\":2048,\"height\":1536},{\"@type\":\"BreadcrumbList\",\"@id\":\"https:\/\/verdadeon.com.br\/portal\/2024\/05\/20\/expoagro-franca-2024-reforca-seguranca-com-apoio-da-policia-militar-e-guarda-civil-municipal-na-segunda-semana-do-evento\/#breadcrumb\",\"itemListElement\":[{\"@type\":\"ListItem\",\"position\":1,\"name\":\"In\u00edcio\",\"item\":\"https:\/\/verdadeon.com.br\/portal\/\"},{\"@type\":\"ListItem\",\"position\":2,\"name\":\"Expoagro Franca 2024 refor\u00e7a seguran\u00e7a com apoio da Pol\u00edcia Militar e Guarda Civil Municipal na segunda semana do evento\"}]},{\"@type\":\"WebSite\",\"@id\":\"https:\/\/verdadeon.com.br\/portal\/#website\",\"url\":\"https:\/\/verdadeon.com.br\/portal\/\",\"name\":\"VerdadeOn\",\"description\":\"Not\u00edcias di\u00e1rias sobre Franca, Regi\u00e3o, Esporte, Cultura, Cotidiano, Colunas. Cobertura nos principais eventos da cidade \u00e9 aqui - Verdadeon Franca\",\"potentialAction\":[{\"@type\":\"SearchAction\",\"target\":{\"@type\":\"EntryPoint\",\"urlTemplate\":\"https:\/\/verdadeon.com.br\/portal\/?s={search_term_string}\"},\"query-input\":{\"@type\":\"PropertyValueSpecification\",\"valueRequired\":true,\"valueName\":\"search_term_string\"}}],\"inLanguage\":\"pt-BR\"},{\"@type\":\"Person\",\"@id\":\"https:\/\/verdadeon.com.br\/portal\/#\/schema\/person\/8994718f49ee62ba5610471e29ca1f62\",\"name\":\"Fernando Calixto\",\"image\":{\"@type\":\"ImageObject\",\"inLanguage\":\"pt-BR\",\"@id\":\"https:\/\/verdadeon.com.br\/portal\/#\/schema\/person\/image\/\",\"url\":\"https:\/\/secure.gravatar.com\/avatar\/7578910c24966c0316c340f9dbd601e93ee9f9212e1033968b367af9306bd9fb?s=96&d=mm&r=g\",\"contentUrl\":\"https:\/\/secure.gravatar.com\/avatar\/7578910c24966c0316c340f9dbd601e93ee9f9212e1033968b367af9306bd9fb?s=96&d=mm&r=g\",\"caption\":\"Fernando Calixto\"},\"url\":\"https:\/\/verdadeon.com.br\/portal\/author\/fernando-calixto\/\"}]}<\/script>\n<!-- \/ Yoast SEO plugin. -->","yoast_head_json":{"title":"Expoagro Franca 2024 refor\u00e7a seguran\u00e7a com apoio da Pol\u00edcia Militar e Guarda Civil Municipal na segunda semana do evento - VerdadeOn","robots":{"index":"index","follow":"follow","max-snippet":"max-snippet:-1","max-image-preview":"max-image-preview:large","max-video-preview":"max-video-preview:-1"},"canonical":"https:\/\/verdadeon.com.br\/portal\/2024\/05\/20\/expoagro-franca-2024-reforca-seguranca-com-apoio-da-policia-militar-e-guarda-civil-municipal-na-segunda-semana-do-evento\/","og_locale":"pt_BR","og_type":"article","og_title":"Expoagro Franca 2024 refor\u00e7a seguran\u00e7a com apoio da Pol\u00edcia Militar e Guarda Civil Municipal na segunda semana do evento - VerdadeOn","og_description":"A segunda semana da Expoagro Franca 2024, que acontece at\u00e9 o pr\u00f3ximo dia 26 de maio, contar\u00e1 com refor\u00e7o na seguran\u00e7a da festa para proporcionar mais [\u2026]","og_url":"https:\/\/verdadeon.com.br\/portal\/2024\/05\/20\/expoagro-franca-2024-reforca-seguranca-com-apoio-da-policia-militar-e-guarda-civil-municipal-na-segunda-semana-do-evento\/","og_site_name":"VerdadeOn","article_published_time":"2024-05-20T22:16:15+00:00","og_image":[{"width":2048,"height":1536,"url":"https:\/\/verdadeon.com.br\/portal\/wp-content\/uploads\/2024\/05\/WhatsApp-Image-2024-05-20-at-18.31.20.jpeg","type":"image\/jpeg"}],"author":"Fernando Calixto","twitter_card":"summary_large_image","twitter_misc":{"Escrito por":"Fernando Calixto","Est. tempo de leitura":"2 minutos"},"schema":{"@context":"https:\/\/schema.org","@graph":[{"@type":"WebPage","@id":"https:\/\/verdadeon.com.br\/portal\/2024\/05\/20\/expoagro-franca-2024-reforca-seguranca-com-apoio-da-policia-militar-e-guarda-civil-municipal-na-segunda-semana-do-evento\/","url":"https:\/\/verdadeon.com.br\/portal\/2024\/05\/20\/expoagro-franca-2024-reforca-seguranca-com-apoio-da-policia-militar-e-guarda-civil-municipal-na-segunda-semana-do-evento\/","name":"Expoagro Franca 2024 refor\u00e7a seguran\u00e7a com apoio da Pol\u00edcia Militar e Guarda Civil Municipal na segunda semana do evento - VerdadeOn","isPartOf":{"@id":"https:\/\/verdadeon.com.br\/portal\/#website"},"primaryImageOfPage":{"@id":"https:\/\/verdadeon.com.br\/portal\/2024\/05\/20\/expoagro-franca-2024-reforca-seguranca-com-apoio-da-policia-militar-e-guarda-civil-municipal-na-segunda-semana-do-evento\/#primaryimage"},"image":{"@id":"https:\/\/verdadeon.com.br\/portal\/2024\/05\/20\/expoagro-franca-2024-reforca-seguranca-com-apoio-da-policia-militar-e-guarda-civil-municipal-na-segunda-semana-do-evento\/#primaryimage"},"thumbnailUrl":"https:\/\/i0.wp.com\/verdadeon.com.br\/portal\/wp-content\/uploads\/2024\/05\/WhatsApp-Image-2024-05-20-at-18.31.20.jpeg?fit=2048%2C1536&ssl=1","datePublished":"2024-05-20T22:16:15+00:00","author":{"@id":"https:\/\/verdadeon.com.br\/portal\/#\/schema\/person\/8994718f49ee62ba5610471e29ca1f62"},"breadcrumb":{"@id":"https:\/\/verdadeon.com.br\/portal\/2024\/05\/20\/expoagro-franca-2024-reforca-seguranca-com-apoio-da-policia-militar-e-guarda-civil-municipal-na-segunda-semana-do-evento\/#breadcrumb"},"inLanguage":"pt-BR","potentialAction":[{"@type":"ReadAction","target":["https:\/\/verdadeon.com.br\/portal\/2024\/05\/20\/expoagro-franca-2024-reforca-seguranca-com-apoio-da-policia-militar-e-guarda-civil-municipal-na-segunda-semana-do-evento\/"]}]},{"@type":"ImageObject","inLanguage":"pt-BR","@id":"https:\/\/verdadeon.com.br\/portal\/2024\/05\/20\/expoagro-franca-2024-reforca-seguranca-com-apoio-da-policia-militar-e-guarda-civil-municipal-na-segunda-semana-do-evento\/#primaryimage","url":"https:\/\/i0.wp.com\/verdadeon.com.br\/portal\/wp-content\/uploads\/2024\/05\/WhatsApp-Image-2024-05-20-at-18.31.20.jpeg?fit=2048%2C1536&ssl=1","contentUrl":"https:\/\/i0.wp.com\/verdadeon.com.br\/portal\/wp-content\/uploads\/2024\/05\/WhatsApp-Image-2024-05-20-at-18.31.20.jpeg?fit=2048%2C1536&ssl=1","width":2048,"height":1536},{"@type":"BreadcrumbList","@id":"https:\/\/verdadeon.com.br\/portal\/2024\/05\/20\/expoagro-franca-2024-reforca-seguranca-com-apoio-da-policia-militar-e-guarda-civil-municipal-na-segunda-semana-do-evento\/#breadcrumb","itemListElement":[{"@type":"ListItem","position":1,"name":"In\u00edcio","item":"https:\/\/verdadeon.com.br\/portal\/"},{"@type":"ListItem","position":2,"name":"Expoagro Franca 2024 refor\u00e7a seguran\u00e7a com apoio da Pol\u00edcia Militar e Guarda Civil Municipal na segunda semana do evento"}]},{"@type":"WebSite","@id":"https:\/\/verdadeon.com.br\/portal\/#website","url":"https:\/\/verdadeon.com.br\/portal\/","name":"VerdadeOn","description":"Not\u00edcias di\u00e1rias sobre Franca, Regi\u00e3o, Esporte, Cultura, Cotidiano, Colunas. Cobertura nos principais eventos da cidade \u00e9 aqui - Verdadeon Franca","potentialAction":[{"@type":"SearchAction","target":{"@type":"EntryPoint","urlTemplate":"https:\/\/verdadeon.com.br\/portal\/?s={search_term_string}"},"query-input":{"@type":"PropertyValueSpecification","valueRequired":true,"valueName":"search_term_string"}}],"inLanguage":"pt-BR"},{"@type":"Person","@id":"https:\/\/verdadeon.com.br\/portal\/#\/schema\/person\/8994718f49ee62ba5610471e29ca1f62","name":"Fernando Calixto","image":{"@type":"ImageObject","inLanguage":"pt-BR","@id":"https:\/\/verdadeon.com.br\/portal\/#\/schema\/person\/image\/","url":"https:\/\/secure.gravatar.com\/avatar\/7578910c24966c0316c340f9dbd601e93ee9f9212e1033968b367af9306bd9fb?s=96&d=mm&r=g","contentUrl":"https:\/\/secure.gravatar.com\/avatar\/7578910c24966c0316c340f9dbd601e93ee9f9212e1033968b367af9306bd9fb?s=96&d=mm&r=g","caption":"Fernando Calixto"},"url":"https:\/\/verdadeon.com.br\/portal\/author\/fernando-calixto\/"}]}},"jetpack_publicize_connections":[],"jetpack_featured_media_url":"https:\/\/i0.wp.com\/verdadeon.com.br\/portal\/wp-content\/uploads\/2024\/05\/WhatsApp-Image-2024-05-20-at-18.31.20.jpeg?fit=2048%2C1536&ssl=1","jetpack_sharing_enabled":true,"_links":{"self":[{"href":"https:\/\/verdadeon.com.br\/portal\/wp-json\/wp\/v2\/posts\/44857","targetHints":{"allow":["GET"]}}],"collection":[{"href":"https:\/\/verdadeon.com.br\/portal\/wp-json\/wp\/v2\/posts"}],"about":[{"href":"https:\/\/verdadeon.com.br\/portal\/wp-json\/wp\/v2\/types\/post"}],"author":[{"embeddable":true,"href":"https:\/\/verdadeon.com.br\/portal\/wp-json\/wp\/v2\/users\/4"}],"replies":[{"embeddable":true,"href":"https:\/\/verdadeon.com.br\/portal\/wp-json\/wp\/v2\/comments?post=44857"}],"version-history":[{"count":1,"href":"https:\/\/verdadeon.com.br\/portal\/wp-json\/wp\/v2\/posts\/44857\/revisions"}],"predecessor-version":[{"id":44859,"href":"https:\/\/verdadeon.com.br\/portal\/wp-json\/wp\/v2\/posts\/44857\/revisions\/44859"}],"wp:featuredmedia":[{"embeddable":true,"href":"https:\/\/verdadeon.com.br\/portal\/wp-json\/wp\/v2\/media\/44858"}],"wp:attachment":[{"href":"https:\/\/verdadeon.com.br\/portal\/wp-json\/wp\/v2\/media?parent=44857"}],"wp:term":[{"taxonomy":"category","embeddable":true,"href":"https:\/\/verdadeon.com.br\/portal\/wp-json\/wp\/v2\/categories?post=44857"},{"taxonomy":"post_tag","embeddable":true,"href":"https:\/\/verdadeon.com.br\/portal\/wp-json\/wp\/v2\/tags?post=44857"}],"curies":[{"name":"wp","href":"https:\/\/api.w.org\/{rel}","templated":true}]}}