{"id":44782,"date":"2024-05-18T11:07:11","date_gmt":"2024-05-18T14:07:11","guid":{"rendered":"https:\/\/verdadeon.com.br\/portal\/?p=44782"},"modified":"2024-05-18T11:07:11","modified_gmt":"2024-05-18T14:07:11","slug":"procon-sp-monitora-precos-do-arroz-para-evitar-especulacao","status":"publish","type":"post","link":"https:\/\/verdadeon.com.br\/portal\/2024\/05\/18\/procon-sp-monitora-precos-do-arroz-para-evitar-especulacao\/","title":{"rendered":"Procon-SP monitora pre\u00e7os do arroz para evitar especula\u00e7\u00e3o"},"content":{"rendered":"<h3 class=\"col-10 offset-1 animated fadeInDown dealy-900 display-8 display-md-8 alt-font font-italic my-1 text-center\">Institui\u00e7\u00e3o avaliar\u00e1 semanalmente oferta do produto nos mercados<\/h3>\n<p>A Funda\u00e7\u00e3o de Prote\u00e7\u00e3o e Defesa do Consumidor (Procon-SP) come\u00e7ou a monitorar o pre\u00e7o do arroz para identificar eventual especula\u00e7\u00e3o no valor do produto no estado de S\u00e3o Paulo. A oferta do alimento nos mercados, assim como a varia\u00e7\u00e3o dos pre\u00e7os, ser\u00e1 analisada semanalmente pela entidade.<\/p>\n<p>Na primeira medi\u00e7\u00e3o, realizada no dia 15 deste m\u00eas na capital paulista, o pre\u00e7o do saco de arroz com um quilo variou de R$ 7,51 a R$ 8,38. J\u00e1 o quilo do arroz integral variou de R$ 7,92 a R$ 8,44.<\/p>\n<p>Sobre a possibilidade de racionamento do produto, o Procon-SP ressalta que o C\u00f3digo de Defesa do Consumidor estabelece que \u00e9 pr\u00e1tica abusiva condicionar o fornecimento de produto a limites quantitativos sem justa causa.<\/p>\n<p>\u201cNo entanto, face a gravidade da trag\u00e9dia amplamente conhecida no Rio Grande do Sul, o Procon-SP entende que \u00e9 justific\u00e1vel que fornecedores disponibilizem os produtos com alguma restri\u00e7\u00e3o quantitativa, com o objetivo de atender ao maior n\u00famero poss\u00edvel de consumidores e, assim, ajudar no combate \u00e0 especula\u00e7\u00e3o\u201d, diz nota da entidade.<\/p>\n<p>Maior produtor de arroz do Brasil, o estado do Rio Grande do Sul vem sendo atingido por chuvas fortes desde o fim de abril.<\/p>\n<h4>Situa\u00e7\u00f5es abusivas<\/h4>\n<p>Segundo o diretor executivo do Procon-SP, Luiz Orsatti Filho, os consumidores devem denunciar situa\u00e7\u00f5es que considerem abusivas. \u201cA informa\u00e7\u00e3o \u00e9 a ferramenta mais adequada para os consumidores identificarem pr\u00e1ticas contraindicadas, como a forma\u00e7\u00e3o de estoques sem necessidade, que causam aumento de pre\u00e7o e falta do produto\u201d, disse Orartti.<\/p>\n<p>O Procon-SP destaca que, apesar de o pre\u00e7o dos produtos n\u00e3o ser tabelado, situa\u00e7\u00f5es que consideradas abusivas devem ser denunciadas. As den\u00fancias podem ser feitas pelo\u00a0<a href=\"https:\/\/www.procon.sp.gov.br\/\" target=\"_blank\" rel=\"noopener\"><em>site\u00a0<\/em>da institui\u00e7\u00e3o<\/a>.<\/p>\n<p>Sobre a possibilidade de racionamento do produto, o Procon-SP ressalta que o C\u00f3digo de Defesa do Consumidor estabelece que \u00e9 pr\u00e1tica abusiva condicionar o fornecimento de produto a limites quantitativos sem justa causa.<\/p>\n<p>\u201cNo entanto, face a gravidade da trag\u00e9dia amplamente conhecida no Rio Grande do Sul, o Procon-SP entende que \u00e9 justific\u00e1vel que fornecedores disponibilizem os produtos com alguma restri\u00e7\u00e3o quantitativa, com o objetivo de atender ao maior n\u00famero poss\u00edvel de consumidores e, assim, ajudar no combate \u00e0 especula\u00e7\u00e3o\u201d, diz nota da entidade.<\/p>\n<p>Ag\u00eancia Brasil<\/p>\n","protected":false},"excerpt":{"rendered":"<p>Institui\u00e7\u00e3o avaliar\u00e1 semanalmente oferta do produto nos mercados A Funda\u00e7\u00e3o de Prote\u00e7\u00e3o e Defesa do Consumidor (Procon-SP) come\u00e7ou a monitorar o pre\u00e7o do arroz para identificar<span class=\"excerpt-hellip\"> [\u2026]<\/span><\/p>\n","protected":false},"author":10,"featured_media":44783,"comment_status":"open","ping_status":"open","sticky":false,"template":"","format":"standard","meta":{"_jetpack_memberships_contains_paid_content":false,"footnotes":"","jetpack_publicize_message":"","jetpack_publicize_feature_enabled":true,"jetpack_social_post_already_shared":false,"jetpack_social_options":{"image_generator_settings":{"template":"highway","default_image_id":0,"enabled":false},"version":2}},"categories":[28,44],"tags":[],"class_list":["post-44782","post","type-post","status-publish","format-standard","has-post-thumbnail","hentry","category-cotidiano","category-noticias"],"yoast_head":"<!-- This site is optimized with the Yoast SEO plugin v25.6 - https:\/\/yoast.com\/wordpress\/plugins\/seo\/ -->\n<title>Procon-SP monitora pre\u00e7os do arroz para evitar especula\u00e7\u00e3o - VerdadeOn<\/title>\n<meta name=\"robots\" content=\"index, follow, max-snippet:-1, max-image-preview:large, max-video-preview:-1\" \/>\n<link rel=\"canonical\" href=\"https:\/\/verdadeon.com.br\/portal\/2024\/05\/18\/procon-sp-monitora-precos-do-arroz-para-evitar-especulacao\/\" \/>\n<meta property=\"og:locale\" content=\"pt_BR\" \/>\n<meta property=\"og:type\" content=\"article\" \/>\n<meta property=\"og:title\" content=\"Procon-SP monitora pre\u00e7os do arroz para evitar especula\u00e7\u00e3o - VerdadeOn\" \/>\n<meta property=\"og:description\" content=\"Institui\u00e7\u00e3o avaliar\u00e1 semanalmente oferta do produto nos mercados A Funda\u00e7\u00e3o de Prote\u00e7\u00e3o e Defesa do Consumidor (Procon-SP) come\u00e7ou a monitorar o pre\u00e7o do arroz para identificar [\u2026]\" \/>\n<meta property=\"og:url\" content=\"https:\/\/verdadeon.com.br\/portal\/2024\/05\/18\/procon-sp-monitora-precos-do-arroz-para-evitar-especulacao\/\" \/>\n<meta property=\"og:site_name\" content=\"VerdadeOn\" \/>\n<meta property=\"article:published_time\" content=\"2024-05-18T14:07:11+00:00\" \/>\n<meta property=\"og:image\" content=\"https:\/\/i0.wp.com\/verdadeon.com.br\/portal\/wp-content\/uploads\/2024\/05\/arroz_1009201525.webp?fit=1170%2C700&ssl=1\" \/>\n\t<meta property=\"og:image:width\" content=\"1170\" \/>\n\t<meta property=\"og:image:height\" content=\"700\" \/>\n\t<meta property=\"og:image:type\" content=\"image\/webp\" \/>\n<meta name=\"author\" content=\"Redacao VerdadeOn\" \/>\n<meta name=\"twitter:card\" content=\"summary_large_image\" \/>\n<meta name=\"twitter:label1\" content=\"Escrito por\" \/>\n\t<meta name=\"twitter:data1\" content=\"Redacao VerdadeOn\" \/>\n\t<meta name=\"twitter:label2\" content=\"Est. tempo de leitura\" \/>\n\t<meta name=\"twitter:data2\" content=\"3 minutos\" \/>\n<script type=\"application\/ld+json\" class=\"yoast-schema-graph\">{\"@context\":\"https:\/\/schema.org\",\"@graph\":[{\"@type\":\"WebPage\",\"@id\":\"https:\/\/verdadeon.com.br\/portal\/2024\/05\/18\/procon-sp-monitora-precos-do-arroz-para-evitar-especulacao\/\",\"url\":\"https:\/\/verdadeon.com.br\/portal\/2024\/05\/18\/procon-sp-monitora-precos-do-arroz-para-evitar-especulacao\/\",\"name\":\"Procon-SP monitora pre\u00e7os do arroz para evitar especula\u00e7\u00e3o - VerdadeOn\",\"isPartOf\":{\"@id\":\"https:\/\/verdadeon.com.br\/portal\/#website\"},\"primaryImageOfPage\":{\"@id\":\"https:\/\/verdadeon.com.br\/portal\/2024\/05\/18\/procon-sp-monitora-precos-do-arroz-para-evitar-especulacao\/#primaryimage\"},\"image\":{\"@id\":\"https:\/\/verdadeon.com.br\/portal\/2024\/05\/18\/procon-sp-monitora-precos-do-arroz-para-evitar-especulacao\/#primaryimage\"},\"thumbnailUrl\":\"https:\/\/i0.wp.com\/verdadeon.com.br\/portal\/wp-content\/uploads\/2024\/05\/arroz_1009201525.webp?fit=1170%2C700&ssl=1\",\"datePublished\":\"2024-05-18T14:07:11+00:00\",\"author\":{\"@id\":\"https:\/\/verdadeon.com.br\/portal\/#\/schema\/person\/a5060ad1e9ea3df545188fc93ce43d2f\"},\"breadcrumb\":{\"@id\":\"https:\/\/verdadeon.com.br\/portal\/2024\/05\/18\/procon-sp-monitora-precos-do-arroz-para-evitar-especulacao\/#breadcrumb\"},\"inLanguage\":\"pt-BR\",\"potentialAction\":[{\"@type\":\"ReadAction\",\"target\":[\"https:\/\/verdadeon.com.br\/portal\/2024\/05\/18\/procon-sp-monitora-precos-do-arroz-para-evitar-especulacao\/\"]}]},{\"@type\":\"ImageObject\",\"inLanguage\":\"pt-BR\",\"@id\":\"https:\/\/verdadeon.com.br\/portal\/2024\/05\/18\/procon-sp-monitora-precos-do-arroz-para-evitar-especulacao\/#primaryimage\",\"url\":\"https:\/\/i0.wp.com\/verdadeon.com.br\/portal\/wp-content\/uploads\/2024\/05\/arroz_1009201525.webp?fit=1170%2C700&ssl=1\",\"contentUrl\":\"https:\/\/i0.wp.com\/verdadeon.com.br\/portal\/wp-content\/uploads\/2024\/05\/arroz_1009201525.webp?fit=1170%2C700&ssl=1\",\"width\":1170,\"height\":700,\"caption\":\"A situa\u00e7\u00e3o do arroz \u00e9 bem melhor do que o cen\u00e1rio sugerido em meio \u00e0s enchentes registradas no Rio Grande do Sul (\u00a9Marcelo Casal Jr)\"},{\"@type\":\"BreadcrumbList\",\"@id\":\"https:\/\/verdadeon.com.br\/portal\/2024\/05\/18\/procon-sp-monitora-precos-do-arroz-para-evitar-especulacao\/#breadcrumb\",\"itemListElement\":[{\"@type\":\"ListItem\",\"position\":1,\"name\":\"In\u00edcio\",\"item\":\"https:\/\/verdadeon.com.br\/portal\/\"},{\"@type\":\"ListItem\",\"position\":2,\"name\":\"Procon-SP monitora pre\u00e7os do arroz para evitar especula\u00e7\u00e3o\"}]},{\"@type\":\"WebSite\",\"@id\":\"https:\/\/verdadeon.com.br\/portal\/#website\",\"url\":\"https:\/\/verdadeon.com.br\/portal\/\",\"name\":\"VerdadeOn\",\"description\":\"Not\u00edcias di\u00e1rias sobre Franca, Regi\u00e3o, Esporte, Cultura, Cotidiano, Colunas. Cobertura nos principais eventos da cidade \u00e9 aqui - Verdadeon Franca\",\"potentialAction\":[{\"@type\":\"SearchAction\",\"target\":{\"@type\":\"EntryPoint\",\"urlTemplate\":\"https:\/\/verdadeon.com.br\/portal\/?s={search_term_string}\"},\"query-input\":{\"@type\":\"PropertyValueSpecification\",\"valueRequired\":true,\"valueName\":\"search_term_string\"}}],\"inLanguage\":\"pt-BR\"},{\"@type\":\"Person\",\"@id\":\"https:\/\/verdadeon.com.br\/portal\/#\/schema\/person\/a5060ad1e9ea3df545188fc93ce43d2f\",\"name\":\"Redacao VerdadeOn\",\"image\":{\"@type\":\"ImageObject\",\"inLanguage\":\"pt-BR\",\"@id\":\"https:\/\/verdadeon.com.br\/portal\/#\/schema\/person\/image\/\",\"url\":\"https:\/\/secure.gravatar.com\/avatar\/459a9613caaaf07f582c3d0841eea68bdd66f533e465e6ba8b9cb45619572cf4?s=96&d=mm&r=g\",\"contentUrl\":\"https:\/\/secure.gravatar.com\/avatar\/459a9613caaaf07f582c3d0841eea68bdd66f533e465e6ba8b9cb45619572cf4?s=96&d=mm&r=g\",\"caption\":\"Redacao VerdadeOn\"},\"url\":\"https:\/\/verdadeon.com.br\/portal\/author\/redacao\/\"}]}<\/script>\n<!-- \/ Yoast SEO plugin. -->","yoast_head_json":{"title":"Procon-SP monitora pre\u00e7os do arroz para evitar especula\u00e7\u00e3o - VerdadeOn","robots":{"index":"index","follow":"follow","max-snippet":"max-snippet:-1","max-image-preview":"max-image-preview:large","max-video-preview":"max-video-preview:-1"},"canonical":"https:\/\/verdadeon.com.br\/portal\/2024\/05\/18\/procon-sp-monitora-precos-do-arroz-para-evitar-especulacao\/","og_locale":"pt_BR","og_type":"article","og_title":"Procon-SP monitora pre\u00e7os do arroz para evitar especula\u00e7\u00e3o - VerdadeOn","og_description":"Institui\u00e7\u00e3o avaliar\u00e1 semanalmente oferta do produto nos mercados A Funda\u00e7\u00e3o de Prote\u00e7\u00e3o e Defesa do Consumidor (Procon-SP) come\u00e7ou a monitorar o pre\u00e7o do arroz para identificar [\u2026]","og_url":"https:\/\/verdadeon.com.br\/portal\/2024\/05\/18\/procon-sp-monitora-precos-do-arroz-para-evitar-especulacao\/","og_site_name":"VerdadeOn","article_published_time":"2024-05-18T14:07:11+00:00","og_image":[{"width":1170,"height":700,"url":"https:\/\/i0.wp.com\/verdadeon.com.br\/portal\/wp-content\/uploads\/2024\/05\/arroz_1009201525.webp?fit=1170%2C700&ssl=1","type":"image\/webp"}],"author":"Redacao VerdadeOn","twitter_card":"summary_large_image","twitter_misc":{"Escrito por":"Redacao VerdadeOn","Est. tempo de leitura":"3 minutos"},"schema":{"@context":"https:\/\/schema.org","@graph":[{"@type":"WebPage","@id":"https:\/\/verdadeon.com.br\/portal\/2024\/05\/18\/procon-sp-monitora-precos-do-arroz-para-evitar-especulacao\/","url":"https:\/\/verdadeon.com.br\/portal\/2024\/05\/18\/procon-sp-monitora-precos-do-arroz-para-evitar-especulacao\/","name":"Procon-SP monitora pre\u00e7os do arroz para evitar especula\u00e7\u00e3o - VerdadeOn","isPartOf":{"@id":"https:\/\/verdadeon.com.br\/portal\/#website"},"primaryImageOfPage":{"@id":"https:\/\/verdadeon.com.br\/portal\/2024\/05\/18\/procon-sp-monitora-precos-do-arroz-para-evitar-especulacao\/#primaryimage"},"image":{"@id":"https:\/\/verdadeon.com.br\/portal\/2024\/05\/18\/procon-sp-monitora-precos-do-arroz-para-evitar-especulacao\/#primaryimage"},"thumbnailUrl":"https:\/\/i0.wp.com\/verdadeon.com.br\/portal\/wp-content\/uploads\/2024\/05\/arroz_1009201525.webp?fit=1170%2C700&ssl=1","datePublished":"2024-05-18T14:07:11+00:00","author":{"@id":"https:\/\/verdadeon.com.br\/portal\/#\/schema\/person\/a5060ad1e9ea3df545188fc93ce43d2f"},"breadcrumb":{"@id":"https:\/\/verdadeon.com.br\/portal\/2024\/05\/18\/procon-sp-monitora-precos-do-arroz-para-evitar-especulacao\/#breadcrumb"},"inLanguage":"pt-BR","potentialAction":[{"@type":"ReadAction","target":["https:\/\/verdadeon.com.br\/portal\/2024\/05\/18\/procon-sp-monitora-precos-do-arroz-para-evitar-especulacao\/"]}]},{"@type":"ImageObject","inLanguage":"pt-BR","@id":"https:\/\/verdadeon.com.br\/portal\/2024\/05\/18\/procon-sp-monitora-precos-do-arroz-para-evitar-especulacao\/#primaryimage","url":"https:\/\/i0.wp.com\/verdadeon.com.br\/portal\/wp-content\/uploads\/2024\/05\/arroz_1009201525.webp?fit=1170%2C700&ssl=1","contentUrl":"https:\/\/i0.wp.com\/verdadeon.com.br\/portal\/wp-content\/uploads\/2024\/05\/arroz_1009201525.webp?fit=1170%2C700&ssl=1","width":1170,"height":700,"caption":"A situa\u00e7\u00e3o do arroz \u00e9 bem melhor do que o cen\u00e1rio sugerido em meio \u00e0s enchentes registradas no Rio Grande do Sul (\u00a9Marcelo Casal Jr)"},{"@type":"BreadcrumbList","@id":"https:\/\/verdadeon.com.br\/portal\/2024\/05\/18\/procon-sp-monitora-precos-do-arroz-para-evitar-especulacao\/#breadcrumb","itemListElement":[{"@type":"ListItem","position":1,"name":"In\u00edcio","item":"https:\/\/verdadeon.com.br\/portal\/"},{"@type":"ListItem","position":2,"name":"Procon-SP monitora pre\u00e7os do arroz para evitar especula\u00e7\u00e3o"}]},{"@type":"WebSite","@id":"https:\/\/verdadeon.com.br\/portal\/#website","url":"https:\/\/verdadeon.com.br\/portal\/","name":"VerdadeOn","description":"Not\u00edcias di\u00e1rias sobre Franca, Regi\u00e3o, Esporte, Cultura, Cotidiano, Colunas. Cobertura nos principais eventos da cidade \u00e9 aqui - Verdadeon Franca","potentialAction":[{"@type":"SearchAction","target":{"@type":"EntryPoint","urlTemplate":"https:\/\/verdadeon.com.br\/portal\/?s={search_term_string}"},"query-input":{"@type":"PropertyValueSpecification","valueRequired":true,"valueName":"search_term_string"}}],"inLanguage":"pt-BR"},{"@type":"Person","@id":"https:\/\/verdadeon.com.br\/portal\/#\/schema\/person\/a5060ad1e9ea3df545188fc93ce43d2f","name":"Redacao VerdadeOn","image":{"@type":"ImageObject","inLanguage":"pt-BR","@id":"https:\/\/verdadeon.com.br\/portal\/#\/schema\/person\/image\/","url":"https:\/\/secure.gravatar.com\/avatar\/459a9613caaaf07f582c3d0841eea68bdd66f533e465e6ba8b9cb45619572cf4?s=96&d=mm&r=g","contentUrl":"https:\/\/secure.gravatar.com\/avatar\/459a9613caaaf07f582c3d0841eea68bdd66f533e465e6ba8b9cb45619572cf4?s=96&d=mm&r=g","caption":"Redacao VerdadeOn"},"url":"https:\/\/verdadeon.com.br\/portal\/author\/redacao\/"}]}},"jetpack_publicize_connections":[],"jetpack_featured_media_url":"https:\/\/i0.wp.com\/verdadeon.com.br\/portal\/wp-content\/uploads\/2024\/05\/arroz_1009201525.webp?fit=1170%2C700&ssl=1","jetpack_sharing_enabled":true,"_links":{"self":[{"href":"https:\/\/verdadeon.com.br\/portal\/wp-json\/wp\/v2\/posts\/44782","targetHints":{"allow":["GET"]}}],"collection":[{"href":"https:\/\/verdadeon.com.br\/portal\/wp-json\/wp\/v2\/posts"}],"about":[{"href":"https:\/\/verdadeon.com.br\/portal\/wp-json\/wp\/v2\/types\/post"}],"author":[{"embeddable":true,"href":"https:\/\/verdadeon.com.br\/portal\/wp-json\/wp\/v2\/users\/10"}],"replies":[{"embeddable":true,"href":"https:\/\/verdadeon.com.br\/portal\/wp-json\/wp\/v2\/comments?post=44782"}],"version-history":[{"count":1,"href":"https:\/\/verdadeon.com.br\/portal\/wp-json\/wp\/v2\/posts\/44782\/revisions"}],"predecessor-version":[{"id":44784,"href":"https:\/\/verdadeon.com.br\/portal\/wp-json\/wp\/v2\/posts\/44782\/revisions\/44784"}],"wp:featuredmedia":[{"embeddable":true,"href":"https:\/\/verdadeon.com.br\/portal\/wp-json\/wp\/v2\/media\/44783"}],"wp:attachment":[{"href":"https:\/\/verdadeon.com.br\/portal\/wp-json\/wp\/v2\/media?parent=44782"}],"wp:term":[{"taxonomy":"category","embeddable":true,"href":"https:\/\/verdadeon.com.br\/portal\/wp-json\/wp\/v2\/categories?post=44782"},{"taxonomy":"post_tag","embeddable":true,"href":"https:\/\/verdadeon.com.br\/portal\/wp-json\/wp\/v2\/tags?post=44782"}],"curies":[{"name":"wp","href":"https:\/\/api.w.org\/{rel}","templated":true}]}}