{"id":44772,"date":"2024-05-18T10:45:47","date_gmt":"2024-05-18T13:45:47","guid":{"rendered":"https:\/\/verdadeon.com.br\/portal\/?p=44772"},"modified":"2024-05-18T10:45:47","modified_gmt":"2024-05-18T13:45:47","slug":"camara-vota-programa-empresa-amiga-dos-autistas-e-convenio-entre-prefeitura-e-uni-facef","status":"publish","type":"post","link":"https:\/\/verdadeon.com.br\/portal\/2024\/05\/18\/camara-vota-programa-empresa-amiga-dos-autistas-e-convenio-entre-prefeitura-e-uni-facef\/","title":{"rendered":"C\u00e2mara vota programa Empresa Amiga dos Autistas e conv\u00eanio entre Prefeitura e Uni-Facef"},"content":{"rendered":"<h2>Mo\u00e7\u00f5es de Aplausos ser\u00e3o tamb\u00e9m apreciadas na 16\u00aa Sess\u00e3o Ordin\u00e1ria<\/h2>\n<p class=\"text-align-justify\">Os vereadores se re\u00fanem nesta ter\u00e7a-feira, 21 de maio, para discuss\u00e3o e vota\u00e7\u00f5es de projetos na\u00a0<a href=\"https:\/\/sapl.franca.sp.leg.br\/sessao\/pesquisar-sessao?data_inicio__year=2024&amp;data_inicio__month=&amp;data_inicio__day=&amp;tipo=\" rel=\"nofollow\">16\u00aa Sess\u00e3o Ordin\u00e1ria<\/a>.<\/p>\n<p class=\"text-align-justify\">No per\u00edodo da manh\u00e3 acontece o Expediente com as leituras dos documentos e of\u00edcios, al\u00e9m de uso da Tribuna tanto pelos mun\u00edcipes inscritos previamente e os pr\u00f3prios parlamentares, a partir das 9h.<\/p>\n<p class=\"text-align-justify\">No per\u00edodo da tarde a partir das 14h, ser\u00e3o debatidas propostas analisadas nas Comiss\u00f5es e aquelas inclu\u00eddas em regime de urg\u00eancia.<\/p>\n<p class=\"text-align-justify\">O pr\u00e9dio da Casa de Leis est\u00e1 em reformas e as sess\u00f5es oficiais do Legislativo continuam sendo realizadas no Audit\u00f3rio do Uni-Facef com entrada pela Avenida Ismael Alonso e Alonso, 2400, Bairro S\u00e3o Jos\u00e9.<\/p>\n<p><strong>Jardim Palmeiras<\/strong><\/p>\n<p class=\"text-align-justify\">Ser\u00e1 votado o\u00a0<a href=\"https:\/\/sapl.franca.sp.leg.br\/materia\/11149\" rel=\"nofollow\">Projeto de Lei n\u00ba 38\/2024<\/a> de autoria da Prefeitura que autoriza o Munic\u00edpio de Franca a receber em doa\u00e7\u00e3o e celebrar escritura p\u00fablica de im\u00f3veis situados no Jardim das Palmeiras, composto dos lotes 13 da quadra 16 e 14 e 25, da quadra 17, descritas, respectivamente, nas matr\u00edculas n. 42.349, 56.597 e 56.617 do 2\u00ba Oficial de Registro de Im\u00f3veis desta Comarca.<\/p>\n<p><strong>Conv\u00eanio &#8211; Prefeitura e Uni-Facef<\/strong><\/p>\n<p class=\"text-align-justify\">Ainda ser\u00e1 apreciado o\u00a0<a href=\"https:\/\/sapl.franca.sp.leg.br\/materia\/11206\" rel=\"nofollow\">Projeto de Lei n\u00ba 42\/2024<\/a>\u00a0que disp\u00f5e sobre a celebra\u00e7\u00e3o de conv\u00eanios do Centro Universit\u00e1rio Municipal de Franca \u2013 Uni-FACEF, junto \u00e0 Prefeitura Municipal de Franca, altera as leis or\u00e7ament\u00e1rias, e d\u00e1 outras provid\u00eancias.<\/p>\n<p class=\"text-align-justify\">Trata-se de altera\u00e7\u00f5es no Or\u00e7amento que permitir\u00e3o, \u00e0 Prefeitura e ao Centro Universit\u00e1rio de Franca, celebrar termo de conv\u00eanio destinado \u00e0 execu\u00e7\u00e3o dos servi\u00e7os de gest\u00e3o da Incubadora de Empresas de Base Tecnol\u00f3gica de Franca, visando o desenvolvimento econ\u00f4mico e social local, em complementa\u00e7\u00e3o \u00e0s atividades acad\u00eamicas do Uni-FACEF.<\/p>\n<p class=\"text-align-justify\">O valor de investimento \u00e9 de R$ 197.667,59 (Cento e noventa e sete mil, seiscentos e sessenta e sete reais e cinquenta e nove centavos)<\/p>\n<p><strong>Proposta que adequa representa\u00e7\u00e3o&#8230;<\/strong><\/p>\n<p class=\"text-align-justify\">Os legisladores ainda debatem e votam o\u00a0<a href=\"https:\/\/sapl.franca.sp.leg.br\/materia\/11208\" rel=\"nofollow\">Projeto de Lei n\u00ba 44\/2024<\/a> de autoria do Executivo que modifica a Lei Municipal 3.945, de 14 de maio de 1991; alterada pelas Leis Municipais 4.564, de 05 de julho de 1995; 6.079, de 17 de novembro de 2003; 7.350, de 22 de dezembro de 2009 e 8.011, de 12 de mar\u00e7o de 2014 para adequar a representa\u00e7\u00e3o do poder p\u00fablico municipal \u00e0s determina\u00e7\u00f5es do conselho nacional dos direitos da crian\u00e7a e do adolescente.<\/p>\n<p class=\"text-align-justify\">Ainda de acordo com a proposta, esta lei entra em vigor em 08 de agosto de 2024, data que se encerra o mandato da gest\u00e3o do Conselho Municipal dos Direitos da Crian\u00e7a e do Adolescente de Franca para o per\u00edodo de 08\/08\/2022 a 07\/08\/2024.<\/p>\n<p><strong>Empresa Amiga dos Autistas<\/strong><\/p>\n<p class=\"text-align-justify\">Ser\u00e1 votado ainda o\u00a0<a href=\"https:\/\/sapl.franca.sp.leg.br\/materia\/10648\" rel=\"nofollow\">Substitutivo 03<\/a>\u00a0ao\u00a0<a href=\"https:\/\/sapl.franca.sp.leg.br\/materia\/9869\" rel=\"nofollow\">Projeto de Lei 138\/2023\u00a0<\/a>que cria o Programa Empresa Amiga dos Autistas.<\/p>\n<p class=\"text-align-justify\">Marcelo Tidy (Uni\u00e3o) argumenta: &#8220;o Programa Empresa Amiga dos Autistas visa incentivar as empresas a adotarem pol\u00edticas internas de inser\u00e7\u00e3o no mercado de trabalho de pessoas com Transtorno do Espectro Autista (TEA), ou contribu\u00edrem com projetos e a\u00e7\u00f5es na promo\u00e7\u00e3o de sua inclus\u00e3o no mercado de trabalho&#8221;.<\/p>\n<p class=\"text-align-justify\">&#8220;As empresas que cumprirem os requisitos do artigo 3\u00ba poder\u00e3o receber o selo Empresa Amiga dos Autistas, e poder\u00e3o utiliz\u00e1-lo nos r\u00f3tulos ou embalagens de seus produtos, na divulga\u00e7\u00e3o de servi\u00e7os ou da sua marca, bem como em suas pe\u00e7as publicit\u00e1rias, como um diferencial para a imagem de sua empresa, na forma de regulamento&#8221;, concluiu.<\/p>\n<p><strong>Vereadores questionam&#8230;<\/strong><\/p>\n<p class=\"text-align-justify\">Os vereadores ainda debatem o\u00a0<a href=\"https:\/\/sapl.franca.sp.leg.br\/materia\/11156\" rel=\"nofollow\">Requerimento 274\/2024<\/a> de autoria do vereador Ilton Ferreira (Uni\u00e3o) questionando informa\u00e7\u00f5es sobre a concess\u00e3o de uso da \u00e1rea denominada \u201cBOSQUE DOS ANGICOS\u201d.<\/p>\n<p class=\"text-align-justify\">Tamb\u00e9m do vereador ser\u00e1 debatido e votado o\u00a0<strong><a href=\"https:\/\/sapl.franca.sp.leg.br\/materia\/11187\" rel=\"nofollow\">Requerimento 283\/2024<\/a><\/strong>\u00a0solicitando \u00a0informa\u00e7\u00f5es sobre quais atitudes est\u00e3o sendo tomadas referente a casos de terrenos abandonados e poss\u00edveis focos de dengue no mun\u00edcipio de Franca.<\/p>\n<p class=\"text-align-justify\">De autoria do vereador Donizete da Farm\u00e1cia (MDB) ser\u00e1 votado o\u00a0<a href=\"https:\/\/sapl.franca.sp.leg.br\/materia\/11201\" rel=\"nofollow\">Requerimento 288\/2024<\/a> questionando informa\u00e7\u00f5es sobre a promo\u00e7\u00e3o de estudos visando \u00e0 instala\u00e7\u00e3o de &#8216;Varej\u00f5es Noturnos&#8217; com funcionamento semanal, p\u00f3s 17:00h, em espa\u00e7o p\u00fablico, no munic\u00edpio de Franca, nos mesmos moldes que ocorrem nos munic\u00edpios de Jundia\u00ed, Limeira, Votuporanga, Botucatu.<\/p>\n<p><strong>Mo\u00e7\u00f5es de aplausos ser\u00e3o votadas na 16\u00aa Sess\u00e3o Ordin\u00e1ria<\/strong><\/p>\n<p class=\"text-align-justify\">Ainda ser\u00e3o votadas a\u00a0<strong><a href=\"https:\/\/sapl.franca.sp.leg.br\/materia\/11172\" rel=\"nofollow\">Mo\u00e7\u00e3o de Aplausos 23\/2024<\/a><\/strong>\u00a0do vereador Donizete da Farm\u00e1cia (MDB) \u00e0s professoras da Escola Estadual Sud\u00e1rio Ferreira, senhoras Juliana Let\u00edcia Silva e Luciana Maria Ferreira Penha, que desenvolveram mat\u00e9ria eletiva sobre comunica\u00e7\u00e3o n\u00e3o violenta e cultura de paz em prol das institui\u00e7\u00f5es de ensino.<\/p>\n<p class=\"text-align-justify\">E de autoria do vereador Gilson Pelizaro (PT) a\u00a0<a href=\"https:\/\/sapl.franca.sp.leg.br\/materia\/11199\" rel=\"nofollow\">Mo\u00e7\u00e3o de Aplausos 24\/2024<\/a>\u00a0\u00e0 Escola T\u00e9cnica Estadual (Etec) Dr. J\u00falio Cardoso, de Franca, que comemorou 100 anos de atividades no dia 25 de abril de 2024.<\/p>\n<p class=\"text-align-justify\">E tamb\u00e9m do parlamentar a\u00a0<a href=\"https:\/\/sapl.franca.sp.leg.br\/materia\/11200\" rel=\"nofollow\">Mo\u00e7\u00e3o de Aplausos 25\/2024\u00a0<\/a>a todos os enfermeiros e enfermeiras do munic\u00edpio de Franca, em reconhecimento ao trabalho que esses profissionais desempenham, pelo Dia Mundial aos enfermeiros, comemorado em 12 de maio.<\/p>\n","protected":false},"excerpt":{"rendered":"<p>Mo\u00e7\u00f5es de Aplausos ser\u00e3o tamb\u00e9m apreciadas na 16\u00aa Sess\u00e3o Ordin\u00e1ria Os vereadores se re\u00fanem nesta ter\u00e7a-feira, 21 de maio, para discuss\u00e3o e vota\u00e7\u00f5es de projetos na\u00a016\u00aa<span class=\"excerpt-hellip\"> [\u2026]<\/span><\/p>\n","protected":false},"author":10,"featured_media":44777,"comment_status":"open","ping_status":"open","sticky":false,"template":"","format":"standard","meta":{"_jetpack_memberships_contains_paid_content":false,"footnotes":"","jetpack_publicize_message":"","jetpack_publicize_feature_enabled":true,"jetpack_social_post_already_shared":false,"jetpack_social_options":{"image_generator_settings":{"template":"highway","default_image_id":0,"enabled":false},"version":2}},"categories":[28,81],"tags":[],"class_list":["post-44772","post","type-post","status-publish","format-standard","has-post-thumbnail","hentry","category-cotidiano","category-manchete"],"yoast_head":"<!-- This site is optimized with the Yoast SEO plugin v25.6 - https:\/\/yoast.com\/wordpress\/plugins\/seo\/ -->\n<title>C\u00e2mara vota programa Empresa Amiga dos Autistas e conv\u00eanio entre Prefeitura e Uni-Facef - VerdadeOn<\/title>\n<meta name=\"robots\" content=\"index, follow, max-snippet:-1, max-image-preview:large, max-video-preview:-1\" \/>\n<link rel=\"canonical\" href=\"https:\/\/verdadeon.com.br\/portal\/2024\/05\/18\/camara-vota-programa-empresa-amiga-dos-autistas-e-convenio-entre-prefeitura-e-uni-facef\/\" \/>\n<meta property=\"og:locale\" content=\"pt_BR\" \/>\n<meta property=\"og:type\" content=\"article\" \/>\n<meta property=\"og:title\" content=\"C\u00e2mara vota programa Empresa Amiga dos Autistas e conv\u00eanio entre Prefeitura e Uni-Facef - VerdadeOn\" \/>\n<meta property=\"og:description\" content=\"Mo\u00e7\u00f5es de Aplausos ser\u00e3o tamb\u00e9m apreciadas na 16\u00aa Sess\u00e3o Ordin\u00e1ria Os vereadores se re\u00fanem nesta ter\u00e7a-feira, 21 de maio, para discuss\u00e3o e vota\u00e7\u00f5es de projetos na\u00a016\u00aa [\u2026]\" \/>\n<meta property=\"og:url\" content=\"https:\/\/verdadeon.com.br\/portal\/2024\/05\/18\/camara-vota-programa-empresa-amiga-dos-autistas-e-convenio-entre-prefeitura-e-uni-facef\/\" \/>\n<meta property=\"og:site_name\" content=\"VerdadeOn\" \/>\n<meta property=\"article:published_time\" content=\"2024-05-18T13:45:47+00:00\" \/>\n<meta property=\"og:image\" content=\"https:\/\/verdadeon.com.br\/portal\/wp-content\/uploads\/2024\/05\/auditoriounifacef-2-1.jpg\" \/>\n\t<meta property=\"og:image:width\" content=\"868\" \/>\n\t<meta property=\"og:image:height\" content=\"582\" \/>\n\t<meta property=\"og:image:type\" content=\"image\/jpeg\" \/>\n<meta name=\"author\" content=\"Redacao VerdadeOn\" \/>\n<meta name=\"twitter:card\" content=\"summary_large_image\" \/>\n<meta name=\"twitter:label1\" content=\"Escrito por\" \/>\n\t<meta name=\"twitter:data1\" content=\"Redacao VerdadeOn\" \/>\n\t<meta name=\"twitter:label2\" content=\"Est. tempo de leitura\" \/>\n\t<meta name=\"twitter:data2\" content=\"4 minutos\" \/>\n<script type=\"application\/ld+json\" class=\"yoast-schema-graph\">{\"@context\":\"https:\/\/schema.org\",\"@graph\":[{\"@type\":\"WebPage\",\"@id\":\"https:\/\/verdadeon.com.br\/portal\/2024\/05\/18\/camara-vota-programa-empresa-amiga-dos-autistas-e-convenio-entre-prefeitura-e-uni-facef\/\",\"url\":\"https:\/\/verdadeon.com.br\/portal\/2024\/05\/18\/camara-vota-programa-empresa-amiga-dos-autistas-e-convenio-entre-prefeitura-e-uni-facef\/\",\"name\":\"C\u00e2mara vota programa Empresa Amiga dos Autistas e conv\u00eanio entre Prefeitura e Uni-Facef - VerdadeOn\",\"isPartOf\":{\"@id\":\"https:\/\/verdadeon.com.br\/portal\/#website\"},\"primaryImageOfPage\":{\"@id\":\"https:\/\/verdadeon.com.br\/portal\/2024\/05\/18\/camara-vota-programa-empresa-amiga-dos-autistas-e-convenio-entre-prefeitura-e-uni-facef\/#primaryimage\"},\"image\":{\"@id\":\"https:\/\/verdadeon.com.br\/portal\/2024\/05\/18\/camara-vota-programa-empresa-amiga-dos-autistas-e-convenio-entre-prefeitura-e-uni-facef\/#primaryimage\"},\"thumbnailUrl\":\"https:\/\/i0.wp.com\/verdadeon.com.br\/portal\/wp-content\/uploads\/2024\/05\/auditoriounifacef-2-1.jpg?fit=868%2C582&ssl=1\",\"datePublished\":\"2024-05-18T13:45:47+00:00\",\"author\":{\"@id\":\"https:\/\/verdadeon.com.br\/portal\/#\/schema\/person\/a5060ad1e9ea3df545188fc93ce43d2f\"},\"breadcrumb\":{\"@id\":\"https:\/\/verdadeon.com.br\/portal\/2024\/05\/18\/camara-vota-programa-empresa-amiga-dos-autistas-e-convenio-entre-prefeitura-e-uni-facef\/#breadcrumb\"},\"inLanguage\":\"pt-BR\",\"potentialAction\":[{\"@type\":\"ReadAction\",\"target\":[\"https:\/\/verdadeon.com.br\/portal\/2024\/05\/18\/camara-vota-programa-empresa-amiga-dos-autistas-e-convenio-entre-prefeitura-e-uni-facef\/\"]}]},{\"@type\":\"ImageObject\",\"inLanguage\":\"pt-BR\",\"@id\":\"https:\/\/verdadeon.com.br\/portal\/2024\/05\/18\/camara-vota-programa-empresa-amiga-dos-autistas-e-convenio-entre-prefeitura-e-uni-facef\/#primaryimage\",\"url\":\"https:\/\/i0.wp.com\/verdadeon.com.br\/portal\/wp-content\/uploads\/2024\/05\/auditoriounifacef-2-1.jpg?fit=868%2C582&ssl=1\",\"contentUrl\":\"https:\/\/i0.wp.com\/verdadeon.com.br\/portal\/wp-content\/uploads\/2024\/05\/auditoriounifacef-2-1.jpg?fit=868%2C582&ssl=1\",\"width\":868,\"height\":582,\"caption\":\"As sess\u00f5es oficiais do Legislativo continuar\u00e3o sendo realizadas no Audit\u00f3rio do Uni-Facef com entrada pela Avenida Ismael Alonso e Alonso, 2400, Bairro S\u00e3o Jos\u00e9, at\u00e9 o fim das obras na C\u00e2mara Municipal (\u00a9Divulga\u00e7\u00e3o)\"},{\"@type\":\"BreadcrumbList\",\"@id\":\"https:\/\/verdadeon.com.br\/portal\/2024\/05\/18\/camara-vota-programa-empresa-amiga-dos-autistas-e-convenio-entre-prefeitura-e-uni-facef\/#breadcrumb\",\"itemListElement\":[{\"@type\":\"ListItem\",\"position\":1,\"name\":\"In\u00edcio\",\"item\":\"https:\/\/verdadeon.com.br\/portal\/\"},{\"@type\":\"ListItem\",\"position\":2,\"name\":\"C\u00e2mara vota programa Empresa Amiga dos Autistas e conv\u00eanio entre Prefeitura e Uni-Facef\"}]},{\"@type\":\"WebSite\",\"@id\":\"https:\/\/verdadeon.com.br\/portal\/#website\",\"url\":\"https:\/\/verdadeon.com.br\/portal\/\",\"name\":\"VerdadeOn\",\"description\":\"Not\u00edcias di\u00e1rias sobre Franca, Regi\u00e3o, Esporte, Cultura, Cotidiano, Colunas. Cobertura nos principais eventos da cidade \u00e9 aqui - Verdadeon Franca\",\"potentialAction\":[{\"@type\":\"SearchAction\",\"target\":{\"@type\":\"EntryPoint\",\"urlTemplate\":\"https:\/\/verdadeon.com.br\/portal\/?s={search_term_string}\"},\"query-input\":{\"@type\":\"PropertyValueSpecification\",\"valueRequired\":true,\"valueName\":\"search_term_string\"}}],\"inLanguage\":\"pt-BR\"},{\"@type\":\"Person\",\"@id\":\"https:\/\/verdadeon.com.br\/portal\/#\/schema\/person\/a5060ad1e9ea3df545188fc93ce43d2f\",\"name\":\"Redacao VerdadeOn\",\"image\":{\"@type\":\"ImageObject\",\"inLanguage\":\"pt-BR\",\"@id\":\"https:\/\/verdadeon.com.br\/portal\/#\/schema\/person\/image\/\",\"url\":\"https:\/\/secure.gravatar.com\/avatar\/459a9613caaaf07f582c3d0841eea68bdd66f533e465e6ba8b9cb45619572cf4?s=96&d=mm&r=g\",\"contentUrl\":\"https:\/\/secure.gravatar.com\/avatar\/459a9613caaaf07f582c3d0841eea68bdd66f533e465e6ba8b9cb45619572cf4?s=96&d=mm&r=g\",\"caption\":\"Redacao VerdadeOn\"},\"url\":\"https:\/\/verdadeon.com.br\/portal\/author\/redacao\/\"}]}<\/script>\n<!-- \/ Yoast SEO plugin. -->","yoast_head_json":{"title":"C\u00e2mara vota programa Empresa Amiga dos Autistas e conv\u00eanio entre Prefeitura e Uni-Facef - VerdadeOn","robots":{"index":"index","follow":"follow","max-snippet":"max-snippet:-1","max-image-preview":"max-image-preview:large","max-video-preview":"max-video-preview:-1"},"canonical":"https:\/\/verdadeon.com.br\/portal\/2024\/05\/18\/camara-vota-programa-empresa-amiga-dos-autistas-e-convenio-entre-prefeitura-e-uni-facef\/","og_locale":"pt_BR","og_type":"article","og_title":"C\u00e2mara vota programa Empresa Amiga dos Autistas e conv\u00eanio entre Prefeitura e Uni-Facef - VerdadeOn","og_description":"Mo\u00e7\u00f5es de Aplausos ser\u00e3o tamb\u00e9m apreciadas na 16\u00aa Sess\u00e3o Ordin\u00e1ria Os vereadores se re\u00fanem nesta ter\u00e7a-feira, 21 de maio, para discuss\u00e3o e vota\u00e7\u00f5es de projetos na\u00a016\u00aa [\u2026]","og_url":"https:\/\/verdadeon.com.br\/portal\/2024\/05\/18\/camara-vota-programa-empresa-amiga-dos-autistas-e-convenio-entre-prefeitura-e-uni-facef\/","og_site_name":"VerdadeOn","article_published_time":"2024-05-18T13:45:47+00:00","og_image":[{"width":868,"height":582,"url":"https:\/\/verdadeon.com.br\/portal\/wp-content\/uploads\/2024\/05\/auditoriounifacef-2-1.jpg","type":"image\/jpeg"}],"author":"Redacao VerdadeOn","twitter_card":"summary_large_image","twitter_misc":{"Escrito por":"Redacao VerdadeOn","Est. tempo de leitura":"4 minutos"},"schema":{"@context":"https:\/\/schema.org","@graph":[{"@type":"WebPage","@id":"https:\/\/verdadeon.com.br\/portal\/2024\/05\/18\/camara-vota-programa-empresa-amiga-dos-autistas-e-convenio-entre-prefeitura-e-uni-facef\/","url":"https:\/\/verdadeon.com.br\/portal\/2024\/05\/18\/camara-vota-programa-empresa-amiga-dos-autistas-e-convenio-entre-prefeitura-e-uni-facef\/","name":"C\u00e2mara vota programa Empresa Amiga dos Autistas e conv\u00eanio entre Prefeitura e Uni-Facef - VerdadeOn","isPartOf":{"@id":"https:\/\/verdadeon.com.br\/portal\/#website"},"primaryImageOfPage":{"@id":"https:\/\/verdadeon.com.br\/portal\/2024\/05\/18\/camara-vota-programa-empresa-amiga-dos-autistas-e-convenio-entre-prefeitura-e-uni-facef\/#primaryimage"},"image":{"@id":"https:\/\/verdadeon.com.br\/portal\/2024\/05\/18\/camara-vota-programa-empresa-amiga-dos-autistas-e-convenio-entre-prefeitura-e-uni-facef\/#primaryimage"},"thumbnailUrl":"https:\/\/i0.wp.com\/verdadeon.com.br\/portal\/wp-content\/uploads\/2024\/05\/auditoriounifacef-2-1.jpg?fit=868%2C582&ssl=1","datePublished":"2024-05-18T13:45:47+00:00","author":{"@id":"https:\/\/verdadeon.com.br\/portal\/#\/schema\/person\/a5060ad1e9ea3df545188fc93ce43d2f"},"breadcrumb":{"@id":"https:\/\/verdadeon.com.br\/portal\/2024\/05\/18\/camara-vota-programa-empresa-amiga-dos-autistas-e-convenio-entre-prefeitura-e-uni-facef\/#breadcrumb"},"inLanguage":"pt-BR","potentialAction":[{"@type":"ReadAction","target":["https:\/\/verdadeon.com.br\/portal\/2024\/05\/18\/camara-vota-programa-empresa-amiga-dos-autistas-e-convenio-entre-prefeitura-e-uni-facef\/"]}]},{"@type":"ImageObject","inLanguage":"pt-BR","@id":"https:\/\/verdadeon.com.br\/portal\/2024\/05\/18\/camara-vota-programa-empresa-amiga-dos-autistas-e-convenio-entre-prefeitura-e-uni-facef\/#primaryimage","url":"https:\/\/i0.wp.com\/verdadeon.com.br\/portal\/wp-content\/uploads\/2024\/05\/auditoriounifacef-2-1.jpg?fit=868%2C582&ssl=1","contentUrl":"https:\/\/i0.wp.com\/verdadeon.com.br\/portal\/wp-content\/uploads\/2024\/05\/auditoriounifacef-2-1.jpg?fit=868%2C582&ssl=1","width":868,"height":582,"caption":"As sess\u00f5es oficiais do Legislativo continuar\u00e3o sendo realizadas no Audit\u00f3rio do Uni-Facef com entrada pela Avenida Ismael Alonso e Alonso, 2400, Bairro S\u00e3o Jos\u00e9, at\u00e9 o fim das obras na C\u00e2mara Municipal (\u00a9Divulga\u00e7\u00e3o)"},{"@type":"BreadcrumbList","@id":"https:\/\/verdadeon.com.br\/portal\/2024\/05\/18\/camara-vota-programa-empresa-amiga-dos-autistas-e-convenio-entre-prefeitura-e-uni-facef\/#breadcrumb","itemListElement":[{"@type":"ListItem","position":1,"name":"In\u00edcio","item":"https:\/\/verdadeon.com.br\/portal\/"},{"@type":"ListItem","position":2,"name":"C\u00e2mara vota programa Empresa Amiga dos Autistas e conv\u00eanio entre Prefeitura e Uni-Facef"}]},{"@type":"WebSite","@id":"https:\/\/verdadeon.com.br\/portal\/#website","url":"https:\/\/verdadeon.com.br\/portal\/","name":"VerdadeOn","description":"Not\u00edcias di\u00e1rias sobre Franca, Regi\u00e3o, Esporte, Cultura, Cotidiano, Colunas. Cobertura nos principais eventos da cidade \u00e9 aqui - Verdadeon Franca","potentialAction":[{"@type":"SearchAction","target":{"@type":"EntryPoint","urlTemplate":"https:\/\/verdadeon.com.br\/portal\/?s={search_term_string}"},"query-input":{"@type":"PropertyValueSpecification","valueRequired":true,"valueName":"search_term_string"}}],"inLanguage":"pt-BR"},{"@type":"Person","@id":"https:\/\/verdadeon.com.br\/portal\/#\/schema\/person\/a5060ad1e9ea3df545188fc93ce43d2f","name":"Redacao VerdadeOn","image":{"@type":"ImageObject","inLanguage":"pt-BR","@id":"https:\/\/verdadeon.com.br\/portal\/#\/schema\/person\/image\/","url":"https:\/\/secure.gravatar.com\/avatar\/459a9613caaaf07f582c3d0841eea68bdd66f533e465e6ba8b9cb45619572cf4?s=96&d=mm&r=g","contentUrl":"https:\/\/secure.gravatar.com\/avatar\/459a9613caaaf07f582c3d0841eea68bdd66f533e465e6ba8b9cb45619572cf4?s=96&d=mm&r=g","caption":"Redacao VerdadeOn"},"url":"https:\/\/verdadeon.com.br\/portal\/author\/redacao\/"}]}},"jetpack_publicize_connections":[],"jetpack_featured_media_url":"https:\/\/i0.wp.com\/verdadeon.com.br\/portal\/wp-content\/uploads\/2024\/05\/auditoriounifacef-2-1.jpg?fit=868%2C582&ssl=1","jetpack_sharing_enabled":true,"_links":{"self":[{"href":"https:\/\/verdadeon.com.br\/portal\/wp-json\/wp\/v2\/posts\/44772","targetHints":{"allow":["GET"]}}],"collection":[{"href":"https:\/\/verdadeon.com.br\/portal\/wp-json\/wp\/v2\/posts"}],"about":[{"href":"https:\/\/verdadeon.com.br\/portal\/wp-json\/wp\/v2\/types\/post"}],"author":[{"embeddable":true,"href":"https:\/\/verdadeon.com.br\/portal\/wp-json\/wp\/v2\/users\/10"}],"replies":[{"embeddable":true,"href":"https:\/\/verdadeon.com.br\/portal\/wp-json\/wp\/v2\/comments?post=44772"}],"version-history":[{"count":1,"href":"https:\/\/verdadeon.com.br\/portal\/wp-json\/wp\/v2\/posts\/44772\/revisions"}],"predecessor-version":[{"id":44779,"href":"https:\/\/verdadeon.com.br\/portal\/wp-json\/wp\/v2\/posts\/44772\/revisions\/44779"}],"wp:featuredmedia":[{"embeddable":true,"href":"https:\/\/verdadeon.com.br\/portal\/wp-json\/wp\/v2\/media\/44777"}],"wp:attachment":[{"href":"https:\/\/verdadeon.com.br\/portal\/wp-json\/wp\/v2\/media?parent=44772"}],"wp:term":[{"taxonomy":"category","embeddable":true,"href":"https:\/\/verdadeon.com.br\/portal\/wp-json\/wp\/v2\/categories?post=44772"},{"taxonomy":"post_tag","embeddable":true,"href":"https:\/\/verdadeon.com.br\/portal\/wp-json\/wp\/v2\/tags?post=44772"}],"curies":[{"name":"wp","href":"https:\/\/api.w.org\/{rel}","templated":true}]}}