{"id":44771,"date":"2024-05-18T10:41:38","date_gmt":"2024-05-18T13:41:38","guid":{"rendered":"https:\/\/verdadeon.com.br\/portal\/?p=44771"},"modified":"2024-05-18T10:43:33","modified_gmt":"2024-05-18T13:43:33","slug":"biblioteca-municipal-e-selecionada-mais-uma-vez-para-programa-viagem-literaria","status":"publish","type":"post","link":"https:\/\/verdadeon.com.br\/portal\/2024\/05\/18\/biblioteca-municipal-e-selecionada-mais-uma-vez-para-programa-viagem-literaria\/","title":{"rendered":"Biblioteca Municipal \u00e9 selecionada mais uma vez para Programa \u2018Viagem Liter\u00e1ria\u2019"},"content":{"rendered":"<h2>Sele\u00e7\u00e3o para a 16\u00aa edi\u00e7\u00e3o do programa estadual: biblioteca ganhadora oferecer\u00e1 conta\u00e7\u00e3o de hist\u00f3rias, clube de leitura e encontros com escritores<\/h2>\n<p>A Biblioteca Municipal \u201cAm\u00e9rico Maciel de Castro J\u00fanior\u201d, vinculada \u00e0 FEAC (Funda\u00e7\u00e3o Esporte, Arte e Cultura) e localizada no Col\u00e9gio Champagnat, foi selecionada mais uma vez para participar do Programa \u2018Viagem Liter\u00e1ria\u2019, desenvolvido pela Secretaria de Cultura e Economia Criativa do Estado de S\u00e3o Paulo.<\/p>\n<p>Ao todo, em todo o estado, 121 munic\u00edpios se inscreveram e 65 selecionados, sendo que, da regi\u00e3o, estar\u00e3o somente Franca e Batatais. Na sele\u00e7\u00e3o, foram utilizados crit\u00e9rios t\u00e9cnicos de avalia\u00e7\u00e3o, como a an\u00e1lise de desempenho e cumprimento das contrapartidas obrigat\u00f3rias na edi\u00e7\u00e3o anterior, atendimento aos requisitos, participa\u00e7\u00e3o da equipe nas a\u00e7\u00f5es do Sistema Estadual de Bibliotecas P\u00fablicas de S\u00e3o Paulo (SisEB) e comprometimento com as contrapartidas do programa.<\/p>\n<p>Esta ser\u00e1 a 16\u00aa edi\u00e7\u00e3o do projeto. O \u2018Viagem Liter\u00e1ria\u2019 de Franca contar\u00e1 com conta\u00e7\u00e3o de hist\u00f3rias, clube de leitura e encontro com escritores e, de acordo com a bibliotec\u00e1ria Clem\u00eancia Andrade, \u00e9 de fundamental import\u00e2ncia para a popula\u00e7\u00e3o. \u201cO objetivo do programa \u00e9 aproximar os livros, a leitura e as bibliotecas do cidad\u00e3o, promovendo di\u00e1logos de qualidade, o h\u00e1bito e o gosto pela leitura e dinamizar a programa\u00e7\u00e3o cultural das Bibliotecas P\u00fablicas\u201d, disse.<\/p>\n<p>A Biblioteca Municipal \u2018Am\u00e9rico Maciel de Castro J\u00fanior\u2019 conta com um acervo composto por quase 60 mil exemplares, que inclui cl\u00e1ssicos da literatura, livros infantojuvenis, lan\u00e7amentos de autores contempor\u00e2neos, nacionais e internacionais e autores locais. O empr\u00e9stimo \u00e9 gratuito e o prazo para entrega \u00e9 de 15 dias, de dois livros de 30 dias, podendo ser renovado caso n\u00e3o sejam livros da lista de vestibulares.<\/p>\n<p>O espa\u00e7o disp\u00f5e de sala de leitura, espa\u00e7o kids com livros e gibis e um ambiente para consultas, leituras e pesquisas. O local tamb\u00e9m disponibiliza computadores, internet gratuita para a consulta dos usu\u00e1rios e equipe treinada para oferecer orienta\u00e7\u00f5es, sugest\u00f5es de livros e cadastro.<\/p>\n<p>O acervo da Biblioteca Municipal pode ser conferido de forma on-line atrav\u00e9s do link <a href=\"http:\/\/www.franca.sp.gov.br\/pmf-bibliotecario\" target=\"_blank\" rel=\"noopener\" data-saferedirecturl=\"https:\/\/www.google.com\/url?q=http:\/\/www.franca.sp.gov.br\/pmf-bibliotecario&amp;source=gmail&amp;ust=1716125440412000&amp;usg=AOvVaw2uFEncO7qnDz1vgBMk_DAf\">www.franca.sp.gov.br\/pmf-<wbr \/>bibliotecario<\/a>.<\/p>\n<h4 align=\"justify\">Biblioteca Municipal \u2018Am\u00e9rico Maciel de Castro J\u00fanior\u2019<\/h4>\n<p align=\"justify\">Av. Champagnat, 1808, Centro (Col\u00e9gio Champagnat)<\/p>\n<p align=\"justify\">Funcionamento: segunda a sexta-feira, das 8 \u00e0s 17 horas<\/p>\n<p align=\"justify\">Informa\u00e7\u00f5es:\u00a0<u>(16) 3711-9323<\/u>\u00a0ou 3711-9229 \/\u00a0<u><a id=\"m_7625775401334258802m_-8540845467453959824OWA72058748-5901-e321-dd10-c900d1bb4719\" href=\"mailto:biblioteca.central@franca.sp.gov.br\" target=\"_blank\" rel=\"noopener\">biblioteca.central@franca.sp.<wbr \/>go<\/a><a id=\"m_7625775401334258802m_-8540845467453959824OWA4a85dfdd-1987-4f26-c714-8d1dc5e45e93\" href=\"mailto:biblioteca.central@franca.sp.gov.br\" target=\"_blank\" rel=\"noopener\">v.br<\/a><\/u><\/p>\n","protected":false},"excerpt":{"rendered":"<p>Sele\u00e7\u00e3o para a 16\u00aa edi\u00e7\u00e3o do programa estadual: biblioteca ganhadora oferecer\u00e1 conta\u00e7\u00e3o de hist\u00f3rias, clube de leitura e encontros com escritores A Biblioteca Municipal \u201cAm\u00e9rico Maciel<span class=\"excerpt-hellip\"> [\u2026]<\/span><\/p>\n","protected":false},"author":10,"featured_media":44773,"comment_status":"open","ping_status":"open","sticky":false,"template":"","format":"standard","meta":{"_jetpack_memberships_contains_paid_content":false,"footnotes":"","jetpack_publicize_message":"","jetpack_publicize_feature_enabled":true,"jetpack_social_post_already_shared":false,"jetpack_social_options":{"image_generator_settings":{"template":"highway","default_image_id":0,"enabled":false},"version":2}},"categories":[28,44],"tags":[],"class_list":["post-44771","post","type-post","status-publish","format-standard","has-post-thumbnail","hentry","category-cotidiano","category-noticias"],"yoast_head":"<!-- This site is optimized with the Yoast SEO plugin v25.6 - https:\/\/yoast.com\/wordpress\/plugins\/seo\/ -->\n<title>Biblioteca Municipal \u00e9 selecionada mais uma vez para Programa \u2018Viagem Liter\u00e1ria\u2019 - VerdadeOn<\/title>\n<meta name=\"robots\" content=\"index, follow, max-snippet:-1, max-image-preview:large, max-video-preview:-1\" \/>\n<link rel=\"canonical\" href=\"https:\/\/verdadeon.com.br\/portal\/2024\/05\/18\/biblioteca-municipal-e-selecionada-mais-uma-vez-para-programa-viagem-literaria\/\" \/>\n<meta property=\"og:locale\" content=\"pt_BR\" \/>\n<meta property=\"og:type\" content=\"article\" \/>\n<meta property=\"og:title\" content=\"Biblioteca Municipal \u00e9 selecionada mais uma vez para Programa \u2018Viagem Liter\u00e1ria\u2019 - VerdadeOn\" \/>\n<meta property=\"og:description\" content=\"Sele\u00e7\u00e3o para a 16\u00aa edi\u00e7\u00e3o do programa estadual: biblioteca ganhadora oferecer\u00e1 conta\u00e7\u00e3o de hist\u00f3rias, clube de leitura e encontros com escritores A Biblioteca Municipal \u201cAm\u00e9rico Maciel [\u2026]\" \/>\n<meta property=\"og:url\" content=\"https:\/\/verdadeon.com.br\/portal\/2024\/05\/18\/biblioteca-municipal-e-selecionada-mais-uma-vez-para-programa-viagem-literaria\/\" \/>\n<meta property=\"og:site_name\" content=\"VerdadeOn\" \/>\n<meta property=\"article:published_time\" content=\"2024-05-18T13:41:38+00:00\" \/>\n<meta property=\"article:modified_time\" content=\"2024-05-18T13:43:33+00:00\" \/>\n<meta property=\"og:image\" content=\"https:\/\/verdadeon.com.br\/portal\/wp-content\/uploads\/2024\/05\/DSC_4708-1-scaled.jpg\" \/>\n\t<meta property=\"og:image:width\" content=\"2560\" \/>\n\t<meta property=\"og:image:height\" content=\"1696\" \/>\n\t<meta property=\"og:image:type\" content=\"image\/jpeg\" \/>\n<meta name=\"author\" content=\"Redacao VerdadeOn\" \/>\n<meta name=\"twitter:card\" content=\"summary_large_image\" \/>\n<meta name=\"twitter:label1\" content=\"Escrito por\" \/>\n\t<meta name=\"twitter:data1\" content=\"Redacao VerdadeOn\" \/>\n\t<meta name=\"twitter:label2\" content=\"Est. tempo de leitura\" \/>\n\t<meta name=\"twitter:data2\" content=\"3 minutos\" \/>\n<script type=\"application\/ld+json\" class=\"yoast-schema-graph\">{\"@context\":\"https:\/\/schema.org\",\"@graph\":[{\"@type\":\"WebPage\",\"@id\":\"https:\/\/verdadeon.com.br\/portal\/2024\/05\/18\/biblioteca-municipal-e-selecionada-mais-uma-vez-para-programa-viagem-literaria\/\",\"url\":\"https:\/\/verdadeon.com.br\/portal\/2024\/05\/18\/biblioteca-municipal-e-selecionada-mais-uma-vez-para-programa-viagem-literaria\/\",\"name\":\"Biblioteca Municipal \u00e9 selecionada mais uma vez para Programa \u2018Viagem Liter\u00e1ria\u2019 - VerdadeOn\",\"isPartOf\":{\"@id\":\"https:\/\/verdadeon.com.br\/portal\/#website\"},\"primaryImageOfPage\":{\"@id\":\"https:\/\/verdadeon.com.br\/portal\/2024\/05\/18\/biblioteca-municipal-e-selecionada-mais-uma-vez-para-programa-viagem-literaria\/#primaryimage\"},\"image\":{\"@id\":\"https:\/\/verdadeon.com.br\/portal\/2024\/05\/18\/biblioteca-municipal-e-selecionada-mais-uma-vez-para-programa-viagem-literaria\/#primaryimage\"},\"thumbnailUrl\":\"https:\/\/i0.wp.com\/verdadeon.com.br\/portal\/wp-content\/uploads\/2024\/05\/DSC_4708-1-scaled.jpg?fit=2560%2C1696&ssl=1\",\"datePublished\":\"2024-05-18T13:41:38+00:00\",\"dateModified\":\"2024-05-18T13:43:33+00:00\",\"author\":{\"@id\":\"https:\/\/verdadeon.com.br\/portal\/#\/schema\/person\/a5060ad1e9ea3df545188fc93ce43d2f\"},\"breadcrumb\":{\"@id\":\"https:\/\/verdadeon.com.br\/portal\/2024\/05\/18\/biblioteca-municipal-e-selecionada-mais-uma-vez-para-programa-viagem-literaria\/#breadcrumb\"},\"inLanguage\":\"pt-BR\",\"potentialAction\":[{\"@type\":\"ReadAction\",\"target\":[\"https:\/\/verdadeon.com.br\/portal\/2024\/05\/18\/biblioteca-municipal-e-selecionada-mais-uma-vez-para-programa-viagem-literaria\/\"]}]},{\"@type\":\"ImageObject\",\"inLanguage\":\"pt-BR\",\"@id\":\"https:\/\/verdadeon.com.br\/portal\/2024\/05\/18\/biblioteca-municipal-e-selecionada-mais-uma-vez-para-programa-viagem-literaria\/#primaryimage\",\"url\":\"https:\/\/i0.wp.com\/verdadeon.com.br\/portal\/wp-content\/uploads\/2024\/05\/DSC_4708-1-scaled.jpg?fit=2560%2C1696&ssl=1\",\"contentUrl\":\"https:\/\/i0.wp.com\/verdadeon.com.br\/portal\/wp-content\/uploads\/2024\/05\/DSC_4708-1-scaled.jpg?fit=2560%2C1696&ssl=1\",\"width\":2560,\"height\":1696,\"caption\":\"Franca e Batatais s\u00e3o as cidades selecionadas (\u00a9Divulga\u00e7\u00e3o)\"},{\"@type\":\"BreadcrumbList\",\"@id\":\"https:\/\/verdadeon.com.br\/portal\/2024\/05\/18\/biblioteca-municipal-e-selecionada-mais-uma-vez-para-programa-viagem-literaria\/#breadcrumb\",\"itemListElement\":[{\"@type\":\"ListItem\",\"position\":1,\"name\":\"In\u00edcio\",\"item\":\"https:\/\/verdadeon.com.br\/portal\/\"},{\"@type\":\"ListItem\",\"position\":2,\"name\":\"Biblioteca Municipal \u00e9 selecionada mais uma vez para Programa \u2018Viagem Liter\u00e1ria\u2019\"}]},{\"@type\":\"WebSite\",\"@id\":\"https:\/\/verdadeon.com.br\/portal\/#website\",\"url\":\"https:\/\/verdadeon.com.br\/portal\/\",\"name\":\"VerdadeOn\",\"description\":\"Not\u00edcias di\u00e1rias sobre Franca, Regi\u00e3o, Esporte, Cultura, Cotidiano, Colunas. Cobertura nos principais eventos da cidade \u00e9 aqui - Verdadeon Franca\",\"potentialAction\":[{\"@type\":\"SearchAction\",\"target\":{\"@type\":\"EntryPoint\",\"urlTemplate\":\"https:\/\/verdadeon.com.br\/portal\/?s={search_term_string}\"},\"query-input\":{\"@type\":\"PropertyValueSpecification\",\"valueRequired\":true,\"valueName\":\"search_term_string\"}}],\"inLanguage\":\"pt-BR\"},{\"@type\":\"Person\",\"@id\":\"https:\/\/verdadeon.com.br\/portal\/#\/schema\/person\/a5060ad1e9ea3df545188fc93ce43d2f\",\"name\":\"Redacao VerdadeOn\",\"image\":{\"@type\":\"ImageObject\",\"inLanguage\":\"pt-BR\",\"@id\":\"https:\/\/verdadeon.com.br\/portal\/#\/schema\/person\/image\/\",\"url\":\"https:\/\/secure.gravatar.com\/avatar\/459a9613caaaf07f582c3d0841eea68bdd66f533e465e6ba8b9cb45619572cf4?s=96&d=mm&r=g\",\"contentUrl\":\"https:\/\/secure.gravatar.com\/avatar\/459a9613caaaf07f582c3d0841eea68bdd66f533e465e6ba8b9cb45619572cf4?s=96&d=mm&r=g\",\"caption\":\"Redacao VerdadeOn\"},\"url\":\"https:\/\/verdadeon.com.br\/portal\/author\/redacao\/\"}]}<\/script>\n<!-- \/ Yoast SEO plugin. -->","yoast_head_json":{"title":"Biblioteca Municipal \u00e9 selecionada mais uma vez para Programa \u2018Viagem Liter\u00e1ria\u2019 - VerdadeOn","robots":{"index":"index","follow":"follow","max-snippet":"max-snippet:-1","max-image-preview":"max-image-preview:large","max-video-preview":"max-video-preview:-1"},"canonical":"https:\/\/verdadeon.com.br\/portal\/2024\/05\/18\/biblioteca-municipal-e-selecionada-mais-uma-vez-para-programa-viagem-literaria\/","og_locale":"pt_BR","og_type":"article","og_title":"Biblioteca Municipal \u00e9 selecionada mais uma vez para Programa \u2018Viagem Liter\u00e1ria\u2019 - VerdadeOn","og_description":"Sele\u00e7\u00e3o para a 16\u00aa edi\u00e7\u00e3o do programa estadual: biblioteca ganhadora oferecer\u00e1 conta\u00e7\u00e3o de hist\u00f3rias, clube de leitura e encontros com escritores A Biblioteca Municipal \u201cAm\u00e9rico Maciel [\u2026]","og_url":"https:\/\/verdadeon.com.br\/portal\/2024\/05\/18\/biblioteca-municipal-e-selecionada-mais-uma-vez-para-programa-viagem-literaria\/","og_site_name":"VerdadeOn","article_published_time":"2024-05-18T13:41:38+00:00","article_modified_time":"2024-05-18T13:43:33+00:00","og_image":[{"width":2560,"height":1696,"url":"https:\/\/verdadeon.com.br\/portal\/wp-content\/uploads\/2024\/05\/DSC_4708-1-scaled.jpg","type":"image\/jpeg"}],"author":"Redacao VerdadeOn","twitter_card":"summary_large_image","twitter_misc":{"Escrito por":"Redacao VerdadeOn","Est. tempo de leitura":"3 minutos"},"schema":{"@context":"https:\/\/schema.org","@graph":[{"@type":"WebPage","@id":"https:\/\/verdadeon.com.br\/portal\/2024\/05\/18\/biblioteca-municipal-e-selecionada-mais-uma-vez-para-programa-viagem-literaria\/","url":"https:\/\/verdadeon.com.br\/portal\/2024\/05\/18\/biblioteca-municipal-e-selecionada-mais-uma-vez-para-programa-viagem-literaria\/","name":"Biblioteca Municipal \u00e9 selecionada mais uma vez para Programa \u2018Viagem Liter\u00e1ria\u2019 - VerdadeOn","isPartOf":{"@id":"https:\/\/verdadeon.com.br\/portal\/#website"},"primaryImageOfPage":{"@id":"https:\/\/verdadeon.com.br\/portal\/2024\/05\/18\/biblioteca-municipal-e-selecionada-mais-uma-vez-para-programa-viagem-literaria\/#primaryimage"},"image":{"@id":"https:\/\/verdadeon.com.br\/portal\/2024\/05\/18\/biblioteca-municipal-e-selecionada-mais-uma-vez-para-programa-viagem-literaria\/#primaryimage"},"thumbnailUrl":"https:\/\/i0.wp.com\/verdadeon.com.br\/portal\/wp-content\/uploads\/2024\/05\/DSC_4708-1-scaled.jpg?fit=2560%2C1696&ssl=1","datePublished":"2024-05-18T13:41:38+00:00","dateModified":"2024-05-18T13:43:33+00:00","author":{"@id":"https:\/\/verdadeon.com.br\/portal\/#\/schema\/person\/a5060ad1e9ea3df545188fc93ce43d2f"},"breadcrumb":{"@id":"https:\/\/verdadeon.com.br\/portal\/2024\/05\/18\/biblioteca-municipal-e-selecionada-mais-uma-vez-para-programa-viagem-literaria\/#breadcrumb"},"inLanguage":"pt-BR","potentialAction":[{"@type":"ReadAction","target":["https:\/\/verdadeon.com.br\/portal\/2024\/05\/18\/biblioteca-municipal-e-selecionada-mais-uma-vez-para-programa-viagem-literaria\/"]}]},{"@type":"ImageObject","inLanguage":"pt-BR","@id":"https:\/\/verdadeon.com.br\/portal\/2024\/05\/18\/biblioteca-municipal-e-selecionada-mais-uma-vez-para-programa-viagem-literaria\/#primaryimage","url":"https:\/\/i0.wp.com\/verdadeon.com.br\/portal\/wp-content\/uploads\/2024\/05\/DSC_4708-1-scaled.jpg?fit=2560%2C1696&ssl=1","contentUrl":"https:\/\/i0.wp.com\/verdadeon.com.br\/portal\/wp-content\/uploads\/2024\/05\/DSC_4708-1-scaled.jpg?fit=2560%2C1696&ssl=1","width":2560,"height":1696,"caption":"Franca e Batatais s\u00e3o as cidades selecionadas (\u00a9Divulga\u00e7\u00e3o)"},{"@type":"BreadcrumbList","@id":"https:\/\/verdadeon.com.br\/portal\/2024\/05\/18\/biblioteca-municipal-e-selecionada-mais-uma-vez-para-programa-viagem-literaria\/#breadcrumb","itemListElement":[{"@type":"ListItem","position":1,"name":"In\u00edcio","item":"https:\/\/verdadeon.com.br\/portal\/"},{"@type":"ListItem","position":2,"name":"Biblioteca Municipal \u00e9 selecionada mais uma vez para Programa \u2018Viagem Liter\u00e1ria\u2019"}]},{"@type":"WebSite","@id":"https:\/\/verdadeon.com.br\/portal\/#website","url":"https:\/\/verdadeon.com.br\/portal\/","name":"VerdadeOn","description":"Not\u00edcias di\u00e1rias sobre Franca, Regi\u00e3o, Esporte, Cultura, Cotidiano, Colunas. Cobertura nos principais eventos da cidade \u00e9 aqui - Verdadeon Franca","potentialAction":[{"@type":"SearchAction","target":{"@type":"EntryPoint","urlTemplate":"https:\/\/verdadeon.com.br\/portal\/?s={search_term_string}"},"query-input":{"@type":"PropertyValueSpecification","valueRequired":true,"valueName":"search_term_string"}}],"inLanguage":"pt-BR"},{"@type":"Person","@id":"https:\/\/verdadeon.com.br\/portal\/#\/schema\/person\/a5060ad1e9ea3df545188fc93ce43d2f","name":"Redacao VerdadeOn","image":{"@type":"ImageObject","inLanguage":"pt-BR","@id":"https:\/\/verdadeon.com.br\/portal\/#\/schema\/person\/image\/","url":"https:\/\/secure.gravatar.com\/avatar\/459a9613caaaf07f582c3d0841eea68bdd66f533e465e6ba8b9cb45619572cf4?s=96&d=mm&r=g","contentUrl":"https:\/\/secure.gravatar.com\/avatar\/459a9613caaaf07f582c3d0841eea68bdd66f533e465e6ba8b9cb45619572cf4?s=96&d=mm&r=g","caption":"Redacao VerdadeOn"},"url":"https:\/\/verdadeon.com.br\/portal\/author\/redacao\/"}]}},"jetpack_publicize_connections":[],"jetpack_featured_media_url":"https:\/\/i0.wp.com\/verdadeon.com.br\/portal\/wp-content\/uploads\/2024\/05\/DSC_4708-1-scaled.jpg?fit=2560%2C1696&ssl=1","jetpack_sharing_enabled":true,"_links":{"self":[{"href":"https:\/\/verdadeon.com.br\/portal\/wp-json\/wp\/v2\/posts\/44771","targetHints":{"allow":["GET"]}}],"collection":[{"href":"https:\/\/verdadeon.com.br\/portal\/wp-json\/wp\/v2\/posts"}],"about":[{"href":"https:\/\/verdadeon.com.br\/portal\/wp-json\/wp\/v2\/types\/post"}],"author":[{"embeddable":true,"href":"https:\/\/verdadeon.com.br\/portal\/wp-json\/wp\/v2\/users\/10"}],"replies":[{"embeddable":true,"href":"https:\/\/verdadeon.com.br\/portal\/wp-json\/wp\/v2\/comments?post=44771"}],"version-history":[{"count":3,"href":"https:\/\/verdadeon.com.br\/portal\/wp-json\/wp\/v2\/posts\/44771\/revisions"}],"predecessor-version":[{"id":44776,"href":"https:\/\/verdadeon.com.br\/portal\/wp-json\/wp\/v2\/posts\/44771\/revisions\/44776"}],"wp:featuredmedia":[{"embeddable":true,"href":"https:\/\/verdadeon.com.br\/portal\/wp-json\/wp\/v2\/media\/44773"}],"wp:attachment":[{"href":"https:\/\/verdadeon.com.br\/portal\/wp-json\/wp\/v2\/media?parent=44771"}],"wp:term":[{"taxonomy":"category","embeddable":true,"href":"https:\/\/verdadeon.com.br\/portal\/wp-json\/wp\/v2\/categories?post=44771"},{"taxonomy":"post_tag","embeddable":true,"href":"https:\/\/verdadeon.com.br\/portal\/wp-json\/wp\/v2\/tags?post=44771"}],"curies":[{"name":"wp","href":"https:\/\/api.w.org\/{rel}","templated":true}]}}