{"id":44767,"date":"2024-05-18T10:37:45","date_gmt":"2024-05-18T13:37:45","guid":{"rendered":"https:\/\/verdadeon.com.br\/portal\/?p=44767"},"modified":"2024-05-18T10:37:45","modified_gmt":"2024-05-18T13:37:45","slug":"prefeitura-abre-mais-de-200-vagas-em-oficinas-especiais-de-chocolate","status":"publish","type":"post","link":"https:\/\/verdadeon.com.br\/portal\/2024\/05\/18\/prefeitura-abre-mais-de-200-vagas-em-oficinas-especiais-de-chocolate\/","title":{"rendered":"Prefeitura abre mais de 200 vagas em oficinas especiais de chocolate"},"content":{"rendered":"<h2>Especial do Dia dos Namorados em Franca: Em parceria com a empresa Chokdoce, cursos de produ\u00e7\u00e3o de chocolates artesanais s\u00e3o oferecidos em diversos bairros<\/h2>\n<p>A Prefeitura, por meio do Programa &#8216;Caminho para o Emprego&#8217; e o Fundo Social de Solidariedade (Fussol), em parceria com a empresa Chokdoce, est\u00e1 oferecendo 205 vagas para as Oficinas &#8216;Fa\u00e7a e Venda &#8211; Dia dos Namorados&#8217;.<br \/>\nAs inscri\u00e7\u00f5es j\u00e1 est\u00e3o abertas para pessoas a partir de 16 anos e podem ser feitas atrav\u00e9s do site da Prefeitura, no link do Programa &#8216;Caminho para o Emprego&#8217;, no link\u00a0<a href=\"https:\/\/www.franca.sp.gov.br\/caminho-emprego-portal\/seleciona_turma.xhtml\" target=\"_blank\" rel=\"noopener\" data-saferedirecturl=\"https:\/\/www.google.com\/url?q=https:\/\/www.franca.sp.gov.br\/caminho-emprego-portal\/seleciona_turma.xhtml&amp;source=gmail&amp;ust=1716125440412000&amp;usg=AOvVaw1Tx3MzWVyiiPl2FgBgxlEY\">https:\/\/www.franca.sp.gov.br\/<wbr \/>caminho-emprego-portal\/<wbr \/>seleciona_turma.xhtml<\/a>.<br \/>\nAs oficinas, totalmente gratuitas, com dura\u00e7\u00e3o de tr\u00eas horas cada, ser\u00e3o ministradas em nove locais a partir do dia 27 de maio a 11 de junho, em parceria com igrejas e entidades nos bairros, al\u00e9m da Escola Profissionalizante \u2018Caminho para o Emprego\u2019 e sede da Chokdoce, nos per\u00edodos da manh\u00e3, tarde e noite.<br \/>\nDurante as aulas, os alunos v\u00e3o aprender a produzir Cora\u00e7\u00e3o Lapidado, Buqu\u00ea de Rosas e Festa na Caixa (cora\u00e7\u00e3o, buqu\u00ea e bolinho de chocolate).<br \/>\nMais informa\u00e7\u00f5es poder\u00e3o ser obtidas pelos telefones (16) 3706-6590 ou 3724-7417 (WhatsApp).<br \/>\nConfira a rela\u00e7\u00e3o dos locais que receber\u00e3o as oficinas de chocolate:<\/p>\n<p>27 de maio &#8211; Segunda-feira<br \/>\n19 \u00e0s 22 horas<br \/>\nLocal: GRUPO ESP\u00cdRITA MEIMEI &#8211; RUA AUGUSTINHO COELHO PARIS, 1166 &#8211; VILA S\u00c3O SEBASTI\u00c3O<\/p>\n<p>28 de maio &#8211; Ter\u00e7a-feira<br \/>\n14 \u00e0s 17 horas<br \/>\nLocal: CHOKDOCE CIDADE NOVA &#8211; RUA DOMINGOS SCARABUCCI TEIXEIRA, 1484 &#8211; CIDADE NOVA<\/p>\n<p>3 de junho &#8211; Segunda-feira<br \/>\n9 \u00e0s 12 horas<br \/>\nLocal: ESCOLA MUNICIPAL PROFISSIONALIZANTE &#8216;CAMINHO PARA O EMPREGO&#8217; &#8211; RUA DR J\u00d9LIO CARDOSO, 1948 &#8211; CENTRO<\/p>\n<p>4 de junho &#8211; Ter\u00e7a-feira<br \/>\n19 \u00e0s 22 horas<br \/>\nLocal: IGREJA ASSEMBL\u00c9IA DE DEUS DO JARDIM PALMA &#8211; RUA ANTONIO MARCOS, 3311 &#8211; JARDIM PALMA<\/p>\n<p>4 de junho &#8211; Ter\u00e7a-feira<br \/>\n14 \u00e0s 17 horas<br \/>\nLocal: CASA MATEUS &#8211; RUA CASTRO ALVES, 606 &#8211; MIRAMONTES<\/p>\n<p>6 de junho &#8211; Quinta-feira<br \/>\n19 \u00e0s 22 horas<br \/>\nLocal: IGREJA BATISTA DO VERA CRUZ &#8211; AV JO\u00c3O GON\u00c7ALVES, 850 JARDIM VERA CRUZ I<\/p>\n<p>10 de junho &#8211; Segunda-feira<br \/>\n19 \u00e0s 22 horas<br \/>\nLocal: IGREJA QUADRANGULAR FAMILIA GLOBAL &#8211; RUA DR WASHINGTON LUIZ, 1901 &#8211; JARDIM BOA ESPERAN\u00c7A<\/p>\n<p>10 de junho &#8211; Segunda-feira<br \/>\n14 \u00e0s 17 horas<br \/>\nLocal: VOLUNT\u00c1RIAS SOCIAIS DE FRANCA &#8211; RUA OUVIDOR FREIRE, 2553 &#8211; CENTRO<\/p>\n<p>11 de junho &#8211; Ter\u00e7a-feira<br \/>\n14 \u00e0s 17 horas<br \/>\nLocal: CASA DE MISERIC\u00d3RDIA &#8211; RUA GENARAL OS\u00d3RIO 2294 &#8211; CENTRO<\/p>\n","protected":false},"excerpt":{"rendered":"<p>Especial do Dia dos Namorados em Franca: Em parceria com a empresa Chokdoce, cursos de produ\u00e7\u00e3o de chocolates artesanais s\u00e3o oferecidos em diversos bairros A Prefeitura,<span class=\"excerpt-hellip\"> [\u2026]<\/span><\/p>\n","protected":false},"author":10,"featured_media":44646,"comment_status":"open","ping_status":"open","sticky":false,"template":"","format":"standard","meta":{"_jetpack_memberships_contains_paid_content":false,"footnotes":"","jetpack_publicize_message":"","jetpack_publicize_feature_enabled":true,"jetpack_social_post_already_shared":false,"jetpack_social_options":{"image_generator_settings":{"template":"highway","default_image_id":0,"enabled":false},"version":2}},"categories":[28,44],"tags":[],"class_list":["post-44767","post","type-post","status-publish","format-standard","has-post-thumbnail","hentry","category-cotidiano","category-noticias"],"yoast_head":"<!-- This site is optimized with the Yoast SEO plugin v25.6 - https:\/\/yoast.com\/wordpress\/plugins\/seo\/ -->\n<title>Prefeitura abre mais de 200 vagas em oficinas especiais de chocolate - VerdadeOn<\/title>\n<meta name=\"robots\" content=\"index, follow, max-snippet:-1, max-image-preview:large, max-video-preview:-1\" \/>\n<link rel=\"canonical\" href=\"https:\/\/verdadeon.com.br\/portal\/2024\/05\/18\/prefeitura-abre-mais-de-200-vagas-em-oficinas-especiais-de-chocolate\/\" \/>\n<meta property=\"og:locale\" content=\"pt_BR\" \/>\n<meta property=\"og:type\" content=\"article\" \/>\n<meta property=\"og:title\" content=\"Prefeitura abre mais de 200 vagas em oficinas especiais de chocolate - VerdadeOn\" \/>\n<meta property=\"og:description\" content=\"Especial do Dia dos Namorados em Franca: Em parceria com a empresa Chokdoce, cursos de produ\u00e7\u00e3o de chocolates artesanais s\u00e3o oferecidos em diversos bairros A Prefeitura, [\u2026]\" \/>\n<meta property=\"og:url\" content=\"https:\/\/verdadeon.com.br\/portal\/2024\/05\/18\/prefeitura-abre-mais-de-200-vagas-em-oficinas-especiais-de-chocolate\/\" \/>\n<meta property=\"og:site_name\" content=\"VerdadeOn\" \/>\n<meta property=\"article:published_time\" content=\"2024-05-18T13:37:45+00:00\" \/>\n<meta property=\"og:image\" content=\"https:\/\/verdadeon.com.br\/portal\/wp-content\/uploads\/2024\/05\/Escola-Caminho-Emprego-scaled.jpg\" \/>\n\t<meta property=\"og:image:width\" content=\"2560\" \/>\n\t<meta property=\"og:image:height\" content=\"1696\" \/>\n\t<meta property=\"og:image:type\" content=\"image\/jpeg\" \/>\n<meta name=\"author\" content=\"Redacao VerdadeOn\" \/>\n<meta name=\"twitter:card\" content=\"summary_large_image\" \/>\n<meta name=\"twitter:label1\" content=\"Escrito por\" \/>\n\t<meta name=\"twitter:data1\" content=\"Redacao VerdadeOn\" \/>\n\t<meta name=\"twitter:label2\" content=\"Est. tempo de leitura\" \/>\n\t<meta name=\"twitter:data2\" content=\"3 minutos\" \/>\n<script type=\"application\/ld+json\" class=\"yoast-schema-graph\">{\"@context\":\"https:\/\/schema.org\",\"@graph\":[{\"@type\":\"WebPage\",\"@id\":\"https:\/\/verdadeon.com.br\/portal\/2024\/05\/18\/prefeitura-abre-mais-de-200-vagas-em-oficinas-especiais-de-chocolate\/\",\"url\":\"https:\/\/verdadeon.com.br\/portal\/2024\/05\/18\/prefeitura-abre-mais-de-200-vagas-em-oficinas-especiais-de-chocolate\/\",\"name\":\"Prefeitura abre mais de 200 vagas em oficinas especiais de chocolate - VerdadeOn\",\"isPartOf\":{\"@id\":\"https:\/\/verdadeon.com.br\/portal\/#website\"},\"primaryImageOfPage\":{\"@id\":\"https:\/\/verdadeon.com.br\/portal\/2024\/05\/18\/prefeitura-abre-mais-de-200-vagas-em-oficinas-especiais-de-chocolate\/#primaryimage\"},\"image\":{\"@id\":\"https:\/\/verdadeon.com.br\/portal\/2024\/05\/18\/prefeitura-abre-mais-de-200-vagas-em-oficinas-especiais-de-chocolate\/#primaryimage\"},\"thumbnailUrl\":\"https:\/\/i0.wp.com\/verdadeon.com.br\/portal\/wp-content\/uploads\/2024\/05\/Escola-Caminho-Emprego-scaled.jpg?fit=2560%2C1696&ssl=1\",\"datePublished\":\"2024-05-18T13:37:45+00:00\",\"author\":{\"@id\":\"https:\/\/verdadeon.com.br\/portal\/#\/schema\/person\/a5060ad1e9ea3df545188fc93ce43d2f\"},\"breadcrumb\":{\"@id\":\"https:\/\/verdadeon.com.br\/portal\/2024\/05\/18\/prefeitura-abre-mais-de-200-vagas-em-oficinas-especiais-de-chocolate\/#breadcrumb\"},\"inLanguage\":\"pt-BR\",\"potentialAction\":[{\"@type\":\"ReadAction\",\"target\":[\"https:\/\/verdadeon.com.br\/portal\/2024\/05\/18\/prefeitura-abre-mais-de-200-vagas-em-oficinas-especiais-de-chocolate\/\"]}]},{\"@type\":\"ImageObject\",\"inLanguage\":\"pt-BR\",\"@id\":\"https:\/\/verdadeon.com.br\/portal\/2024\/05\/18\/prefeitura-abre-mais-de-200-vagas-em-oficinas-especiais-de-chocolate\/#primaryimage\",\"url\":\"https:\/\/i0.wp.com\/verdadeon.com.br\/portal\/wp-content\/uploads\/2024\/05\/Escola-Caminho-Emprego-scaled.jpg?fit=2560%2C1696&ssl=1\",\"contentUrl\":\"https:\/\/i0.wp.com\/verdadeon.com.br\/portal\/wp-content\/uploads\/2024\/05\/Escola-Caminho-Emprego-scaled.jpg?fit=2560%2C1696&ssl=1\",\"width\":2560,\"height\":1696,\"caption\":\"Programa\u00e7\u00e3o a partir do dia 27 de maio a 11 de junho (\u00a9Divulga\u00e7\u00e3o)\"},{\"@type\":\"BreadcrumbList\",\"@id\":\"https:\/\/verdadeon.com.br\/portal\/2024\/05\/18\/prefeitura-abre-mais-de-200-vagas-em-oficinas-especiais-de-chocolate\/#breadcrumb\",\"itemListElement\":[{\"@type\":\"ListItem\",\"position\":1,\"name\":\"In\u00edcio\",\"item\":\"https:\/\/verdadeon.com.br\/portal\/\"},{\"@type\":\"ListItem\",\"position\":2,\"name\":\"Prefeitura abre mais de 200 vagas em oficinas especiais de chocolate\"}]},{\"@type\":\"WebSite\",\"@id\":\"https:\/\/verdadeon.com.br\/portal\/#website\",\"url\":\"https:\/\/verdadeon.com.br\/portal\/\",\"name\":\"VerdadeOn\",\"description\":\"Not\u00edcias di\u00e1rias sobre Franca, Regi\u00e3o, Esporte, Cultura, Cotidiano, Colunas. Cobertura nos principais eventos da cidade \u00e9 aqui - Verdadeon Franca\",\"potentialAction\":[{\"@type\":\"SearchAction\",\"target\":{\"@type\":\"EntryPoint\",\"urlTemplate\":\"https:\/\/verdadeon.com.br\/portal\/?s={search_term_string}\"},\"query-input\":{\"@type\":\"PropertyValueSpecification\",\"valueRequired\":true,\"valueName\":\"search_term_string\"}}],\"inLanguage\":\"pt-BR\"},{\"@type\":\"Person\",\"@id\":\"https:\/\/verdadeon.com.br\/portal\/#\/schema\/person\/a5060ad1e9ea3df545188fc93ce43d2f\",\"name\":\"Redacao VerdadeOn\",\"image\":{\"@type\":\"ImageObject\",\"inLanguage\":\"pt-BR\",\"@id\":\"https:\/\/verdadeon.com.br\/portal\/#\/schema\/person\/image\/\",\"url\":\"https:\/\/secure.gravatar.com\/avatar\/459a9613caaaf07f582c3d0841eea68bdd66f533e465e6ba8b9cb45619572cf4?s=96&d=mm&r=g\",\"contentUrl\":\"https:\/\/secure.gravatar.com\/avatar\/459a9613caaaf07f582c3d0841eea68bdd66f533e465e6ba8b9cb45619572cf4?s=96&d=mm&r=g\",\"caption\":\"Redacao VerdadeOn\"},\"url\":\"https:\/\/verdadeon.com.br\/portal\/author\/redacao\/\"}]}<\/script>\n<!-- \/ Yoast SEO plugin. -->","yoast_head_json":{"title":"Prefeitura abre mais de 200 vagas em oficinas especiais de chocolate - VerdadeOn","robots":{"index":"index","follow":"follow","max-snippet":"max-snippet:-1","max-image-preview":"max-image-preview:large","max-video-preview":"max-video-preview:-1"},"canonical":"https:\/\/verdadeon.com.br\/portal\/2024\/05\/18\/prefeitura-abre-mais-de-200-vagas-em-oficinas-especiais-de-chocolate\/","og_locale":"pt_BR","og_type":"article","og_title":"Prefeitura abre mais de 200 vagas em oficinas especiais de chocolate - VerdadeOn","og_description":"Especial do Dia dos Namorados em Franca: Em parceria com a empresa Chokdoce, cursos de produ\u00e7\u00e3o de chocolates artesanais s\u00e3o oferecidos em diversos bairros A Prefeitura, [\u2026]","og_url":"https:\/\/verdadeon.com.br\/portal\/2024\/05\/18\/prefeitura-abre-mais-de-200-vagas-em-oficinas-especiais-de-chocolate\/","og_site_name":"VerdadeOn","article_published_time":"2024-05-18T13:37:45+00:00","og_image":[{"width":2560,"height":1696,"url":"https:\/\/verdadeon.com.br\/portal\/wp-content\/uploads\/2024\/05\/Escola-Caminho-Emprego-scaled.jpg","type":"image\/jpeg"}],"author":"Redacao VerdadeOn","twitter_card":"summary_large_image","twitter_misc":{"Escrito por":"Redacao VerdadeOn","Est. tempo de leitura":"3 minutos"},"schema":{"@context":"https:\/\/schema.org","@graph":[{"@type":"WebPage","@id":"https:\/\/verdadeon.com.br\/portal\/2024\/05\/18\/prefeitura-abre-mais-de-200-vagas-em-oficinas-especiais-de-chocolate\/","url":"https:\/\/verdadeon.com.br\/portal\/2024\/05\/18\/prefeitura-abre-mais-de-200-vagas-em-oficinas-especiais-de-chocolate\/","name":"Prefeitura abre mais de 200 vagas em oficinas especiais de chocolate - VerdadeOn","isPartOf":{"@id":"https:\/\/verdadeon.com.br\/portal\/#website"},"primaryImageOfPage":{"@id":"https:\/\/verdadeon.com.br\/portal\/2024\/05\/18\/prefeitura-abre-mais-de-200-vagas-em-oficinas-especiais-de-chocolate\/#primaryimage"},"image":{"@id":"https:\/\/verdadeon.com.br\/portal\/2024\/05\/18\/prefeitura-abre-mais-de-200-vagas-em-oficinas-especiais-de-chocolate\/#primaryimage"},"thumbnailUrl":"https:\/\/i0.wp.com\/verdadeon.com.br\/portal\/wp-content\/uploads\/2024\/05\/Escola-Caminho-Emprego-scaled.jpg?fit=2560%2C1696&ssl=1","datePublished":"2024-05-18T13:37:45+00:00","author":{"@id":"https:\/\/verdadeon.com.br\/portal\/#\/schema\/person\/a5060ad1e9ea3df545188fc93ce43d2f"},"breadcrumb":{"@id":"https:\/\/verdadeon.com.br\/portal\/2024\/05\/18\/prefeitura-abre-mais-de-200-vagas-em-oficinas-especiais-de-chocolate\/#breadcrumb"},"inLanguage":"pt-BR","potentialAction":[{"@type":"ReadAction","target":["https:\/\/verdadeon.com.br\/portal\/2024\/05\/18\/prefeitura-abre-mais-de-200-vagas-em-oficinas-especiais-de-chocolate\/"]}]},{"@type":"ImageObject","inLanguage":"pt-BR","@id":"https:\/\/verdadeon.com.br\/portal\/2024\/05\/18\/prefeitura-abre-mais-de-200-vagas-em-oficinas-especiais-de-chocolate\/#primaryimage","url":"https:\/\/i0.wp.com\/verdadeon.com.br\/portal\/wp-content\/uploads\/2024\/05\/Escola-Caminho-Emprego-scaled.jpg?fit=2560%2C1696&ssl=1","contentUrl":"https:\/\/i0.wp.com\/verdadeon.com.br\/portal\/wp-content\/uploads\/2024\/05\/Escola-Caminho-Emprego-scaled.jpg?fit=2560%2C1696&ssl=1","width":2560,"height":1696,"caption":"Programa\u00e7\u00e3o a partir do dia 27 de maio a 11 de junho (\u00a9Divulga\u00e7\u00e3o)"},{"@type":"BreadcrumbList","@id":"https:\/\/verdadeon.com.br\/portal\/2024\/05\/18\/prefeitura-abre-mais-de-200-vagas-em-oficinas-especiais-de-chocolate\/#breadcrumb","itemListElement":[{"@type":"ListItem","position":1,"name":"In\u00edcio","item":"https:\/\/verdadeon.com.br\/portal\/"},{"@type":"ListItem","position":2,"name":"Prefeitura abre mais de 200 vagas em oficinas especiais de chocolate"}]},{"@type":"WebSite","@id":"https:\/\/verdadeon.com.br\/portal\/#website","url":"https:\/\/verdadeon.com.br\/portal\/","name":"VerdadeOn","description":"Not\u00edcias di\u00e1rias sobre Franca, Regi\u00e3o, Esporte, Cultura, Cotidiano, Colunas. Cobertura nos principais eventos da cidade \u00e9 aqui - Verdadeon Franca","potentialAction":[{"@type":"SearchAction","target":{"@type":"EntryPoint","urlTemplate":"https:\/\/verdadeon.com.br\/portal\/?s={search_term_string}"},"query-input":{"@type":"PropertyValueSpecification","valueRequired":true,"valueName":"search_term_string"}}],"inLanguage":"pt-BR"},{"@type":"Person","@id":"https:\/\/verdadeon.com.br\/portal\/#\/schema\/person\/a5060ad1e9ea3df545188fc93ce43d2f","name":"Redacao VerdadeOn","image":{"@type":"ImageObject","inLanguage":"pt-BR","@id":"https:\/\/verdadeon.com.br\/portal\/#\/schema\/person\/image\/","url":"https:\/\/secure.gravatar.com\/avatar\/459a9613caaaf07f582c3d0841eea68bdd66f533e465e6ba8b9cb45619572cf4?s=96&d=mm&r=g","contentUrl":"https:\/\/secure.gravatar.com\/avatar\/459a9613caaaf07f582c3d0841eea68bdd66f533e465e6ba8b9cb45619572cf4?s=96&d=mm&r=g","caption":"Redacao VerdadeOn"},"url":"https:\/\/verdadeon.com.br\/portal\/author\/redacao\/"}]}},"jetpack_publicize_connections":[],"jetpack_featured_media_url":"https:\/\/i0.wp.com\/verdadeon.com.br\/portal\/wp-content\/uploads\/2024\/05\/Escola-Caminho-Emprego-scaled.jpg?fit=2560%2C1696&ssl=1","jetpack_sharing_enabled":true,"_links":{"self":[{"href":"https:\/\/verdadeon.com.br\/portal\/wp-json\/wp\/v2\/posts\/44767","targetHints":{"allow":["GET"]}}],"collection":[{"href":"https:\/\/verdadeon.com.br\/portal\/wp-json\/wp\/v2\/posts"}],"about":[{"href":"https:\/\/verdadeon.com.br\/portal\/wp-json\/wp\/v2\/types\/post"}],"author":[{"embeddable":true,"href":"https:\/\/verdadeon.com.br\/portal\/wp-json\/wp\/v2\/users\/10"}],"replies":[{"embeddable":true,"href":"https:\/\/verdadeon.com.br\/portal\/wp-json\/wp\/v2\/comments?post=44767"}],"version-history":[{"count":1,"href":"https:\/\/verdadeon.com.br\/portal\/wp-json\/wp\/v2\/posts\/44767\/revisions"}],"predecessor-version":[{"id":44770,"href":"https:\/\/verdadeon.com.br\/portal\/wp-json\/wp\/v2\/posts\/44767\/revisions\/44770"}],"wp:featuredmedia":[{"embeddable":true,"href":"https:\/\/verdadeon.com.br\/portal\/wp-json\/wp\/v2\/media\/44646"}],"wp:attachment":[{"href":"https:\/\/verdadeon.com.br\/portal\/wp-json\/wp\/v2\/media?parent=44767"}],"wp:term":[{"taxonomy":"category","embeddable":true,"href":"https:\/\/verdadeon.com.br\/portal\/wp-json\/wp\/v2\/categories?post=44767"},{"taxonomy":"post_tag","embeddable":true,"href":"https:\/\/verdadeon.com.br\/portal\/wp-json\/wp\/v2\/tags?post=44767"}],"curies":[{"name":"wp","href":"https:\/\/api.w.org\/{rel}","templated":true}]}}