{"id":44753,"date":"2024-05-18T10:19:19","date_gmt":"2024-05-18T13:19:19","guid":{"rendered":"https:\/\/verdadeon.com.br\/portal\/?p=44753"},"modified":"2024-05-18T10:19:19","modified_gmt":"2024-05-18T13:19:19","slug":"grupo-francano-quarteto-enredado-embarca-para-primeira-turne-na-europa-e-apresenta-show-exclusivo-em-franca-nos-dias-24-e-25-de-maio","status":"publish","type":"post","link":"https:\/\/verdadeon.com.br\/portal\/2024\/05\/18\/grupo-francano-quarteto-enredado-embarca-para-primeira-turne-na-europa-e-apresenta-show-exclusivo-em-franca-nos-dias-24-e-25-de-maio\/","title":{"rendered":"Grupo francano Quarteto Enredado embarca para primeira turn\u00ea na Europa e apresenta show exclusivo em Franca nos dias 24 e 25 de maio"},"content":{"rendered":"<h2>Turn\u00ea re\u00fane repert\u00f3rio dos trabalhos, \u2018Alma Brasileira\u2019 e \u2018Requiem\u2019, e celebra a diversidade e a profundidade da m\u00fasica brasileira; em junho, grupo se apresenta em Portugal e Espanha<\/h2>\n<p>O grupo francano de m\u00fasica instrumental brasileira Quarteto Enredado &#8211; reconhecido pela sua caracter\u00edstica ousada de mesclar a m\u00fasica caipira, a erudita, a MPB, o jazz e o rock &#8211; embarca em junho para a sua primeira turn\u00ea internacional. Mas, antes, presenteia o p\u00fablico de Franca com duas apresenta\u00e7\u00f5es de \u201cAlma Brasileira World Tour\u201d &#8211; que re\u00fane repert\u00f3rio dos trabalhos \u201cAlma Brasileira\u201d (2022) e \u201cRequiem\u201d (2024) &#8211; nos dias 24 e 25 de maio, \u00e0s 19h, no Celeiro Espa\u00e7o do Ser. Os convites s\u00e3o vendidos a R$ 30, e todo o valor arrecadado ser\u00e1 destinado aos custos com a viagem, em junho, para Portugal e Espanha.<\/p>\n<p>\u201cN\u00f3s estamos muito felizes com a abertura e possibilidade que estamos recebendo de nos apresentar para um p\u00fablico totalmente novo, do outro lado do oceano! Para n\u00f3s \u00e9 uma grande alegria e responsabilidade\u201d, diz o baixista Gabriel Terra, idealizador do Quarteto Enredado.<\/p>\n<p>Com seis anos de trajet\u00f3ria e forma\u00e7\u00e3o \u00fanica de viol\u00e3o (Claryssa P\u00e1dua), viola caipira (Ronaldo Sabino), guitarra (Daniel Rached Palermo) e baixo ac\u00fastico (Gabriel Terra), o grupo mescla elementos da m\u00fasica brasileira com influ\u00eancias contempor\u00e2neas, criando uma experi\u00eancia sonora envolvente em arranjos de obras cl\u00e1ssicas de Heitor Villa-Lobos, Luiz Gonzaga, Gilberto Gil, Dominguinhos, Egberto Gismonti, entre outros, al\u00e9m de composi\u00e7\u00f5es pr\u00f3prias.<\/p>\n<p>No curr\u00edculo, s\u00e3o mais de 100 shows, incluindo uma apresenta\u00e7\u00e3o em um dos principais palcos da m\u00fasica instrumental brasileira, o Instrumental Sesc Brasil (2021). Seu \u00e1lbum de estreia, \u201cAlma Brasileira\u201d, lan\u00e7ado em 2022, foi inclu\u00eddo na Retrospectiva do renomado cr\u00edtico musical Solano Ribeiro. Em mar\u00e7o deste ano, o grupo lan\u00e7ou seu segundo trabalho autoral, o EP \u201cRequiem\u201d, com obras compostas por Gabriel Terra durante a pandemia de Covid-19, que est\u00e1 dispon\u00edvel em todas as plataformas digitais.<\/p>\n<p>O espet\u00e1culo musical \u201cAlma Brasileira World Tour\u201d mergulha na ess\u00eancia do Quarteto Enredado, destacando as m\u00fasicas dos dois \u00e1lbuns e evoca sentimentos como alegria, tristeza, medo, esperan\u00e7a e cuidado, convidando o p\u00fablico a uma jornada de reflex\u00e3o e conex\u00e3o emocional.<\/p>\n<p><img data-recalc-dims=\"1\" loading=\"lazy\" decoding=\"async\" class=\"alignnone size-full wp-image-44758\" src=\"https:\/\/i0.wp.com\/verdadeon.com.br\/portal\/wp-content\/uploads\/2024\/05\/DF_quarteto_enredado_0242_DonaFoto_LissandraRibeiro-scaled.jpg?resize=1220%2C813&#038;ssl=1\" alt=\"\" width=\"1220\" height=\"813\" srcset=\"https:\/\/i0.wp.com\/verdadeon.com.br\/portal\/wp-content\/uploads\/2024\/05\/DF_quarteto_enredado_0242_DonaFoto_LissandraRibeiro-scaled.jpg?w=2560&amp;ssl=1 2560w, https:\/\/i0.wp.com\/verdadeon.com.br\/portal\/wp-content\/uploads\/2024\/05\/DF_quarteto_enredado_0242_DonaFoto_LissandraRibeiro-scaled.jpg?resize=300%2C200&amp;ssl=1 300w, https:\/\/i0.wp.com\/verdadeon.com.br\/portal\/wp-content\/uploads\/2024\/05\/DF_quarteto_enredado_0242_DonaFoto_LissandraRibeiro-scaled.jpg?resize=1024%2C683&amp;ssl=1 1024w, https:\/\/i0.wp.com\/verdadeon.com.br\/portal\/wp-content\/uploads\/2024\/05\/DF_quarteto_enredado_0242_DonaFoto_LissandraRibeiro-scaled.jpg?resize=768%2C512&amp;ssl=1 768w, https:\/\/i0.wp.com\/verdadeon.com.br\/portal\/wp-content\/uploads\/2024\/05\/DF_quarteto_enredado_0242_DonaFoto_LissandraRibeiro-scaled.jpg?resize=1536%2C1024&amp;ssl=1 1536w, https:\/\/i0.wp.com\/verdadeon.com.br\/portal\/wp-content\/uploads\/2024\/05\/DF_quarteto_enredado_0242_DonaFoto_LissandraRibeiro-scaled.jpg?resize=2048%2C1365&amp;ssl=1 2048w, https:\/\/i0.wp.com\/verdadeon.com.br\/portal\/wp-content\/uploads\/2024\/05\/DF_quarteto_enredado_0242_DonaFoto_LissandraRibeiro-scaled.jpg?resize=219%2C146&amp;ssl=1 219w, https:\/\/i0.wp.com\/verdadeon.com.br\/portal\/wp-content\/uploads\/2024\/05\/DF_quarteto_enredado_0242_DonaFoto_LissandraRibeiro-scaled.jpg?resize=50%2C33&amp;ssl=1 50w, https:\/\/i0.wp.com\/verdadeon.com.br\/portal\/wp-content\/uploads\/2024\/05\/DF_quarteto_enredado_0242_DonaFoto_LissandraRibeiro-scaled.jpg?resize=113%2C75&amp;ssl=1 113w, https:\/\/i0.wp.com\/verdadeon.com.br\/portal\/wp-content\/uploads\/2024\/05\/DF_quarteto_enredado_0242_DonaFoto_LissandraRibeiro-scaled.jpg?w=2440&amp;ssl=1 2440w\" sizes=\"auto, (max-width: 1220px) 100vw, 1220px\" \/><\/p>\n<p>O repert\u00f3rio do show traz 15 faixas entre obras de compositores consagrados como \u201cAsa Branca &amp; Mour\u00e3o\u201d (Luiz Gonzaga e C\u00e9sar Guerra-Peixe), \u201cLoro\u201d (Egberto Gismonti), \u201cLamento Sertanejo\u201d (Gilberto Gil e Dominguinhos), \u201cChoros n\u00b0 5 \u2018Alma Brasileira\u2019 (Heitor Villa-Lobos), \u201cCurumim\u201d (C\u00e9sar Camargo Mariano) e \u201cVoc\u00ea Vai Gostar\u201d (Elp\u00eddio dos Santos), mescladas a autorais de Gabriel Terra \u201cAmizade\u201d, \u201cChuva de Ninar\u201d, \u201cEnredado\u201d, \u201cRequiem 1 &#8211; Cuidado em Prel\u00fadio\u201d, \u201cRequiem 2 &#8211; Insurg\u00eancia\u201d, \u201cRequiem 3 &#8211; Fuga em Babel\u201d, \u201cRequiem 4 &#8211; Choro e Can\u00e7\u00e3o\u201d e \u201cRequiem 5 &#8211; Fantasia em Maracatu\u201d, al\u00e9m de Ronaldo Sabino \u201cCaipira Chique\u201d.<\/p>\n<p>Ap\u00f3s os shows em Franca, o grupo embarca para a Europa, onde far\u00e1 duas apresenta\u00e7\u00f5es: dia 07 de junho, \u00e0s 21h30, no Teatro das Figuras, sala de espet\u00e1culos e sede da superestrutura Teatro Municipal de Faro, em Portugal; e no dia 14 de junho, \u00e0s 20h30, no Convento de Santo Domingo &#8211; Ronda, prov\u00edncia de M\u00e1laga, na regi\u00e3o de Andaluzia da Espanha.<\/p>\n<p><img data-recalc-dims=\"1\" loading=\"lazy\" decoding=\"async\" class=\"alignnone size-full wp-image-44755\" src=\"https:\/\/i0.wp.com\/verdadeon.com.br\/portal\/wp-content\/uploads\/2024\/05\/DF_quarteto_enredado_0401_DonaFoto_LissandraRibeiro-scaled.jpg?resize=1220%2C813&#038;ssl=1\" alt=\"\" width=\"1220\" height=\"813\" srcset=\"https:\/\/i0.wp.com\/verdadeon.com.br\/portal\/wp-content\/uploads\/2024\/05\/DF_quarteto_enredado_0401_DonaFoto_LissandraRibeiro-scaled.jpg?w=2560&amp;ssl=1 2560w, https:\/\/i0.wp.com\/verdadeon.com.br\/portal\/wp-content\/uploads\/2024\/05\/DF_quarteto_enredado_0401_DonaFoto_LissandraRibeiro-scaled.jpg?resize=300%2C200&amp;ssl=1 300w, https:\/\/i0.wp.com\/verdadeon.com.br\/portal\/wp-content\/uploads\/2024\/05\/DF_quarteto_enredado_0401_DonaFoto_LissandraRibeiro-scaled.jpg?resize=1024%2C683&amp;ssl=1 1024w, https:\/\/i0.wp.com\/verdadeon.com.br\/portal\/wp-content\/uploads\/2024\/05\/DF_quarteto_enredado_0401_DonaFoto_LissandraRibeiro-scaled.jpg?resize=768%2C512&amp;ssl=1 768w, https:\/\/i0.wp.com\/verdadeon.com.br\/portal\/wp-content\/uploads\/2024\/05\/DF_quarteto_enredado_0401_DonaFoto_LissandraRibeiro-scaled.jpg?resize=1536%2C1024&amp;ssl=1 1536w, https:\/\/i0.wp.com\/verdadeon.com.br\/portal\/wp-content\/uploads\/2024\/05\/DF_quarteto_enredado_0401_DonaFoto_LissandraRibeiro-scaled.jpg?resize=2048%2C1365&amp;ssl=1 2048w, https:\/\/i0.wp.com\/verdadeon.com.br\/portal\/wp-content\/uploads\/2024\/05\/DF_quarteto_enredado_0401_DonaFoto_LissandraRibeiro-scaled.jpg?resize=219%2C146&amp;ssl=1 219w, https:\/\/i0.wp.com\/verdadeon.com.br\/portal\/wp-content\/uploads\/2024\/05\/DF_quarteto_enredado_0401_DonaFoto_LissandraRibeiro-scaled.jpg?resize=50%2C33&amp;ssl=1 50w, https:\/\/i0.wp.com\/verdadeon.com.br\/portal\/wp-content\/uploads\/2024\/05\/DF_quarteto_enredado_0401_DonaFoto_LissandraRibeiro-scaled.jpg?resize=113%2C75&amp;ssl=1 113w, https:\/\/i0.wp.com\/verdadeon.com.br\/portal\/wp-content\/uploads\/2024\/05\/DF_quarteto_enredado_0401_DonaFoto_LissandraRibeiro-scaled.jpg?w=2440&amp;ssl=1 2440w\" sizes=\"auto, (max-width: 1220px) 100vw, 1220px\" \/><\/p>\n<p>\u201cEstamos transbordando de alegria, emo\u00e7\u00e3o e gratid\u00e3o pela oportunidade de levarmos nossa m\u00fasica mundo afora, compartilhando um pouco do nosso Brasil e de uma das coisas que temos de melhor, que \u00e9 nossa cultura. Ser\u00e1 uma oportunidade para celebrar a diversidade e a profundidade da m\u00fasica brasileira\u201d, diz a violonista Claryssa P\u00e1dua.<\/p>\n<h4>SERVI\u00c7O<\/h4>\n<p><strong>Show <\/strong><strong>\u2018Alma Brasileira World Tour\u2019 &#8211; Quarteto Enredado<\/strong><\/p>\n<p><strong>Datas: sexta-feira (24\/05), 19h<\/strong>\u00a0&#8211; convites: R$ 30 (<a href=\"https:\/\/www.sympla.com.br\/quarteto-enredado-no-celeiro-espaco-do-ser-24-de-maio__2464317\"><u>https:\/\/www.sympla.com.br\/quarteto-enredado-no-celeiro-espaco-do-ser-24-de-maio__2464317<\/u><\/a>)<\/p>\n<p><strong>\u00a0s\u00e1bado (25\/05), 19h <\/strong>&#8211; Convites: R$ 30 (<a href=\"https:\/\/www.sympla.com.br\/quarteto-enredado-no-celeiro-espaco-do-ser-25-de-maio__2464318\"><u>https:\/\/www.sympla.com.br\/quarteto-enredado-no-celeiro-espaco-do-ser-25-de-maio__2464318<\/u><\/a>)<\/p>\n<p><strong>Local: <\/strong>Celeiro Espa\u00e7o do Ser &#8211; Rua Agenor de Aquino Leite, 1559 &#8211; Vila Marta &#8211; Franca\/SP<\/p>\n<p><strong>Informa\u00e7\u00f5es: <\/strong>(16) 99779-6447<\/p>\n<p><em>*todo o valor arrecadado ser\u00e1 destinado aos custos com a viagem \u00e0 Europa<\/em><\/p>\n<h4>O Quarteto Enredado<\/h4>\n<p><strong> <img data-recalc-dims=\"1\" loading=\"lazy\" decoding=\"async\" class=\"alignnone size-full wp-image-44754\" src=\"https:\/\/i0.wp.com\/verdadeon.com.br\/portal\/wp-content\/uploads\/2024\/05\/DF_quarteto_enredado_0024_DonaFoto_LissandraRibeiro-scaled.jpg?resize=1220%2C813&#038;ssl=1\" alt=\"\" width=\"1220\" height=\"813\" srcset=\"https:\/\/i0.wp.com\/verdadeon.com.br\/portal\/wp-content\/uploads\/2024\/05\/DF_quarteto_enredado_0024_DonaFoto_LissandraRibeiro-scaled.jpg?w=2560&amp;ssl=1 2560w, https:\/\/i0.wp.com\/verdadeon.com.br\/portal\/wp-content\/uploads\/2024\/05\/DF_quarteto_enredado_0024_DonaFoto_LissandraRibeiro-scaled.jpg?resize=300%2C200&amp;ssl=1 300w, https:\/\/i0.wp.com\/verdadeon.com.br\/portal\/wp-content\/uploads\/2024\/05\/DF_quarteto_enredado_0024_DonaFoto_LissandraRibeiro-scaled.jpg?resize=1024%2C683&amp;ssl=1 1024w, https:\/\/i0.wp.com\/verdadeon.com.br\/portal\/wp-content\/uploads\/2024\/05\/DF_quarteto_enredado_0024_DonaFoto_LissandraRibeiro-scaled.jpg?resize=768%2C512&amp;ssl=1 768w, https:\/\/i0.wp.com\/verdadeon.com.br\/portal\/wp-content\/uploads\/2024\/05\/DF_quarteto_enredado_0024_DonaFoto_LissandraRibeiro-scaled.jpg?resize=1536%2C1024&amp;ssl=1 1536w, https:\/\/i0.wp.com\/verdadeon.com.br\/portal\/wp-content\/uploads\/2024\/05\/DF_quarteto_enredado_0024_DonaFoto_LissandraRibeiro-scaled.jpg?resize=2048%2C1365&amp;ssl=1 2048w, https:\/\/i0.wp.com\/verdadeon.com.br\/portal\/wp-content\/uploads\/2024\/05\/DF_quarteto_enredado_0024_DonaFoto_LissandraRibeiro-scaled.jpg?resize=219%2C146&amp;ssl=1 219w, https:\/\/i0.wp.com\/verdadeon.com.br\/portal\/wp-content\/uploads\/2024\/05\/DF_quarteto_enredado_0024_DonaFoto_LissandraRibeiro-scaled.jpg?resize=50%2C33&amp;ssl=1 50w, https:\/\/i0.wp.com\/verdadeon.com.br\/portal\/wp-content\/uploads\/2024\/05\/DF_quarteto_enredado_0024_DonaFoto_LissandraRibeiro-scaled.jpg?resize=113%2C75&amp;ssl=1 113w, https:\/\/i0.wp.com\/verdadeon.com.br\/portal\/wp-content\/uploads\/2024\/05\/DF_quarteto_enredado_0024_DonaFoto_LissandraRibeiro-scaled.jpg?w=2440&amp;ssl=1 2440w\" sizes=\"auto, (max-width: 1220px) 100vw, 1220px\" \/><\/strong><\/p>\n<p>O grupo Quarteto Enredado surgiu no in\u00edcio de 2018, na cidade de Franca (SP), do ensejo de criar uma experi\u00eancia musical de pluralidade sonora, fundindo e amalgamando a m\u00fasica brasileira e sua sonoridade a outras linguagens musicais. Composto por uma forma\u00e7\u00e3o totalmente nova e inusitada: viola caipira, guitarra semi ac\u00fastica, viol\u00e3o e baixo ac\u00fasticos, o grupo apresenta repert\u00f3rio com composi\u00e7\u00f5es e arranjos pr\u00f3prios, que buscam traduzir a diversidade de estilos e caracter\u00edsticas presentes em nossa cultura.<\/p>\n<p>Desde o in\u00edcio de sua carreira, o grupo vem conquistando relev\u00e2ncia dentro do cen\u00e1rio musical, fazendo parte, junto a outros 11 \u00e1lbuns, da <strong>Retrospectiva 2022<\/strong>, do cr\u00edtico musical Solano Ribeiro e da sele\u00e7\u00e3o do <strong>Top 10 na Fran\u00e7a<\/strong>, pelo \u201c2021 Selector\u00b4s Shows\u201d, por meio da r\u00e1dio francesa Kaos Caribou (RKC). Em 2021, o grupo realizou a turn\u00ea virtual <strong>Alma Brasileira no Ciberespa\u00e7o<\/strong>, com recursos da Lei Aldir Blanc, atrav\u00e9s do ProAC. No final do mesmo ano, gravou o programa <strong>Instrumental Sesc Brasil<\/strong>, com apresenta\u00e7\u00e3o do show \u201cAlma Brasileira\u201d. Em 2022, lan\u00e7ou o projeto <strong>Alma Brasileira no Museu Casa de Portinari<\/strong>, financiado pelo ProAC, e gravou o CD <strong>Alma Brasileira<\/strong>, por meio de uma campanha de financiamento coletivo. No mesmo ano, foi contemplado pelo ProAC com o projeto <strong>Alma Brasileira &#8211; Enredando por Todos os Cantos<\/strong>, para circula\u00e7\u00e3o do CD pelo interior do estado de S\u00e3o Paulo.<\/p>\n<p>Mais informa\u00e7\u00f5es: <a href=\"https:\/\/linktr.ee\/quartetoenredado\"><u>https:\/\/linktr.ee\/quartetoenredado<\/u><\/a><\/p>\n<p>&nbsp;<\/p>\n<p>&nbsp;<\/p>\n","protected":false},"excerpt":{"rendered":"<p>Turn\u00ea re\u00fane repert\u00f3rio dos trabalhos, \u2018Alma Brasileira\u2019 e \u2018Requiem\u2019, e celebra a diversidade e a profundidade da m\u00fasica brasileira; em junho, grupo se apresenta em Portugal<span class=\"excerpt-hellip\"> [\u2026]<\/span><\/p>\n","protected":false},"author":10,"featured_media":44756,"comment_status":"open","ping_status":"open","sticky":false,"template":"","format":"standard","meta":{"_jetpack_memberships_contains_paid_content":false,"footnotes":"","jetpack_publicize_message":"","jetpack_publicize_feature_enabled":true,"jetpack_social_post_already_shared":false,"jetpack_social_options":{"image_generator_settings":{"template":"highway","default_image_id":0,"enabled":false},"version":2}},"categories":[28,44],"tags":[],"class_list":["post-44753","post","type-post","status-publish","format-standard","has-post-thumbnail","hentry","category-cotidiano","category-noticias"],"yoast_head":"<!-- This site is optimized with the Yoast SEO plugin v25.6 - https:\/\/yoast.com\/wordpress\/plugins\/seo\/ -->\n<title>Grupo francano Quarteto Enredado embarca para primeira turn\u00ea na Europa e apresenta show exclusivo em Franca nos dias 24 e 25 de maio - VerdadeOn<\/title>\n<meta name=\"robots\" content=\"index, follow, max-snippet:-1, max-image-preview:large, max-video-preview:-1\" \/>\n<link rel=\"canonical\" href=\"https:\/\/verdadeon.com.br\/portal\/2024\/05\/18\/grupo-francano-quarteto-enredado-embarca-para-primeira-turne-na-europa-e-apresenta-show-exclusivo-em-franca-nos-dias-24-e-25-de-maio\/\" \/>\n<meta property=\"og:locale\" content=\"pt_BR\" \/>\n<meta property=\"og:type\" content=\"article\" \/>\n<meta property=\"og:title\" content=\"Grupo francano Quarteto Enredado embarca para primeira turn\u00ea na Europa e apresenta show exclusivo em Franca nos dias 24 e 25 de maio - VerdadeOn\" \/>\n<meta property=\"og:description\" content=\"Turn\u00ea re\u00fane repert\u00f3rio dos trabalhos, \u2018Alma Brasileira\u2019 e \u2018Requiem\u2019, e celebra a diversidade e a profundidade da m\u00fasica brasileira; em junho, grupo se apresenta em Portugal [\u2026]\" \/>\n<meta property=\"og:url\" content=\"https:\/\/verdadeon.com.br\/portal\/2024\/05\/18\/grupo-francano-quarteto-enredado-embarca-para-primeira-turne-na-europa-e-apresenta-show-exclusivo-em-franca-nos-dias-24-e-25-de-maio\/\" \/>\n<meta property=\"og:site_name\" content=\"VerdadeOn\" \/>\n<meta property=\"article:published_time\" content=\"2024-05-18T13:19:19+00:00\" \/>\n<meta property=\"og:image\" content=\"https:\/\/verdadeon.com.br\/portal\/wp-content\/uploads\/2024\/05\/QuartetoEnredado-221_joaovasconceloz-1-1-scaled.jpg\" \/>\n\t<meta property=\"og:image:width\" content=\"2560\" \/>\n\t<meta property=\"og:image:height\" content=\"1707\" \/>\n\t<meta property=\"og:image:type\" content=\"image\/jpeg\" \/>\n<meta name=\"author\" content=\"Redacao VerdadeOn\" \/>\n<meta name=\"twitter:card\" content=\"summary_large_image\" \/>\n<meta name=\"twitter:label1\" content=\"Escrito por\" \/>\n\t<meta name=\"twitter:data1\" content=\"Redacao VerdadeOn\" \/>\n\t<meta name=\"twitter:label2\" content=\"Est. tempo de leitura\" \/>\n\t<meta name=\"twitter:data2\" content=\"6 minutos\" \/>\n<script type=\"application\/ld+json\" class=\"yoast-schema-graph\">{\"@context\":\"https:\/\/schema.org\",\"@graph\":[{\"@type\":\"WebPage\",\"@id\":\"https:\/\/verdadeon.com.br\/portal\/2024\/05\/18\/grupo-francano-quarteto-enredado-embarca-para-primeira-turne-na-europa-e-apresenta-show-exclusivo-em-franca-nos-dias-24-e-25-de-maio\/\",\"url\":\"https:\/\/verdadeon.com.br\/portal\/2024\/05\/18\/grupo-francano-quarteto-enredado-embarca-para-primeira-turne-na-europa-e-apresenta-show-exclusivo-em-franca-nos-dias-24-e-25-de-maio\/\",\"name\":\"Grupo francano Quarteto Enredado embarca para primeira turn\u00ea na Europa e apresenta show exclusivo em Franca nos dias 24 e 25 de maio - VerdadeOn\",\"isPartOf\":{\"@id\":\"https:\/\/verdadeon.com.br\/portal\/#website\"},\"primaryImageOfPage\":{\"@id\":\"https:\/\/verdadeon.com.br\/portal\/2024\/05\/18\/grupo-francano-quarteto-enredado-embarca-para-primeira-turne-na-europa-e-apresenta-show-exclusivo-em-franca-nos-dias-24-e-25-de-maio\/#primaryimage\"},\"image\":{\"@id\":\"https:\/\/verdadeon.com.br\/portal\/2024\/05\/18\/grupo-francano-quarteto-enredado-embarca-para-primeira-turne-na-europa-e-apresenta-show-exclusivo-em-franca-nos-dias-24-e-25-de-maio\/#primaryimage\"},\"thumbnailUrl\":\"https:\/\/i0.wp.com\/verdadeon.com.br\/portal\/wp-content\/uploads\/2024\/05\/QuartetoEnredado-221_joaovasconceloz-1-1-scaled.jpg?fit=2560%2C1707&ssl=1\",\"datePublished\":\"2024-05-18T13:19:19+00:00\",\"author\":{\"@id\":\"https:\/\/verdadeon.com.br\/portal\/#\/schema\/person\/a5060ad1e9ea3df545188fc93ce43d2f\"},\"breadcrumb\":{\"@id\":\"https:\/\/verdadeon.com.br\/portal\/2024\/05\/18\/grupo-francano-quarteto-enredado-embarca-para-primeira-turne-na-europa-e-apresenta-show-exclusivo-em-franca-nos-dias-24-e-25-de-maio\/#breadcrumb\"},\"inLanguage\":\"pt-BR\",\"potentialAction\":[{\"@type\":\"ReadAction\",\"target\":[\"https:\/\/verdadeon.com.br\/portal\/2024\/05\/18\/grupo-francano-quarteto-enredado-embarca-para-primeira-turne-na-europa-e-apresenta-show-exclusivo-em-franca-nos-dias-24-e-25-de-maio\/\"]}]},{\"@type\":\"ImageObject\",\"inLanguage\":\"pt-BR\",\"@id\":\"https:\/\/verdadeon.com.br\/portal\/2024\/05\/18\/grupo-francano-quarteto-enredado-embarca-para-primeira-turne-na-europa-e-apresenta-show-exclusivo-em-franca-nos-dias-24-e-25-de-maio\/#primaryimage\",\"url\":\"https:\/\/i0.wp.com\/verdadeon.com.br\/portal\/wp-content\/uploads\/2024\/05\/QuartetoEnredado-221_joaovasconceloz-1-1-scaled.jpg?fit=2560%2C1707&ssl=1\",\"contentUrl\":\"https:\/\/i0.wp.com\/verdadeon.com.br\/portal\/wp-content\/uploads\/2024\/05\/QuartetoEnredado-221_joaovasconceloz-1-1-scaled.jpg?fit=2560%2C1707&ssl=1\",\"width\":2560,\"height\":1707,\"caption\":\"Artistas de Franca ganham destaque internacional (\u00a9Lisandra Ribeiro e Jo\u00e3o Vasconcelo)\"},{\"@type\":\"BreadcrumbList\",\"@id\":\"https:\/\/verdadeon.com.br\/portal\/2024\/05\/18\/grupo-francano-quarteto-enredado-embarca-para-primeira-turne-na-europa-e-apresenta-show-exclusivo-em-franca-nos-dias-24-e-25-de-maio\/#breadcrumb\",\"itemListElement\":[{\"@type\":\"ListItem\",\"position\":1,\"name\":\"In\u00edcio\",\"item\":\"https:\/\/verdadeon.com.br\/portal\/\"},{\"@type\":\"ListItem\",\"position\":2,\"name\":\"Grupo francano Quarteto Enredado embarca para primeira turn\u00ea na Europa e apresenta show exclusivo em Franca nos dias 24 e 25 de maio\"}]},{\"@type\":\"WebSite\",\"@id\":\"https:\/\/verdadeon.com.br\/portal\/#website\",\"url\":\"https:\/\/verdadeon.com.br\/portal\/\",\"name\":\"VerdadeOn\",\"description\":\"Not\u00edcias di\u00e1rias sobre Franca, Regi\u00e3o, Esporte, Cultura, Cotidiano, Colunas. Cobertura nos principais eventos da cidade \u00e9 aqui - Verdadeon Franca\",\"potentialAction\":[{\"@type\":\"SearchAction\",\"target\":{\"@type\":\"EntryPoint\",\"urlTemplate\":\"https:\/\/verdadeon.com.br\/portal\/?s={search_term_string}\"},\"query-input\":{\"@type\":\"PropertyValueSpecification\",\"valueRequired\":true,\"valueName\":\"search_term_string\"}}],\"inLanguage\":\"pt-BR\"},{\"@type\":\"Person\",\"@id\":\"https:\/\/verdadeon.com.br\/portal\/#\/schema\/person\/a5060ad1e9ea3df545188fc93ce43d2f\",\"name\":\"Redacao VerdadeOn\",\"image\":{\"@type\":\"ImageObject\",\"inLanguage\":\"pt-BR\",\"@id\":\"https:\/\/verdadeon.com.br\/portal\/#\/schema\/person\/image\/\",\"url\":\"https:\/\/secure.gravatar.com\/avatar\/459a9613caaaf07f582c3d0841eea68bdd66f533e465e6ba8b9cb45619572cf4?s=96&d=mm&r=g\",\"contentUrl\":\"https:\/\/secure.gravatar.com\/avatar\/459a9613caaaf07f582c3d0841eea68bdd66f533e465e6ba8b9cb45619572cf4?s=96&d=mm&r=g\",\"caption\":\"Redacao VerdadeOn\"},\"url\":\"https:\/\/verdadeon.com.br\/portal\/author\/redacao\/\"}]}<\/script>\n<!-- \/ Yoast SEO plugin. -->","yoast_head_json":{"title":"Grupo francano Quarteto Enredado embarca para primeira turn\u00ea na Europa e apresenta show exclusivo em Franca nos dias 24 e 25 de maio - VerdadeOn","robots":{"index":"index","follow":"follow","max-snippet":"max-snippet:-1","max-image-preview":"max-image-preview:large","max-video-preview":"max-video-preview:-1"},"canonical":"https:\/\/verdadeon.com.br\/portal\/2024\/05\/18\/grupo-francano-quarteto-enredado-embarca-para-primeira-turne-na-europa-e-apresenta-show-exclusivo-em-franca-nos-dias-24-e-25-de-maio\/","og_locale":"pt_BR","og_type":"article","og_title":"Grupo francano Quarteto Enredado embarca para primeira turn\u00ea na Europa e apresenta show exclusivo em Franca nos dias 24 e 25 de maio - VerdadeOn","og_description":"Turn\u00ea re\u00fane repert\u00f3rio dos trabalhos, \u2018Alma Brasileira\u2019 e \u2018Requiem\u2019, e celebra a diversidade e a profundidade da m\u00fasica brasileira; em junho, grupo se apresenta em Portugal [\u2026]","og_url":"https:\/\/verdadeon.com.br\/portal\/2024\/05\/18\/grupo-francano-quarteto-enredado-embarca-para-primeira-turne-na-europa-e-apresenta-show-exclusivo-em-franca-nos-dias-24-e-25-de-maio\/","og_site_name":"VerdadeOn","article_published_time":"2024-05-18T13:19:19+00:00","og_image":[{"width":2560,"height":1707,"url":"https:\/\/verdadeon.com.br\/portal\/wp-content\/uploads\/2024\/05\/QuartetoEnredado-221_joaovasconceloz-1-1-scaled.jpg","type":"image\/jpeg"}],"author":"Redacao VerdadeOn","twitter_card":"summary_large_image","twitter_misc":{"Escrito por":"Redacao VerdadeOn","Est. tempo de leitura":"6 minutos"},"schema":{"@context":"https:\/\/schema.org","@graph":[{"@type":"WebPage","@id":"https:\/\/verdadeon.com.br\/portal\/2024\/05\/18\/grupo-francano-quarteto-enredado-embarca-para-primeira-turne-na-europa-e-apresenta-show-exclusivo-em-franca-nos-dias-24-e-25-de-maio\/","url":"https:\/\/verdadeon.com.br\/portal\/2024\/05\/18\/grupo-francano-quarteto-enredado-embarca-para-primeira-turne-na-europa-e-apresenta-show-exclusivo-em-franca-nos-dias-24-e-25-de-maio\/","name":"Grupo francano Quarteto Enredado embarca para primeira turn\u00ea na Europa e apresenta show exclusivo em Franca nos dias 24 e 25 de maio - VerdadeOn","isPartOf":{"@id":"https:\/\/verdadeon.com.br\/portal\/#website"},"primaryImageOfPage":{"@id":"https:\/\/verdadeon.com.br\/portal\/2024\/05\/18\/grupo-francano-quarteto-enredado-embarca-para-primeira-turne-na-europa-e-apresenta-show-exclusivo-em-franca-nos-dias-24-e-25-de-maio\/#primaryimage"},"image":{"@id":"https:\/\/verdadeon.com.br\/portal\/2024\/05\/18\/grupo-francano-quarteto-enredado-embarca-para-primeira-turne-na-europa-e-apresenta-show-exclusivo-em-franca-nos-dias-24-e-25-de-maio\/#primaryimage"},"thumbnailUrl":"https:\/\/i0.wp.com\/verdadeon.com.br\/portal\/wp-content\/uploads\/2024\/05\/QuartetoEnredado-221_joaovasconceloz-1-1-scaled.jpg?fit=2560%2C1707&ssl=1","datePublished":"2024-05-18T13:19:19+00:00","author":{"@id":"https:\/\/verdadeon.com.br\/portal\/#\/schema\/person\/a5060ad1e9ea3df545188fc93ce43d2f"},"breadcrumb":{"@id":"https:\/\/verdadeon.com.br\/portal\/2024\/05\/18\/grupo-francano-quarteto-enredado-embarca-para-primeira-turne-na-europa-e-apresenta-show-exclusivo-em-franca-nos-dias-24-e-25-de-maio\/#breadcrumb"},"inLanguage":"pt-BR","potentialAction":[{"@type":"ReadAction","target":["https:\/\/verdadeon.com.br\/portal\/2024\/05\/18\/grupo-francano-quarteto-enredado-embarca-para-primeira-turne-na-europa-e-apresenta-show-exclusivo-em-franca-nos-dias-24-e-25-de-maio\/"]}]},{"@type":"ImageObject","inLanguage":"pt-BR","@id":"https:\/\/verdadeon.com.br\/portal\/2024\/05\/18\/grupo-francano-quarteto-enredado-embarca-para-primeira-turne-na-europa-e-apresenta-show-exclusivo-em-franca-nos-dias-24-e-25-de-maio\/#primaryimage","url":"https:\/\/i0.wp.com\/verdadeon.com.br\/portal\/wp-content\/uploads\/2024\/05\/QuartetoEnredado-221_joaovasconceloz-1-1-scaled.jpg?fit=2560%2C1707&ssl=1","contentUrl":"https:\/\/i0.wp.com\/verdadeon.com.br\/portal\/wp-content\/uploads\/2024\/05\/QuartetoEnredado-221_joaovasconceloz-1-1-scaled.jpg?fit=2560%2C1707&ssl=1","width":2560,"height":1707,"caption":"Artistas de Franca ganham destaque internacional (\u00a9Lisandra Ribeiro e Jo\u00e3o Vasconcelo)"},{"@type":"BreadcrumbList","@id":"https:\/\/verdadeon.com.br\/portal\/2024\/05\/18\/grupo-francano-quarteto-enredado-embarca-para-primeira-turne-na-europa-e-apresenta-show-exclusivo-em-franca-nos-dias-24-e-25-de-maio\/#breadcrumb","itemListElement":[{"@type":"ListItem","position":1,"name":"In\u00edcio","item":"https:\/\/verdadeon.com.br\/portal\/"},{"@type":"ListItem","position":2,"name":"Grupo francano Quarteto Enredado embarca para primeira turn\u00ea na Europa e apresenta show exclusivo em Franca nos dias 24 e 25 de maio"}]},{"@type":"WebSite","@id":"https:\/\/verdadeon.com.br\/portal\/#website","url":"https:\/\/verdadeon.com.br\/portal\/","name":"VerdadeOn","description":"Not\u00edcias di\u00e1rias sobre Franca, Regi\u00e3o, Esporte, Cultura, Cotidiano, Colunas. Cobertura nos principais eventos da cidade \u00e9 aqui - Verdadeon Franca","potentialAction":[{"@type":"SearchAction","target":{"@type":"EntryPoint","urlTemplate":"https:\/\/verdadeon.com.br\/portal\/?s={search_term_string}"},"query-input":{"@type":"PropertyValueSpecification","valueRequired":true,"valueName":"search_term_string"}}],"inLanguage":"pt-BR"},{"@type":"Person","@id":"https:\/\/verdadeon.com.br\/portal\/#\/schema\/person\/a5060ad1e9ea3df545188fc93ce43d2f","name":"Redacao VerdadeOn","image":{"@type":"ImageObject","inLanguage":"pt-BR","@id":"https:\/\/verdadeon.com.br\/portal\/#\/schema\/person\/image\/","url":"https:\/\/secure.gravatar.com\/avatar\/459a9613caaaf07f582c3d0841eea68bdd66f533e465e6ba8b9cb45619572cf4?s=96&d=mm&r=g","contentUrl":"https:\/\/secure.gravatar.com\/avatar\/459a9613caaaf07f582c3d0841eea68bdd66f533e465e6ba8b9cb45619572cf4?s=96&d=mm&r=g","caption":"Redacao VerdadeOn"},"url":"https:\/\/verdadeon.com.br\/portal\/author\/redacao\/"}]}},"jetpack_publicize_connections":[],"jetpack_featured_media_url":"https:\/\/i0.wp.com\/verdadeon.com.br\/portal\/wp-content\/uploads\/2024\/05\/QuartetoEnredado-221_joaovasconceloz-1-1-scaled.jpg?fit=2560%2C1707&ssl=1","jetpack_sharing_enabled":true,"_links":{"self":[{"href":"https:\/\/verdadeon.com.br\/portal\/wp-json\/wp\/v2\/posts\/44753","targetHints":{"allow":["GET"]}}],"collection":[{"href":"https:\/\/verdadeon.com.br\/portal\/wp-json\/wp\/v2\/posts"}],"about":[{"href":"https:\/\/verdadeon.com.br\/portal\/wp-json\/wp\/v2\/types\/post"}],"author":[{"embeddable":true,"href":"https:\/\/verdadeon.com.br\/portal\/wp-json\/wp\/v2\/users\/10"}],"replies":[{"embeddable":true,"href":"https:\/\/verdadeon.com.br\/portal\/wp-json\/wp\/v2\/comments?post=44753"}],"version-history":[{"count":2,"href":"https:\/\/verdadeon.com.br\/portal\/wp-json\/wp\/v2\/posts\/44753\/revisions"}],"predecessor-version":[{"id":44759,"href":"https:\/\/verdadeon.com.br\/portal\/wp-json\/wp\/v2\/posts\/44753\/revisions\/44759"}],"wp:featuredmedia":[{"embeddable":true,"href":"https:\/\/verdadeon.com.br\/portal\/wp-json\/wp\/v2\/media\/44756"}],"wp:attachment":[{"href":"https:\/\/verdadeon.com.br\/portal\/wp-json\/wp\/v2\/media?parent=44753"}],"wp:term":[{"taxonomy":"category","embeddable":true,"href":"https:\/\/verdadeon.com.br\/portal\/wp-json\/wp\/v2\/categories?post=44753"},{"taxonomy":"post_tag","embeddable":true,"href":"https:\/\/verdadeon.com.br\/portal\/wp-json\/wp\/v2\/tags?post=44753"}],"curies":[{"name":"wp","href":"https:\/\/api.w.org\/{rel}","templated":true}]}}