{"id":44750,"date":"2024-05-18T10:03:58","date_gmt":"2024-05-18T13:03:58","guid":{"rendered":"https:\/\/verdadeon.com.br\/portal\/?p=44750"},"modified":"2024-05-18T10:03:58","modified_gmt":"2024-05-18T13:03:58","slug":"brasil-tem-1-942-cidades-com-risco-de-desastre-ambiental","status":"publish","type":"post","link":"https:\/\/verdadeon.com.br\/portal\/2024\/05\/18\/brasil-tem-1-942-cidades-com-risco-de-desastre-ambiental\/","title":{"rendered":"Brasil tem 1.942 cidades com risco de desastre ambiental"},"content":{"rendered":"<div class=\"row\">\n<h3 class=\"col-10 offset-1 animated fadeInDown dealy-900 display-8 display-md-8 alt-font font-italic my-1 text-center\">Levantamento deve subsidiar obras previstas para o Novo PAC<\/h3>\n<p>Com a intensifica\u00e7\u00e3o das mudan\u00e7as clim\u00e1ticas provocadas pela a\u00e7\u00e3o humana no meio ambiente, t\u00eam aumentado os desastres ambientais e clim\u00e1ticos em todo o mundo, a exemplo do que ocorre no Rio Grande do Sul.<\/p>\n<p>No Brasil, o governo federal mapeou\u00a01.942 munic\u00edpios\u00a0suscet\u00edveis a desastres associados a deslizamentos de terras, alagamentos, enxurradas e inunda\u00e7\u00f5es, o que representa quase 35% do total dos munic\u00edpios brasileiros.<\/p>\n<p>\u201cO aumento na frequ\u00eancia e na intensidade dos eventos extremos de chuvas v\u00eam criando um cen\u00e1rio desafiador para todos os pa\u00edses, em especial para aqueles em desenvolvimento e de grande extens\u00e3o territorial, como o Brasil\u201d, diz o estudo do governo federal.<\/p>\n<p>As \u00e1reas dentro dessas 1,9 mil cidades consideradas em risco concentram mais de 8,9 milh\u00f5es de brasileiros, o que representa 6% da popula\u00e7\u00e3o nacional.<\/p>\n<p>O levantamento publicado em abril deste ano refez a metodologia at\u00e9 ent\u00e3o adotada, adicionando mais crit\u00e9rios e novas bases de dados, o que ampliou em 136% o n\u00famero dos munic\u00edpios considerados suscet\u00edveis a desastres. Em 2012, o governo havia mapeado 821 cidades em risco desse tipo.<\/p>\n<p>Com os novos dados, sistematizados at\u00e9 2022, os estados com a maior propor\u00e7\u00e3o da popula\u00e7\u00e3o em \u00e1reas de risco s\u00e3o Bahia (17,3%), Esp\u00edrito Santo (13,8%), Pernambuco (11,6%), Minas Gerais (10,6%) e Acre (9,7%). J\u00e1 as unidades da federa\u00e7\u00e3o com a popula\u00e7\u00e3o mais protegida contra desastres s\u00e3o Distrito Federal (0,1%); Goi\u00e1s (0,2%), Mato Grosso (0,3%) e Paran\u00e1 (1%).<\/p>\n<p>O estudo foi coordenado pela Secretaria Especial de Articula\u00e7\u00e3o e Monitoramento, ligada \u00e0 Casa Civil da Presid\u00eancia da Rep\u00fablica. O levantamento foi solicitado pelo governo em raz\u00e3o das obras previstas para o Novo PAC (Programa de Acelera\u00e7\u00e3o do Crescimento), que prev\u00ea investimentos em infraestrutura em todo o pa\u00eds.<\/p>\n<h4>Popula\u00e7\u00f5es pobres<\/h4>\n<p>As popula\u00e7\u00f5es pobres s\u00e3o as mais prov\u00e1veis de sofrerem com os desastres ambientais no Brasil, de acordo com a nota t\u00e9cnica do estudo.<\/p>\n<p>\u201cA urbaniza\u00e7\u00e3o r\u00e1pida e muitas vezes desordenada, assim como a segrega\u00e7\u00e3o s\u00f3cio-territorial, t\u00eam levado as popula\u00e7\u00f5es mais carentes a ocuparem locais inadequados, sujeitos a inunda\u00e7\u00f5es, deslizamentos de terra e outras amea\u00e7as correlatas. Essas \u00e1reas s\u00e3o habitadas, de forma geral, por comunidades de baixa renda e que t\u00eam poucos recursos para se adaptarem ou se recuperarem dos impactos desses eventos, tornando-as mais vulner\u00e1veis a tais processos\u201d, aponta o documento.<\/p>\n<p>O levantamento ainda identificou os desastres ambientais no Brasil entre 1991 e 2022, quando foram registrados 23.611 eventos, 3.890 \u00f3bitos e 8,2 milh\u00f5es de desalojados ou desabrigados decorrentes de inunda\u00e7\u00f5es, enxurradas e deslizamentos de terra.<\/p>\n<h4>Recomenda\u00e7\u00f5es<\/h4>\n<p>A nota t\u00e9cnica do estudo faz uma s\u00e9rie de recomenda\u00e7\u00f5es ao Poder P\u00fablico para minimizar os danos dos desastres futuros, como a amplia\u00e7\u00e3o do monitoramento e sistemas de alertas para risco relativos a inunda\u00e7\u00f5es, a atualiza\u00e7\u00e3o anual desses dados e a divulga\u00e7\u00e3o dessas informa\u00e7\u00f5es para todas as institui\u00e7\u00f5es e \u00f3rg\u00e3os que podem lidar com o tema.<\/p>\n<p>\u201c\u00c9 fundamental promover a\u00e7\u00f5es governamentais coordenadas voltadas \u00e0 gest\u00e3o de riscos e preven\u00e7\u00e3o de desastres\u201d, diz o estudo, acrescentando que o Novo PAC pode ser uma oportunidade para melhorar a gest\u00e3o de riscos e desastres no Brasil.<\/p>\n<p>\u201c[A nota t\u00e9cnica deve] subsidiar as listas dos munic\u00edpios eleg\u00edveis para as sele\u00e7\u00f5es do Novo PAC em preven\u00e7\u00e3o de risco: conten\u00e7\u00e3o de encostas, macrodrenagem, barragens de regulariza\u00e7\u00e3o de vaz\u00f5es e controle de cheias, e interven\u00e7\u00f5es em cursos d\u2019\u00e1gua\u201d.<\/p>\n<p>Ag\u00eancia Brasil<\/p>\n<\/div>\n","protected":false},"excerpt":{"rendered":"<p>Levantamento deve subsidiar obras previstas para o Novo PAC Com a intensifica\u00e7\u00e3o das mudan\u00e7as clim\u00e1ticas provocadas pela a\u00e7\u00e3o humana no meio ambiente, t\u00eam aumentado os desastres<span class=\"excerpt-hellip\"> [\u2026]<\/span><\/p>\n","protected":false},"author":10,"featured_media":44751,"comment_status":"open","ping_status":"open","sticky":false,"template":"","format":"standard","meta":{"_jetpack_memberships_contains_paid_content":false,"footnotes":"","jetpack_publicize_message":"","jetpack_publicize_feature_enabled":true,"jetpack_social_post_already_shared":false,"jetpack_social_options":{"image_generator_settings":{"template":"highway","default_image_id":0,"enabled":false},"version":2}},"categories":[28,81],"tags":[],"class_list":["post-44750","post","type-post","status-publish","format-standard","has-post-thumbnail","hentry","category-cotidiano","category-manchete"],"yoast_head":"<!-- This site is optimized with the Yoast SEO plugin v25.6 - https:\/\/yoast.com\/wordpress\/plugins\/seo\/ -->\n<title>Brasil tem 1.942 cidades com risco de desastre ambiental - VerdadeOn<\/title>\n<meta name=\"robots\" content=\"index, follow, max-snippet:-1, max-image-preview:large, max-video-preview:-1\" \/>\n<link rel=\"canonical\" href=\"https:\/\/verdadeon.com.br\/portal\/2024\/05\/18\/brasil-tem-1-942-cidades-com-risco-de-desastre-ambiental\/\" \/>\n<meta property=\"og:locale\" content=\"pt_BR\" \/>\n<meta property=\"og:type\" content=\"article\" \/>\n<meta property=\"og:title\" content=\"Brasil tem 1.942 cidades com risco de desastre ambiental - VerdadeOn\" \/>\n<meta property=\"og:description\" content=\"Levantamento deve subsidiar obras previstas para o Novo PAC Com a intensifica\u00e7\u00e3o das mudan\u00e7as clim\u00e1ticas provocadas pela a\u00e7\u00e3o humana no meio ambiente, t\u00eam aumentado os desastres [\u2026]\" \/>\n<meta property=\"og:url\" content=\"https:\/\/verdadeon.com.br\/portal\/2024\/05\/18\/brasil-tem-1-942-cidades-com-risco-de-desastre-ambiental\/\" \/>\n<meta property=\"og:site_name\" content=\"VerdadeOn\" \/>\n<meta property=\"article:published_time\" content=\"2024-05-18T13:03:58+00:00\" \/>\n<meta property=\"og:image\" content=\"https:\/\/verdadeon.com.br\/portal\/wp-content\/uploads\/2024\/05\/ac5c5fd6-c8ca-4b4a-bb1d-bca090e92946.jpeg\" \/>\n\t<meta property=\"og:image:width\" content=\"1170\" \/>\n\t<meta property=\"og:image:height\" content=\"700\" \/>\n\t<meta property=\"og:image:type\" content=\"image\/jpeg\" \/>\n<meta name=\"author\" content=\"Redacao VerdadeOn\" \/>\n<meta name=\"twitter:card\" content=\"summary_large_image\" \/>\n<meta name=\"twitter:label1\" content=\"Escrito por\" \/>\n\t<meta name=\"twitter:data1\" content=\"Redacao VerdadeOn\" \/>\n\t<meta name=\"twitter:label2\" content=\"Est. tempo de leitura\" \/>\n\t<meta name=\"twitter:data2\" content=\"4 minutos\" \/>\n<script type=\"application\/ld+json\" class=\"yoast-schema-graph\">{\"@context\":\"https:\/\/schema.org\",\"@graph\":[{\"@type\":\"WebPage\",\"@id\":\"https:\/\/verdadeon.com.br\/portal\/2024\/05\/18\/brasil-tem-1-942-cidades-com-risco-de-desastre-ambiental\/\",\"url\":\"https:\/\/verdadeon.com.br\/portal\/2024\/05\/18\/brasil-tem-1-942-cidades-com-risco-de-desastre-ambiental\/\",\"name\":\"Brasil tem 1.942 cidades com risco de desastre ambiental - VerdadeOn\",\"isPartOf\":{\"@id\":\"https:\/\/verdadeon.com.br\/portal\/#website\"},\"primaryImageOfPage\":{\"@id\":\"https:\/\/verdadeon.com.br\/portal\/2024\/05\/18\/brasil-tem-1-942-cidades-com-risco-de-desastre-ambiental\/#primaryimage\"},\"image\":{\"@id\":\"https:\/\/verdadeon.com.br\/portal\/2024\/05\/18\/brasil-tem-1-942-cidades-com-risco-de-desastre-ambiental\/#primaryimage\"},\"thumbnailUrl\":\"https:\/\/i0.wp.com\/verdadeon.com.br\/portal\/wp-content\/uploads\/2024\/05\/ac5c5fd6-c8ca-4b4a-bb1d-bca090e92946.jpeg?fit=1170%2C700&ssl=1\",\"datePublished\":\"2024-05-18T13:03:58+00:00\",\"author\":{\"@id\":\"https:\/\/verdadeon.com.br\/portal\/#\/schema\/person\/a5060ad1e9ea3df545188fc93ce43d2f\"},\"breadcrumb\":{\"@id\":\"https:\/\/verdadeon.com.br\/portal\/2024\/05\/18\/brasil-tem-1-942-cidades-com-risco-de-desastre-ambiental\/#breadcrumb\"},\"inLanguage\":\"pt-BR\",\"potentialAction\":[{\"@type\":\"ReadAction\",\"target\":[\"https:\/\/verdadeon.com.br\/portal\/2024\/05\/18\/brasil-tem-1-942-cidades-com-risco-de-desastre-ambiental\/\"]}]},{\"@type\":\"ImageObject\",\"inLanguage\":\"pt-BR\",\"@id\":\"https:\/\/verdadeon.com.br\/portal\/2024\/05\/18\/brasil-tem-1-942-cidades-com-risco-de-desastre-ambiental\/#primaryimage\",\"url\":\"https:\/\/i0.wp.com\/verdadeon.com.br\/portal\/wp-content\/uploads\/2024\/05\/ac5c5fd6-c8ca-4b4a-bb1d-bca090e92946.jpeg?fit=1170%2C700&ssl=1\",\"contentUrl\":\"https:\/\/i0.wp.com\/verdadeon.com.br\/portal\/wp-content\/uploads\/2024\/05\/ac5c5fd6-c8ca-4b4a-bb1d-bca090e92946.jpeg?fit=1170%2C700&ssl=1\",\"width\":1170,\"height\":700,\"caption\":\"O levantamento publicado em abril deste ano refez a metodologia at\u00e9 ent\u00e3o adotada, adicionando mais crit\u00e9rios e novas bases de dados, o que ampliou em 136% o n\u00famero dos munic\u00edpios considerados suscet\u00edveis a desastres (\u00a9Rafa Neddmeyer)\"},{\"@type\":\"BreadcrumbList\",\"@id\":\"https:\/\/verdadeon.com.br\/portal\/2024\/05\/18\/brasil-tem-1-942-cidades-com-risco-de-desastre-ambiental\/#breadcrumb\",\"itemListElement\":[{\"@type\":\"ListItem\",\"position\":1,\"name\":\"In\u00edcio\",\"item\":\"https:\/\/verdadeon.com.br\/portal\/\"},{\"@type\":\"ListItem\",\"position\":2,\"name\":\"Brasil tem 1.942 cidades com risco de desastre ambiental\"}]},{\"@type\":\"WebSite\",\"@id\":\"https:\/\/verdadeon.com.br\/portal\/#website\",\"url\":\"https:\/\/verdadeon.com.br\/portal\/\",\"name\":\"VerdadeOn\",\"description\":\"Not\u00edcias di\u00e1rias sobre Franca, Regi\u00e3o, Esporte, Cultura, Cotidiano, Colunas. Cobertura nos principais eventos da cidade \u00e9 aqui - Verdadeon Franca\",\"potentialAction\":[{\"@type\":\"SearchAction\",\"target\":{\"@type\":\"EntryPoint\",\"urlTemplate\":\"https:\/\/verdadeon.com.br\/portal\/?s={search_term_string}\"},\"query-input\":{\"@type\":\"PropertyValueSpecification\",\"valueRequired\":true,\"valueName\":\"search_term_string\"}}],\"inLanguage\":\"pt-BR\"},{\"@type\":\"Person\",\"@id\":\"https:\/\/verdadeon.com.br\/portal\/#\/schema\/person\/a5060ad1e9ea3df545188fc93ce43d2f\",\"name\":\"Redacao VerdadeOn\",\"image\":{\"@type\":\"ImageObject\",\"inLanguage\":\"pt-BR\",\"@id\":\"https:\/\/verdadeon.com.br\/portal\/#\/schema\/person\/image\/\",\"url\":\"https:\/\/secure.gravatar.com\/avatar\/459a9613caaaf07f582c3d0841eea68bdd66f533e465e6ba8b9cb45619572cf4?s=96&d=mm&r=g\",\"contentUrl\":\"https:\/\/secure.gravatar.com\/avatar\/459a9613caaaf07f582c3d0841eea68bdd66f533e465e6ba8b9cb45619572cf4?s=96&d=mm&r=g\",\"caption\":\"Redacao VerdadeOn\"},\"url\":\"https:\/\/verdadeon.com.br\/portal\/author\/redacao\/\"}]}<\/script>\n<!-- \/ Yoast SEO plugin. -->","yoast_head_json":{"title":"Brasil tem 1.942 cidades com risco de desastre ambiental - VerdadeOn","robots":{"index":"index","follow":"follow","max-snippet":"max-snippet:-1","max-image-preview":"max-image-preview:large","max-video-preview":"max-video-preview:-1"},"canonical":"https:\/\/verdadeon.com.br\/portal\/2024\/05\/18\/brasil-tem-1-942-cidades-com-risco-de-desastre-ambiental\/","og_locale":"pt_BR","og_type":"article","og_title":"Brasil tem 1.942 cidades com risco de desastre ambiental - VerdadeOn","og_description":"Levantamento deve subsidiar obras previstas para o Novo PAC Com a intensifica\u00e7\u00e3o das mudan\u00e7as clim\u00e1ticas provocadas pela a\u00e7\u00e3o humana no meio ambiente, t\u00eam aumentado os desastres [\u2026]","og_url":"https:\/\/verdadeon.com.br\/portal\/2024\/05\/18\/brasil-tem-1-942-cidades-com-risco-de-desastre-ambiental\/","og_site_name":"VerdadeOn","article_published_time":"2024-05-18T13:03:58+00:00","og_image":[{"width":1170,"height":700,"url":"https:\/\/verdadeon.com.br\/portal\/wp-content\/uploads\/2024\/05\/ac5c5fd6-c8ca-4b4a-bb1d-bca090e92946.jpeg","type":"image\/jpeg"}],"author":"Redacao VerdadeOn","twitter_card":"summary_large_image","twitter_misc":{"Escrito por":"Redacao VerdadeOn","Est. tempo de leitura":"4 minutos"},"schema":{"@context":"https:\/\/schema.org","@graph":[{"@type":"WebPage","@id":"https:\/\/verdadeon.com.br\/portal\/2024\/05\/18\/brasil-tem-1-942-cidades-com-risco-de-desastre-ambiental\/","url":"https:\/\/verdadeon.com.br\/portal\/2024\/05\/18\/brasil-tem-1-942-cidades-com-risco-de-desastre-ambiental\/","name":"Brasil tem 1.942 cidades com risco de desastre ambiental - VerdadeOn","isPartOf":{"@id":"https:\/\/verdadeon.com.br\/portal\/#website"},"primaryImageOfPage":{"@id":"https:\/\/verdadeon.com.br\/portal\/2024\/05\/18\/brasil-tem-1-942-cidades-com-risco-de-desastre-ambiental\/#primaryimage"},"image":{"@id":"https:\/\/verdadeon.com.br\/portal\/2024\/05\/18\/brasil-tem-1-942-cidades-com-risco-de-desastre-ambiental\/#primaryimage"},"thumbnailUrl":"https:\/\/i0.wp.com\/verdadeon.com.br\/portal\/wp-content\/uploads\/2024\/05\/ac5c5fd6-c8ca-4b4a-bb1d-bca090e92946.jpeg?fit=1170%2C700&ssl=1","datePublished":"2024-05-18T13:03:58+00:00","author":{"@id":"https:\/\/verdadeon.com.br\/portal\/#\/schema\/person\/a5060ad1e9ea3df545188fc93ce43d2f"},"breadcrumb":{"@id":"https:\/\/verdadeon.com.br\/portal\/2024\/05\/18\/brasil-tem-1-942-cidades-com-risco-de-desastre-ambiental\/#breadcrumb"},"inLanguage":"pt-BR","potentialAction":[{"@type":"ReadAction","target":["https:\/\/verdadeon.com.br\/portal\/2024\/05\/18\/brasil-tem-1-942-cidades-com-risco-de-desastre-ambiental\/"]}]},{"@type":"ImageObject","inLanguage":"pt-BR","@id":"https:\/\/verdadeon.com.br\/portal\/2024\/05\/18\/brasil-tem-1-942-cidades-com-risco-de-desastre-ambiental\/#primaryimage","url":"https:\/\/i0.wp.com\/verdadeon.com.br\/portal\/wp-content\/uploads\/2024\/05\/ac5c5fd6-c8ca-4b4a-bb1d-bca090e92946.jpeg?fit=1170%2C700&ssl=1","contentUrl":"https:\/\/i0.wp.com\/verdadeon.com.br\/portal\/wp-content\/uploads\/2024\/05\/ac5c5fd6-c8ca-4b4a-bb1d-bca090e92946.jpeg?fit=1170%2C700&ssl=1","width":1170,"height":700,"caption":"O levantamento publicado em abril deste ano refez a metodologia at\u00e9 ent\u00e3o adotada, adicionando mais crit\u00e9rios e novas bases de dados, o que ampliou em 136% o n\u00famero dos munic\u00edpios considerados suscet\u00edveis a desastres (\u00a9Rafa Neddmeyer)"},{"@type":"BreadcrumbList","@id":"https:\/\/verdadeon.com.br\/portal\/2024\/05\/18\/brasil-tem-1-942-cidades-com-risco-de-desastre-ambiental\/#breadcrumb","itemListElement":[{"@type":"ListItem","position":1,"name":"In\u00edcio","item":"https:\/\/verdadeon.com.br\/portal\/"},{"@type":"ListItem","position":2,"name":"Brasil tem 1.942 cidades com risco de desastre ambiental"}]},{"@type":"WebSite","@id":"https:\/\/verdadeon.com.br\/portal\/#website","url":"https:\/\/verdadeon.com.br\/portal\/","name":"VerdadeOn","description":"Not\u00edcias di\u00e1rias sobre Franca, Regi\u00e3o, Esporte, Cultura, Cotidiano, Colunas. Cobertura nos principais eventos da cidade \u00e9 aqui - Verdadeon Franca","potentialAction":[{"@type":"SearchAction","target":{"@type":"EntryPoint","urlTemplate":"https:\/\/verdadeon.com.br\/portal\/?s={search_term_string}"},"query-input":{"@type":"PropertyValueSpecification","valueRequired":true,"valueName":"search_term_string"}}],"inLanguage":"pt-BR"},{"@type":"Person","@id":"https:\/\/verdadeon.com.br\/portal\/#\/schema\/person\/a5060ad1e9ea3df545188fc93ce43d2f","name":"Redacao VerdadeOn","image":{"@type":"ImageObject","inLanguage":"pt-BR","@id":"https:\/\/verdadeon.com.br\/portal\/#\/schema\/person\/image\/","url":"https:\/\/secure.gravatar.com\/avatar\/459a9613caaaf07f582c3d0841eea68bdd66f533e465e6ba8b9cb45619572cf4?s=96&d=mm&r=g","contentUrl":"https:\/\/secure.gravatar.com\/avatar\/459a9613caaaf07f582c3d0841eea68bdd66f533e465e6ba8b9cb45619572cf4?s=96&d=mm&r=g","caption":"Redacao VerdadeOn"},"url":"https:\/\/verdadeon.com.br\/portal\/author\/redacao\/"}]}},"jetpack_publicize_connections":[],"jetpack_featured_media_url":"https:\/\/i0.wp.com\/verdadeon.com.br\/portal\/wp-content\/uploads\/2024\/05\/ac5c5fd6-c8ca-4b4a-bb1d-bca090e92946.jpeg?fit=1170%2C700&ssl=1","jetpack_sharing_enabled":true,"_links":{"self":[{"href":"https:\/\/verdadeon.com.br\/portal\/wp-json\/wp\/v2\/posts\/44750","targetHints":{"allow":["GET"]}}],"collection":[{"href":"https:\/\/verdadeon.com.br\/portal\/wp-json\/wp\/v2\/posts"}],"about":[{"href":"https:\/\/verdadeon.com.br\/portal\/wp-json\/wp\/v2\/types\/post"}],"author":[{"embeddable":true,"href":"https:\/\/verdadeon.com.br\/portal\/wp-json\/wp\/v2\/users\/10"}],"replies":[{"embeddable":true,"href":"https:\/\/verdadeon.com.br\/portal\/wp-json\/wp\/v2\/comments?post=44750"}],"version-history":[{"count":1,"href":"https:\/\/verdadeon.com.br\/portal\/wp-json\/wp\/v2\/posts\/44750\/revisions"}],"predecessor-version":[{"id":44752,"href":"https:\/\/verdadeon.com.br\/portal\/wp-json\/wp\/v2\/posts\/44750\/revisions\/44752"}],"wp:featuredmedia":[{"embeddable":true,"href":"https:\/\/verdadeon.com.br\/portal\/wp-json\/wp\/v2\/media\/44751"}],"wp:attachment":[{"href":"https:\/\/verdadeon.com.br\/portal\/wp-json\/wp\/v2\/media?parent=44750"}],"wp:term":[{"taxonomy":"category","embeddable":true,"href":"https:\/\/verdadeon.com.br\/portal\/wp-json\/wp\/v2\/categories?post=44750"},{"taxonomy":"post_tag","embeddable":true,"href":"https:\/\/verdadeon.com.br\/portal\/wp-json\/wp\/v2\/tags?post=44750"}],"curies":[{"name":"wp","href":"https:\/\/api.w.org\/{rel}","templated":true}]}}