{"id":44744,"date":"2024-05-17T14:37:56","date_gmt":"2024-05-17T17:37:56","guid":{"rendered":"https:\/\/verdadeon.com.br\/portal\/?p=44744"},"modified":"2024-05-17T16:25:54","modified_gmt":"2024-05-17T19:25:54","slug":"expoagro-franca-2024-comeca-nesta-sexta-com-show-de-zeze-di-camargo-luciano-e-nathan-eduardo","status":"publish","type":"post","link":"https:\/\/verdadeon.com.br\/portal\/2024\/05\/17\/expoagro-franca-2024-comeca-nesta-sexta-com-show-de-zeze-di-camargo-luciano-e-nathan-eduardo\/","title":{"rendered":"Expoagro Franca 2024 come\u00e7a nesta sexta com show de Zez\u00e9 di Camargo &#038; Luciano e Nathan &#038; Eduardo"},"content":{"rendered":"<h3>Abertura da programa\u00e7\u00e3o art\u00edstica acontece nesta sexta-feira, no palco principal; no s\u00e1bado, evento ter\u00e1 shows de Victor &amp; e Leo e Pedro Sampaio.<\/h3>\n<p>A programa\u00e7\u00e3o art\u00edstica da Expoagro Franca 2024 come\u00e7a oficialmente nesta sexta-feira, 17, no palco principal do Parque de Exposi\u00e7\u00f5es Fernando Costa, e segue at\u00e9 o dia 26 de maio.<\/p>\n<p>A abertura da festa contar\u00e1 com o show da dupla lend\u00e1ria Zez\u00e9 di Camargo &amp; Luciano. \u00cdcones da m\u00fasica sertaneja, os irm\u00e3os retornam \u00e0 feira ap\u00f3s nove anos, desde o \u00faltimo show realizado no ano de 2015.<\/p>\n<p>Os amantes da m\u00fasica sertaneja podem esperar uma noite repleta de emo\u00e7\u00e3o e energia ao som de cl\u00e1ssicos inesquec\u00edveis que marcaram gera\u00e7\u00f5es. M\u00fasicas de sucesso, como \u201c\u00c9 o Amor\u201d, \u201cNo Dia Que Eu Sai de Casa\u201d, \u201cDois Cora\u00e7\u00f5es e Uma Hist\u00f3ria\u201d, \u201cP\u00e3o de Mel\u201d e \u201cFlores em Vida\u201d, fazem parte do repert\u00f3rio fixo da dupla.<\/p>\n<p>A dupla sertaneja formada em Franca, Nathan &amp; Eduardo, tamb\u00e9m se apresenta no palco principal. Atualmente, eles est\u00e3o com a m\u00fasica de trabalho \u201cPicareta\u201d, do EP \u201cSubiu o Patamar\u201d.<\/p>\n<p>No s\u00e1bado, 18, a Expoagro continua com o show da dupla sertaneja Victor &amp; Leo &#8211; que est\u00e3o juntos com uma nova turn\u00ea percorrendo diversas cidades do Brasil. Na mesma noite, o DJ Pedro Sampaio agita o Parque de Exposi\u00e7\u00f5es Fernando Costa e promete n\u00e3o deixar ningu\u00e9m parado com seus principais sucessos.<\/p>\n<p>O domingo, 19, ter\u00e1 o show da dupla Durval &amp; Aladim. A entrada \u00e9 gratuita para este dia.<\/p>\n<p>Veja a programa\u00e7\u00e3o completa<br \/>\n17\/5- Zez\u00e9 Di Camargo &amp; Luciano e Nathan &amp; Eduardo<br \/>\n18\/5- Victor &amp; Leo &amp; Pedro Sampaio<br \/>\n19\/5- Show com Durval &amp; Aladin (entrada gratuita)<br \/>\n23\/5- Show ecum\u00eanico com Trio Janu\u00e1rio<br \/>\n24\/5- Ra\u00e7a Negra e Em\u00edlio &amp; Eduardo<br \/>\n25\/5- Simone Mendes e Rionegro &amp; Solim\u00f5es<br \/>\n26\/5- Show infantil \u00e0s 17h (entrada gratuita)<\/p>\n<p>Venda de ingressos<br \/>\nOs ingressos e passaportes da Expoagro Franca 2024 est\u00e3o \u00e0 venda, atrav\u00e9s do site q2ingressos.com e nos pontos de venda f\u00edsicos credenciados: Loja Capanema A\u00e7a\u00ed do Centro, Salom\u00e3o Country, Sensantion Ingressos, Fiori Ingressos, Casa das Embalagens, Dep\u00f3sito de Materiais Santa Helena.<\/p>\n<p>Realiza\u00e7\u00e3o: Faz Eventos<br \/>\nApoio: Prefeitura Municipal de Franca<br \/>\nOferecimento: Circuito Brahma<\/p>\n","protected":false},"excerpt":{"rendered":"<p>Abertura da programa\u00e7\u00e3o art\u00edstica acontece nesta sexta-feira, no palco principal; no s\u00e1bado, evento ter\u00e1 shows de Victor &amp; e Leo e Pedro Sampaio. A programa\u00e7\u00e3o art\u00edstica<span class=\"excerpt-hellip\"> [\u2026]<\/span><\/p>\n","protected":false},"author":4,"featured_media":44745,"comment_status":"open","ping_status":"open","sticky":false,"template":"","format":"standard","meta":{"_jetpack_memberships_contains_paid_content":false,"footnotes":"","jetpack_publicize_message":"","jetpack_publicize_feature_enabled":true,"jetpack_social_post_already_shared":false,"jetpack_social_options":{"image_generator_settings":{"template":"highway","default_image_id":0,"enabled":false},"version":2}},"categories":[28],"tags":[],"class_list":["post-44744","post","type-post","status-publish","format-standard","has-post-thumbnail","hentry","category-cotidiano"],"yoast_head":"<!-- This site is optimized with the Yoast SEO plugin v25.6 - https:\/\/yoast.com\/wordpress\/plugins\/seo\/ -->\n<title>Expoagro Franca 2024 come\u00e7a nesta sexta com show de Zez\u00e9 di Camargo &amp; Luciano e Nathan &amp; Eduardo - VerdadeOn<\/title>\n<meta name=\"robots\" content=\"index, follow, max-snippet:-1, max-image-preview:large, max-video-preview:-1\" \/>\n<link rel=\"canonical\" href=\"https:\/\/verdadeon.com.br\/portal\/2024\/05\/17\/expoagro-franca-2024-comeca-nesta-sexta-com-show-de-zeze-di-camargo-luciano-e-nathan-eduardo\/\" \/>\n<meta property=\"og:locale\" content=\"pt_BR\" \/>\n<meta property=\"og:type\" content=\"article\" \/>\n<meta property=\"og:title\" content=\"Expoagro Franca 2024 come\u00e7a nesta sexta com show de Zez\u00e9 di Camargo &amp; Luciano e Nathan &amp; Eduardo - VerdadeOn\" \/>\n<meta property=\"og:description\" content=\"Abertura da programa\u00e7\u00e3o art\u00edstica acontece nesta sexta-feira, no palco principal; no s\u00e1bado, evento ter\u00e1 shows de Victor &amp; e Leo e Pedro Sampaio. A programa\u00e7\u00e3o art\u00edstica [\u2026]\" \/>\n<meta property=\"og:url\" content=\"https:\/\/verdadeon.com.br\/portal\/2024\/05\/17\/expoagro-franca-2024-comeca-nesta-sexta-com-show-de-zeze-di-camargo-luciano-e-nathan-eduardo\/\" \/>\n<meta property=\"og:site_name\" content=\"VerdadeOn\" \/>\n<meta property=\"article:published_time\" content=\"2024-05-17T17:37:56+00:00\" \/>\n<meta property=\"article:modified_time\" content=\"2024-05-17T19:25:54+00:00\" \/>\n<meta property=\"og:image\" content=\"https:\/\/verdadeon.com.br\/portal\/wp-content\/uploads\/2024\/05\/WhatsApp-Image-2024-05-17-at-13.59.34.jpeg\" \/>\n\t<meta property=\"og:image:width\" content=\"2048\" \/>\n\t<meta property=\"og:image:height\" content=\"1470\" \/>\n\t<meta property=\"og:image:type\" content=\"image\/jpeg\" \/>\n<meta name=\"author\" content=\"Fernando Calixto\" \/>\n<meta name=\"twitter:card\" content=\"summary_large_image\" \/>\n<meta name=\"twitter:label1\" content=\"Escrito por\" \/>\n\t<meta name=\"twitter:data1\" content=\"Fernando Calixto\" \/>\n\t<meta name=\"twitter:label2\" content=\"Est. tempo de leitura\" \/>\n\t<meta name=\"twitter:data2\" content=\"2 minutos\" \/>\n<script type=\"application\/ld+json\" class=\"yoast-schema-graph\">{\"@context\":\"https:\/\/schema.org\",\"@graph\":[{\"@type\":\"WebPage\",\"@id\":\"https:\/\/verdadeon.com.br\/portal\/2024\/05\/17\/expoagro-franca-2024-comeca-nesta-sexta-com-show-de-zeze-di-camargo-luciano-e-nathan-eduardo\/\",\"url\":\"https:\/\/verdadeon.com.br\/portal\/2024\/05\/17\/expoagro-franca-2024-comeca-nesta-sexta-com-show-de-zeze-di-camargo-luciano-e-nathan-eduardo\/\",\"name\":\"Expoagro Franca 2024 come\u00e7a nesta sexta com show de Zez\u00e9 di Camargo & Luciano e Nathan & Eduardo - VerdadeOn\",\"isPartOf\":{\"@id\":\"https:\/\/verdadeon.com.br\/portal\/#website\"},\"primaryImageOfPage\":{\"@id\":\"https:\/\/verdadeon.com.br\/portal\/2024\/05\/17\/expoagro-franca-2024-comeca-nesta-sexta-com-show-de-zeze-di-camargo-luciano-e-nathan-eduardo\/#primaryimage\"},\"image\":{\"@id\":\"https:\/\/verdadeon.com.br\/portal\/2024\/05\/17\/expoagro-franca-2024-comeca-nesta-sexta-com-show-de-zeze-di-camargo-luciano-e-nathan-eduardo\/#primaryimage\"},\"thumbnailUrl\":\"https:\/\/i0.wp.com\/verdadeon.com.br\/portal\/wp-content\/uploads\/2024\/05\/WhatsApp-Image-2024-05-17-at-13.59.34.jpeg?fit=2048%2C1470&ssl=1\",\"datePublished\":\"2024-05-17T17:37:56+00:00\",\"dateModified\":\"2024-05-17T19:25:54+00:00\",\"author\":{\"@id\":\"https:\/\/verdadeon.com.br\/portal\/#\/schema\/person\/8994718f49ee62ba5610471e29ca1f62\"},\"breadcrumb\":{\"@id\":\"https:\/\/verdadeon.com.br\/portal\/2024\/05\/17\/expoagro-franca-2024-comeca-nesta-sexta-com-show-de-zeze-di-camargo-luciano-e-nathan-eduardo\/#breadcrumb\"},\"inLanguage\":\"pt-BR\",\"potentialAction\":[{\"@type\":\"ReadAction\",\"target\":[\"https:\/\/verdadeon.com.br\/portal\/2024\/05\/17\/expoagro-franca-2024-comeca-nesta-sexta-com-show-de-zeze-di-camargo-luciano-e-nathan-eduardo\/\"]}]},{\"@type\":\"ImageObject\",\"inLanguage\":\"pt-BR\",\"@id\":\"https:\/\/verdadeon.com.br\/portal\/2024\/05\/17\/expoagro-franca-2024-comeca-nesta-sexta-com-show-de-zeze-di-camargo-luciano-e-nathan-eduardo\/#primaryimage\",\"url\":\"https:\/\/i0.wp.com\/verdadeon.com.br\/portal\/wp-content\/uploads\/2024\/05\/WhatsApp-Image-2024-05-17-at-13.59.34.jpeg?fit=2048%2C1470&ssl=1\",\"contentUrl\":\"https:\/\/i0.wp.com\/verdadeon.com.br\/portal\/wp-content\/uploads\/2024\/05\/WhatsApp-Image-2024-05-17-at-13.59.34.jpeg?fit=2048%2C1470&ssl=1\",\"width\":2048,\"height\":1470},{\"@type\":\"BreadcrumbList\",\"@id\":\"https:\/\/verdadeon.com.br\/portal\/2024\/05\/17\/expoagro-franca-2024-comeca-nesta-sexta-com-show-de-zeze-di-camargo-luciano-e-nathan-eduardo\/#breadcrumb\",\"itemListElement\":[{\"@type\":\"ListItem\",\"position\":1,\"name\":\"In\u00edcio\",\"item\":\"https:\/\/verdadeon.com.br\/portal\/\"},{\"@type\":\"ListItem\",\"position\":2,\"name\":\"Expoagro Franca 2024 come\u00e7a nesta sexta com show de Zez\u00e9 di Camargo &#038; Luciano e Nathan &#038; Eduardo\"}]},{\"@type\":\"WebSite\",\"@id\":\"https:\/\/verdadeon.com.br\/portal\/#website\",\"url\":\"https:\/\/verdadeon.com.br\/portal\/\",\"name\":\"VerdadeOn\",\"description\":\"Not\u00edcias di\u00e1rias sobre Franca, Regi\u00e3o, Esporte, Cultura, Cotidiano, Colunas. Cobertura nos principais eventos da cidade \u00e9 aqui - Verdadeon Franca\",\"potentialAction\":[{\"@type\":\"SearchAction\",\"target\":{\"@type\":\"EntryPoint\",\"urlTemplate\":\"https:\/\/verdadeon.com.br\/portal\/?s={search_term_string}\"},\"query-input\":{\"@type\":\"PropertyValueSpecification\",\"valueRequired\":true,\"valueName\":\"search_term_string\"}}],\"inLanguage\":\"pt-BR\"},{\"@type\":\"Person\",\"@id\":\"https:\/\/verdadeon.com.br\/portal\/#\/schema\/person\/8994718f49ee62ba5610471e29ca1f62\",\"name\":\"Fernando Calixto\",\"image\":{\"@type\":\"ImageObject\",\"inLanguage\":\"pt-BR\",\"@id\":\"https:\/\/verdadeon.com.br\/portal\/#\/schema\/person\/image\/\",\"url\":\"https:\/\/secure.gravatar.com\/avatar\/7578910c24966c0316c340f9dbd601e93ee9f9212e1033968b367af9306bd9fb?s=96&d=mm&r=g\",\"contentUrl\":\"https:\/\/secure.gravatar.com\/avatar\/7578910c24966c0316c340f9dbd601e93ee9f9212e1033968b367af9306bd9fb?s=96&d=mm&r=g\",\"caption\":\"Fernando Calixto\"},\"url\":\"https:\/\/verdadeon.com.br\/portal\/author\/fernando-calixto\/\"}]}<\/script>\n<!-- \/ Yoast SEO plugin. -->","yoast_head_json":{"title":"Expoagro Franca 2024 come\u00e7a nesta sexta com show de Zez\u00e9 di Camargo & Luciano e Nathan & Eduardo - VerdadeOn","robots":{"index":"index","follow":"follow","max-snippet":"max-snippet:-1","max-image-preview":"max-image-preview:large","max-video-preview":"max-video-preview:-1"},"canonical":"https:\/\/verdadeon.com.br\/portal\/2024\/05\/17\/expoagro-franca-2024-comeca-nesta-sexta-com-show-de-zeze-di-camargo-luciano-e-nathan-eduardo\/","og_locale":"pt_BR","og_type":"article","og_title":"Expoagro Franca 2024 come\u00e7a nesta sexta com show de Zez\u00e9 di Camargo & Luciano e Nathan & Eduardo - VerdadeOn","og_description":"Abertura da programa\u00e7\u00e3o art\u00edstica acontece nesta sexta-feira, no palco principal; no s\u00e1bado, evento ter\u00e1 shows de Victor &amp; e Leo e Pedro Sampaio. A programa\u00e7\u00e3o art\u00edstica [\u2026]","og_url":"https:\/\/verdadeon.com.br\/portal\/2024\/05\/17\/expoagro-franca-2024-comeca-nesta-sexta-com-show-de-zeze-di-camargo-luciano-e-nathan-eduardo\/","og_site_name":"VerdadeOn","article_published_time":"2024-05-17T17:37:56+00:00","article_modified_time":"2024-05-17T19:25:54+00:00","og_image":[{"width":2048,"height":1470,"url":"https:\/\/verdadeon.com.br\/portal\/wp-content\/uploads\/2024\/05\/WhatsApp-Image-2024-05-17-at-13.59.34.jpeg","type":"image\/jpeg"}],"author":"Fernando Calixto","twitter_card":"summary_large_image","twitter_misc":{"Escrito por":"Fernando Calixto","Est. tempo de leitura":"2 minutos"},"schema":{"@context":"https:\/\/schema.org","@graph":[{"@type":"WebPage","@id":"https:\/\/verdadeon.com.br\/portal\/2024\/05\/17\/expoagro-franca-2024-comeca-nesta-sexta-com-show-de-zeze-di-camargo-luciano-e-nathan-eduardo\/","url":"https:\/\/verdadeon.com.br\/portal\/2024\/05\/17\/expoagro-franca-2024-comeca-nesta-sexta-com-show-de-zeze-di-camargo-luciano-e-nathan-eduardo\/","name":"Expoagro Franca 2024 come\u00e7a nesta sexta com show de Zez\u00e9 di Camargo & Luciano e Nathan & Eduardo - VerdadeOn","isPartOf":{"@id":"https:\/\/verdadeon.com.br\/portal\/#website"},"primaryImageOfPage":{"@id":"https:\/\/verdadeon.com.br\/portal\/2024\/05\/17\/expoagro-franca-2024-comeca-nesta-sexta-com-show-de-zeze-di-camargo-luciano-e-nathan-eduardo\/#primaryimage"},"image":{"@id":"https:\/\/verdadeon.com.br\/portal\/2024\/05\/17\/expoagro-franca-2024-comeca-nesta-sexta-com-show-de-zeze-di-camargo-luciano-e-nathan-eduardo\/#primaryimage"},"thumbnailUrl":"https:\/\/i0.wp.com\/verdadeon.com.br\/portal\/wp-content\/uploads\/2024\/05\/WhatsApp-Image-2024-05-17-at-13.59.34.jpeg?fit=2048%2C1470&ssl=1","datePublished":"2024-05-17T17:37:56+00:00","dateModified":"2024-05-17T19:25:54+00:00","author":{"@id":"https:\/\/verdadeon.com.br\/portal\/#\/schema\/person\/8994718f49ee62ba5610471e29ca1f62"},"breadcrumb":{"@id":"https:\/\/verdadeon.com.br\/portal\/2024\/05\/17\/expoagro-franca-2024-comeca-nesta-sexta-com-show-de-zeze-di-camargo-luciano-e-nathan-eduardo\/#breadcrumb"},"inLanguage":"pt-BR","potentialAction":[{"@type":"ReadAction","target":["https:\/\/verdadeon.com.br\/portal\/2024\/05\/17\/expoagro-franca-2024-comeca-nesta-sexta-com-show-de-zeze-di-camargo-luciano-e-nathan-eduardo\/"]}]},{"@type":"ImageObject","inLanguage":"pt-BR","@id":"https:\/\/verdadeon.com.br\/portal\/2024\/05\/17\/expoagro-franca-2024-comeca-nesta-sexta-com-show-de-zeze-di-camargo-luciano-e-nathan-eduardo\/#primaryimage","url":"https:\/\/i0.wp.com\/verdadeon.com.br\/portal\/wp-content\/uploads\/2024\/05\/WhatsApp-Image-2024-05-17-at-13.59.34.jpeg?fit=2048%2C1470&ssl=1","contentUrl":"https:\/\/i0.wp.com\/verdadeon.com.br\/portal\/wp-content\/uploads\/2024\/05\/WhatsApp-Image-2024-05-17-at-13.59.34.jpeg?fit=2048%2C1470&ssl=1","width":2048,"height":1470},{"@type":"BreadcrumbList","@id":"https:\/\/verdadeon.com.br\/portal\/2024\/05\/17\/expoagro-franca-2024-comeca-nesta-sexta-com-show-de-zeze-di-camargo-luciano-e-nathan-eduardo\/#breadcrumb","itemListElement":[{"@type":"ListItem","position":1,"name":"In\u00edcio","item":"https:\/\/verdadeon.com.br\/portal\/"},{"@type":"ListItem","position":2,"name":"Expoagro Franca 2024 come\u00e7a nesta sexta com show de Zez\u00e9 di Camargo &#038; Luciano e Nathan &#038; Eduardo"}]},{"@type":"WebSite","@id":"https:\/\/verdadeon.com.br\/portal\/#website","url":"https:\/\/verdadeon.com.br\/portal\/","name":"VerdadeOn","description":"Not\u00edcias di\u00e1rias sobre Franca, Regi\u00e3o, Esporte, Cultura, Cotidiano, Colunas. Cobertura nos principais eventos da cidade \u00e9 aqui - Verdadeon Franca","potentialAction":[{"@type":"SearchAction","target":{"@type":"EntryPoint","urlTemplate":"https:\/\/verdadeon.com.br\/portal\/?s={search_term_string}"},"query-input":{"@type":"PropertyValueSpecification","valueRequired":true,"valueName":"search_term_string"}}],"inLanguage":"pt-BR"},{"@type":"Person","@id":"https:\/\/verdadeon.com.br\/portal\/#\/schema\/person\/8994718f49ee62ba5610471e29ca1f62","name":"Fernando Calixto","image":{"@type":"ImageObject","inLanguage":"pt-BR","@id":"https:\/\/verdadeon.com.br\/portal\/#\/schema\/person\/image\/","url":"https:\/\/secure.gravatar.com\/avatar\/7578910c24966c0316c340f9dbd601e93ee9f9212e1033968b367af9306bd9fb?s=96&d=mm&r=g","contentUrl":"https:\/\/secure.gravatar.com\/avatar\/7578910c24966c0316c340f9dbd601e93ee9f9212e1033968b367af9306bd9fb?s=96&d=mm&r=g","caption":"Fernando Calixto"},"url":"https:\/\/verdadeon.com.br\/portal\/author\/fernando-calixto\/"}]}},"jetpack_publicize_connections":[],"jetpack_featured_media_url":"https:\/\/i0.wp.com\/verdadeon.com.br\/portal\/wp-content\/uploads\/2024\/05\/WhatsApp-Image-2024-05-17-at-13.59.34.jpeg?fit=2048%2C1470&ssl=1","jetpack_sharing_enabled":true,"_links":{"self":[{"href":"https:\/\/verdadeon.com.br\/portal\/wp-json\/wp\/v2\/posts\/44744","targetHints":{"allow":["GET"]}}],"collection":[{"href":"https:\/\/verdadeon.com.br\/portal\/wp-json\/wp\/v2\/posts"}],"about":[{"href":"https:\/\/verdadeon.com.br\/portal\/wp-json\/wp\/v2\/types\/post"}],"author":[{"embeddable":true,"href":"https:\/\/verdadeon.com.br\/portal\/wp-json\/wp\/v2\/users\/4"}],"replies":[{"embeddable":true,"href":"https:\/\/verdadeon.com.br\/portal\/wp-json\/wp\/v2\/comments?post=44744"}],"version-history":[{"count":1,"href":"https:\/\/verdadeon.com.br\/portal\/wp-json\/wp\/v2\/posts\/44744\/revisions"}],"predecessor-version":[{"id":44746,"href":"https:\/\/verdadeon.com.br\/portal\/wp-json\/wp\/v2\/posts\/44744\/revisions\/44746"}],"wp:featuredmedia":[{"embeddable":true,"href":"https:\/\/verdadeon.com.br\/portal\/wp-json\/wp\/v2\/media\/44745"}],"wp:attachment":[{"href":"https:\/\/verdadeon.com.br\/portal\/wp-json\/wp\/v2\/media?parent=44744"}],"wp:term":[{"taxonomy":"category","embeddable":true,"href":"https:\/\/verdadeon.com.br\/portal\/wp-json\/wp\/v2\/categories?post=44744"},{"taxonomy":"post_tag","embeddable":true,"href":"https:\/\/verdadeon.com.br\/portal\/wp-json\/wp\/v2\/tags?post=44744"}],"curies":[{"name":"wp","href":"https:\/\/api.w.org\/{rel}","templated":true}]}}