{"id":44737,"date":"2024-05-18T10:00:21","date_gmt":"2024-05-18T13:00:21","guid":{"rendered":"https:\/\/verdadeon.com.br\/portal\/?p=44737"},"modified":"2024-05-17T15:54:45","modified_gmt":"2024-05-17T18:54:45","slug":"maio-amarelo-abordagens-a-veiculos-em-sp-crescem-102-nos-4-primeiros-meses-do-ano","status":"publish","type":"post","link":"https:\/\/verdadeon.com.br\/portal\/2024\/05\/18\/maio-amarelo-abordagens-a-veiculos-em-sp-crescem-102-nos-4-primeiros-meses-do-ano\/","title":{"rendered":"Maio Amarelo: abordagens a ve\u00edculos em SP crescem 102% nos 4 primeiros meses do ano"},"content":{"rendered":"<h2>A\u00e7\u00f5es contribu\u00edram para a redu\u00e7\u00e3o de 57% nos casos de embriaguez ao volante entre janeiro e abril, na compara\u00e7\u00e3o com o mesmo per\u00edodo de 2023<\/h2>\n<p>As abordagens de ve\u00edculos nas vias do Estado de S\u00e3o Paulo cresceram mais de 102% nos quatro primeiros meses do ano em compara\u00e7\u00e3o com o mesmo per\u00edodo do ano passado. O trabalho resultou em uma redu\u00e7\u00e3o de 57% nos casos de embriaguez ao volante, quando a dosagem de \u00e1lcool fica acima de 0,34 mg por litro de ar expelido.<\/p>\n<p>A a\u00e7\u00e3o \u00e9 realizada pelo Departamento Estadual de Tr\u00e2nsito de S\u00e3o Paulo (Detran-SP) \u2014 \u00f3rg\u00e3o vinculado \u00e0 Secretaria de Gest\u00e3o e Governo Digital (SGGD) \u2013, com o apoio das pol\u00edcias Militar, Civil e T\u00e9cnico-Cient\u00edfica.<\/p>\n<p>\u201cEstamos atuando firmemente nas duas pontas: preven\u00e7\u00e3o, por meio das campanhas educativas de conscientiza\u00e7\u00e3o, e fiscaliza\u00e7\u00e3o, para coibir comportamentos criminosos. Toda vida importa \u2013 e esse \u00e9 um tema que deve interessar e mobilizar todos, cada um fazendo seu papel para um tr\u00e2nsito seguro e pac\u00edfico\u201d, sustenta Eduardo Aggio, diretor-presidente do Detran-SP.<\/p>\n<p>Os \u00f3rg\u00e3os estaduais de tr\u00e2nsito est\u00e3o engajados no Maio Amarelo, movimento internacional pela vida nas ruas e estradas. Atrelado \u00e0s a\u00e7\u00f5es de fiscaliza\u00e7\u00e3o, o Detran-SP e o Governo de SP realizaram 11 campanhas educativas e de conscientiza\u00e7\u00e3o.<\/p>\n<p>\u201cNo intervalo de doze meses, o volume de ve\u00edculos fiscalizados pelo Detran-SP em a\u00e7\u00f5es contra alcoolemia subiu 40%. Em abril de 2023, foram 17.395 abordados, contra 24.474 no m\u00eas passado. Agora, essa semana, aproveitando o Maio Amarelo, lan\u00e7amos mais uma com o mote \u2018de zero a sem em um piscar de olhos\u2019. O \u00f3rg\u00e3o promove iniciativas em datas de maior circula\u00e7\u00e3o de ve\u00edculos, al\u00e9m de a\u00e7\u00f5es cont\u00ednuas alertando sobre a import\u00e2ncia da seguran\u00e7a na via\u201d, complementa Aggio.<\/p>\n<p>Entre as medidas anunciadas pela autarquia paulista est\u00e1 o novo Infosiga, portal que re\u00fane as estat\u00edsticas capazes de embasar e direcionar pol\u00edticas p\u00fablicas de seguran\u00e7a vi\u00e1ria. Com investimento de R$ 9 milh\u00f5es, a plataforma entra no ar nesta quinta-feira (16). Tamb\u00e9m haver\u00e1 o relan\u00e7amento do Observat\u00f3rio Estadual de Tr\u00e2nsito.<\/p>\n<p>Outra iniciativa do \u00f3rg\u00e3o \u00e9 uma s\u00e9rie de atividades e medidas para ciclistas, motociclistas e pedestres, que comp\u00f5em o p\u00fablico mais vulner\u00e1vel no tr\u00e2nsito: cerca de 45% dos mortos em acidentes no pa\u00eds s\u00e3o condutores de motos. As a\u00e7\u00f5es educativas ocorrem durante todo o m\u00eas de maio em diferentes regi\u00f5es do estado.<\/p>\n<p>A\u00e7\u00f5es educativas acontecem durante todo o m\u00eas pelo estado, capitaneadas pelo Detran-SP em Ara\u00e7atuba, Araraquara, Bauru, Franca, S\u00e3o Jos\u00e9 dos Campos e Presidente Prudente e pela Escola Paulista de Tr\u00e2nsito.<\/p>\n<p>Por meio da Escola Paulista de Tr\u00e2nsito (EPT), o Detran-SP tamb\u00e9m est\u00e1 promovendo uma programa\u00e7\u00e3o especial de palestras abertas ao p\u00fablico, transmitidas via portal do Detran-SP no YouTube.<\/p>\n<p>O tema da campanha deste ano \u00e9 \u201cPaz no tr\u00e2nsito come\u00e7a por voc\u00ea\u201d, uma forma de lembrar que todos os usu\u00e1rios das vias p\u00fablicas t\u00eam a responsabilidade de garantir a seguran\u00e7a uns dos outros, sejam eles motoristas, passageiros, motociclistas, ciclistas ou pedestres.<\/p>\n<p><b>Sobre o Detran-SP<\/b><\/p>\n<p>O Detran-SP trabalha incessantemente para prevenir sinistros e preservar vidas, com a meta de organizar um tr\u00e2nsito mais seguro e harmonioso entre todos os modais. O \u00f3rg\u00e3o segue comprometido em oferecer servi\u00e7os de excel\u00eancia aos cidad\u00e3os, baseados em valores como respeito, integridade, seguran\u00e7a e efici\u00eancia.<\/p>\n<p>Atualmente, est\u00e1 implementando a transforma\u00e7\u00e3o digital para melhorar a qualidade de vida dos paulistas, facilitando o acesso aos servi\u00e7os p\u00fablicos. Cerca de 93% dos atendimentos realizados nas unidades do Detran-SP integradas ao Poupatempo s\u00e3o feitos de forma digital.<\/p>\n<p>Como o maior \u00f3rg\u00e3o executivo de tr\u00e2nsito do pa\u00eds, o Departamento de Tr\u00e2nsito Paulista \u00e9 respons\u00e1vel por 28% da frota brasileira, com mais de 34 milh\u00f5es de ve\u00edculos registrados e mais de 25 milh\u00f5es de motoristas habilitados em todo o estado. Mensalmente, emite aproximadamente 400 mil Carteiras Nacionais de Habilita\u00e7\u00e3o (CNHs) e 1,2 milh\u00e3o de Certificados de Registro e Licenciamento Veicular (CRLVs). Em m\u00e9dia, s\u00e3o emitidos mais de 136 mil documentos por dia.<\/p>\n<p>SP Not\u00edcias<\/p>\n","protected":false},"excerpt":{"rendered":"<p>A\u00e7\u00f5es contribu\u00edram para a redu\u00e7\u00e3o de 57% nos casos de embriaguez ao volante entre janeiro e abril, na compara\u00e7\u00e3o com o mesmo per\u00edodo de 2023 As<span class=\"excerpt-hellip\"> [\u2026]<\/span><\/p>\n","protected":false},"author":10,"featured_media":44738,"comment_status":"open","ping_status":"open","sticky":false,"template":"","format":"standard","meta":{"_jetpack_memberships_contains_paid_content":false,"footnotes":"","jetpack_publicize_message":"","jetpack_publicize_feature_enabled":true,"jetpack_social_post_already_shared":false,"jetpack_social_options":{"image_generator_settings":{"template":"highway","default_image_id":0,"enabled":false},"version":2}},"categories":[28,44],"tags":[],"class_list":["post-44737","post","type-post","status-publish","format-standard","has-post-thumbnail","hentry","category-cotidiano","category-noticias"],"yoast_head":"<!-- This site is optimized with the Yoast SEO plugin v25.6 - https:\/\/yoast.com\/wordpress\/plugins\/seo\/ -->\n<title>Maio Amarelo: abordagens a ve\u00edculos em SP crescem 102% nos 4 primeiros meses do ano - VerdadeOn<\/title>\n<meta name=\"robots\" content=\"index, follow, max-snippet:-1, max-image-preview:large, max-video-preview:-1\" \/>\n<link rel=\"canonical\" href=\"https:\/\/verdadeon.com.br\/portal\/2024\/05\/18\/maio-amarelo-abordagens-a-veiculos-em-sp-crescem-102-nos-4-primeiros-meses-do-ano\/\" \/>\n<meta property=\"og:locale\" content=\"pt_BR\" \/>\n<meta property=\"og:type\" content=\"article\" \/>\n<meta property=\"og:title\" content=\"Maio Amarelo: abordagens a ve\u00edculos em SP crescem 102% nos 4 primeiros meses do ano - VerdadeOn\" \/>\n<meta property=\"og:description\" content=\"A\u00e7\u00f5es contribu\u00edram para a redu\u00e7\u00e3o de 57% nos casos de embriaguez ao volante entre janeiro e abril, na compara\u00e7\u00e3o com o mesmo per\u00edodo de 2023 As [\u2026]\" \/>\n<meta property=\"og:url\" content=\"https:\/\/verdadeon.com.br\/portal\/2024\/05\/18\/maio-amarelo-abordagens-a-veiculos-em-sp-crescem-102-nos-4-primeiros-meses-do-ano\/\" \/>\n<meta property=\"og:site_name\" content=\"VerdadeOn\" \/>\n<meta property=\"article:published_time\" content=\"2024-05-18T13:00:21+00:00\" \/>\n<meta property=\"og:image\" content=\"https:\/\/i0.wp.com\/verdadeon.com.br\/portal\/wp-content\/uploads\/2024\/05\/casal-de-lesbicas-em-uma-motocicleta-com-capacetes_23-2149023870.jpg?fit=740%2C493&ssl=1\" \/>\n\t<meta property=\"og:image:width\" content=\"740\" \/>\n\t<meta property=\"og:image:height\" content=\"493\" \/>\n\t<meta property=\"og:image:type\" content=\"image\/jpeg\" \/>\n<meta name=\"author\" content=\"Redacao VerdadeOn\" \/>\n<meta name=\"twitter:card\" content=\"summary_large_image\" \/>\n<meta name=\"twitter:label1\" content=\"Escrito por\" \/>\n\t<meta name=\"twitter:data1\" content=\"Redacao VerdadeOn\" \/>\n\t<meta name=\"twitter:label2\" content=\"Est. tempo de leitura\" \/>\n\t<meta name=\"twitter:data2\" content=\"4 minutos\" \/>\n<script type=\"application\/ld+json\" class=\"yoast-schema-graph\">{\"@context\":\"https:\/\/schema.org\",\"@graph\":[{\"@type\":\"WebPage\",\"@id\":\"https:\/\/verdadeon.com.br\/portal\/2024\/05\/18\/maio-amarelo-abordagens-a-veiculos-em-sp-crescem-102-nos-4-primeiros-meses-do-ano\/\",\"url\":\"https:\/\/verdadeon.com.br\/portal\/2024\/05\/18\/maio-amarelo-abordagens-a-veiculos-em-sp-crescem-102-nos-4-primeiros-meses-do-ano\/\",\"name\":\"Maio Amarelo: abordagens a ve\u00edculos em SP crescem 102% nos 4 primeiros meses do ano - VerdadeOn\",\"isPartOf\":{\"@id\":\"https:\/\/verdadeon.com.br\/portal\/#website\"},\"primaryImageOfPage\":{\"@id\":\"https:\/\/verdadeon.com.br\/portal\/2024\/05\/18\/maio-amarelo-abordagens-a-veiculos-em-sp-crescem-102-nos-4-primeiros-meses-do-ano\/#primaryimage\"},\"image\":{\"@id\":\"https:\/\/verdadeon.com.br\/portal\/2024\/05\/18\/maio-amarelo-abordagens-a-veiculos-em-sp-crescem-102-nos-4-primeiros-meses-do-ano\/#primaryimage\"},\"thumbnailUrl\":\"https:\/\/i0.wp.com\/verdadeon.com.br\/portal\/wp-content\/uploads\/2024\/05\/casal-de-lesbicas-em-uma-motocicleta-com-capacetes_23-2149023870.jpg?fit=740%2C493&ssl=1\",\"datePublished\":\"2024-05-18T13:00:21+00:00\",\"author\":{\"@id\":\"https:\/\/verdadeon.com.br\/portal\/#\/schema\/person\/a5060ad1e9ea3df545188fc93ce43d2f\"},\"breadcrumb\":{\"@id\":\"https:\/\/verdadeon.com.br\/portal\/2024\/05\/18\/maio-amarelo-abordagens-a-veiculos-em-sp-crescem-102-nos-4-primeiros-meses-do-ano\/#breadcrumb\"},\"inLanguage\":\"pt-BR\",\"potentialAction\":[{\"@type\":\"ReadAction\",\"target\":[\"https:\/\/verdadeon.com.br\/portal\/2024\/05\/18\/maio-amarelo-abordagens-a-veiculos-em-sp-crescem-102-nos-4-primeiros-meses-do-ano\/\"]}]},{\"@type\":\"ImageObject\",\"inLanguage\":\"pt-BR\",\"@id\":\"https:\/\/verdadeon.com.br\/portal\/2024\/05\/18\/maio-amarelo-abordagens-a-veiculos-em-sp-crescem-102-nos-4-primeiros-meses-do-ano\/#primaryimage\",\"url\":\"https:\/\/i0.wp.com\/verdadeon.com.br\/portal\/wp-content\/uploads\/2024\/05\/casal-de-lesbicas-em-uma-motocicleta-com-capacetes_23-2149023870.jpg?fit=740%2C493&ssl=1\",\"contentUrl\":\"https:\/\/i0.wp.com\/verdadeon.com.br\/portal\/wp-content\/uploads\/2024\/05\/casal-de-lesbicas-em-uma-motocicleta-com-capacetes_23-2149023870.jpg?fit=740%2C493&ssl=1\",\"width\":740,\"height\":493,\"caption\":\"Maio Amarelo oferece uma s\u00e9rie de atividades e medidas para ciclistas, motociclistas e pedestres, que comp\u00f5em o p\u00fablico mais vulner\u00e1vel no tr\u00e2nsito (\u00a9Freepik)\"},{\"@type\":\"BreadcrumbList\",\"@id\":\"https:\/\/verdadeon.com.br\/portal\/2024\/05\/18\/maio-amarelo-abordagens-a-veiculos-em-sp-crescem-102-nos-4-primeiros-meses-do-ano\/#breadcrumb\",\"itemListElement\":[{\"@type\":\"ListItem\",\"position\":1,\"name\":\"In\u00edcio\",\"item\":\"https:\/\/verdadeon.com.br\/portal\/\"},{\"@type\":\"ListItem\",\"position\":2,\"name\":\"Maio Amarelo: abordagens a ve\u00edculos em SP crescem 102% nos 4 primeiros meses do ano\"}]},{\"@type\":\"WebSite\",\"@id\":\"https:\/\/verdadeon.com.br\/portal\/#website\",\"url\":\"https:\/\/verdadeon.com.br\/portal\/\",\"name\":\"VerdadeOn\",\"description\":\"Not\u00edcias di\u00e1rias sobre Franca, Regi\u00e3o, Esporte, Cultura, Cotidiano, Colunas. Cobertura nos principais eventos da cidade \u00e9 aqui - Verdadeon Franca\",\"potentialAction\":[{\"@type\":\"SearchAction\",\"target\":{\"@type\":\"EntryPoint\",\"urlTemplate\":\"https:\/\/verdadeon.com.br\/portal\/?s={search_term_string}\"},\"query-input\":{\"@type\":\"PropertyValueSpecification\",\"valueRequired\":true,\"valueName\":\"search_term_string\"}}],\"inLanguage\":\"pt-BR\"},{\"@type\":\"Person\",\"@id\":\"https:\/\/verdadeon.com.br\/portal\/#\/schema\/person\/a5060ad1e9ea3df545188fc93ce43d2f\",\"name\":\"Redacao VerdadeOn\",\"image\":{\"@type\":\"ImageObject\",\"inLanguage\":\"pt-BR\",\"@id\":\"https:\/\/verdadeon.com.br\/portal\/#\/schema\/person\/image\/\",\"url\":\"https:\/\/secure.gravatar.com\/avatar\/459a9613caaaf07f582c3d0841eea68bdd66f533e465e6ba8b9cb45619572cf4?s=96&d=mm&r=g\",\"contentUrl\":\"https:\/\/secure.gravatar.com\/avatar\/459a9613caaaf07f582c3d0841eea68bdd66f533e465e6ba8b9cb45619572cf4?s=96&d=mm&r=g\",\"caption\":\"Redacao VerdadeOn\"},\"url\":\"https:\/\/verdadeon.com.br\/portal\/author\/redacao\/\"}]}<\/script>\n<!-- \/ Yoast SEO plugin. -->","yoast_head_json":{"title":"Maio Amarelo: abordagens a ve\u00edculos em SP crescem 102% nos 4 primeiros meses do ano - VerdadeOn","robots":{"index":"index","follow":"follow","max-snippet":"max-snippet:-1","max-image-preview":"max-image-preview:large","max-video-preview":"max-video-preview:-1"},"canonical":"https:\/\/verdadeon.com.br\/portal\/2024\/05\/18\/maio-amarelo-abordagens-a-veiculos-em-sp-crescem-102-nos-4-primeiros-meses-do-ano\/","og_locale":"pt_BR","og_type":"article","og_title":"Maio Amarelo: abordagens a ve\u00edculos em SP crescem 102% nos 4 primeiros meses do ano - VerdadeOn","og_description":"A\u00e7\u00f5es contribu\u00edram para a redu\u00e7\u00e3o de 57% nos casos de embriaguez ao volante entre janeiro e abril, na compara\u00e7\u00e3o com o mesmo per\u00edodo de 2023 As [\u2026]","og_url":"https:\/\/verdadeon.com.br\/portal\/2024\/05\/18\/maio-amarelo-abordagens-a-veiculos-em-sp-crescem-102-nos-4-primeiros-meses-do-ano\/","og_site_name":"VerdadeOn","article_published_time":"2024-05-18T13:00:21+00:00","og_image":[{"width":740,"height":493,"url":"https:\/\/i0.wp.com\/verdadeon.com.br\/portal\/wp-content\/uploads\/2024\/05\/casal-de-lesbicas-em-uma-motocicleta-com-capacetes_23-2149023870.jpg?fit=740%2C493&ssl=1","type":"image\/jpeg"}],"author":"Redacao VerdadeOn","twitter_card":"summary_large_image","twitter_misc":{"Escrito por":"Redacao VerdadeOn","Est. tempo de leitura":"4 minutos"},"schema":{"@context":"https:\/\/schema.org","@graph":[{"@type":"WebPage","@id":"https:\/\/verdadeon.com.br\/portal\/2024\/05\/18\/maio-amarelo-abordagens-a-veiculos-em-sp-crescem-102-nos-4-primeiros-meses-do-ano\/","url":"https:\/\/verdadeon.com.br\/portal\/2024\/05\/18\/maio-amarelo-abordagens-a-veiculos-em-sp-crescem-102-nos-4-primeiros-meses-do-ano\/","name":"Maio Amarelo: abordagens a ve\u00edculos em SP crescem 102% nos 4 primeiros meses do ano - VerdadeOn","isPartOf":{"@id":"https:\/\/verdadeon.com.br\/portal\/#website"},"primaryImageOfPage":{"@id":"https:\/\/verdadeon.com.br\/portal\/2024\/05\/18\/maio-amarelo-abordagens-a-veiculos-em-sp-crescem-102-nos-4-primeiros-meses-do-ano\/#primaryimage"},"image":{"@id":"https:\/\/verdadeon.com.br\/portal\/2024\/05\/18\/maio-amarelo-abordagens-a-veiculos-em-sp-crescem-102-nos-4-primeiros-meses-do-ano\/#primaryimage"},"thumbnailUrl":"https:\/\/i0.wp.com\/verdadeon.com.br\/portal\/wp-content\/uploads\/2024\/05\/casal-de-lesbicas-em-uma-motocicleta-com-capacetes_23-2149023870.jpg?fit=740%2C493&ssl=1","datePublished":"2024-05-18T13:00:21+00:00","author":{"@id":"https:\/\/verdadeon.com.br\/portal\/#\/schema\/person\/a5060ad1e9ea3df545188fc93ce43d2f"},"breadcrumb":{"@id":"https:\/\/verdadeon.com.br\/portal\/2024\/05\/18\/maio-amarelo-abordagens-a-veiculos-em-sp-crescem-102-nos-4-primeiros-meses-do-ano\/#breadcrumb"},"inLanguage":"pt-BR","potentialAction":[{"@type":"ReadAction","target":["https:\/\/verdadeon.com.br\/portal\/2024\/05\/18\/maio-amarelo-abordagens-a-veiculos-em-sp-crescem-102-nos-4-primeiros-meses-do-ano\/"]}]},{"@type":"ImageObject","inLanguage":"pt-BR","@id":"https:\/\/verdadeon.com.br\/portal\/2024\/05\/18\/maio-amarelo-abordagens-a-veiculos-em-sp-crescem-102-nos-4-primeiros-meses-do-ano\/#primaryimage","url":"https:\/\/i0.wp.com\/verdadeon.com.br\/portal\/wp-content\/uploads\/2024\/05\/casal-de-lesbicas-em-uma-motocicleta-com-capacetes_23-2149023870.jpg?fit=740%2C493&ssl=1","contentUrl":"https:\/\/i0.wp.com\/verdadeon.com.br\/portal\/wp-content\/uploads\/2024\/05\/casal-de-lesbicas-em-uma-motocicleta-com-capacetes_23-2149023870.jpg?fit=740%2C493&ssl=1","width":740,"height":493,"caption":"Maio Amarelo oferece uma s\u00e9rie de atividades e medidas para ciclistas, motociclistas e pedestres, que comp\u00f5em o p\u00fablico mais vulner\u00e1vel no tr\u00e2nsito (\u00a9Freepik)"},{"@type":"BreadcrumbList","@id":"https:\/\/verdadeon.com.br\/portal\/2024\/05\/18\/maio-amarelo-abordagens-a-veiculos-em-sp-crescem-102-nos-4-primeiros-meses-do-ano\/#breadcrumb","itemListElement":[{"@type":"ListItem","position":1,"name":"In\u00edcio","item":"https:\/\/verdadeon.com.br\/portal\/"},{"@type":"ListItem","position":2,"name":"Maio Amarelo: abordagens a ve\u00edculos em SP crescem 102% nos 4 primeiros meses do ano"}]},{"@type":"WebSite","@id":"https:\/\/verdadeon.com.br\/portal\/#website","url":"https:\/\/verdadeon.com.br\/portal\/","name":"VerdadeOn","description":"Not\u00edcias di\u00e1rias sobre Franca, Regi\u00e3o, Esporte, Cultura, Cotidiano, Colunas. Cobertura nos principais eventos da cidade \u00e9 aqui - Verdadeon Franca","potentialAction":[{"@type":"SearchAction","target":{"@type":"EntryPoint","urlTemplate":"https:\/\/verdadeon.com.br\/portal\/?s={search_term_string}"},"query-input":{"@type":"PropertyValueSpecification","valueRequired":true,"valueName":"search_term_string"}}],"inLanguage":"pt-BR"},{"@type":"Person","@id":"https:\/\/verdadeon.com.br\/portal\/#\/schema\/person\/a5060ad1e9ea3df545188fc93ce43d2f","name":"Redacao VerdadeOn","image":{"@type":"ImageObject","inLanguage":"pt-BR","@id":"https:\/\/verdadeon.com.br\/portal\/#\/schema\/person\/image\/","url":"https:\/\/secure.gravatar.com\/avatar\/459a9613caaaf07f582c3d0841eea68bdd66f533e465e6ba8b9cb45619572cf4?s=96&d=mm&r=g","contentUrl":"https:\/\/secure.gravatar.com\/avatar\/459a9613caaaf07f582c3d0841eea68bdd66f533e465e6ba8b9cb45619572cf4?s=96&d=mm&r=g","caption":"Redacao VerdadeOn"},"url":"https:\/\/verdadeon.com.br\/portal\/author\/redacao\/"}]}},"jetpack_publicize_connections":[],"jetpack_featured_media_url":"https:\/\/i0.wp.com\/verdadeon.com.br\/portal\/wp-content\/uploads\/2024\/05\/casal-de-lesbicas-em-uma-motocicleta-com-capacetes_23-2149023870.jpg?fit=740%2C493&ssl=1","jetpack_sharing_enabled":true,"_links":{"self":[{"href":"https:\/\/verdadeon.com.br\/portal\/wp-json\/wp\/v2\/posts\/44737","targetHints":{"allow":["GET"]}}],"collection":[{"href":"https:\/\/verdadeon.com.br\/portal\/wp-json\/wp\/v2\/posts"}],"about":[{"href":"https:\/\/verdadeon.com.br\/portal\/wp-json\/wp\/v2\/types\/post"}],"author":[{"embeddable":true,"href":"https:\/\/verdadeon.com.br\/portal\/wp-json\/wp\/v2\/users\/10"}],"replies":[{"embeddable":true,"href":"https:\/\/verdadeon.com.br\/portal\/wp-json\/wp\/v2\/comments?post=44737"}],"version-history":[{"count":1,"href":"https:\/\/verdadeon.com.br\/portal\/wp-json\/wp\/v2\/posts\/44737\/revisions"}],"predecessor-version":[{"id":44739,"href":"https:\/\/verdadeon.com.br\/portal\/wp-json\/wp\/v2\/posts\/44737\/revisions\/44739"}],"wp:featuredmedia":[{"embeddable":true,"href":"https:\/\/verdadeon.com.br\/portal\/wp-json\/wp\/v2\/media\/44738"}],"wp:attachment":[{"href":"https:\/\/verdadeon.com.br\/portal\/wp-json\/wp\/v2\/media?parent=44737"}],"wp:term":[{"taxonomy":"category","embeddable":true,"href":"https:\/\/verdadeon.com.br\/portal\/wp-json\/wp\/v2\/categories?post=44737"},{"taxonomy":"post_tag","embeddable":true,"href":"https:\/\/verdadeon.com.br\/portal\/wp-json\/wp\/v2\/tags?post=44737"}],"curies":[{"name":"wp","href":"https:\/\/api.w.org\/{rel}","templated":true}]}}