{"id":44648,"date":"2024-05-18T08:00:28","date_gmt":"2024-05-18T11:00:28","guid":{"rendered":"https:\/\/verdadeon.com.br\/portal\/?p=44648"},"modified":"2024-05-18T10:24:51","modified_gmt":"2024-05-18T13:24:51","slug":"dia-nacional-de-combate-a-cefaleia-dores-de-cabeca-podem-ter-relacao-com-disfuncoes-na-mandibula","status":"publish","type":"post","link":"https:\/\/verdadeon.com.br\/portal\/2024\/05\/18\/dia-nacional-de-combate-a-cefaleia-dores-de-cabeca-podem-ter-relacao-com-disfuncoes-na-mandibula\/","title":{"rendered":"Dia Nacional de Combate \u00e0 Cefaleia: dores de cabe\u00e7a podem ter rela\u00e7\u00e3o com disfun\u00e7\u00f5es na mand\u00edbula"},"content":{"rendered":"<h2>Problema atinge 1 bilh\u00e3o de pessoas em todo o mundo; especialista do Vera Cruz Hospital, em Campinas (SP), destaca uma das causas: a disfun\u00e7\u00e3o temporomandibular (DTM)<\/h2>\n<p>Um dos principais objetivos do dia 19 de maio \u00e9 alertar a popula\u00e7\u00e3o sobre as diferentes causas da cefaleia (dor de cabe\u00e7a), identific\u00e1-las e permitir o tratamento adequado: \u00e9 o Dia Nacional do Combate \u00e0 Cefaleia que, segundo a literatura m\u00e9dica, tem mais de 200 causas diferentes. Dados da Organiza\u00e7\u00e3o Mundial da Sa\u00fade (OMS) indicam que o problema atinge 1 bilh\u00e3o de pessoas no mundo e \u00e9 a sexta doen\u00e7a cr\u00f4nica que mais incapacita. Dentre as diversas causas, uma, em particular, chama a aten\u00e7\u00e3o: a disfun\u00e7\u00e3o temporomandibular (DTM).<\/p>\n<p>Cirurgi\u00e3 Bucomaxilofacial do Vera Cruz Hospital, em Campinas (SP), Laura D\u2019Ottaviano, explica que a cefaleia relacionada \u00e0 DTM tem algumas caracter\u00edsticas espec\u00edficas. \u201cGeralmente, \u00e9 uma dor na regi\u00e3o das t\u00eamporas, bilateral, em algumas situa\u00e7\u00f5es pode ser unilateral. N\u00e3o chega a ser uma dor incapacitante, como no caso da enxaqueca, que normalmente faz com que o paciente precise se fechar em um quarto escuro e limita suas atividades di\u00e1rias, mas prejudica a qualidade de vida do paciente. A cefaleia ligada \u00e0 DTM \u00e9 aquela dor chata, n\u00e3o muito intensa, mas que perturba o dia inteiro. Pode apresentar momentos de piora e, nesses momentos, h\u00e1 de se recorrer a medicamentos. A dor na regi\u00e3o das t\u00eamporas \u00e9 causada pela contra\u00e7\u00e3o exagerada do m\u00fasculo temporal, envolvido diretamente na mastiga\u00e7\u00e3o, que fica nessa regi\u00e3o\u201d, explica.<\/p>\n<p>Muitas vezes, o paciente com DTM pode apresentar dificuldade para movimentar a boca, apresentar uma abertura al\u00e9m do limite normal ou at\u00e9 uma movimenta\u00e7\u00e3o dolorosa, alterando desta forma as fun\u00e7\u00f5es da boca, como mastiga\u00e7\u00e3o, degluti\u00e7\u00e3o, fala e, at\u00e9, respira\u00e7\u00e3o. \u201cDependendo do caso, a dor ou desconforto pode afetar pontos diferentes da face: dor nos m\u00fasculos da mastiga\u00e7\u00e3o, dor no m\u00fasculo temporal ou em pontos espec\u00edficos, como pr\u00f3ximo ao ouvido (podendo confundir o paciente, que acha que est\u00e1 sentindo dor de ouvido). Al\u00e9m da dor, tamb\u00e9m pode perceber ru\u00eddos anormais, como estalidos ou crepita\u00e7\u00e3o, ao movimentar essa articula\u00e7\u00e3o\u201d.<\/p>\n<p>Segundo a especialista, o fator predisponente mais importante da DTM est\u00e1 ligado \u00e0 qualidade dos ligamentos do paciente. \u201cO ligamento funciona como se fosse um el\u00e1stico sustentando a articula\u00e7\u00e3o temporomandibular (ATM), a estrutura que une o osso temporal com a mand\u00edbula e faz com que ela possa se mover. Se esse el\u00e1stico \u00e9 forte, mesmo que essa articula\u00e7\u00e3o tenha algum pequeno problema, ele se sustenta. Agora, quando o ligamento \u00e9 muito frouxo, ent\u00e3o, a instabilidade dessa articula\u00e7\u00e3o acontece muito mais facilmente\u201d.<\/p>\n<h4><strong>Bruxismo<\/strong><\/h4>\n<p>Tamb\u00e9m temos que considerar as parafun\u00e7\u00f5es orais, como, por exemplo, o bruxismo. \u201cO bruxismo \u00e9 o ato de apertar ou ranger os dentes involuntariamente, durante o sono ou no per\u00edodo em que a gente est\u00e1 acordado. Muitas vezes, o paciente s\u00f3 percebe que aperta ou range os dentes ao observar fraturas de dentes ou restaura\u00e7\u00f5es, desgaste dos dentes, dentes doloridos ou amolecidos, dores nos m\u00fasculos faciais ou dores de cabe\u00e7a ao acordar ou em momentos de tens\u00e3o\u201d, explica.<\/p>\n<p>De acordo com a cirurgi\u00e3, o bruxismo acontece em surtos e \u00e9 desencadeado por um mecanismo cerebral ligado \u00e0s emo\u00e7\u00f5es. \u201cGeralmente, por emo\u00e7\u00f5es, n\u00e3o necessariamente ruins, mas que tocam o paciente. Em per\u00edodos de ansiedade ou tens\u00e3o, os surtos de bruxismo s\u00e3o muito mais frequentes. Essas emo\u00e7\u00f5es chegam ao c\u00e9rebro e acionam uma estrutura chamada centro de controle r\u00edtmico do t\u00e1lamo. Isso far\u00e1 com que o paciente, involuntariamente, aperte ou ranja os dentes. Independentemente se ele tem dentes ou n\u00e3o, se tem uma mordida boa ou n\u00e3o\u201d, diz.<\/p>\n<p>\u201cO problema de ficar apertando os dentes \u00e9 que o ser humano n\u00e3o foi feito para ficar com os dentes encostados, isso deve ocorrer somente no momento da mastiga\u00e7\u00e3o. Desta forma, uma noite de dentes rangendo supera muito o limite do sistema mastigat\u00f3rio. Fazendo uma analogia, \u00e9 como se voc\u00ea corresse uma maratona toda noite e pela manh\u00e3 sentisse dores nas pernas. \u00c9 isso que ocorre com quem tem bruxismo, a pessoa amanhece com dor de cabe\u00e7a ou dores na face em decorr\u00eancia de ter contra\u00eddo excessivamente a mand\u00edbula\u201d, associa.<\/p>\n<h4><strong>Diagn\u00f3stico<\/strong><\/h4>\n<p>A DTM pode acontecer em qualquer idade, sendo mais prevalente nas mulheres. \u201cO diagn\u00f3stico inclui a anamnese, o exame cl\u00ednico e os exames complementares. A anamnese \u00e9 o conjunto de perguntas para conhecermos a sa\u00fade geral do paciente, sua queixa principal, bem como as caracter\u00edsticas da dor que ele sente. Em casos de dores de cabe\u00e7a, \u00e9 sempre muito importante ouvir o paciente e investigar\u201d, destaca.<\/p>\n<p>O exame cl\u00ednico, inclui a palpa\u00e7\u00e3o da musculatura, observa\u00e7\u00e3o da cavidade oral e ausculta\u00e7\u00e3o de ru\u00eddos anormais durante a movimenta\u00e7\u00e3o mandibular. No caso do bruxismo, como o movimento n\u00e3o \u00e9 s\u00f3 apertar os dentes, mas tamb\u00e9m contrair as bochechas e apertar a l\u00edngua contra os dentes, muitas vezes, a observa\u00e7\u00e3o de uma l\u00edngua com a marca dos dentes ou a mucosa da bochecha machucada podem ser sinais cl\u00ednicos de que o paciente \u00e9 um rangedor ou apertador de dentes.<\/p>\n<p>Durante o exame cl\u00ednico tamb\u00e9m deve ser realizada a palpa\u00e7\u00e3o da musculatura facial, para sentir se h\u00e1 pontos dolorosos, m\u00fasculos muito volumosos ou muito contra\u00eddos. Tamb\u00e9m deve-se observar a amplitude de abertura, fechamento, lateralidade direita e esquerda, protus\u00e3o (movimento da mand\u00edbula ir pra frente) e retrus\u00e3o (que \u00e9 o movimento para tr\u00e1s), verificando se a movimenta\u00e7\u00e3o est\u00e1 maior ou menor do que seria considerado normal. Al\u00e9m da anamnese e exame cl\u00ednico, podem ser necess\u00e1rios para o diagn\u00f3stico exames de imagem, como radiografias, tomografias e resson\u00e2ncia magn\u00e9tica.<\/p>\n<h4><strong>Tratamento<\/strong><\/h4>\n<p>O tratamento da DTM varia conforme o tipo de disfun\u00e7\u00e3o e a idade do paciente. \u201cN\u00e3o existe um tratamento generalizado, mas contamos com diversos recursos que auxiliam a melhora de forma significativa, como, por exemplo, as placas de mordidas e a toxina botul\u00ednica, al\u00e9m de todo o suporte multiprofissional, que inclui fisioterapeutas, fonoaudi\u00f3logos e psic\u00f3logos\u201d, destaca.<\/p>\n<p>Com o tratamento adequado, a pessoa pode ter uma vida normal e se livrar do inc\u00f4modo das dores de cabe\u00e7a. \u201cInclusive, h\u00e1 t\u00e9cnicas de automanejo da dor. Ent\u00e3o, \u00e9 muito importante que o paciente se conhe\u00e7a, conhe\u00e7a seu corpo, entenda o que est\u00e1 acontecendo e tenha o acompanhamento apropriado. Assim, a dor de cabe\u00e7a desencadeada pela DTM pode ser controlada sem preju\u00edzos para melhor qualidade de vida\u201d, conclui.<\/p>\n<h4>Sobre o Vera Cruz Hospital<\/h4>\n<p>H\u00e1 80 anos, o Vera Cruz Hospital \u00e9 reconhecido pela qualidade de seus servi\u00e7os, capacidade tecnol\u00f3gica, equipe de m\u00e9dicos renomados e por oferecer um atendimento humano que valoriza a vida em primeiro lugar. A unidade disp\u00f5e de 166 leitos distribu\u00eddos em diferentes unidades de interna\u00e7\u00e3o, em acomoda\u00e7\u00e3o individual (apartamento) ou coletiva (dois leitos), UTIs e maternidade, e ainda conta com setores de Quimioterapia, Hemodin\u00e2mica, Radiologia (incluindo tomografia, resson\u00e2ncia magn\u00e9tica, densitometria \u00f3ssea, ultrassonografia e raio x), e laborat\u00f3rio com o selo de qualidade Fleury Medicina e Sa\u00fade. Em outubro de 2017, a Hospital Care tornou-se parceira do Vera Cruz. Em quase sete anos, a alian\u00e7a registra importantes avan\u00e7os na presta\u00e7\u00e3o de servi\u00e7os gerados por investimentos em inova\u00e7\u00e3o e tecnologia, tendo, inclusive, ultrapassado a marca de 2,5 mil cirurgias rob\u00f3ticas, grande diferencial na regi\u00e3o e no interior do Brasil. Em m\u00e9dio prazo, o grupo prev\u00ea expans\u00e3o no atendimento com a cria\u00e7\u00e3o de dois novos pr\u00e9dios erguidos na frente e ao lado do hospital principal, totalizando 17 mil m\u00b2 de \u00e1reas constru\u00eddas a mais. H\u00e1 35 anos, o Vera Cruz criou e mant\u00e9m a Funda\u00e7\u00e3o Roberto Rocha Brito, refer\u00eancia em treinamentos e cursos de sa\u00fade na Regi\u00e3o Metropolitana de Campinas, tanto para profissionais do setor quanto para leigos, e \u00e9 uma unidade credenciada da American Heart Association. Em abril de 2021, o Hospital conquistou o Selo de Excel\u00eancia em Boas Pr\u00e1ticas de Seguran\u00e7a para o enfrentamento da Covid-19 pelo Instituto Brasileiro de Excel\u00eancia em Sa\u00fade (IBES) e, em dezembro, foi reacreditado em n\u00edvel m\u00e1ximo de Excel\u00eancia em atendimento geral pela Organiza\u00e7\u00e3o Nacional de Acredita\u00e7\u00e3o.<\/p>\n","protected":false},"excerpt":{"rendered":"<p>Problema atinge 1 bilh\u00e3o de pessoas em todo o mundo; especialista do Vera Cruz Hospital, em Campinas (SP), destaca uma das causas: a disfun\u00e7\u00e3o temporomandibular (DTM)<span class=\"excerpt-hellip\"> [\u2026]<\/span><\/p>\n","protected":false},"author":10,"featured_media":44761,"comment_status":"open","ping_status":"open","sticky":false,"template":"","format":"standard","meta":{"_jetpack_memberships_contains_paid_content":false,"footnotes":"","jetpack_publicize_message":"","jetpack_publicize_feature_enabled":true,"jetpack_social_post_already_shared":false,"jetpack_social_options":{"image_generator_settings":{"template":"highway","default_image_id":0,"enabled":false},"version":2}},"categories":[28,81],"tags":[],"class_list":["post-44648","post","type-post","status-publish","format-standard","has-post-thumbnail","hentry","category-cotidiano","category-manchete"],"yoast_head":"<!-- This site is optimized with the Yoast SEO plugin v25.6 - https:\/\/yoast.com\/wordpress\/plugins\/seo\/ -->\n<title>Dia Nacional de Combate \u00e0 Cefaleia: dores de cabe\u00e7a podem ter rela\u00e7\u00e3o com disfun\u00e7\u00f5es na mand\u00edbula - VerdadeOn<\/title>\n<meta name=\"robots\" content=\"index, follow, max-snippet:-1, max-image-preview:large, max-video-preview:-1\" \/>\n<link rel=\"canonical\" href=\"https:\/\/verdadeon.com.br\/portal\/2024\/05\/18\/dia-nacional-de-combate-a-cefaleia-dores-de-cabeca-podem-ter-relacao-com-disfuncoes-na-mandibula\/\" \/>\n<meta property=\"og:locale\" content=\"pt_BR\" \/>\n<meta property=\"og:type\" content=\"article\" \/>\n<meta property=\"og:title\" content=\"Dia Nacional de Combate \u00e0 Cefaleia: dores de cabe\u00e7a podem ter rela\u00e7\u00e3o com disfun\u00e7\u00f5es na mand\u00edbula - VerdadeOn\" \/>\n<meta property=\"og:description\" content=\"Problema atinge 1 bilh\u00e3o de pessoas em todo o mundo; especialista do Vera Cruz Hospital, em Campinas (SP), destaca uma das causas: a disfun\u00e7\u00e3o temporomandibular (DTM) [\u2026]\" \/>\n<meta property=\"og:url\" content=\"https:\/\/verdadeon.com.br\/portal\/2024\/05\/18\/dia-nacional-de-combate-a-cefaleia-dores-de-cabeca-podem-ter-relacao-com-disfuncoes-na-mandibula\/\" \/>\n<meta property=\"og:site_name\" content=\"VerdadeOn\" \/>\n<meta property=\"article:published_time\" content=\"2024-05-18T11:00:28+00:00\" \/>\n<meta property=\"article:modified_time\" content=\"2024-05-18T13:24:51+00:00\" \/>\n<meta property=\"og:image\" content=\"https:\/\/i0.wp.com\/verdadeon.com.br\/portal\/wp-content\/uploads\/2024\/05\/unnamed.webp?fit=382%2C256&ssl=1\" \/>\n\t<meta property=\"og:image:width\" content=\"382\" \/>\n\t<meta property=\"og:image:height\" content=\"256\" \/>\n\t<meta property=\"og:image:type\" content=\"image\/webp\" \/>\n<meta name=\"author\" content=\"Redacao VerdadeOn\" \/>\n<meta name=\"twitter:card\" content=\"summary_large_image\" \/>\n<meta name=\"twitter:label1\" content=\"Escrito por\" \/>\n\t<meta name=\"twitter:data1\" content=\"Redacao VerdadeOn\" \/>\n\t<meta name=\"twitter:label2\" content=\"Est. tempo de leitura\" \/>\n\t<meta name=\"twitter:data2\" content=\"8 minutos\" \/>\n<script type=\"application\/ld+json\" class=\"yoast-schema-graph\">{\"@context\":\"https:\/\/schema.org\",\"@graph\":[{\"@type\":\"WebPage\",\"@id\":\"https:\/\/verdadeon.com.br\/portal\/2024\/05\/18\/dia-nacional-de-combate-a-cefaleia-dores-de-cabeca-podem-ter-relacao-com-disfuncoes-na-mandibula\/\",\"url\":\"https:\/\/verdadeon.com.br\/portal\/2024\/05\/18\/dia-nacional-de-combate-a-cefaleia-dores-de-cabeca-podem-ter-relacao-com-disfuncoes-na-mandibula\/\",\"name\":\"Dia Nacional de Combate \u00e0 Cefaleia: dores de cabe\u00e7a podem ter rela\u00e7\u00e3o com disfun\u00e7\u00f5es na mand\u00edbula - VerdadeOn\",\"isPartOf\":{\"@id\":\"https:\/\/verdadeon.com.br\/portal\/#website\"},\"primaryImageOfPage\":{\"@id\":\"https:\/\/verdadeon.com.br\/portal\/2024\/05\/18\/dia-nacional-de-combate-a-cefaleia-dores-de-cabeca-podem-ter-relacao-com-disfuncoes-na-mandibula\/#primaryimage\"},\"image\":{\"@id\":\"https:\/\/verdadeon.com.br\/portal\/2024\/05\/18\/dia-nacional-de-combate-a-cefaleia-dores-de-cabeca-podem-ter-relacao-com-disfuncoes-na-mandibula\/#primaryimage\"},\"thumbnailUrl\":\"https:\/\/i0.wp.com\/verdadeon.com.br\/portal\/wp-content\/uploads\/2024\/05\/unnamed.webp?fit=382%2C256&ssl=1\",\"datePublished\":\"2024-05-18T11:00:28+00:00\",\"dateModified\":\"2024-05-18T13:24:51+00:00\",\"author\":{\"@id\":\"https:\/\/verdadeon.com.br\/portal\/#\/schema\/person\/a5060ad1e9ea3df545188fc93ce43d2f\"},\"breadcrumb\":{\"@id\":\"https:\/\/verdadeon.com.br\/portal\/2024\/05\/18\/dia-nacional-de-combate-a-cefaleia-dores-de-cabeca-podem-ter-relacao-com-disfuncoes-na-mandibula\/#breadcrumb\"},\"inLanguage\":\"pt-BR\",\"potentialAction\":[{\"@type\":\"ReadAction\",\"target\":[\"https:\/\/verdadeon.com.br\/portal\/2024\/05\/18\/dia-nacional-de-combate-a-cefaleia-dores-de-cabeca-podem-ter-relacao-com-disfuncoes-na-mandibula\/\"]}]},{\"@type\":\"ImageObject\",\"inLanguage\":\"pt-BR\",\"@id\":\"https:\/\/verdadeon.com.br\/portal\/2024\/05\/18\/dia-nacional-de-combate-a-cefaleia-dores-de-cabeca-podem-ter-relacao-com-disfuncoes-na-mandibula\/#primaryimage\",\"url\":\"https:\/\/i0.wp.com\/verdadeon.com.br\/portal\/wp-content\/uploads\/2024\/05\/unnamed.webp?fit=382%2C256&ssl=1\",\"contentUrl\":\"https:\/\/i0.wp.com\/verdadeon.com.br\/portal\/wp-content\/uploads\/2024\/05\/unnamed.webp?fit=382%2C256&ssl=1\",\"width\":382,\"height\":256,\"caption\":\"A cirurgi\u00e3 bucomaxilofacial Laura D\u00b4Ottaviano (\u00a9Matheus Campos)\"},{\"@type\":\"BreadcrumbList\",\"@id\":\"https:\/\/verdadeon.com.br\/portal\/2024\/05\/18\/dia-nacional-de-combate-a-cefaleia-dores-de-cabeca-podem-ter-relacao-com-disfuncoes-na-mandibula\/#breadcrumb\",\"itemListElement\":[{\"@type\":\"ListItem\",\"position\":1,\"name\":\"In\u00edcio\",\"item\":\"https:\/\/verdadeon.com.br\/portal\/\"},{\"@type\":\"ListItem\",\"position\":2,\"name\":\"Dia Nacional de Combate \u00e0 Cefaleia: dores de cabe\u00e7a podem ter rela\u00e7\u00e3o com disfun\u00e7\u00f5es na mand\u00edbula\"}]},{\"@type\":\"WebSite\",\"@id\":\"https:\/\/verdadeon.com.br\/portal\/#website\",\"url\":\"https:\/\/verdadeon.com.br\/portal\/\",\"name\":\"VerdadeOn\",\"description\":\"Not\u00edcias di\u00e1rias sobre Franca, Regi\u00e3o, Esporte, Cultura, Cotidiano, Colunas. Cobertura nos principais eventos da cidade \u00e9 aqui - Verdadeon Franca\",\"potentialAction\":[{\"@type\":\"SearchAction\",\"target\":{\"@type\":\"EntryPoint\",\"urlTemplate\":\"https:\/\/verdadeon.com.br\/portal\/?s={search_term_string}\"},\"query-input\":{\"@type\":\"PropertyValueSpecification\",\"valueRequired\":true,\"valueName\":\"search_term_string\"}}],\"inLanguage\":\"pt-BR\"},{\"@type\":\"Person\",\"@id\":\"https:\/\/verdadeon.com.br\/portal\/#\/schema\/person\/a5060ad1e9ea3df545188fc93ce43d2f\",\"name\":\"Redacao VerdadeOn\",\"image\":{\"@type\":\"ImageObject\",\"inLanguage\":\"pt-BR\",\"@id\":\"https:\/\/verdadeon.com.br\/portal\/#\/schema\/person\/image\/\",\"url\":\"https:\/\/secure.gravatar.com\/avatar\/459a9613caaaf07f582c3d0841eea68bdd66f533e465e6ba8b9cb45619572cf4?s=96&d=mm&r=g\",\"contentUrl\":\"https:\/\/secure.gravatar.com\/avatar\/459a9613caaaf07f582c3d0841eea68bdd66f533e465e6ba8b9cb45619572cf4?s=96&d=mm&r=g\",\"caption\":\"Redacao VerdadeOn\"},\"url\":\"https:\/\/verdadeon.com.br\/portal\/author\/redacao\/\"}]}<\/script>\n<!-- \/ Yoast SEO plugin. -->","yoast_head_json":{"title":"Dia Nacional de Combate \u00e0 Cefaleia: dores de cabe\u00e7a podem ter rela\u00e7\u00e3o com disfun\u00e7\u00f5es na mand\u00edbula - VerdadeOn","robots":{"index":"index","follow":"follow","max-snippet":"max-snippet:-1","max-image-preview":"max-image-preview:large","max-video-preview":"max-video-preview:-1"},"canonical":"https:\/\/verdadeon.com.br\/portal\/2024\/05\/18\/dia-nacional-de-combate-a-cefaleia-dores-de-cabeca-podem-ter-relacao-com-disfuncoes-na-mandibula\/","og_locale":"pt_BR","og_type":"article","og_title":"Dia Nacional de Combate \u00e0 Cefaleia: dores de cabe\u00e7a podem ter rela\u00e7\u00e3o com disfun\u00e7\u00f5es na mand\u00edbula - VerdadeOn","og_description":"Problema atinge 1 bilh\u00e3o de pessoas em todo o mundo; especialista do Vera Cruz Hospital, em Campinas (SP), destaca uma das causas: a disfun\u00e7\u00e3o temporomandibular (DTM) [\u2026]","og_url":"https:\/\/verdadeon.com.br\/portal\/2024\/05\/18\/dia-nacional-de-combate-a-cefaleia-dores-de-cabeca-podem-ter-relacao-com-disfuncoes-na-mandibula\/","og_site_name":"VerdadeOn","article_published_time":"2024-05-18T11:00:28+00:00","article_modified_time":"2024-05-18T13:24:51+00:00","og_image":[{"width":382,"height":256,"url":"https:\/\/i0.wp.com\/verdadeon.com.br\/portal\/wp-content\/uploads\/2024\/05\/unnamed.webp?fit=382%2C256&ssl=1","type":"image\/webp"}],"author":"Redacao VerdadeOn","twitter_card":"summary_large_image","twitter_misc":{"Escrito por":"Redacao VerdadeOn","Est. tempo de leitura":"8 minutos"},"schema":{"@context":"https:\/\/schema.org","@graph":[{"@type":"WebPage","@id":"https:\/\/verdadeon.com.br\/portal\/2024\/05\/18\/dia-nacional-de-combate-a-cefaleia-dores-de-cabeca-podem-ter-relacao-com-disfuncoes-na-mandibula\/","url":"https:\/\/verdadeon.com.br\/portal\/2024\/05\/18\/dia-nacional-de-combate-a-cefaleia-dores-de-cabeca-podem-ter-relacao-com-disfuncoes-na-mandibula\/","name":"Dia Nacional de Combate \u00e0 Cefaleia: dores de cabe\u00e7a podem ter rela\u00e7\u00e3o com disfun\u00e7\u00f5es na mand\u00edbula - VerdadeOn","isPartOf":{"@id":"https:\/\/verdadeon.com.br\/portal\/#website"},"primaryImageOfPage":{"@id":"https:\/\/verdadeon.com.br\/portal\/2024\/05\/18\/dia-nacional-de-combate-a-cefaleia-dores-de-cabeca-podem-ter-relacao-com-disfuncoes-na-mandibula\/#primaryimage"},"image":{"@id":"https:\/\/verdadeon.com.br\/portal\/2024\/05\/18\/dia-nacional-de-combate-a-cefaleia-dores-de-cabeca-podem-ter-relacao-com-disfuncoes-na-mandibula\/#primaryimage"},"thumbnailUrl":"https:\/\/i0.wp.com\/verdadeon.com.br\/portal\/wp-content\/uploads\/2024\/05\/unnamed.webp?fit=382%2C256&ssl=1","datePublished":"2024-05-18T11:00:28+00:00","dateModified":"2024-05-18T13:24:51+00:00","author":{"@id":"https:\/\/verdadeon.com.br\/portal\/#\/schema\/person\/a5060ad1e9ea3df545188fc93ce43d2f"},"breadcrumb":{"@id":"https:\/\/verdadeon.com.br\/portal\/2024\/05\/18\/dia-nacional-de-combate-a-cefaleia-dores-de-cabeca-podem-ter-relacao-com-disfuncoes-na-mandibula\/#breadcrumb"},"inLanguage":"pt-BR","potentialAction":[{"@type":"ReadAction","target":["https:\/\/verdadeon.com.br\/portal\/2024\/05\/18\/dia-nacional-de-combate-a-cefaleia-dores-de-cabeca-podem-ter-relacao-com-disfuncoes-na-mandibula\/"]}]},{"@type":"ImageObject","inLanguage":"pt-BR","@id":"https:\/\/verdadeon.com.br\/portal\/2024\/05\/18\/dia-nacional-de-combate-a-cefaleia-dores-de-cabeca-podem-ter-relacao-com-disfuncoes-na-mandibula\/#primaryimage","url":"https:\/\/i0.wp.com\/verdadeon.com.br\/portal\/wp-content\/uploads\/2024\/05\/unnamed.webp?fit=382%2C256&ssl=1","contentUrl":"https:\/\/i0.wp.com\/verdadeon.com.br\/portal\/wp-content\/uploads\/2024\/05\/unnamed.webp?fit=382%2C256&ssl=1","width":382,"height":256,"caption":"A cirurgi\u00e3 bucomaxilofacial Laura D\u00b4Ottaviano (\u00a9Matheus Campos)"},{"@type":"BreadcrumbList","@id":"https:\/\/verdadeon.com.br\/portal\/2024\/05\/18\/dia-nacional-de-combate-a-cefaleia-dores-de-cabeca-podem-ter-relacao-com-disfuncoes-na-mandibula\/#breadcrumb","itemListElement":[{"@type":"ListItem","position":1,"name":"In\u00edcio","item":"https:\/\/verdadeon.com.br\/portal\/"},{"@type":"ListItem","position":2,"name":"Dia Nacional de Combate \u00e0 Cefaleia: dores de cabe\u00e7a podem ter rela\u00e7\u00e3o com disfun\u00e7\u00f5es na mand\u00edbula"}]},{"@type":"WebSite","@id":"https:\/\/verdadeon.com.br\/portal\/#website","url":"https:\/\/verdadeon.com.br\/portal\/","name":"VerdadeOn","description":"Not\u00edcias di\u00e1rias sobre Franca, Regi\u00e3o, Esporte, Cultura, Cotidiano, Colunas. Cobertura nos principais eventos da cidade \u00e9 aqui - Verdadeon Franca","potentialAction":[{"@type":"SearchAction","target":{"@type":"EntryPoint","urlTemplate":"https:\/\/verdadeon.com.br\/portal\/?s={search_term_string}"},"query-input":{"@type":"PropertyValueSpecification","valueRequired":true,"valueName":"search_term_string"}}],"inLanguage":"pt-BR"},{"@type":"Person","@id":"https:\/\/verdadeon.com.br\/portal\/#\/schema\/person\/a5060ad1e9ea3df545188fc93ce43d2f","name":"Redacao VerdadeOn","image":{"@type":"ImageObject","inLanguage":"pt-BR","@id":"https:\/\/verdadeon.com.br\/portal\/#\/schema\/person\/image\/","url":"https:\/\/secure.gravatar.com\/avatar\/459a9613caaaf07f582c3d0841eea68bdd66f533e465e6ba8b9cb45619572cf4?s=96&d=mm&r=g","contentUrl":"https:\/\/secure.gravatar.com\/avatar\/459a9613caaaf07f582c3d0841eea68bdd66f533e465e6ba8b9cb45619572cf4?s=96&d=mm&r=g","caption":"Redacao VerdadeOn"},"url":"https:\/\/verdadeon.com.br\/portal\/author\/redacao\/"}]}},"jetpack_publicize_connections":[],"jetpack_featured_media_url":"https:\/\/i0.wp.com\/verdadeon.com.br\/portal\/wp-content\/uploads\/2024\/05\/unnamed.webp?fit=382%2C256&ssl=1","jetpack_sharing_enabled":true,"_links":{"self":[{"href":"https:\/\/verdadeon.com.br\/portal\/wp-json\/wp\/v2\/posts\/44648","targetHints":{"allow":["GET"]}}],"collection":[{"href":"https:\/\/verdadeon.com.br\/portal\/wp-json\/wp\/v2\/posts"}],"about":[{"href":"https:\/\/verdadeon.com.br\/portal\/wp-json\/wp\/v2\/types\/post"}],"author":[{"embeddable":true,"href":"https:\/\/verdadeon.com.br\/portal\/wp-json\/wp\/v2\/users\/10"}],"replies":[{"embeddable":true,"href":"https:\/\/verdadeon.com.br\/portal\/wp-json\/wp\/v2\/comments?post=44648"}],"version-history":[{"count":3,"href":"https:\/\/verdadeon.com.br\/portal\/wp-json\/wp\/v2\/posts\/44648\/revisions"}],"predecessor-version":[{"id":44763,"href":"https:\/\/verdadeon.com.br\/portal\/wp-json\/wp\/v2\/posts\/44648\/revisions\/44763"}],"wp:featuredmedia":[{"embeddable":true,"href":"https:\/\/verdadeon.com.br\/portal\/wp-json\/wp\/v2\/media\/44761"}],"wp:attachment":[{"href":"https:\/\/verdadeon.com.br\/portal\/wp-json\/wp\/v2\/media?parent=44648"}],"wp:term":[{"taxonomy":"category","embeddable":true,"href":"https:\/\/verdadeon.com.br\/portal\/wp-json\/wp\/v2\/categories?post=44648"},{"taxonomy":"post_tag","embeddable":true,"href":"https:\/\/verdadeon.com.br\/portal\/wp-json\/wp\/v2\/tags?post=44648"}],"curies":[{"name":"wp","href":"https:\/\/api.w.org\/{rel}","templated":true}]}}