{"id":44168,"date":"2024-05-03T17:22:40","date_gmt":"2024-05-03T20:22:40","guid":{"rendered":"https:\/\/verdadeon.com.br\/portal\/?p=44168"},"modified":"2024-05-03T18:01:20","modified_gmt":"2024-05-03T21:01:20","slug":"projeto-da-deputada-delegada-graciela-cria-semana-da-lingua-portuguesa","status":"publish","type":"post","link":"https:\/\/verdadeon.com.br\/portal\/2024\/05\/03\/projeto-da-deputada-delegada-graciela-cria-semana-da-lingua-portuguesa\/","title":{"rendered":"Projeto da deputada Delegada Graciela cria Semana da L\u00edngua Portuguesa"},"content":{"rendered":"<h2>Proposta visa instituir a &#8216;Semana da L\u00edngua Portuguesa&#8217; no Estado de S\u00e3o Paulo, com apoio de Acir de Matos Gomes<\/h2>\n<p>Proposta da deputada estadual Delegada Graciela (PL) pretende criar a Semana da L\u00edngua Portuguesa, a ser comemorada anualmente, em todo o estado, na semana do dia 5 de maio, Dia Mundial da L\u00edngua Portuguesa.<br \/>\nO Projeto de Lei 296\/2024 foi apresentado na Assembleia Legislativa do Estado de S\u00e3o Paulo (Alesp) nesta semana, seguindo sugest\u00e3o do presidente da Subse\u00e7\u00e3o da Ordem dos Advogados do Brasil (OAB)\/Franca, Acir de Matos Gomes.<br \/>\nGomes \u00e9 escritor, professor e doutor em L\u00edngua Portuguesa e teve participa\u00e7\u00e3o direta na formula\u00e7\u00e3o da proposta. Um trecho do artigo \u201cManifesto em prol da nossa L\u00edngua Portuguesa\u201d, assinado por ele, foi inserido na justificativa da proposta.<br \/>\n\u201cDamos import\u00e2ncia para a nossa L\u00edngua Portuguesa? Qual a import\u00e2ncia para um pa\u00eds que o seu povo domine e se aproprie da l\u00edngua? Qual a l\u00edngua oficial do Brasil? Infelizmente, n\u00e3o damos import\u00e2ncia para a L\u00edngua Portuguesa, n\u00e3o valorizamos a educa\u00e7\u00e3o do povo brasileiro\u201d, diz o professor em uma passagem de seu texto.<br \/>\nAs quest\u00f5es e a resposta expressas no trecho destacado demonstram a motiva\u00e7\u00e3o e a relev\u00e2ncia do Projeto de Lei 296\/2024. \u201cFiquei sensibilizada ao ler o artigo do Doutor Acir. Nada mais emblem\u00e1tico que o estado mais populoso do pa\u00eds realize a\u00e7\u00f5es para conscientizar sobre a import\u00e2ncia da L\u00edngua Portuguesa. Vou trabalhar pela aprova\u00e7\u00e3o do projeto e para que Semana da L\u00edngua Portuguesa seja incorporada pelo Governo do Estado de S\u00e3o Paulo, com a\u00e7\u00f5es efetivas e resultados pr\u00e1ticos\u201d, afirmou a deputada Delegada Graciela.<br \/>\nO projeto de lei que cria a Semana da L\u00edngua Portuguesa inicia sua tramita\u00e7\u00e3o pelas comiss\u00f5es tem\u00e1ticas das comiss\u00f5es internas da Alesp ao longo da pr\u00f3xima semana. \u201cFiquei muito feliz em saber que poderemos ter em nosso estado a Semana da L\u00edngua Portuguesa. Ser\u00e1 uma a\u00e7\u00e3o essencial de valoriza\u00e7\u00e3o da nossa l\u00edngua. O povo que n\u00e3o domina a sua pr\u00f3pria l\u00edngua \u00e9 um povo dominado\u201d, finalizou Acir de Matos Gomes.<\/p>\n","protected":false},"excerpt":{"rendered":"<p>Proposta visa instituir a &#8216;Semana da L\u00edngua Portuguesa&#8217; no Estado de S\u00e3o Paulo, com apoio de Acir de Matos Gomes Proposta da deputada estadual Delegada Graciela<span class=\"excerpt-hellip\"> [\u2026]<\/span><\/p>\n","protected":false},"author":10,"featured_media":44169,"comment_status":"open","ping_status":"open","sticky":false,"template":"","format":"standard","meta":{"_jetpack_memberships_contains_paid_content":false,"footnotes":"","jetpack_publicize_message":"","jetpack_publicize_feature_enabled":true,"jetpack_social_post_already_shared":false,"jetpack_social_options":{"image_generator_settings":{"template":"highway","default_image_id":0,"enabled":false},"version":2}},"categories":[28,44],"tags":[],"class_list":["post-44168","post","type-post","status-publish","format-standard","has-post-thumbnail","hentry","category-cotidiano","category-noticias"],"yoast_head":"<!-- This site is optimized with the Yoast SEO plugin v25.6 - https:\/\/yoast.com\/wordpress\/plugins\/seo\/ -->\n<title>Projeto da deputada Delegada Graciela cria Semana da L\u00edngua Portuguesa - VerdadeOn<\/title>\n<meta name=\"robots\" content=\"index, follow, max-snippet:-1, max-image-preview:large, max-video-preview:-1\" \/>\n<link rel=\"canonical\" href=\"https:\/\/verdadeon.com.br\/portal\/2024\/05\/03\/projeto-da-deputada-delegada-graciela-cria-semana-da-lingua-portuguesa\/\" \/>\n<meta property=\"og:locale\" content=\"pt_BR\" \/>\n<meta property=\"og:type\" content=\"article\" \/>\n<meta property=\"og:title\" content=\"Projeto da deputada Delegada Graciela cria Semana da L\u00edngua Portuguesa - VerdadeOn\" \/>\n<meta property=\"og:description\" content=\"Proposta visa instituir a &#8216;Semana da L\u00edngua Portuguesa&#8217; no Estado de S\u00e3o Paulo, com apoio de Acir de Matos Gomes Proposta da deputada estadual Delegada Graciela [\u2026]\" \/>\n<meta property=\"og:url\" content=\"https:\/\/verdadeon.com.br\/portal\/2024\/05\/03\/projeto-da-deputada-delegada-graciela-cria-semana-da-lingua-portuguesa\/\" \/>\n<meta property=\"og:site_name\" content=\"VerdadeOn\" \/>\n<meta property=\"article:published_time\" content=\"2024-05-03T20:22:40+00:00\" \/>\n<meta property=\"article:modified_time\" content=\"2024-05-03T21:01:20+00:00\" \/>\n<meta property=\"og:image\" content=\"https:\/\/verdadeon.com.br\/portal\/wp-content\/uploads\/2024\/05\/WhatsApp-Image-2024-05-03-at-14.43.56.jpeg\" \/>\n\t<meta property=\"og:image:width\" content=\"940\" \/>\n\t<meta property=\"og:image:height\" content=\"630\" \/>\n\t<meta property=\"og:image:type\" content=\"image\/jpeg\" \/>\n<meta name=\"author\" content=\"Redacao VerdadeOn\" \/>\n<meta name=\"twitter:card\" content=\"summary_large_image\" \/>\n<meta name=\"twitter:label1\" content=\"Escrito por\" \/>\n\t<meta name=\"twitter:data1\" content=\"Redacao VerdadeOn\" \/>\n\t<meta name=\"twitter:label2\" content=\"Est. tempo de leitura\" \/>\n\t<meta name=\"twitter:data2\" content=\"2 minutos\" \/>\n<script type=\"application\/ld+json\" class=\"yoast-schema-graph\">{\"@context\":\"https:\/\/schema.org\",\"@graph\":[{\"@type\":\"WebPage\",\"@id\":\"https:\/\/verdadeon.com.br\/portal\/2024\/05\/03\/projeto-da-deputada-delegada-graciela-cria-semana-da-lingua-portuguesa\/\",\"url\":\"https:\/\/verdadeon.com.br\/portal\/2024\/05\/03\/projeto-da-deputada-delegada-graciela-cria-semana-da-lingua-portuguesa\/\",\"name\":\"Projeto da deputada Delegada Graciela cria Semana da L\u00edngua Portuguesa - VerdadeOn\",\"isPartOf\":{\"@id\":\"https:\/\/verdadeon.com.br\/portal\/#website\"},\"primaryImageOfPage\":{\"@id\":\"https:\/\/verdadeon.com.br\/portal\/2024\/05\/03\/projeto-da-deputada-delegada-graciela-cria-semana-da-lingua-portuguesa\/#primaryimage\"},\"image\":{\"@id\":\"https:\/\/verdadeon.com.br\/portal\/2024\/05\/03\/projeto-da-deputada-delegada-graciela-cria-semana-da-lingua-portuguesa\/#primaryimage\"},\"thumbnailUrl\":\"https:\/\/i0.wp.com\/verdadeon.com.br\/portal\/wp-content\/uploads\/2024\/05\/WhatsApp-Image-2024-05-03-at-14.43.56.jpeg?fit=940%2C630&ssl=1\",\"datePublished\":\"2024-05-03T20:22:40+00:00\",\"dateModified\":\"2024-05-03T21:01:20+00:00\",\"author\":{\"@id\":\"https:\/\/verdadeon.com.br\/portal\/#\/schema\/person\/a5060ad1e9ea3df545188fc93ce43d2f\"},\"breadcrumb\":{\"@id\":\"https:\/\/verdadeon.com.br\/portal\/2024\/05\/03\/projeto-da-deputada-delegada-graciela-cria-semana-da-lingua-portuguesa\/#breadcrumb\"},\"inLanguage\":\"pt-BR\",\"potentialAction\":[{\"@type\":\"ReadAction\",\"target\":[\"https:\/\/verdadeon.com.br\/portal\/2024\/05\/03\/projeto-da-deputada-delegada-graciela-cria-semana-da-lingua-portuguesa\/\"]}]},{\"@type\":\"ImageObject\",\"inLanguage\":\"pt-BR\",\"@id\":\"https:\/\/verdadeon.com.br\/portal\/2024\/05\/03\/projeto-da-deputada-delegada-graciela-cria-semana-da-lingua-portuguesa\/#primaryimage\",\"url\":\"https:\/\/i0.wp.com\/verdadeon.com.br\/portal\/wp-content\/uploads\/2024\/05\/WhatsApp-Image-2024-05-03-at-14.43.56.jpeg?fit=940%2C630&ssl=1\",\"contentUrl\":\"https:\/\/i0.wp.com\/verdadeon.com.br\/portal\/wp-content\/uploads\/2024\/05\/WhatsApp-Image-2024-05-03-at-14.43.56.jpeg?fit=940%2C630&ssl=1\",\"width\":940,\"height\":630,\"caption\":\"Gomes \u00e9 escritor, professor e doutor em L\u00edngua Portuguesa e teve participa\u00e7\u00e3o direta na formula\u00e7\u00e3o da proposta (\u00a9Divulga\u00e7\u00e3o)\"},{\"@type\":\"BreadcrumbList\",\"@id\":\"https:\/\/verdadeon.com.br\/portal\/2024\/05\/03\/projeto-da-deputada-delegada-graciela-cria-semana-da-lingua-portuguesa\/#breadcrumb\",\"itemListElement\":[{\"@type\":\"ListItem\",\"position\":1,\"name\":\"In\u00edcio\",\"item\":\"https:\/\/verdadeon.com.br\/portal\/\"},{\"@type\":\"ListItem\",\"position\":2,\"name\":\"Projeto da deputada Delegada Graciela cria Semana da L\u00edngua Portuguesa\"}]},{\"@type\":\"WebSite\",\"@id\":\"https:\/\/verdadeon.com.br\/portal\/#website\",\"url\":\"https:\/\/verdadeon.com.br\/portal\/\",\"name\":\"VerdadeOn\",\"description\":\"Not\u00edcias di\u00e1rias sobre Franca, Regi\u00e3o, Esporte, Cultura, Cotidiano, Colunas. Cobertura nos principais eventos da cidade \u00e9 aqui - Verdadeon Franca\",\"potentialAction\":[{\"@type\":\"SearchAction\",\"target\":{\"@type\":\"EntryPoint\",\"urlTemplate\":\"https:\/\/verdadeon.com.br\/portal\/?s={search_term_string}\"},\"query-input\":{\"@type\":\"PropertyValueSpecification\",\"valueRequired\":true,\"valueName\":\"search_term_string\"}}],\"inLanguage\":\"pt-BR\"},{\"@type\":\"Person\",\"@id\":\"https:\/\/verdadeon.com.br\/portal\/#\/schema\/person\/a5060ad1e9ea3df545188fc93ce43d2f\",\"name\":\"Redacao VerdadeOn\",\"image\":{\"@type\":\"ImageObject\",\"inLanguage\":\"pt-BR\",\"@id\":\"https:\/\/verdadeon.com.br\/portal\/#\/schema\/person\/image\/\",\"url\":\"https:\/\/secure.gravatar.com\/avatar\/459a9613caaaf07f582c3d0841eea68bdd66f533e465e6ba8b9cb45619572cf4?s=96&d=mm&r=g\",\"contentUrl\":\"https:\/\/secure.gravatar.com\/avatar\/459a9613caaaf07f582c3d0841eea68bdd66f533e465e6ba8b9cb45619572cf4?s=96&d=mm&r=g\",\"caption\":\"Redacao VerdadeOn\"},\"url\":\"https:\/\/verdadeon.com.br\/portal\/author\/redacao\/\"}]}<\/script>\n<!-- \/ Yoast SEO plugin. -->","yoast_head_json":{"title":"Projeto da deputada Delegada Graciela cria Semana da L\u00edngua Portuguesa - VerdadeOn","robots":{"index":"index","follow":"follow","max-snippet":"max-snippet:-1","max-image-preview":"max-image-preview:large","max-video-preview":"max-video-preview:-1"},"canonical":"https:\/\/verdadeon.com.br\/portal\/2024\/05\/03\/projeto-da-deputada-delegada-graciela-cria-semana-da-lingua-portuguesa\/","og_locale":"pt_BR","og_type":"article","og_title":"Projeto da deputada Delegada Graciela cria Semana da L\u00edngua Portuguesa - VerdadeOn","og_description":"Proposta visa instituir a &#8216;Semana da L\u00edngua Portuguesa&#8217; no Estado de S\u00e3o Paulo, com apoio de Acir de Matos Gomes Proposta da deputada estadual Delegada Graciela [\u2026]","og_url":"https:\/\/verdadeon.com.br\/portal\/2024\/05\/03\/projeto-da-deputada-delegada-graciela-cria-semana-da-lingua-portuguesa\/","og_site_name":"VerdadeOn","article_published_time":"2024-05-03T20:22:40+00:00","article_modified_time":"2024-05-03T21:01:20+00:00","og_image":[{"width":940,"height":630,"url":"https:\/\/verdadeon.com.br\/portal\/wp-content\/uploads\/2024\/05\/WhatsApp-Image-2024-05-03-at-14.43.56.jpeg","type":"image\/jpeg"}],"author":"Redacao VerdadeOn","twitter_card":"summary_large_image","twitter_misc":{"Escrito por":"Redacao VerdadeOn","Est. tempo de leitura":"2 minutos"},"schema":{"@context":"https:\/\/schema.org","@graph":[{"@type":"WebPage","@id":"https:\/\/verdadeon.com.br\/portal\/2024\/05\/03\/projeto-da-deputada-delegada-graciela-cria-semana-da-lingua-portuguesa\/","url":"https:\/\/verdadeon.com.br\/portal\/2024\/05\/03\/projeto-da-deputada-delegada-graciela-cria-semana-da-lingua-portuguesa\/","name":"Projeto da deputada Delegada Graciela cria Semana da L\u00edngua Portuguesa - VerdadeOn","isPartOf":{"@id":"https:\/\/verdadeon.com.br\/portal\/#website"},"primaryImageOfPage":{"@id":"https:\/\/verdadeon.com.br\/portal\/2024\/05\/03\/projeto-da-deputada-delegada-graciela-cria-semana-da-lingua-portuguesa\/#primaryimage"},"image":{"@id":"https:\/\/verdadeon.com.br\/portal\/2024\/05\/03\/projeto-da-deputada-delegada-graciela-cria-semana-da-lingua-portuguesa\/#primaryimage"},"thumbnailUrl":"https:\/\/i0.wp.com\/verdadeon.com.br\/portal\/wp-content\/uploads\/2024\/05\/WhatsApp-Image-2024-05-03-at-14.43.56.jpeg?fit=940%2C630&ssl=1","datePublished":"2024-05-03T20:22:40+00:00","dateModified":"2024-05-03T21:01:20+00:00","author":{"@id":"https:\/\/verdadeon.com.br\/portal\/#\/schema\/person\/a5060ad1e9ea3df545188fc93ce43d2f"},"breadcrumb":{"@id":"https:\/\/verdadeon.com.br\/portal\/2024\/05\/03\/projeto-da-deputada-delegada-graciela-cria-semana-da-lingua-portuguesa\/#breadcrumb"},"inLanguage":"pt-BR","potentialAction":[{"@type":"ReadAction","target":["https:\/\/verdadeon.com.br\/portal\/2024\/05\/03\/projeto-da-deputada-delegada-graciela-cria-semana-da-lingua-portuguesa\/"]}]},{"@type":"ImageObject","inLanguage":"pt-BR","@id":"https:\/\/verdadeon.com.br\/portal\/2024\/05\/03\/projeto-da-deputada-delegada-graciela-cria-semana-da-lingua-portuguesa\/#primaryimage","url":"https:\/\/i0.wp.com\/verdadeon.com.br\/portal\/wp-content\/uploads\/2024\/05\/WhatsApp-Image-2024-05-03-at-14.43.56.jpeg?fit=940%2C630&ssl=1","contentUrl":"https:\/\/i0.wp.com\/verdadeon.com.br\/portal\/wp-content\/uploads\/2024\/05\/WhatsApp-Image-2024-05-03-at-14.43.56.jpeg?fit=940%2C630&ssl=1","width":940,"height":630,"caption":"Gomes \u00e9 escritor, professor e doutor em L\u00edngua Portuguesa e teve participa\u00e7\u00e3o direta na formula\u00e7\u00e3o da proposta (\u00a9Divulga\u00e7\u00e3o)"},{"@type":"BreadcrumbList","@id":"https:\/\/verdadeon.com.br\/portal\/2024\/05\/03\/projeto-da-deputada-delegada-graciela-cria-semana-da-lingua-portuguesa\/#breadcrumb","itemListElement":[{"@type":"ListItem","position":1,"name":"In\u00edcio","item":"https:\/\/verdadeon.com.br\/portal\/"},{"@type":"ListItem","position":2,"name":"Projeto da deputada Delegada Graciela cria Semana da L\u00edngua Portuguesa"}]},{"@type":"WebSite","@id":"https:\/\/verdadeon.com.br\/portal\/#website","url":"https:\/\/verdadeon.com.br\/portal\/","name":"VerdadeOn","description":"Not\u00edcias di\u00e1rias sobre Franca, Regi\u00e3o, Esporte, Cultura, Cotidiano, Colunas. Cobertura nos principais eventos da cidade \u00e9 aqui - Verdadeon Franca","potentialAction":[{"@type":"SearchAction","target":{"@type":"EntryPoint","urlTemplate":"https:\/\/verdadeon.com.br\/portal\/?s={search_term_string}"},"query-input":{"@type":"PropertyValueSpecification","valueRequired":true,"valueName":"search_term_string"}}],"inLanguage":"pt-BR"},{"@type":"Person","@id":"https:\/\/verdadeon.com.br\/portal\/#\/schema\/person\/a5060ad1e9ea3df545188fc93ce43d2f","name":"Redacao VerdadeOn","image":{"@type":"ImageObject","inLanguage":"pt-BR","@id":"https:\/\/verdadeon.com.br\/portal\/#\/schema\/person\/image\/","url":"https:\/\/secure.gravatar.com\/avatar\/459a9613caaaf07f582c3d0841eea68bdd66f533e465e6ba8b9cb45619572cf4?s=96&d=mm&r=g","contentUrl":"https:\/\/secure.gravatar.com\/avatar\/459a9613caaaf07f582c3d0841eea68bdd66f533e465e6ba8b9cb45619572cf4?s=96&d=mm&r=g","caption":"Redacao VerdadeOn"},"url":"https:\/\/verdadeon.com.br\/portal\/author\/redacao\/"}]}},"jetpack_publicize_connections":[],"jetpack_featured_media_url":"https:\/\/i0.wp.com\/verdadeon.com.br\/portal\/wp-content\/uploads\/2024\/05\/WhatsApp-Image-2024-05-03-at-14.43.56.jpeg?fit=940%2C630&ssl=1","jetpack_sharing_enabled":true,"_links":{"self":[{"href":"https:\/\/verdadeon.com.br\/portal\/wp-json\/wp\/v2\/posts\/44168","targetHints":{"allow":["GET"]}}],"collection":[{"href":"https:\/\/verdadeon.com.br\/portal\/wp-json\/wp\/v2\/posts"}],"about":[{"href":"https:\/\/verdadeon.com.br\/portal\/wp-json\/wp\/v2\/types\/post"}],"author":[{"embeddable":true,"href":"https:\/\/verdadeon.com.br\/portal\/wp-json\/wp\/v2\/users\/10"}],"replies":[{"embeddable":true,"href":"https:\/\/verdadeon.com.br\/portal\/wp-json\/wp\/v2\/comments?post=44168"}],"version-history":[{"count":1,"href":"https:\/\/verdadeon.com.br\/portal\/wp-json\/wp\/v2\/posts\/44168\/revisions"}],"predecessor-version":[{"id":44170,"href":"https:\/\/verdadeon.com.br\/portal\/wp-json\/wp\/v2\/posts\/44168\/revisions\/44170"}],"wp:featuredmedia":[{"embeddable":true,"href":"https:\/\/verdadeon.com.br\/portal\/wp-json\/wp\/v2\/media\/44169"}],"wp:attachment":[{"href":"https:\/\/verdadeon.com.br\/portal\/wp-json\/wp\/v2\/media?parent=44168"}],"wp:term":[{"taxonomy":"category","embeddable":true,"href":"https:\/\/verdadeon.com.br\/portal\/wp-json\/wp\/v2\/categories?post=44168"},{"taxonomy":"post_tag","embeddable":true,"href":"https:\/\/verdadeon.com.br\/portal\/wp-json\/wp\/v2\/tags?post=44168"}],"curies":[{"name":"wp","href":"https:\/\/api.w.org\/{rel}","templated":true}]}}