{"id":4413,"date":"2020-03-01T07:00:06","date_gmt":"2020-03-01T10:00:06","guid":{"rendered":"http:\/\/verdadeon.com.br\/portal\/?p=4413"},"modified":"2020-02-29T22:17:28","modified_gmt":"2020-03-01T01:17:28","slug":"pedregulho-anuncia-obras-na-av-felicio-polo","status":"publish","type":"post","link":"https:\/\/verdadeon.com.br\/portal\/2020\/03\/01\/pedregulho-anuncia-obras-na-av-felicio-polo\/","title":{"rendered":"Pedregulho anuncia obras na Av. Fel\u00edcio Polo"},"content":{"rendered":"<h2>Empresa que far\u00e1 os servi\u00e7os foi definida. Ideia \u00e9 de finalizar em quatro meses<\/h2>\n<p>Reportagem Gustavo Rodrigues<\/p>\n<p>Com servi\u00e7os paralisados h\u00e1 pouco mais de cinco anos, a avenida Fel\u00edcio Polo, que liga os bairros Jardim Esmeralda e Bela Vista ao Centro da cidade de Pedregulho sa\u00edra do papel. A Prefeitura Municipal anunciou por meio do Di\u00e1rio Oficial nesta semana a empresa que ficar\u00e1 respons\u00e1vel pelos servi\u00e7os no local a partir das pr\u00f3ximas semanas.<br \/>\nAp\u00f3s processo de licita\u00e7\u00e3o, a TJ Constru\u00e7\u00f5es e Terraplanagem ganhou o direito de realizar as obras no local. O valor total dos servi\u00e7os \u00e9 de pouco mais de R$ 260 mil. As obras tiveram in\u00edcio, por\u00e9m, n\u00e3o foram finalizadas h\u00e1 alguns anos. O objetivo da administra\u00e7\u00e3o municipal \u00e9 concluir os servi\u00e7os na regi\u00e3o da cidade.<br \/>\nDe acordo com o prefeito Dirceu Polo Filho (PSDB), seguindo os tr\u00e2mites legais, em cerca de dez dias dever\u00e1 ser dada a ordem de servi\u00e7os e, assim, a empresa deve dar in\u00edcio aos trabalhos. Ele ainda afirmou que, ap\u00f3s o come\u00e7o das a\u00e7\u00f5es, o intuito \u00e9 que a finaliza\u00e7\u00e3o acontece em um per\u00edodo de 120 dias.<br \/>\nPor meio de suas redes sociais, Dirceu publicou um v\u00eddeo com um mapa do local, explicando as condi\u00e7\u00f5es das obras e falando sobre a expectativa para a mudan\u00e7a na cidade. &#8220;Concertamos erros do passado. Tenho certeza que essa obra vai ajudar toda a popula\u00e7\u00e3o. Contando tamb\u00e9m com o recapeamento j\u00e1 iniciado no Jardim Esmeralda, com a finaliza\u00e7\u00e3o da Fel\u00edcio Polo, os bairros beneficiados ter\u00e3o motivos a mais para se orgulhar&#8221;, afirmou.<br \/>\nDirceu tamb\u00e9m comentou sobre o aumento nos custos do servi\u00e7o com a passagem dos anos. Segundo ele, o projeto inicial previa que a prefeitura ficaria respons\u00e1vel por custear R$ 180 mil, caso a segunda etapa da obra tivesse sido colocada em pr\u00e1tica ainda em 2014, ainda na antiga administra\u00e7\u00e3o. Ou seja, depois de seis anos, os trabalhos geram ao munic\u00edpio cerca de 80 mil a mais. Esse valor ser\u00e1 pago com recursos pr\u00f3prios.<br \/>\nSomando os trabalhos iniciais j\u00e1 realizados com as a\u00e7\u00f5es que ser\u00e3o feitas, o munic\u00edpio tamb\u00e9m contou com apoio financeiro do governo do estado. Vale lembrar que a TJ tamb\u00e9m \u00e9 respons\u00e1vel por outras atividades no munic\u00edpio. A empresa ganhou as licita\u00e7\u00f5es referentes ao recapeamento no bairro Santa Cruz e a pavimenta\u00e7\u00e3o nas estradas da Vila Barreira.<br \/>\nPedregulho ainda segue com obras em outros setores na regi\u00e3o central. Um exemplo \u00e9 o pr\u00e9dio da \u00e1rea de lazer que j\u00e1 foi reformado. Al\u00e9m disso, um centro esportivo j\u00e1 come\u00e7ou a ser constru\u00eddo com diversos espa\u00e7os, reformas na pista de skate e entrega das constru\u00e7\u00f5es de quiosques.<\/p>\n","protected":false},"excerpt":{"rendered":"<p>Empresa que far\u00e1 os servi\u00e7os foi definida. Ideia \u00e9 de finalizar em quatro meses Reportagem Gustavo Rodrigues Com servi\u00e7os paralisados h\u00e1 pouco mais de cinco anos,<span class=\"excerpt-hellip\"> [\u2026]<\/span><\/p>\n","protected":false},"author":10,"featured_media":4414,"comment_status":"open","ping_status":"open","sticky":false,"template":"","format":"standard","meta":{"_jetpack_memberships_contains_paid_content":false,"footnotes":"","jetpack_publicize_message":"","jetpack_publicize_feature_enabled":true,"jetpack_social_post_already_shared":false,"jetpack_social_options":{"image_generator_settings":{"template":"highway","default_image_id":0,"enabled":false},"version":2}},"categories":[28,44],"tags":[],"class_list":["post-4413","post","type-post","status-publish","format-standard","has-post-thumbnail","hentry","category-cotidiano","category-noticias"],"yoast_head":"<!-- This site is optimized with the Yoast SEO plugin v25.6 - https:\/\/yoast.com\/wordpress\/plugins\/seo\/ -->\n<title>Pedregulho anuncia obras na Av. Fel\u00edcio Polo - VerdadeOn<\/title>\n<meta name=\"robots\" content=\"index, follow, max-snippet:-1, max-image-preview:large, max-video-preview:-1\" \/>\n<link rel=\"canonical\" href=\"https:\/\/verdadeon.com.br\/portal\/2020\/03\/01\/pedregulho-anuncia-obras-na-av-felicio-polo\/\" \/>\n<meta property=\"og:locale\" content=\"pt_BR\" \/>\n<meta property=\"og:type\" content=\"article\" \/>\n<meta property=\"og:title\" content=\"Pedregulho anuncia obras na Av. Fel\u00edcio Polo - VerdadeOn\" \/>\n<meta property=\"og:description\" content=\"Empresa que far\u00e1 os servi\u00e7os foi definida. Ideia \u00e9 de finalizar em quatro meses Reportagem Gustavo Rodrigues Com servi\u00e7os paralisados h\u00e1 pouco mais de cinco anos, [\u2026]\" \/>\n<meta property=\"og:url\" content=\"https:\/\/verdadeon.com.br\/portal\/2020\/03\/01\/pedregulho-anuncia-obras-na-av-felicio-polo\/\" \/>\n<meta property=\"og:site_name\" content=\"VerdadeOn\" \/>\n<meta property=\"article:published_time\" content=\"2020-03-01T10:00:06+00:00\" \/>\n<meta property=\"og:image\" content=\"https:\/\/verdadeon.com.br\/portal\/wp-content\/uploads\/2020\/02\/abre-3.jpg\" \/>\n\t<meta property=\"og:image:width\" content=\"1000\" \/>\n\t<meta property=\"og:image:height\" content=\"670\" \/>\n\t<meta property=\"og:image:type\" content=\"image\/jpeg\" \/>\n<meta name=\"author\" content=\"Redacao VerdadeOn\" \/>\n<meta name=\"twitter:card\" content=\"summary_large_image\" \/>\n<meta name=\"twitter:label1\" content=\"Escrito por\" \/>\n\t<meta name=\"twitter:data1\" content=\"Redacao VerdadeOn\" \/>\n\t<meta name=\"twitter:label2\" content=\"Est. tempo de leitura\" \/>\n\t<meta name=\"twitter:data2\" content=\"2 minutos\" \/>\n<script type=\"application\/ld+json\" class=\"yoast-schema-graph\">{\"@context\":\"https:\/\/schema.org\",\"@graph\":[{\"@type\":\"WebPage\",\"@id\":\"https:\/\/verdadeon.com.br\/portal\/2020\/03\/01\/pedregulho-anuncia-obras-na-av-felicio-polo\/\",\"url\":\"https:\/\/verdadeon.com.br\/portal\/2020\/03\/01\/pedregulho-anuncia-obras-na-av-felicio-polo\/\",\"name\":\"Pedregulho anuncia obras na Av. Fel\u00edcio Polo - VerdadeOn\",\"isPartOf\":{\"@id\":\"https:\/\/verdadeon.com.br\/portal\/#website\"},\"primaryImageOfPage\":{\"@id\":\"https:\/\/verdadeon.com.br\/portal\/2020\/03\/01\/pedregulho-anuncia-obras-na-av-felicio-polo\/#primaryimage\"},\"image\":{\"@id\":\"https:\/\/verdadeon.com.br\/portal\/2020\/03\/01\/pedregulho-anuncia-obras-na-av-felicio-polo\/#primaryimage\"},\"thumbnailUrl\":\"https:\/\/i0.wp.com\/verdadeon.com.br\/portal\/wp-content\/uploads\/2020\/02\/abre-3.jpg?fit=1000%2C670&ssl=1\",\"datePublished\":\"2020-03-01T10:00:06+00:00\",\"author\":{\"@id\":\"https:\/\/verdadeon.com.br\/portal\/#\/schema\/person\/a5060ad1e9ea3df545188fc93ce43d2f\"},\"breadcrumb\":{\"@id\":\"https:\/\/verdadeon.com.br\/portal\/2020\/03\/01\/pedregulho-anuncia-obras-na-av-felicio-polo\/#breadcrumb\"},\"inLanguage\":\"pt-BR\",\"potentialAction\":[{\"@type\":\"ReadAction\",\"target\":[\"https:\/\/verdadeon.com.br\/portal\/2020\/03\/01\/pedregulho-anuncia-obras-na-av-felicio-polo\/\"]}]},{\"@type\":\"ImageObject\",\"inLanguage\":\"pt-BR\",\"@id\":\"https:\/\/verdadeon.com.br\/portal\/2020\/03\/01\/pedregulho-anuncia-obras-na-av-felicio-polo\/#primaryimage\",\"url\":\"https:\/\/i0.wp.com\/verdadeon.com.br\/portal\/wp-content\/uploads\/2020\/02\/abre-3.jpg?fit=1000%2C670&ssl=1\",\"contentUrl\":\"https:\/\/i0.wp.com\/verdadeon.com.br\/portal\/wp-content\/uploads\/2020\/02\/abre-3.jpg?fit=1000%2C670&ssl=1\",\"width\":1000,\"height\":670,\"caption\":\"finaliza\u00e7\u00e3o- Avenida Fel\u00edcio Polo, que liga a regi\u00e3o central de Pedregulho ao Jardim Esmeralda deve come\u00e7ar nos pr\u00f3ximos dias. Expectativa \u00e9 de finalizar os servi\u00e7os em cerca de quatro meses | Foto: Prefeitura\/Divulga\u00e7\u00e3o\"},{\"@type\":\"BreadcrumbList\",\"@id\":\"https:\/\/verdadeon.com.br\/portal\/2020\/03\/01\/pedregulho-anuncia-obras-na-av-felicio-polo\/#breadcrumb\",\"itemListElement\":[{\"@type\":\"ListItem\",\"position\":1,\"name\":\"In\u00edcio\",\"item\":\"https:\/\/verdadeon.com.br\/portal\/\"},{\"@type\":\"ListItem\",\"position\":2,\"name\":\"Pedregulho anuncia obras na Av. Fel\u00edcio Polo\"}]},{\"@type\":\"WebSite\",\"@id\":\"https:\/\/verdadeon.com.br\/portal\/#website\",\"url\":\"https:\/\/verdadeon.com.br\/portal\/\",\"name\":\"VerdadeOn\",\"description\":\"Not\u00edcias di\u00e1rias sobre Franca, Regi\u00e3o, Esporte, Cultura, Cotidiano, Colunas. Cobertura nos principais eventos da cidade \u00e9 aqui - Verdadeon Franca\",\"potentialAction\":[{\"@type\":\"SearchAction\",\"target\":{\"@type\":\"EntryPoint\",\"urlTemplate\":\"https:\/\/verdadeon.com.br\/portal\/?s={search_term_string}\"},\"query-input\":{\"@type\":\"PropertyValueSpecification\",\"valueRequired\":true,\"valueName\":\"search_term_string\"}}],\"inLanguage\":\"pt-BR\"},{\"@type\":\"Person\",\"@id\":\"https:\/\/verdadeon.com.br\/portal\/#\/schema\/person\/a5060ad1e9ea3df545188fc93ce43d2f\",\"name\":\"Redacao VerdadeOn\",\"image\":{\"@type\":\"ImageObject\",\"inLanguage\":\"pt-BR\",\"@id\":\"https:\/\/verdadeon.com.br\/portal\/#\/schema\/person\/image\/\",\"url\":\"https:\/\/secure.gravatar.com\/avatar\/459a9613caaaf07f582c3d0841eea68bdd66f533e465e6ba8b9cb45619572cf4?s=96&d=mm&r=g\",\"contentUrl\":\"https:\/\/secure.gravatar.com\/avatar\/459a9613caaaf07f582c3d0841eea68bdd66f533e465e6ba8b9cb45619572cf4?s=96&d=mm&r=g\",\"caption\":\"Redacao VerdadeOn\"},\"url\":\"https:\/\/verdadeon.com.br\/portal\/author\/redacao\/\"}]}<\/script>\n<!-- \/ Yoast SEO plugin. -->","yoast_head_json":{"title":"Pedregulho anuncia obras na Av. Fel\u00edcio Polo - VerdadeOn","robots":{"index":"index","follow":"follow","max-snippet":"max-snippet:-1","max-image-preview":"max-image-preview:large","max-video-preview":"max-video-preview:-1"},"canonical":"https:\/\/verdadeon.com.br\/portal\/2020\/03\/01\/pedregulho-anuncia-obras-na-av-felicio-polo\/","og_locale":"pt_BR","og_type":"article","og_title":"Pedregulho anuncia obras na Av. Fel\u00edcio Polo - VerdadeOn","og_description":"Empresa que far\u00e1 os servi\u00e7os foi definida. Ideia \u00e9 de finalizar em quatro meses Reportagem Gustavo Rodrigues Com servi\u00e7os paralisados h\u00e1 pouco mais de cinco anos, [\u2026]","og_url":"https:\/\/verdadeon.com.br\/portal\/2020\/03\/01\/pedregulho-anuncia-obras-na-av-felicio-polo\/","og_site_name":"VerdadeOn","article_published_time":"2020-03-01T10:00:06+00:00","og_image":[{"width":1000,"height":670,"url":"https:\/\/verdadeon.com.br\/portal\/wp-content\/uploads\/2020\/02\/abre-3.jpg","type":"image\/jpeg"}],"author":"Redacao VerdadeOn","twitter_card":"summary_large_image","twitter_misc":{"Escrito por":"Redacao VerdadeOn","Est. tempo de leitura":"2 minutos"},"schema":{"@context":"https:\/\/schema.org","@graph":[{"@type":"WebPage","@id":"https:\/\/verdadeon.com.br\/portal\/2020\/03\/01\/pedregulho-anuncia-obras-na-av-felicio-polo\/","url":"https:\/\/verdadeon.com.br\/portal\/2020\/03\/01\/pedregulho-anuncia-obras-na-av-felicio-polo\/","name":"Pedregulho anuncia obras na Av. Fel\u00edcio Polo - VerdadeOn","isPartOf":{"@id":"https:\/\/verdadeon.com.br\/portal\/#website"},"primaryImageOfPage":{"@id":"https:\/\/verdadeon.com.br\/portal\/2020\/03\/01\/pedregulho-anuncia-obras-na-av-felicio-polo\/#primaryimage"},"image":{"@id":"https:\/\/verdadeon.com.br\/portal\/2020\/03\/01\/pedregulho-anuncia-obras-na-av-felicio-polo\/#primaryimage"},"thumbnailUrl":"https:\/\/i0.wp.com\/verdadeon.com.br\/portal\/wp-content\/uploads\/2020\/02\/abre-3.jpg?fit=1000%2C670&ssl=1","datePublished":"2020-03-01T10:00:06+00:00","author":{"@id":"https:\/\/verdadeon.com.br\/portal\/#\/schema\/person\/a5060ad1e9ea3df545188fc93ce43d2f"},"breadcrumb":{"@id":"https:\/\/verdadeon.com.br\/portal\/2020\/03\/01\/pedregulho-anuncia-obras-na-av-felicio-polo\/#breadcrumb"},"inLanguage":"pt-BR","potentialAction":[{"@type":"ReadAction","target":["https:\/\/verdadeon.com.br\/portal\/2020\/03\/01\/pedregulho-anuncia-obras-na-av-felicio-polo\/"]}]},{"@type":"ImageObject","inLanguage":"pt-BR","@id":"https:\/\/verdadeon.com.br\/portal\/2020\/03\/01\/pedregulho-anuncia-obras-na-av-felicio-polo\/#primaryimage","url":"https:\/\/i0.wp.com\/verdadeon.com.br\/portal\/wp-content\/uploads\/2020\/02\/abre-3.jpg?fit=1000%2C670&ssl=1","contentUrl":"https:\/\/i0.wp.com\/verdadeon.com.br\/portal\/wp-content\/uploads\/2020\/02\/abre-3.jpg?fit=1000%2C670&ssl=1","width":1000,"height":670,"caption":"finaliza\u00e7\u00e3o- Avenida Fel\u00edcio Polo, que liga a regi\u00e3o central de Pedregulho ao Jardim Esmeralda deve come\u00e7ar nos pr\u00f3ximos dias. Expectativa \u00e9 de finalizar os servi\u00e7os em cerca de quatro meses | Foto: Prefeitura\/Divulga\u00e7\u00e3o"},{"@type":"BreadcrumbList","@id":"https:\/\/verdadeon.com.br\/portal\/2020\/03\/01\/pedregulho-anuncia-obras-na-av-felicio-polo\/#breadcrumb","itemListElement":[{"@type":"ListItem","position":1,"name":"In\u00edcio","item":"https:\/\/verdadeon.com.br\/portal\/"},{"@type":"ListItem","position":2,"name":"Pedregulho anuncia obras na Av. Fel\u00edcio Polo"}]},{"@type":"WebSite","@id":"https:\/\/verdadeon.com.br\/portal\/#website","url":"https:\/\/verdadeon.com.br\/portal\/","name":"VerdadeOn","description":"Not\u00edcias di\u00e1rias sobre Franca, Regi\u00e3o, Esporte, Cultura, Cotidiano, Colunas. Cobertura nos principais eventos da cidade \u00e9 aqui - Verdadeon Franca","potentialAction":[{"@type":"SearchAction","target":{"@type":"EntryPoint","urlTemplate":"https:\/\/verdadeon.com.br\/portal\/?s={search_term_string}"},"query-input":{"@type":"PropertyValueSpecification","valueRequired":true,"valueName":"search_term_string"}}],"inLanguage":"pt-BR"},{"@type":"Person","@id":"https:\/\/verdadeon.com.br\/portal\/#\/schema\/person\/a5060ad1e9ea3df545188fc93ce43d2f","name":"Redacao VerdadeOn","image":{"@type":"ImageObject","inLanguage":"pt-BR","@id":"https:\/\/verdadeon.com.br\/portal\/#\/schema\/person\/image\/","url":"https:\/\/secure.gravatar.com\/avatar\/459a9613caaaf07f582c3d0841eea68bdd66f533e465e6ba8b9cb45619572cf4?s=96&d=mm&r=g","contentUrl":"https:\/\/secure.gravatar.com\/avatar\/459a9613caaaf07f582c3d0841eea68bdd66f533e465e6ba8b9cb45619572cf4?s=96&d=mm&r=g","caption":"Redacao VerdadeOn"},"url":"https:\/\/verdadeon.com.br\/portal\/author\/redacao\/"}]}},"jetpack_publicize_connections":[],"jetpack_featured_media_url":"https:\/\/i0.wp.com\/verdadeon.com.br\/portal\/wp-content\/uploads\/2020\/02\/abre-3.jpg?fit=1000%2C670&ssl=1","jetpack_sharing_enabled":true,"_links":{"self":[{"href":"https:\/\/verdadeon.com.br\/portal\/wp-json\/wp\/v2\/posts\/4413","targetHints":{"allow":["GET"]}}],"collection":[{"href":"https:\/\/verdadeon.com.br\/portal\/wp-json\/wp\/v2\/posts"}],"about":[{"href":"https:\/\/verdadeon.com.br\/portal\/wp-json\/wp\/v2\/types\/post"}],"author":[{"embeddable":true,"href":"https:\/\/verdadeon.com.br\/portal\/wp-json\/wp\/v2\/users\/10"}],"replies":[{"embeddable":true,"href":"https:\/\/verdadeon.com.br\/portal\/wp-json\/wp\/v2\/comments?post=4413"}],"version-history":[{"count":0,"href":"https:\/\/verdadeon.com.br\/portal\/wp-json\/wp\/v2\/posts\/4413\/revisions"}],"wp:featuredmedia":[{"embeddable":true,"href":"https:\/\/verdadeon.com.br\/portal\/wp-json\/wp\/v2\/media\/4414"}],"wp:attachment":[{"href":"https:\/\/verdadeon.com.br\/portal\/wp-json\/wp\/v2\/media?parent=4413"}],"wp:term":[{"taxonomy":"category","embeddable":true,"href":"https:\/\/verdadeon.com.br\/portal\/wp-json\/wp\/v2\/categories?post=4413"},{"taxonomy":"post_tag","embeddable":true,"href":"https:\/\/verdadeon.com.br\/portal\/wp-json\/wp\/v2\/tags?post=4413"}],"curies":[{"name":"wp","href":"https:\/\/api.w.org\/{rel}","templated":true}]}}