{"id":44068,"date":"2024-04-30T13:09:21","date_gmt":"2024-04-30T16:09:21","guid":{"rendered":"https:\/\/verdadeon.com.br\/portal\/?p=44068"},"modified":"2024-04-30T13:21:56","modified_gmt":"2024-04-30T16:21:56","slug":"emprega-franca-e-pat-disponibilizam-203-vagas-de-trabalho","status":"publish","type":"post","link":"https:\/\/verdadeon.com.br\/portal\/2024\/04\/30\/emprega-franca-e-pat-disponibilizam-203-vagas-de-trabalho\/","title":{"rendered":"&#8216;Emprega Franca&#8217; e PAT disponibilizam 203 vagas de trabalho"},"content":{"rendered":"<h2>Candidatos podem se candidatar com diferentes n\u00edveis de escolaridade e experi\u00eancia<\/h2>\n<div>O Programa &#8216;Emprega Franca&#8217; e o PAT (Posto de Atendimento ao Trabalhador) iniciaram a semana disponibilizando 203 vagas de trabalho, em diversas \u00e1reas de atua\u00e7\u00e3o. Para se candidatar, \u00e9 preciso ter n\u00edvel de escolaridade do Ensino Fundamental ao Superior Incompleto, ter ou n\u00e3o experi\u00eancia.<\/div>\n<div>Deste total, pelo PAT (Posto de Atendimento ao Trabalhador) est\u00e3o dispon\u00edveis 169 vagas, sendo a maior demanda de m\u00e3o de obra para a \u00e1rea da constru\u00e7\u00e3o civil, com 89 oportunidades. Dentre as fun\u00e7\u00f5es est\u00e3o pedreiro, ajudante de eletricista, auxiliar de encanador, encanador, servente e ajudante de obras e eletricista.<\/div>\n<div>Para consultar as vagas, basta acessar o endere\u00e7o <a href=\"http:\/\/bit.ly\/vagaspatfranca\" target=\"_blank\" rel=\"noopener\" data-saferedirecturl=\"https:\/\/www.google.com\/url?q=http:\/\/bit.ly\/vagaspatfranca&amp;source=gmail&amp;ust=1714578498316000&amp;usg=AOvVaw0WV3CSWOqXW7hwPw3l6g6J\">bit.ly\/vagaspatfranca<\/a>\u00a0ou comparecer \u00e0 unidade, munido do curr\u00edculo impresso e dos documentos pessoais, como RG, CPF, PIS, Carteira de Trabalho, CNH e comprovante de endere\u00e7o.<\/div>\n<div>Pelo &#8216;Emprega Franca&#8217; est\u00e3o abertas 34 oportunidades, sendo assistente administrativo\/recepcionista, auxliar de consult\u00f3rio odontol\u00f3gico, churrasqueiro, cozinheiro, operador de caixa, motorista e est\u00e1gios em E-Commerce, Engenharias de Produ\u00e7\u00e3o, El\u00e9trica e Mec\u00e2nica, repositor de bebidas, dentre outras. Para acessar e se candidatar \u00e0s vagas, os interessados dever\u00e3o entrar no site da Prefeitura, no link do &#8216;Emprega Franca&#8217;, <a href=\"https:\/\/www.franca.sp.gov.br\/pmf-emprega-franca\/\" target=\"_blank\" rel=\"noopener\" data-saferedirecturl=\"https:\/\/www.google.com\/url?q=https:\/\/www.franca.sp.gov.br\/pmf-emprega-franca\/&amp;source=gmail&amp;ust=1714578498316000&amp;usg=AOvVaw1Ffm5dmaQzulolPF4hr1_h\">https:\/\/www.franca.sp.gov.br\/<wbr \/>pmf-emprega-franca\/<\/a>\u00a0, onde poder\u00e3o cadastrar o curr\u00edculo.<\/div>\n<div>O &#8216;Emprega Franca\u2019 e o PAT ficam em pr\u00e9dio anexo \u00e0 Rodovi\u00e1ria de Franca, na rua Professor Laerte Barbosa Cintra, no Residencial Baldassari e funcionam de segunda a sexta-feira, das 8 \u00e0s 16 horas.<\/div>\n<div>Informa\u00e7\u00f5es poder\u00e3o ser obtidas pelo WhatsApp (16) 99601-0848.<\/div>\n","protected":false},"excerpt":{"rendered":"<p>Candidatos podem se candidatar com diferentes n\u00edveis de escolaridade e experi\u00eancia O Programa &#8216;Emprega Franca&#8217; e o PAT (Posto de Atendimento ao Trabalhador) iniciaram a semana<span class=\"excerpt-hellip\"> [\u2026]<\/span><\/p>\n","protected":false},"author":10,"featured_media":44071,"comment_status":"open","ping_status":"open","sticky":false,"template":"","format":"standard","meta":{"_jetpack_memberships_contains_paid_content":false,"footnotes":"","jetpack_publicize_message":"","jetpack_publicize_feature_enabled":true,"jetpack_social_post_already_shared":false,"jetpack_social_options":{"image_generator_settings":{"template":"highway","default_image_id":0,"enabled":false},"version":2}},"categories":[28,81],"tags":[],"class_list":["post-44068","post","type-post","status-publish","format-standard","has-post-thumbnail","hentry","category-cotidiano","category-manchete"],"yoast_head":"<!-- This site is optimized with the Yoast SEO plugin v25.6 - https:\/\/yoast.com\/wordpress\/plugins\/seo\/ -->\n<title>&#039;Emprega Franca&#039; e PAT disponibilizam 203 vagas de trabalho - VerdadeOn<\/title>\n<meta name=\"robots\" content=\"index, follow, max-snippet:-1, max-image-preview:large, max-video-preview:-1\" \/>\n<link rel=\"canonical\" href=\"https:\/\/verdadeon.com.br\/portal\/2024\/04\/30\/emprega-franca-e-pat-disponibilizam-203-vagas-de-trabalho\/\" \/>\n<meta property=\"og:locale\" content=\"pt_BR\" \/>\n<meta property=\"og:type\" content=\"article\" \/>\n<meta property=\"og:title\" content=\"&#039;Emprega Franca&#039; e PAT disponibilizam 203 vagas de trabalho - VerdadeOn\" \/>\n<meta property=\"og:description\" content=\"Candidatos podem se candidatar com diferentes n\u00edveis de escolaridade e experi\u00eancia O Programa &#8216;Emprega Franca&#8217; e o PAT (Posto de Atendimento ao Trabalhador) iniciaram a semana [\u2026]\" \/>\n<meta property=\"og:url\" content=\"https:\/\/verdadeon.com.br\/portal\/2024\/04\/30\/emprega-franca-e-pat-disponibilizam-203-vagas-de-trabalho\/\" \/>\n<meta property=\"og:site_name\" content=\"VerdadeOn\" \/>\n<meta property=\"article:published_time\" content=\"2024-04-30T16:09:21+00:00\" \/>\n<meta property=\"article:modified_time\" content=\"2024-04-30T16:21:56+00:00\" \/>\n<meta property=\"og:image\" content=\"https:\/\/verdadeon.com.br\/portal\/wp-content\/uploads\/2024\/04\/WhatsApp-Image-2024-04-30-at-13.14.29.jpeg\" \/>\n\t<meta property=\"og:image:width\" content=\"1600\" \/>\n\t<meta property=\"og:image:height\" content=\"1060\" \/>\n\t<meta property=\"og:image:type\" content=\"image\/jpeg\" \/>\n<meta name=\"author\" content=\"Redacao VerdadeOn\" \/>\n<meta name=\"twitter:card\" content=\"summary_large_image\" \/>\n<meta name=\"twitter:label1\" content=\"Escrito por\" \/>\n\t<meta name=\"twitter:data1\" content=\"Redacao VerdadeOn\" \/>\n\t<meta name=\"twitter:label2\" content=\"Est. tempo de leitura\" \/>\n\t<meta name=\"twitter:data2\" content=\"2 minutos\" \/>\n<script type=\"application\/ld+json\" class=\"yoast-schema-graph\">{\"@context\":\"https:\/\/schema.org\",\"@graph\":[{\"@type\":\"WebPage\",\"@id\":\"https:\/\/verdadeon.com.br\/portal\/2024\/04\/30\/emprega-franca-e-pat-disponibilizam-203-vagas-de-trabalho\/\",\"url\":\"https:\/\/verdadeon.com.br\/portal\/2024\/04\/30\/emprega-franca-e-pat-disponibilizam-203-vagas-de-trabalho\/\",\"name\":\"'Emprega Franca' e PAT disponibilizam 203 vagas de trabalho - VerdadeOn\",\"isPartOf\":{\"@id\":\"https:\/\/verdadeon.com.br\/portal\/#website\"},\"primaryImageOfPage\":{\"@id\":\"https:\/\/verdadeon.com.br\/portal\/2024\/04\/30\/emprega-franca-e-pat-disponibilizam-203-vagas-de-trabalho\/#primaryimage\"},\"image\":{\"@id\":\"https:\/\/verdadeon.com.br\/portal\/2024\/04\/30\/emprega-franca-e-pat-disponibilizam-203-vagas-de-trabalho\/#primaryimage\"},\"thumbnailUrl\":\"https:\/\/i0.wp.com\/verdadeon.com.br\/portal\/wp-content\/uploads\/2024\/04\/WhatsApp-Image-2024-04-30-at-13.14.29.jpeg?fit=1600%2C1060&ssl=1\",\"datePublished\":\"2024-04-30T16:09:21+00:00\",\"dateModified\":\"2024-04-30T16:21:56+00:00\",\"author\":{\"@id\":\"https:\/\/verdadeon.com.br\/portal\/#\/schema\/person\/a5060ad1e9ea3df545188fc93ce43d2f\"},\"breadcrumb\":{\"@id\":\"https:\/\/verdadeon.com.br\/portal\/2024\/04\/30\/emprega-franca-e-pat-disponibilizam-203-vagas-de-trabalho\/#breadcrumb\"},\"inLanguage\":\"pt-BR\",\"potentialAction\":[{\"@type\":\"ReadAction\",\"target\":[\"https:\/\/verdadeon.com.br\/portal\/2024\/04\/30\/emprega-franca-e-pat-disponibilizam-203-vagas-de-trabalho\/\"]}]},{\"@type\":\"ImageObject\",\"inLanguage\":\"pt-BR\",\"@id\":\"https:\/\/verdadeon.com.br\/portal\/2024\/04\/30\/emprega-franca-e-pat-disponibilizam-203-vagas-de-trabalho\/#primaryimage\",\"url\":\"https:\/\/i0.wp.com\/verdadeon.com.br\/portal\/wp-content\/uploads\/2024\/04\/WhatsApp-Image-2024-04-30-at-13.14.29.jpeg?fit=1600%2C1060&ssl=1\",\"contentUrl\":\"https:\/\/i0.wp.com\/verdadeon.com.br\/portal\/wp-content\/uploads\/2024\/04\/WhatsApp-Image-2024-04-30-at-13.14.29.jpeg?fit=1600%2C1060&ssl=1\",\"width\":1600,\"height\":1060,\"caption\":\"O 'Emprega Franca\u2019 e o PAT ficam em pr\u00e9dio anexo \u00e0 Rodovi\u00e1ria de Franca, na rua Professor Laerte Barbosa Cintra, no Residencial Baldassari e funcionam de segunda a sexta-feira, das 8 \u00e0s 16 horas (\u00a9Divulga\u00e7\u00e3o)\"},{\"@type\":\"BreadcrumbList\",\"@id\":\"https:\/\/verdadeon.com.br\/portal\/2024\/04\/30\/emprega-franca-e-pat-disponibilizam-203-vagas-de-trabalho\/#breadcrumb\",\"itemListElement\":[{\"@type\":\"ListItem\",\"position\":1,\"name\":\"In\u00edcio\",\"item\":\"https:\/\/verdadeon.com.br\/portal\/\"},{\"@type\":\"ListItem\",\"position\":2,\"name\":\"&#8216;Emprega Franca&#8217; e PAT disponibilizam 203 vagas de trabalho\"}]},{\"@type\":\"WebSite\",\"@id\":\"https:\/\/verdadeon.com.br\/portal\/#website\",\"url\":\"https:\/\/verdadeon.com.br\/portal\/\",\"name\":\"VerdadeOn\",\"description\":\"Not\u00edcias di\u00e1rias sobre Franca, Regi\u00e3o, Esporte, Cultura, Cotidiano, Colunas. Cobertura nos principais eventos da cidade \u00e9 aqui - Verdadeon Franca\",\"potentialAction\":[{\"@type\":\"SearchAction\",\"target\":{\"@type\":\"EntryPoint\",\"urlTemplate\":\"https:\/\/verdadeon.com.br\/portal\/?s={search_term_string}\"},\"query-input\":{\"@type\":\"PropertyValueSpecification\",\"valueRequired\":true,\"valueName\":\"search_term_string\"}}],\"inLanguage\":\"pt-BR\"},{\"@type\":\"Person\",\"@id\":\"https:\/\/verdadeon.com.br\/portal\/#\/schema\/person\/a5060ad1e9ea3df545188fc93ce43d2f\",\"name\":\"Redacao VerdadeOn\",\"image\":{\"@type\":\"ImageObject\",\"inLanguage\":\"pt-BR\",\"@id\":\"https:\/\/verdadeon.com.br\/portal\/#\/schema\/person\/image\/\",\"url\":\"https:\/\/secure.gravatar.com\/avatar\/459a9613caaaf07f582c3d0841eea68bdd66f533e465e6ba8b9cb45619572cf4?s=96&d=mm&r=g\",\"contentUrl\":\"https:\/\/secure.gravatar.com\/avatar\/459a9613caaaf07f582c3d0841eea68bdd66f533e465e6ba8b9cb45619572cf4?s=96&d=mm&r=g\",\"caption\":\"Redacao VerdadeOn\"},\"url\":\"https:\/\/verdadeon.com.br\/portal\/author\/redacao\/\"}]}<\/script>\n<!-- \/ Yoast SEO plugin. -->","yoast_head_json":{"title":"'Emprega Franca' e PAT disponibilizam 203 vagas de trabalho - VerdadeOn","robots":{"index":"index","follow":"follow","max-snippet":"max-snippet:-1","max-image-preview":"max-image-preview:large","max-video-preview":"max-video-preview:-1"},"canonical":"https:\/\/verdadeon.com.br\/portal\/2024\/04\/30\/emprega-franca-e-pat-disponibilizam-203-vagas-de-trabalho\/","og_locale":"pt_BR","og_type":"article","og_title":"'Emprega Franca' e PAT disponibilizam 203 vagas de trabalho - VerdadeOn","og_description":"Candidatos podem se candidatar com diferentes n\u00edveis de escolaridade e experi\u00eancia O Programa &#8216;Emprega Franca&#8217; e o PAT (Posto de Atendimento ao Trabalhador) iniciaram a semana [\u2026]","og_url":"https:\/\/verdadeon.com.br\/portal\/2024\/04\/30\/emprega-franca-e-pat-disponibilizam-203-vagas-de-trabalho\/","og_site_name":"VerdadeOn","article_published_time":"2024-04-30T16:09:21+00:00","article_modified_time":"2024-04-30T16:21:56+00:00","og_image":[{"width":1600,"height":1060,"url":"https:\/\/verdadeon.com.br\/portal\/wp-content\/uploads\/2024\/04\/WhatsApp-Image-2024-04-30-at-13.14.29.jpeg","type":"image\/jpeg"}],"author":"Redacao VerdadeOn","twitter_card":"summary_large_image","twitter_misc":{"Escrito por":"Redacao VerdadeOn","Est. tempo de leitura":"2 minutos"},"schema":{"@context":"https:\/\/schema.org","@graph":[{"@type":"WebPage","@id":"https:\/\/verdadeon.com.br\/portal\/2024\/04\/30\/emprega-franca-e-pat-disponibilizam-203-vagas-de-trabalho\/","url":"https:\/\/verdadeon.com.br\/portal\/2024\/04\/30\/emprega-franca-e-pat-disponibilizam-203-vagas-de-trabalho\/","name":"'Emprega Franca' e PAT disponibilizam 203 vagas de trabalho - VerdadeOn","isPartOf":{"@id":"https:\/\/verdadeon.com.br\/portal\/#website"},"primaryImageOfPage":{"@id":"https:\/\/verdadeon.com.br\/portal\/2024\/04\/30\/emprega-franca-e-pat-disponibilizam-203-vagas-de-trabalho\/#primaryimage"},"image":{"@id":"https:\/\/verdadeon.com.br\/portal\/2024\/04\/30\/emprega-franca-e-pat-disponibilizam-203-vagas-de-trabalho\/#primaryimage"},"thumbnailUrl":"https:\/\/i0.wp.com\/verdadeon.com.br\/portal\/wp-content\/uploads\/2024\/04\/WhatsApp-Image-2024-04-30-at-13.14.29.jpeg?fit=1600%2C1060&ssl=1","datePublished":"2024-04-30T16:09:21+00:00","dateModified":"2024-04-30T16:21:56+00:00","author":{"@id":"https:\/\/verdadeon.com.br\/portal\/#\/schema\/person\/a5060ad1e9ea3df545188fc93ce43d2f"},"breadcrumb":{"@id":"https:\/\/verdadeon.com.br\/portal\/2024\/04\/30\/emprega-franca-e-pat-disponibilizam-203-vagas-de-trabalho\/#breadcrumb"},"inLanguage":"pt-BR","potentialAction":[{"@type":"ReadAction","target":["https:\/\/verdadeon.com.br\/portal\/2024\/04\/30\/emprega-franca-e-pat-disponibilizam-203-vagas-de-trabalho\/"]}]},{"@type":"ImageObject","inLanguage":"pt-BR","@id":"https:\/\/verdadeon.com.br\/portal\/2024\/04\/30\/emprega-franca-e-pat-disponibilizam-203-vagas-de-trabalho\/#primaryimage","url":"https:\/\/i0.wp.com\/verdadeon.com.br\/portal\/wp-content\/uploads\/2024\/04\/WhatsApp-Image-2024-04-30-at-13.14.29.jpeg?fit=1600%2C1060&ssl=1","contentUrl":"https:\/\/i0.wp.com\/verdadeon.com.br\/portal\/wp-content\/uploads\/2024\/04\/WhatsApp-Image-2024-04-30-at-13.14.29.jpeg?fit=1600%2C1060&ssl=1","width":1600,"height":1060,"caption":"O 'Emprega Franca\u2019 e o PAT ficam em pr\u00e9dio anexo \u00e0 Rodovi\u00e1ria de Franca, na rua Professor Laerte Barbosa Cintra, no Residencial Baldassari e funcionam de segunda a sexta-feira, das 8 \u00e0s 16 horas (\u00a9Divulga\u00e7\u00e3o)"},{"@type":"BreadcrumbList","@id":"https:\/\/verdadeon.com.br\/portal\/2024\/04\/30\/emprega-franca-e-pat-disponibilizam-203-vagas-de-trabalho\/#breadcrumb","itemListElement":[{"@type":"ListItem","position":1,"name":"In\u00edcio","item":"https:\/\/verdadeon.com.br\/portal\/"},{"@type":"ListItem","position":2,"name":"&#8216;Emprega Franca&#8217; e PAT disponibilizam 203 vagas de trabalho"}]},{"@type":"WebSite","@id":"https:\/\/verdadeon.com.br\/portal\/#website","url":"https:\/\/verdadeon.com.br\/portal\/","name":"VerdadeOn","description":"Not\u00edcias di\u00e1rias sobre Franca, Regi\u00e3o, Esporte, Cultura, Cotidiano, Colunas. Cobertura nos principais eventos da cidade \u00e9 aqui - Verdadeon Franca","potentialAction":[{"@type":"SearchAction","target":{"@type":"EntryPoint","urlTemplate":"https:\/\/verdadeon.com.br\/portal\/?s={search_term_string}"},"query-input":{"@type":"PropertyValueSpecification","valueRequired":true,"valueName":"search_term_string"}}],"inLanguage":"pt-BR"},{"@type":"Person","@id":"https:\/\/verdadeon.com.br\/portal\/#\/schema\/person\/a5060ad1e9ea3df545188fc93ce43d2f","name":"Redacao VerdadeOn","image":{"@type":"ImageObject","inLanguage":"pt-BR","@id":"https:\/\/verdadeon.com.br\/portal\/#\/schema\/person\/image\/","url":"https:\/\/secure.gravatar.com\/avatar\/459a9613caaaf07f582c3d0841eea68bdd66f533e465e6ba8b9cb45619572cf4?s=96&d=mm&r=g","contentUrl":"https:\/\/secure.gravatar.com\/avatar\/459a9613caaaf07f582c3d0841eea68bdd66f533e465e6ba8b9cb45619572cf4?s=96&d=mm&r=g","caption":"Redacao VerdadeOn"},"url":"https:\/\/verdadeon.com.br\/portal\/author\/redacao\/"}]}},"jetpack_publicize_connections":[],"jetpack_featured_media_url":"https:\/\/i0.wp.com\/verdadeon.com.br\/portal\/wp-content\/uploads\/2024\/04\/WhatsApp-Image-2024-04-30-at-13.14.29.jpeg?fit=1600%2C1060&ssl=1","jetpack_sharing_enabled":true,"_links":{"self":[{"href":"https:\/\/verdadeon.com.br\/portal\/wp-json\/wp\/v2\/posts\/44068","targetHints":{"allow":["GET"]}}],"collection":[{"href":"https:\/\/verdadeon.com.br\/portal\/wp-json\/wp\/v2\/posts"}],"about":[{"href":"https:\/\/verdadeon.com.br\/portal\/wp-json\/wp\/v2\/types\/post"}],"author":[{"embeddable":true,"href":"https:\/\/verdadeon.com.br\/portal\/wp-json\/wp\/v2\/users\/10"}],"replies":[{"embeddable":true,"href":"https:\/\/verdadeon.com.br\/portal\/wp-json\/wp\/v2\/comments?post=44068"}],"version-history":[{"count":1,"href":"https:\/\/verdadeon.com.br\/portal\/wp-json\/wp\/v2\/posts\/44068\/revisions"}],"predecessor-version":[{"id":44069,"href":"https:\/\/verdadeon.com.br\/portal\/wp-json\/wp\/v2\/posts\/44068\/revisions\/44069"}],"wp:featuredmedia":[{"embeddable":true,"href":"https:\/\/verdadeon.com.br\/portal\/wp-json\/wp\/v2\/media\/44071"}],"wp:attachment":[{"href":"https:\/\/verdadeon.com.br\/portal\/wp-json\/wp\/v2\/media?parent=44068"}],"wp:term":[{"taxonomy":"category","embeddable":true,"href":"https:\/\/verdadeon.com.br\/portal\/wp-json\/wp\/v2\/categories?post=44068"},{"taxonomy":"post_tag","embeddable":true,"href":"https:\/\/verdadeon.com.br\/portal\/wp-json\/wp\/v2\/tags?post=44068"}],"curies":[{"name":"wp","href":"https:\/\/api.w.org\/{rel}","templated":true}]}}