{"id":44060,"date":"2024-04-30T12:47:52","date_gmt":"2024-04-30T15:47:52","guid":{"rendered":"https:\/\/verdadeon.com.br\/portal\/?p=44060"},"modified":"2024-04-30T12:49:03","modified_gmt":"2024-04-30T15:49:03","slug":"dia-do-trabalho-fique-atento-os-principais-direitos-dos-trabalhadores","status":"publish","type":"post","link":"https:\/\/verdadeon.com.br\/portal\/2024\/04\/30\/dia-do-trabalho-fique-atento-os-principais-direitos-dos-trabalhadores\/","title":{"rendered":"Dia do Trabalho: fique atento os principais direitos dos trabalhadores"},"content":{"rendered":"<h2>O advogado Matheus Barchi tamb\u00e9m explica o que mudou nos \u00faltimos anos<\/h2>\n<div>Celebrado anualmente em 1\u00ba de maio, o Dia do Trabalho tem como objetivo reconhecer a for\u00e7a dos trabalhadores, al\u00e9m de proteger e fortalecer os direitos de todos na sociedade. Neste contexto, o advogado Matheus Andrade Barchi, da Corr\u00eaa Lofrano Sociedade de Advogados, destaca as legisla\u00e7\u00f5es e como as mudan\u00e7as dos \u00faltimos anos impactaram as condi\u00e7\u00f5es de trabalho.<\/div>\n<div>\u201cA Constitui\u00e7\u00e3o Federal melhorou consideravelmente os direitos dos trabalhadores. V\u00e1rios aspectos j\u00e1 existentes na CLT receberam aten\u00e7\u00e3o constitucional, garantindo condi\u00e7\u00f5es como a jornada de 8 horas di\u00e1rias e as 44 horas semanais. O aviso-pr\u00e9vio proporcional, a licen\u00e7a-maternidade de 120 dias, a licen\u00e7a-paternidade e o direito de greve tamb\u00e9m s\u00e3o resultados da constitui\u00e7\u00e3o\u201d, diz Matheus.<\/div>\n<div>Outros direitos assegurados s\u00e3o as f\u00e9rias remuneradas, o d\u00e9cimo terceiro sal\u00e1rio, o Fundo de Garantia por Tempo de Servi\u00e7o \u2013 FGTS, a estabilidade da gestante, o direito a um trabalho seguro e saud\u00e1vel e a prote\u00e7\u00e3o do sal\u00e1rio, nunca inferior ao m\u00ednimo, al\u00e9m de remunera\u00e7\u00e3o para atividades penosas, perigosas e insalubres.<\/div>\n<div><\/div>\n<div>Mudan\u00e7as na legisla\u00e7\u00e3o<\/div>\n<div>A reforma trabalhista (Lei 13.467\/17) estabeleceu que os acordos coletivos agora t\u00eam liberdade para prever condi\u00e7\u00f5es de servi\u00e7os que antes eram inaceit\u00e1veis. Os principais exemplos dizem respeito a jornadas de trabalho estendidas, banco de horas, intervalo para alimenta\u00e7\u00e3o e at\u00e9 grau de insalubridade do ambiente.<\/div>\n<div>Outra mudan\u00e7a foi a cria\u00e7\u00e3o do trabalho intermitente. \u201cNeste contexto, o trabalhador pode ficar permanentemente \u00e0 disposi\u00e7\u00e3o do patr\u00e3o para servi\u00e7os que s\u00f3 aparecer\u00e3o ocasionalmente. Especialistas j\u00e1 afirmaram que esse tipo de trabalho \u00e9 prec\u00e1rio, pois o funcion\u00e1rio n\u00e3o recebe sal\u00e1rio nos per\u00edodos em que n\u00e3o trabalha, \u00e0 espera de ser chamado\u201d, diz Matheus.<\/div>\n<div>Ainda segundo o advogado, a reforma trabalhista tamb\u00e9m determinou que a repara\u00e7\u00e3o por danos extrapatrimoniais (danos morais) deve ser proporcional \u00e0 remunera\u00e7\u00e3o do trabalhador. \u201cTodas essas mudan\u00e7as deixaram os trabalhadores mais vulner\u00e1veis \u00e0 explora\u00e7\u00e3o no trabalho, j\u00e1 que in\u00fameros direitos foram exclu\u00eddos ou modificados, implicando na precariza\u00e7\u00e3o da m\u00e3o de obra brasileira\u201d.<\/div>\n<div><\/div>\n<div>Import\u00e2ncia de proteger os direitos<\/div>\n<div>Segundo Matheus, \u00e9 imprescind\u00edvel ter em mente que a rela\u00e7\u00e3o contratual de trabalho \u00e9 desequilibrada por natureza e as garantias concedidas ao longo dos anos vieram \u00e0 custo de muita luta. \u201cPortanto, \u00e9 fundamental protegermos esses direitos. Trabalho digno significa menos pobreza, menos viol\u00eancia, maior paz social e avan\u00e7os civilizat\u00f3rios. Respeitando os direitos e garantias fundamentais dos trabalhadores, a sociedade se torna um lugar melhor para todo mundo\u201d.<\/div>\n<div>Diante desse cen\u00e1rio, o advogado alerta que os empregadores que descumprirem a legisla\u00e7\u00e3o trabalhista e a Constitui\u00e7\u00e3o Federal podem sofrer in\u00fameras consequ\u00eancias. \u201cNas situa\u00e7\u00f5es em que o empregador n\u00e3o fizer os recolhimentos do FGTS, atrasar sal\u00e1rios, n\u00e3o pagar horas extras, ou exigir trabalhos for\u00e7ados, por exemplo, o trabalhador poder\u00e1 buscar na justi\u00e7a do trabalho o pagamento das verbas fundi\u00e1rias, previdenci\u00e1rias e trabalhistas\u201d.<\/div>\n","protected":false},"excerpt":{"rendered":"<p>O advogado Matheus Barchi tamb\u00e9m explica o que mudou nos \u00faltimos anos Celebrado anualmente em 1\u00ba de maio, o Dia do Trabalho tem como objetivo reconhecer<span class=\"excerpt-hellip\"> [\u2026]<\/span><\/p>\n","protected":false},"author":10,"featured_media":37275,"comment_status":"open","ping_status":"open","sticky":false,"template":"","format":"standard","meta":{"_jetpack_memberships_contains_paid_content":false,"footnotes":"","jetpack_publicize_message":"","jetpack_publicize_feature_enabled":true,"jetpack_social_post_already_shared":false,"jetpack_social_options":{"image_generator_settings":{"template":"highway","default_image_id":0,"enabled":false},"version":2}},"categories":[28,81],"tags":[],"class_list":["post-44060","post","type-post","status-publish","format-standard","has-post-thumbnail","hentry","category-cotidiano","category-manchete"],"yoast_head":"<!-- This site is optimized with the Yoast SEO plugin v25.6 - https:\/\/yoast.com\/wordpress\/plugins\/seo\/ -->\n<title>Dia do Trabalho: fique atento os principais direitos dos trabalhadores - VerdadeOn<\/title>\n<meta name=\"robots\" content=\"index, follow, max-snippet:-1, max-image-preview:large, max-video-preview:-1\" \/>\n<link rel=\"canonical\" href=\"https:\/\/verdadeon.com.br\/portal\/2024\/04\/30\/dia-do-trabalho-fique-atento-os-principais-direitos-dos-trabalhadores\/\" \/>\n<meta property=\"og:locale\" content=\"pt_BR\" \/>\n<meta property=\"og:type\" content=\"article\" \/>\n<meta property=\"og:title\" content=\"Dia do Trabalho: fique atento os principais direitos dos trabalhadores - VerdadeOn\" \/>\n<meta property=\"og:description\" content=\"O advogado Matheus Barchi tamb\u00e9m explica o que mudou nos \u00faltimos anos Celebrado anualmente em 1\u00ba de maio, o Dia do Trabalho tem como objetivo reconhecer [\u2026]\" \/>\n<meta property=\"og:url\" content=\"https:\/\/verdadeon.com.br\/portal\/2024\/04\/30\/dia-do-trabalho-fique-atento-os-principais-direitos-dos-trabalhadores\/\" \/>\n<meta property=\"og:site_name\" content=\"VerdadeOn\" \/>\n<meta property=\"article:published_time\" content=\"2024-04-30T15:47:52+00:00\" \/>\n<meta property=\"article:modified_time\" content=\"2024-04-30T15:49:03+00:00\" \/>\n<meta property=\"og:image\" content=\"https:\/\/verdadeon.com.br\/portal\/wp-content\/uploads\/2023\/08\/carteira-de-trabalho-digital_mcamgo_abr_240620211818.jpg\" \/>\n\t<meta property=\"og:image:width\" content=\"1044\" \/>\n\t<meta property=\"og:image:height\" content=\"700\" \/>\n\t<meta property=\"og:image:type\" content=\"image\/jpeg\" \/>\n<meta name=\"author\" content=\"Redacao VerdadeOn\" \/>\n<meta name=\"twitter:card\" content=\"summary_large_image\" \/>\n<meta name=\"twitter:label1\" content=\"Escrito por\" \/>\n\t<meta name=\"twitter:data1\" content=\"Redacao VerdadeOn\" \/>\n\t<meta name=\"twitter:label2\" content=\"Est. tempo de leitura\" \/>\n\t<meta name=\"twitter:data2\" content=\"3 minutos\" \/>\n<script type=\"application\/ld+json\" class=\"yoast-schema-graph\">{\"@context\":\"https:\/\/schema.org\",\"@graph\":[{\"@type\":\"WebPage\",\"@id\":\"https:\/\/verdadeon.com.br\/portal\/2024\/04\/30\/dia-do-trabalho-fique-atento-os-principais-direitos-dos-trabalhadores\/\",\"url\":\"https:\/\/verdadeon.com.br\/portal\/2024\/04\/30\/dia-do-trabalho-fique-atento-os-principais-direitos-dos-trabalhadores\/\",\"name\":\"Dia do Trabalho: fique atento os principais direitos dos trabalhadores - VerdadeOn\",\"isPartOf\":{\"@id\":\"https:\/\/verdadeon.com.br\/portal\/#website\"},\"primaryImageOfPage\":{\"@id\":\"https:\/\/verdadeon.com.br\/portal\/2024\/04\/30\/dia-do-trabalho-fique-atento-os-principais-direitos-dos-trabalhadores\/#primaryimage\"},\"image\":{\"@id\":\"https:\/\/verdadeon.com.br\/portal\/2024\/04\/30\/dia-do-trabalho-fique-atento-os-principais-direitos-dos-trabalhadores\/#primaryimage\"},\"thumbnailUrl\":\"https:\/\/i0.wp.com\/verdadeon.com.br\/portal\/wp-content\/uploads\/2023\/08\/carteira-de-trabalho-digital_mcamgo_abr_240620211818.jpg?fit=1044%2C700&ssl=1\",\"datePublished\":\"2024-04-30T15:47:52+00:00\",\"dateModified\":\"2024-04-30T15:49:03+00:00\",\"author\":{\"@id\":\"https:\/\/verdadeon.com.br\/portal\/#\/schema\/person\/a5060ad1e9ea3df545188fc93ce43d2f\"},\"breadcrumb\":{\"@id\":\"https:\/\/verdadeon.com.br\/portal\/2024\/04\/30\/dia-do-trabalho-fique-atento-os-principais-direitos-dos-trabalhadores\/#breadcrumb\"},\"inLanguage\":\"pt-BR\",\"potentialAction\":[{\"@type\":\"ReadAction\",\"target\":[\"https:\/\/verdadeon.com.br\/portal\/2024\/04\/30\/dia-do-trabalho-fique-atento-os-principais-direitos-dos-trabalhadores\/\"]}]},{\"@type\":\"ImageObject\",\"inLanguage\":\"pt-BR\",\"@id\":\"https:\/\/verdadeon.com.br\/portal\/2024\/04\/30\/dia-do-trabalho-fique-atento-os-principais-direitos-dos-trabalhadores\/#primaryimage\",\"url\":\"https:\/\/i0.wp.com\/verdadeon.com.br\/portal\/wp-content\/uploads\/2023\/08\/carteira-de-trabalho-digital_mcamgo_abr_240620211818.jpg?fit=1044%2C700&ssl=1\",\"contentUrl\":\"https:\/\/i0.wp.com\/verdadeon.com.br\/portal\/wp-content\/uploads\/2023\/08\/carteira-de-trabalho-digital_mcamgo_abr_240620211818.jpg?fit=1044%2C700&ssl=1\",\"width\":1044,\"height\":700,\"caption\":\"A reforma trabalhista (Lei 13.467\/17) estabeleceu que os acordos coletivos agora t\u00eam liberdade para prever condi\u00e7\u00f5es de servi\u00e7os que antes eram inaceit\u00e1veis. Os principais exemplos dizem respeito a jornadas de trabalho estendidas, banco de horas, intervalo para alimenta\u00e7\u00e3o e at\u00e9 grau de insalubridade do ambiente (\u00a9Marcelo Camargo\/Ag\u00eancia Brasil)\"},{\"@type\":\"BreadcrumbList\",\"@id\":\"https:\/\/verdadeon.com.br\/portal\/2024\/04\/30\/dia-do-trabalho-fique-atento-os-principais-direitos-dos-trabalhadores\/#breadcrumb\",\"itemListElement\":[{\"@type\":\"ListItem\",\"position\":1,\"name\":\"In\u00edcio\",\"item\":\"https:\/\/verdadeon.com.br\/portal\/\"},{\"@type\":\"ListItem\",\"position\":2,\"name\":\"Dia do Trabalho: fique atento os principais direitos dos trabalhadores\"}]},{\"@type\":\"WebSite\",\"@id\":\"https:\/\/verdadeon.com.br\/portal\/#website\",\"url\":\"https:\/\/verdadeon.com.br\/portal\/\",\"name\":\"VerdadeOn\",\"description\":\"Not\u00edcias di\u00e1rias sobre Franca, Regi\u00e3o, Esporte, Cultura, Cotidiano, Colunas. Cobertura nos principais eventos da cidade \u00e9 aqui - Verdadeon Franca\",\"potentialAction\":[{\"@type\":\"SearchAction\",\"target\":{\"@type\":\"EntryPoint\",\"urlTemplate\":\"https:\/\/verdadeon.com.br\/portal\/?s={search_term_string}\"},\"query-input\":{\"@type\":\"PropertyValueSpecification\",\"valueRequired\":true,\"valueName\":\"search_term_string\"}}],\"inLanguage\":\"pt-BR\"},{\"@type\":\"Person\",\"@id\":\"https:\/\/verdadeon.com.br\/portal\/#\/schema\/person\/a5060ad1e9ea3df545188fc93ce43d2f\",\"name\":\"Redacao VerdadeOn\",\"image\":{\"@type\":\"ImageObject\",\"inLanguage\":\"pt-BR\",\"@id\":\"https:\/\/verdadeon.com.br\/portal\/#\/schema\/person\/image\/\",\"url\":\"https:\/\/secure.gravatar.com\/avatar\/459a9613caaaf07f582c3d0841eea68bdd66f533e465e6ba8b9cb45619572cf4?s=96&d=mm&r=g\",\"contentUrl\":\"https:\/\/secure.gravatar.com\/avatar\/459a9613caaaf07f582c3d0841eea68bdd66f533e465e6ba8b9cb45619572cf4?s=96&d=mm&r=g\",\"caption\":\"Redacao VerdadeOn\"},\"url\":\"https:\/\/verdadeon.com.br\/portal\/author\/redacao\/\"}]}<\/script>\n<!-- \/ Yoast SEO plugin. -->","yoast_head_json":{"title":"Dia do Trabalho: fique atento os principais direitos dos trabalhadores - VerdadeOn","robots":{"index":"index","follow":"follow","max-snippet":"max-snippet:-1","max-image-preview":"max-image-preview:large","max-video-preview":"max-video-preview:-1"},"canonical":"https:\/\/verdadeon.com.br\/portal\/2024\/04\/30\/dia-do-trabalho-fique-atento-os-principais-direitos-dos-trabalhadores\/","og_locale":"pt_BR","og_type":"article","og_title":"Dia do Trabalho: fique atento os principais direitos dos trabalhadores - VerdadeOn","og_description":"O advogado Matheus Barchi tamb\u00e9m explica o que mudou nos \u00faltimos anos Celebrado anualmente em 1\u00ba de maio, o Dia do Trabalho tem como objetivo reconhecer [\u2026]","og_url":"https:\/\/verdadeon.com.br\/portal\/2024\/04\/30\/dia-do-trabalho-fique-atento-os-principais-direitos-dos-trabalhadores\/","og_site_name":"VerdadeOn","article_published_time":"2024-04-30T15:47:52+00:00","article_modified_time":"2024-04-30T15:49:03+00:00","og_image":[{"width":1044,"height":700,"url":"https:\/\/verdadeon.com.br\/portal\/wp-content\/uploads\/2023\/08\/carteira-de-trabalho-digital_mcamgo_abr_240620211818.jpg","type":"image\/jpeg"}],"author":"Redacao VerdadeOn","twitter_card":"summary_large_image","twitter_misc":{"Escrito por":"Redacao VerdadeOn","Est. tempo de leitura":"3 minutos"},"schema":{"@context":"https:\/\/schema.org","@graph":[{"@type":"WebPage","@id":"https:\/\/verdadeon.com.br\/portal\/2024\/04\/30\/dia-do-trabalho-fique-atento-os-principais-direitos-dos-trabalhadores\/","url":"https:\/\/verdadeon.com.br\/portal\/2024\/04\/30\/dia-do-trabalho-fique-atento-os-principais-direitos-dos-trabalhadores\/","name":"Dia do Trabalho: fique atento os principais direitos dos trabalhadores - VerdadeOn","isPartOf":{"@id":"https:\/\/verdadeon.com.br\/portal\/#website"},"primaryImageOfPage":{"@id":"https:\/\/verdadeon.com.br\/portal\/2024\/04\/30\/dia-do-trabalho-fique-atento-os-principais-direitos-dos-trabalhadores\/#primaryimage"},"image":{"@id":"https:\/\/verdadeon.com.br\/portal\/2024\/04\/30\/dia-do-trabalho-fique-atento-os-principais-direitos-dos-trabalhadores\/#primaryimage"},"thumbnailUrl":"https:\/\/i0.wp.com\/verdadeon.com.br\/portal\/wp-content\/uploads\/2023\/08\/carteira-de-trabalho-digital_mcamgo_abr_240620211818.jpg?fit=1044%2C700&ssl=1","datePublished":"2024-04-30T15:47:52+00:00","dateModified":"2024-04-30T15:49:03+00:00","author":{"@id":"https:\/\/verdadeon.com.br\/portal\/#\/schema\/person\/a5060ad1e9ea3df545188fc93ce43d2f"},"breadcrumb":{"@id":"https:\/\/verdadeon.com.br\/portal\/2024\/04\/30\/dia-do-trabalho-fique-atento-os-principais-direitos-dos-trabalhadores\/#breadcrumb"},"inLanguage":"pt-BR","potentialAction":[{"@type":"ReadAction","target":["https:\/\/verdadeon.com.br\/portal\/2024\/04\/30\/dia-do-trabalho-fique-atento-os-principais-direitos-dos-trabalhadores\/"]}]},{"@type":"ImageObject","inLanguage":"pt-BR","@id":"https:\/\/verdadeon.com.br\/portal\/2024\/04\/30\/dia-do-trabalho-fique-atento-os-principais-direitos-dos-trabalhadores\/#primaryimage","url":"https:\/\/i0.wp.com\/verdadeon.com.br\/portal\/wp-content\/uploads\/2023\/08\/carteira-de-trabalho-digital_mcamgo_abr_240620211818.jpg?fit=1044%2C700&ssl=1","contentUrl":"https:\/\/i0.wp.com\/verdadeon.com.br\/portal\/wp-content\/uploads\/2023\/08\/carteira-de-trabalho-digital_mcamgo_abr_240620211818.jpg?fit=1044%2C700&ssl=1","width":1044,"height":700,"caption":"A reforma trabalhista (Lei 13.467\/17) estabeleceu que os acordos coletivos agora t\u00eam liberdade para prever condi\u00e7\u00f5es de servi\u00e7os que antes eram inaceit\u00e1veis. Os principais exemplos dizem respeito a jornadas de trabalho estendidas, banco de horas, intervalo para alimenta\u00e7\u00e3o e at\u00e9 grau de insalubridade do ambiente (\u00a9Marcelo Camargo\/Ag\u00eancia Brasil)"},{"@type":"BreadcrumbList","@id":"https:\/\/verdadeon.com.br\/portal\/2024\/04\/30\/dia-do-trabalho-fique-atento-os-principais-direitos-dos-trabalhadores\/#breadcrumb","itemListElement":[{"@type":"ListItem","position":1,"name":"In\u00edcio","item":"https:\/\/verdadeon.com.br\/portal\/"},{"@type":"ListItem","position":2,"name":"Dia do Trabalho: fique atento os principais direitos dos trabalhadores"}]},{"@type":"WebSite","@id":"https:\/\/verdadeon.com.br\/portal\/#website","url":"https:\/\/verdadeon.com.br\/portal\/","name":"VerdadeOn","description":"Not\u00edcias di\u00e1rias sobre Franca, Regi\u00e3o, Esporte, Cultura, Cotidiano, Colunas. Cobertura nos principais eventos da cidade \u00e9 aqui - Verdadeon Franca","potentialAction":[{"@type":"SearchAction","target":{"@type":"EntryPoint","urlTemplate":"https:\/\/verdadeon.com.br\/portal\/?s={search_term_string}"},"query-input":{"@type":"PropertyValueSpecification","valueRequired":true,"valueName":"search_term_string"}}],"inLanguage":"pt-BR"},{"@type":"Person","@id":"https:\/\/verdadeon.com.br\/portal\/#\/schema\/person\/a5060ad1e9ea3df545188fc93ce43d2f","name":"Redacao VerdadeOn","image":{"@type":"ImageObject","inLanguage":"pt-BR","@id":"https:\/\/verdadeon.com.br\/portal\/#\/schema\/person\/image\/","url":"https:\/\/secure.gravatar.com\/avatar\/459a9613caaaf07f582c3d0841eea68bdd66f533e465e6ba8b9cb45619572cf4?s=96&d=mm&r=g","contentUrl":"https:\/\/secure.gravatar.com\/avatar\/459a9613caaaf07f582c3d0841eea68bdd66f533e465e6ba8b9cb45619572cf4?s=96&d=mm&r=g","caption":"Redacao VerdadeOn"},"url":"https:\/\/verdadeon.com.br\/portal\/author\/redacao\/"}]}},"jetpack_publicize_connections":[],"jetpack_featured_media_url":"https:\/\/i0.wp.com\/verdadeon.com.br\/portal\/wp-content\/uploads\/2023\/08\/carteira-de-trabalho-digital_mcamgo_abr_240620211818.jpg?fit=1044%2C700&ssl=1","jetpack_sharing_enabled":true,"_links":{"self":[{"href":"https:\/\/verdadeon.com.br\/portal\/wp-json\/wp\/v2\/posts\/44060","targetHints":{"allow":["GET"]}}],"collection":[{"href":"https:\/\/verdadeon.com.br\/portal\/wp-json\/wp\/v2\/posts"}],"about":[{"href":"https:\/\/verdadeon.com.br\/portal\/wp-json\/wp\/v2\/types\/post"}],"author":[{"embeddable":true,"href":"https:\/\/verdadeon.com.br\/portal\/wp-json\/wp\/v2\/users\/10"}],"replies":[{"embeddable":true,"href":"https:\/\/verdadeon.com.br\/portal\/wp-json\/wp\/v2\/comments?post=44060"}],"version-history":[{"count":1,"href":"https:\/\/verdadeon.com.br\/portal\/wp-json\/wp\/v2\/posts\/44060\/revisions"}],"predecessor-version":[{"id":44061,"href":"https:\/\/verdadeon.com.br\/portal\/wp-json\/wp\/v2\/posts\/44060\/revisions\/44061"}],"wp:featuredmedia":[{"embeddable":true,"href":"https:\/\/verdadeon.com.br\/portal\/wp-json\/wp\/v2\/media\/37275"}],"wp:attachment":[{"href":"https:\/\/verdadeon.com.br\/portal\/wp-json\/wp\/v2\/media?parent=44060"}],"wp:term":[{"taxonomy":"category","embeddable":true,"href":"https:\/\/verdadeon.com.br\/portal\/wp-json\/wp\/v2\/categories?post=44060"},{"taxonomy":"post_tag","embeddable":true,"href":"https:\/\/verdadeon.com.br\/portal\/wp-json\/wp\/v2\/tags?post=44060"}],"curies":[{"name":"wp","href":"https:\/\/api.w.org\/{rel}","templated":true}]}}