{"id":44041,"date":"2024-04-29T17:19:08","date_gmt":"2024-04-29T20:19:08","guid":{"rendered":"https:\/\/verdadeon.com.br\/portal\/?p=44041"},"modified":"2024-04-29T18:51:29","modified_gmt":"2024-04-29T21:51:29","slug":"cidade-e-regiao-comemoram-o-exito-da-a-a-francana","status":"publish","type":"post","link":"https:\/\/verdadeon.com.br\/portal\/2024\/04\/29\/cidade-e-regiao-comemoram-o-exito-da-a-a-francana\/","title":{"rendered":"Cidade e regi\u00e3o comemoram o \u00eaxito da A. A. Francana!"},"content":{"rendered":"<h2>Mais de 10 mil torcedores vibraram no empate de domingo no &#8216;Lanch\u00e3o&#8217;<\/h2>\n<p style=\"text-align: right;\"><em>Reportagem: Paulo Fernando D. Gon\u00e7alves \/ Fotos: Charlene Porto<\/em><\/p>\n<p style=\"text-align: left;\" align=\"center\">A equipe de atletas da <em><strong>Associa\u00e7\u00e3o Atl\u00e9tica Francana<\/strong><\/em> confirmou que a temporada 2023 \u00e9 um marco hist\u00f3rico para o clube, quando a volta do t\u00e9cnico Wantuil Rodrigues inspirou o elenco para alcan\u00e7ar um degrau acima no cen\u00e1rio do futebol profissional paulista e brasileiro, desde que manteve seu padr\u00e3o futebol\u00edstico, superando as dif\u00edceis etapas da s\u00e9rie A4, antes chamada Sub-23, quando p\u00f4de confirmar que valeria sonhar e buscar o objetivo, depois de concorrer com mais 31 agremia\u00e7\u00f5es do interior e da grande SP durante os \u00faltimos meses e, assim, tornar-se agora integrante por m\u00e9ritos pr\u00f3prios da S\u00e9rie A3, onde retornar\u00e1 ao cen\u00e1rio com outras 15 equipes. O pr\u00f3ximo objetivo \u00e9 ser campe\u00e3o, onde ser\u00e3o disputados dois jogos, o primeiro em Americana no pr\u00f3ximo s\u00e1bado (4) \u00e0s 15h e segundo jogo em casa no domingo (12), dia das m\u00e3es, as 10h30 no Lanch\u00e3o.<\/p>\n<p>De agora em diante, a equipe da \u201cVeterana\u201d tem a miss\u00e3o de confirmar sua compet\u00eancia t\u00e9cnica e dedica\u00e7\u00e3o, para seguir em frente e repetir as alegrias vividas em outros tempos, quando fez de sua casa, o hist\u00f3rico Est\u00e1dio Cel. Nh\u00f4 Chico, palco de sucessos seguidos, que motivou a Prefeitura a erguer em tempo recorde nos anos 80, o Est\u00e1dio Municipal, que reverencia o nome de seu criador, o saudoso ex-vereador e ex-prefeito Dr. Jos\u00e9 Lancha Filho. O Clube tem 112 anos de hist\u00f3ria e cole\u00e7\u00e3o de dezenas de t\u00edtulos no futebol.<\/p>\n<p>Mais de 10 mil pessoas assistiram, torceram, vibraram e aplaudiram domingo pela manh\u00e3, o empate 0x0 domingo, valorizado pelo esfor\u00e7o do advers\u00e1rio SKA Brasil, de Santana do Parna\u00edba, onde o mesmo placar foi registrado no jogo de ida uma semana antes. Assim, com a vit\u00f3ria indiscut\u00edvel do C. A. Rio Branco, de Americana, sobre um inexpressivo time de Ja\u00fa em outra chave, as duas equipes somam pontua\u00e7\u00e3o para consolidar seus esfor\u00e7os, faltando apenas apontar o campe\u00e3o final da S\u00e9rie A4, em dois jogos sendo o primeiro no domingo, dia 5 de maio em Americana e o final, em Franca, dia 12 de maio.<\/p>\n<p>\u00c9 com a expectativa de novo recorde de p\u00fablico semelhante ao que lotou o mesmo \u201cLanch\u00e3o\u201d no hist\u00f3rico acesso \u00e0 principal divis\u00e3o do futebol paulista, em 1977. H\u00e1 nove anos a A. A. Francana vinha na luta por sua recupera\u00e7\u00e3o e, agora consolidada, tem o feito reconhecido e comemorado em toda a regi\u00e3o, como a publica\u00e7\u00e3o do Botafogo F. C., de Ribeir\u00e3o Preto, saudando o retorno da Veterana ao destaque regional de futebol. No domingo o p\u00fablico pagante foi de 9.383 pessoas, com a renda total de R$ 173.145,00 nas bilheterias, estimando-se p\u00fablico maior pela gratuidade concedida, superando 10 mil pessoas.<\/p>\n<p>O grupo de atletas, a Comiss\u00e3o T\u00e9cnica e a atual diretoria administrativa da Francana est\u00e3o recebendo o carinho, gratid\u00e3o e aplausos de toda a regi\u00e3o, o que deve preservar suas perman\u00eancias e outros refor\u00e7os para o certame da A3 de 2025 e nas competi\u00e7\u00f5es nacionais como a Copa do Brasil e campeonato brasileiro da S\u00e9rie D, a partir de julho. Para 2025 junto com outras 15 agremia\u00e7\u00f5es, inclusive o Comercial de Ribeir\u00e3o Preto e o Monte Azul, rebaixados da S\u00e9rie A2 neste ano, os jogos ser\u00e3o quatro s\u00e9ries de quatro integrantes e, na parte final, classificando os dois primeiros de cada s\u00e9rie a um torneio de ida e volta entre os oito melhor colocados e, dali as quartas de final entre eles e os jogos de semifinais.<\/p>\n<p>A cidade corresponde com arrecada\u00e7\u00e3o maior dentro da competi\u00e7\u00e3o, com um trabalho de apoio de empresas locais patrocinando e, tamb\u00e9m, da m\u00eddia que incentivou a torcida no apelo e divulga\u00e7\u00e3o de apoio ao clube e reconhecimento ao esfor\u00e7o do elenco e seu t\u00e9cnico. A Diretoria n\u00e3o anunciou a premia\u00e7\u00e3o pelo \u00eaxito, o que deve acontecer ap\u00f3s os jogos finais em maio.<\/p>\n<div id=\"attachment_44042\" style=\"width: 730px\" class=\"wp-caption alignnone\"><img data-recalc-dims=\"1\" loading=\"lazy\" decoding=\"async\" aria-describedby=\"caption-attachment-44042\" class=\"size-full wp-image-44042\" src=\"https:\/\/i0.wp.com\/verdadeon.com.br\/portal\/wp-content\/uploads\/2024\/04\/WhatsApp-Image-2024-04-29-at-15.38.02.jpeg?resize=720%2C480&#038;ssl=1\" alt=\"\" width=\"720\" height=\"480\" srcset=\"https:\/\/i0.wp.com\/verdadeon.com.br\/portal\/wp-content\/uploads\/2024\/04\/WhatsApp-Image-2024-04-29-at-15.38.02.jpeg?w=720&amp;ssl=1 720w, https:\/\/i0.wp.com\/verdadeon.com.br\/portal\/wp-content\/uploads\/2024\/04\/WhatsApp-Image-2024-04-29-at-15.38.02.jpeg?resize=300%2C200&amp;ssl=1 300w, https:\/\/i0.wp.com\/verdadeon.com.br\/portal\/wp-content\/uploads\/2024\/04\/WhatsApp-Image-2024-04-29-at-15.38.02.jpeg?resize=219%2C146&amp;ssl=1 219w, https:\/\/i0.wp.com\/verdadeon.com.br\/portal\/wp-content\/uploads\/2024\/04\/WhatsApp-Image-2024-04-29-at-15.38.02.jpeg?resize=50%2C33&amp;ssl=1 50w, https:\/\/i0.wp.com\/verdadeon.com.br\/portal\/wp-content\/uploads\/2024\/04\/WhatsApp-Image-2024-04-29-at-15.38.02.jpeg?resize=113%2C75&amp;ssl=1 113w\" sizes=\"auto, (max-width: 720px) 100vw, 720px\" \/><p id=\"caption-attachment-44042\" class=\"wp-caption-text\">Francana consegue classifica\u00e7\u00e3o para a s\u00e9rie A3 do Campeonato Paulista diante do SKA Brasil (\u00a9Charlene Porto)<\/p><\/div>\n<p><img data-recalc-dims=\"1\" loading=\"lazy\" decoding=\"async\" class=\"alignnone size-full wp-image-44044\" src=\"https:\/\/i0.wp.com\/verdadeon.com.br\/portal\/wp-content\/uploads\/2024\/04\/WhatsApp-Image-2024-04-29-at-15.38.03.jpeg?resize=720%2C471&#038;ssl=1\" alt=\"\" width=\"720\" height=\"471\" srcset=\"https:\/\/i0.wp.com\/verdadeon.com.br\/portal\/wp-content\/uploads\/2024\/04\/WhatsApp-Image-2024-04-29-at-15.38.03.jpeg?w=720&amp;ssl=1 720w, https:\/\/i0.wp.com\/verdadeon.com.br\/portal\/wp-content\/uploads\/2024\/04\/WhatsApp-Image-2024-04-29-at-15.38.03.jpeg?resize=300%2C196&amp;ssl=1 300w, https:\/\/i0.wp.com\/verdadeon.com.br\/portal\/wp-content\/uploads\/2024\/04\/WhatsApp-Image-2024-04-29-at-15.38.03.jpeg?resize=223%2C146&amp;ssl=1 223w, https:\/\/i0.wp.com\/verdadeon.com.br\/portal\/wp-content\/uploads\/2024\/04\/WhatsApp-Image-2024-04-29-at-15.38.03.jpeg?resize=50%2C33&amp;ssl=1 50w, https:\/\/i0.wp.com\/verdadeon.com.br\/portal\/wp-content\/uploads\/2024\/04\/WhatsApp-Image-2024-04-29-at-15.38.03.jpeg?resize=115%2C75&amp;ssl=1 115w\" sizes=\"auto, (max-width: 720px) 100vw, 720px\" \/><\/p>\n","protected":false},"excerpt":{"rendered":"<p>Mais de 10 mil torcedores vibraram no empate de domingo no &#8216;Lanch\u00e3o&#8217; Reportagem: Paulo Fernando D. Gon\u00e7alves \/ Fotos: Charlene Porto A equipe de atletas da<span class=\"excerpt-hellip\"> [\u2026]<\/span><\/p>\n","protected":false},"author":10,"featured_media":44043,"comment_status":"open","ping_status":"open","sticky":false,"template":"","format":"standard","meta":{"_jetpack_memberships_contains_paid_content":false,"footnotes":"","jetpack_publicize_message":"","jetpack_publicize_feature_enabled":true,"jetpack_social_post_already_shared":false,"jetpack_social_options":{"image_generator_settings":{"template":"highway","default_image_id":0,"enabled":false},"version":2}},"categories":[28,81],"tags":[],"class_list":["post-44041","post","type-post","status-publish","format-standard","has-post-thumbnail","hentry","category-cotidiano","category-manchete"],"yoast_head":"<!-- This site is optimized with the Yoast SEO plugin v25.6 - https:\/\/yoast.com\/wordpress\/plugins\/seo\/ -->\n<title>Cidade e regi\u00e3o comemoram o \u00eaxito da A. A. Francana! - VerdadeOn<\/title>\n<meta name=\"robots\" content=\"index, follow, max-snippet:-1, max-image-preview:large, max-video-preview:-1\" \/>\n<link rel=\"canonical\" href=\"https:\/\/verdadeon.com.br\/portal\/2024\/04\/29\/cidade-e-regiao-comemoram-o-exito-da-a-a-francana\/\" \/>\n<meta property=\"og:locale\" content=\"pt_BR\" \/>\n<meta property=\"og:type\" content=\"article\" \/>\n<meta property=\"og:title\" content=\"Cidade e regi\u00e3o comemoram o \u00eaxito da A. A. Francana! - VerdadeOn\" \/>\n<meta property=\"og:description\" content=\"Mais de 10 mil torcedores vibraram no empate de domingo no &#8216;Lanch\u00e3o&#8217; Reportagem: Paulo Fernando D. Gon\u00e7alves \/ Fotos: Charlene Porto A equipe de atletas da [\u2026]\" \/>\n<meta property=\"og:url\" content=\"https:\/\/verdadeon.com.br\/portal\/2024\/04\/29\/cidade-e-regiao-comemoram-o-exito-da-a-a-francana\/\" \/>\n<meta property=\"og:site_name\" content=\"VerdadeOn\" \/>\n<meta property=\"article:published_time\" content=\"2024-04-29T20:19:08+00:00\" \/>\n<meta property=\"article:modified_time\" content=\"2024-04-29T21:51:29+00:00\" \/>\n<meta property=\"og:image\" content=\"https:\/\/verdadeon.com.br\/portal\/wp-content\/uploads\/2024\/04\/DSC_0452-1.jpg\" \/>\n\t<meta property=\"og:image:width\" content=\"2048\" \/>\n\t<meta property=\"og:image:height\" content=\"1365\" \/>\n\t<meta property=\"og:image:type\" content=\"image\/jpeg\" \/>\n<meta name=\"author\" content=\"Redacao VerdadeOn\" \/>\n<meta name=\"twitter:card\" content=\"summary_large_image\" \/>\n<meta name=\"twitter:label1\" content=\"Escrito por\" \/>\n\t<meta name=\"twitter:data1\" content=\"Redacao VerdadeOn\" \/>\n\t<meta name=\"twitter:label2\" content=\"Est. tempo de leitura\" \/>\n\t<meta name=\"twitter:data2\" content=\"5 minutos\" \/>\n<script type=\"application\/ld+json\" class=\"yoast-schema-graph\">{\"@context\":\"https:\/\/schema.org\",\"@graph\":[{\"@type\":\"WebPage\",\"@id\":\"https:\/\/verdadeon.com.br\/portal\/2024\/04\/29\/cidade-e-regiao-comemoram-o-exito-da-a-a-francana\/\",\"url\":\"https:\/\/verdadeon.com.br\/portal\/2024\/04\/29\/cidade-e-regiao-comemoram-o-exito-da-a-a-francana\/\",\"name\":\"Cidade e regi\u00e3o comemoram o \u00eaxito da A. A. Francana! - VerdadeOn\",\"isPartOf\":{\"@id\":\"https:\/\/verdadeon.com.br\/portal\/#website\"},\"primaryImageOfPage\":{\"@id\":\"https:\/\/verdadeon.com.br\/portal\/2024\/04\/29\/cidade-e-regiao-comemoram-o-exito-da-a-a-francana\/#primaryimage\"},\"image\":{\"@id\":\"https:\/\/verdadeon.com.br\/portal\/2024\/04\/29\/cidade-e-regiao-comemoram-o-exito-da-a-a-francana\/#primaryimage\"},\"thumbnailUrl\":\"https:\/\/i0.wp.com\/verdadeon.com.br\/portal\/wp-content\/uploads\/2024\/04\/DSC_0452-1.jpg?fit=2048%2C1365&ssl=1\",\"datePublished\":\"2024-04-29T20:19:08+00:00\",\"dateModified\":\"2024-04-29T21:51:29+00:00\",\"author\":{\"@id\":\"https:\/\/verdadeon.com.br\/portal\/#\/schema\/person\/a5060ad1e9ea3df545188fc93ce43d2f\"},\"breadcrumb\":{\"@id\":\"https:\/\/verdadeon.com.br\/portal\/2024\/04\/29\/cidade-e-regiao-comemoram-o-exito-da-a-a-francana\/#breadcrumb\"},\"inLanguage\":\"pt-BR\",\"potentialAction\":[{\"@type\":\"ReadAction\",\"target\":[\"https:\/\/verdadeon.com.br\/portal\/2024\/04\/29\/cidade-e-regiao-comemoram-o-exito-da-a-a-francana\/\"]}]},{\"@type\":\"ImageObject\",\"inLanguage\":\"pt-BR\",\"@id\":\"https:\/\/verdadeon.com.br\/portal\/2024\/04\/29\/cidade-e-regiao-comemoram-o-exito-da-a-a-francana\/#primaryimage\",\"url\":\"https:\/\/i0.wp.com\/verdadeon.com.br\/portal\/wp-content\/uploads\/2024\/04\/DSC_0452-1.jpg?fit=2048%2C1365&ssl=1\",\"contentUrl\":\"https:\/\/i0.wp.com\/verdadeon.com.br\/portal\/wp-content\/uploads\/2024\/04\/DSC_0452-1.jpg?fit=2048%2C1365&ssl=1\",\"width\":2048,\"height\":1365,\"caption\":\"Trof\u00e9u da Federa\u00e7\u00e3o Paulista de Futebol (FPF) para o campe\u00e3o da s\u00e9rie A3 (\u00a9Divulga\u00e7\u00e3o)\"},{\"@type\":\"BreadcrumbList\",\"@id\":\"https:\/\/verdadeon.com.br\/portal\/2024\/04\/29\/cidade-e-regiao-comemoram-o-exito-da-a-a-francana\/#breadcrumb\",\"itemListElement\":[{\"@type\":\"ListItem\",\"position\":1,\"name\":\"In\u00edcio\",\"item\":\"https:\/\/verdadeon.com.br\/portal\/\"},{\"@type\":\"ListItem\",\"position\":2,\"name\":\"Cidade e regi\u00e3o comemoram o \u00eaxito da A. A. Francana!\"}]},{\"@type\":\"WebSite\",\"@id\":\"https:\/\/verdadeon.com.br\/portal\/#website\",\"url\":\"https:\/\/verdadeon.com.br\/portal\/\",\"name\":\"VerdadeOn\",\"description\":\"Not\u00edcias di\u00e1rias sobre Franca, Regi\u00e3o, Esporte, Cultura, Cotidiano, Colunas. Cobertura nos principais eventos da cidade \u00e9 aqui - Verdadeon Franca\",\"potentialAction\":[{\"@type\":\"SearchAction\",\"target\":{\"@type\":\"EntryPoint\",\"urlTemplate\":\"https:\/\/verdadeon.com.br\/portal\/?s={search_term_string}\"},\"query-input\":{\"@type\":\"PropertyValueSpecification\",\"valueRequired\":true,\"valueName\":\"search_term_string\"}}],\"inLanguage\":\"pt-BR\"},{\"@type\":\"Person\",\"@id\":\"https:\/\/verdadeon.com.br\/portal\/#\/schema\/person\/a5060ad1e9ea3df545188fc93ce43d2f\",\"name\":\"Redacao VerdadeOn\",\"image\":{\"@type\":\"ImageObject\",\"inLanguage\":\"pt-BR\",\"@id\":\"https:\/\/verdadeon.com.br\/portal\/#\/schema\/person\/image\/\",\"url\":\"https:\/\/secure.gravatar.com\/avatar\/459a9613caaaf07f582c3d0841eea68bdd66f533e465e6ba8b9cb45619572cf4?s=96&d=mm&r=g\",\"contentUrl\":\"https:\/\/secure.gravatar.com\/avatar\/459a9613caaaf07f582c3d0841eea68bdd66f533e465e6ba8b9cb45619572cf4?s=96&d=mm&r=g\",\"caption\":\"Redacao VerdadeOn\"},\"url\":\"https:\/\/verdadeon.com.br\/portal\/author\/redacao\/\"}]}<\/script>\n<!-- \/ Yoast SEO plugin. -->","yoast_head_json":{"title":"Cidade e regi\u00e3o comemoram o \u00eaxito da A. A. Francana! - VerdadeOn","robots":{"index":"index","follow":"follow","max-snippet":"max-snippet:-1","max-image-preview":"max-image-preview:large","max-video-preview":"max-video-preview:-1"},"canonical":"https:\/\/verdadeon.com.br\/portal\/2024\/04\/29\/cidade-e-regiao-comemoram-o-exito-da-a-a-francana\/","og_locale":"pt_BR","og_type":"article","og_title":"Cidade e regi\u00e3o comemoram o \u00eaxito da A. A. Francana! - VerdadeOn","og_description":"Mais de 10 mil torcedores vibraram no empate de domingo no &#8216;Lanch\u00e3o&#8217; Reportagem: Paulo Fernando D. Gon\u00e7alves \/ Fotos: Charlene Porto A equipe de atletas da [\u2026]","og_url":"https:\/\/verdadeon.com.br\/portal\/2024\/04\/29\/cidade-e-regiao-comemoram-o-exito-da-a-a-francana\/","og_site_name":"VerdadeOn","article_published_time":"2024-04-29T20:19:08+00:00","article_modified_time":"2024-04-29T21:51:29+00:00","og_image":[{"width":2048,"height":1365,"url":"https:\/\/verdadeon.com.br\/portal\/wp-content\/uploads\/2024\/04\/DSC_0452-1.jpg","type":"image\/jpeg"}],"author":"Redacao VerdadeOn","twitter_card":"summary_large_image","twitter_misc":{"Escrito por":"Redacao VerdadeOn","Est. tempo de leitura":"5 minutos"},"schema":{"@context":"https:\/\/schema.org","@graph":[{"@type":"WebPage","@id":"https:\/\/verdadeon.com.br\/portal\/2024\/04\/29\/cidade-e-regiao-comemoram-o-exito-da-a-a-francana\/","url":"https:\/\/verdadeon.com.br\/portal\/2024\/04\/29\/cidade-e-regiao-comemoram-o-exito-da-a-a-francana\/","name":"Cidade e regi\u00e3o comemoram o \u00eaxito da A. A. Francana! - VerdadeOn","isPartOf":{"@id":"https:\/\/verdadeon.com.br\/portal\/#website"},"primaryImageOfPage":{"@id":"https:\/\/verdadeon.com.br\/portal\/2024\/04\/29\/cidade-e-regiao-comemoram-o-exito-da-a-a-francana\/#primaryimage"},"image":{"@id":"https:\/\/verdadeon.com.br\/portal\/2024\/04\/29\/cidade-e-regiao-comemoram-o-exito-da-a-a-francana\/#primaryimage"},"thumbnailUrl":"https:\/\/i0.wp.com\/verdadeon.com.br\/portal\/wp-content\/uploads\/2024\/04\/DSC_0452-1.jpg?fit=2048%2C1365&ssl=1","datePublished":"2024-04-29T20:19:08+00:00","dateModified":"2024-04-29T21:51:29+00:00","author":{"@id":"https:\/\/verdadeon.com.br\/portal\/#\/schema\/person\/a5060ad1e9ea3df545188fc93ce43d2f"},"breadcrumb":{"@id":"https:\/\/verdadeon.com.br\/portal\/2024\/04\/29\/cidade-e-regiao-comemoram-o-exito-da-a-a-francana\/#breadcrumb"},"inLanguage":"pt-BR","potentialAction":[{"@type":"ReadAction","target":["https:\/\/verdadeon.com.br\/portal\/2024\/04\/29\/cidade-e-regiao-comemoram-o-exito-da-a-a-francana\/"]}]},{"@type":"ImageObject","inLanguage":"pt-BR","@id":"https:\/\/verdadeon.com.br\/portal\/2024\/04\/29\/cidade-e-regiao-comemoram-o-exito-da-a-a-francana\/#primaryimage","url":"https:\/\/i0.wp.com\/verdadeon.com.br\/portal\/wp-content\/uploads\/2024\/04\/DSC_0452-1.jpg?fit=2048%2C1365&ssl=1","contentUrl":"https:\/\/i0.wp.com\/verdadeon.com.br\/portal\/wp-content\/uploads\/2024\/04\/DSC_0452-1.jpg?fit=2048%2C1365&ssl=1","width":2048,"height":1365,"caption":"Trof\u00e9u da Federa\u00e7\u00e3o Paulista de Futebol (FPF) para o campe\u00e3o da s\u00e9rie A3 (\u00a9Divulga\u00e7\u00e3o)"},{"@type":"BreadcrumbList","@id":"https:\/\/verdadeon.com.br\/portal\/2024\/04\/29\/cidade-e-regiao-comemoram-o-exito-da-a-a-francana\/#breadcrumb","itemListElement":[{"@type":"ListItem","position":1,"name":"In\u00edcio","item":"https:\/\/verdadeon.com.br\/portal\/"},{"@type":"ListItem","position":2,"name":"Cidade e regi\u00e3o comemoram o \u00eaxito da A. A. Francana!"}]},{"@type":"WebSite","@id":"https:\/\/verdadeon.com.br\/portal\/#website","url":"https:\/\/verdadeon.com.br\/portal\/","name":"VerdadeOn","description":"Not\u00edcias di\u00e1rias sobre Franca, Regi\u00e3o, Esporte, Cultura, Cotidiano, Colunas. Cobertura nos principais eventos da cidade \u00e9 aqui - Verdadeon Franca","potentialAction":[{"@type":"SearchAction","target":{"@type":"EntryPoint","urlTemplate":"https:\/\/verdadeon.com.br\/portal\/?s={search_term_string}"},"query-input":{"@type":"PropertyValueSpecification","valueRequired":true,"valueName":"search_term_string"}}],"inLanguage":"pt-BR"},{"@type":"Person","@id":"https:\/\/verdadeon.com.br\/portal\/#\/schema\/person\/a5060ad1e9ea3df545188fc93ce43d2f","name":"Redacao VerdadeOn","image":{"@type":"ImageObject","inLanguage":"pt-BR","@id":"https:\/\/verdadeon.com.br\/portal\/#\/schema\/person\/image\/","url":"https:\/\/secure.gravatar.com\/avatar\/459a9613caaaf07f582c3d0841eea68bdd66f533e465e6ba8b9cb45619572cf4?s=96&d=mm&r=g","contentUrl":"https:\/\/secure.gravatar.com\/avatar\/459a9613caaaf07f582c3d0841eea68bdd66f533e465e6ba8b9cb45619572cf4?s=96&d=mm&r=g","caption":"Redacao VerdadeOn"},"url":"https:\/\/verdadeon.com.br\/portal\/author\/redacao\/"}]}},"jetpack_publicize_connections":[],"jetpack_featured_media_url":"https:\/\/i0.wp.com\/verdadeon.com.br\/portal\/wp-content\/uploads\/2024\/04\/DSC_0452-1.jpg?fit=2048%2C1365&ssl=1","jetpack_sharing_enabled":true,"_links":{"self":[{"href":"https:\/\/verdadeon.com.br\/portal\/wp-json\/wp\/v2\/posts\/44041","targetHints":{"allow":["GET"]}}],"collection":[{"href":"https:\/\/verdadeon.com.br\/portal\/wp-json\/wp\/v2\/posts"}],"about":[{"href":"https:\/\/verdadeon.com.br\/portal\/wp-json\/wp\/v2\/types\/post"}],"author":[{"embeddable":true,"href":"https:\/\/verdadeon.com.br\/portal\/wp-json\/wp\/v2\/users\/10"}],"replies":[{"embeddable":true,"href":"https:\/\/verdadeon.com.br\/portal\/wp-json\/wp\/v2\/comments?post=44041"}],"version-history":[{"count":4,"href":"https:\/\/verdadeon.com.br\/portal\/wp-json\/wp\/v2\/posts\/44041\/revisions"}],"predecessor-version":[{"id":44048,"href":"https:\/\/verdadeon.com.br\/portal\/wp-json\/wp\/v2\/posts\/44041\/revisions\/44048"}],"wp:featuredmedia":[{"embeddable":true,"href":"https:\/\/verdadeon.com.br\/portal\/wp-json\/wp\/v2\/media\/44043"}],"wp:attachment":[{"href":"https:\/\/verdadeon.com.br\/portal\/wp-json\/wp\/v2\/media?parent=44041"}],"wp:term":[{"taxonomy":"category","embeddable":true,"href":"https:\/\/verdadeon.com.br\/portal\/wp-json\/wp\/v2\/categories?post=44041"},{"taxonomy":"post_tag","embeddable":true,"href":"https:\/\/verdadeon.com.br\/portal\/wp-json\/wp\/v2\/tags?post=44041"}],"curies":[{"name":"wp","href":"https:\/\/api.w.org\/{rel}","templated":true}]}}