{"id":4398,"date":"2020-03-01T07:10:34","date_gmt":"2020-03-01T10:10:34","guid":{"rendered":"http:\/\/verdadeon.com.br\/portal\/?p=4398"},"modified":"2020-02-29T19:37:22","modified_gmt":"2020-02-29T22:37:22","slug":"alta-cafe-feira-com-presenca-de-ministro-deve-movimentar-setor-do-agronegocio","status":"publish","type":"post","link":"https:\/\/verdadeon.com.br\/portal\/2020\/03\/01\/alta-cafe-feira-com-presenca-de-ministro-deve-movimentar-setor-do-agronegocio\/","title":{"rendered":"Alta Caf\u00e9: feira com presen\u00e7a de ministro deve movimentar setor do  agroneg\u00f3cio"},"content":{"rendered":"<h2>Ministro Ricardo Salles participar\u00e1 da abertura do evento nesta segunda-feira (2)<\/h2>\n<p>Reportagem Daniel Afonso<\/p>\n<p>Franca vai reunir empreendedores e produtores rurais na pr\u00f3xima semana. Acontece de 3 a 5 de mar\u00e7o, a 1\u00aa Alta Caf\u00e9 \u2013 Feira de Neg\u00f3cios e Tecnologia da Alta Mogiana, um evento idealizado pela AEAGRO (Associa\u00e7\u00e3o dos Empreendedores do Agroneg\u00f3cio de Franca e regi\u00e3o) e Sindicato Rural. A feira ocorre no Villa Eventos e sua entrada \u00e9 gratuita.<br \/>\nA inten\u00e7\u00e3o da feira \u00e9 trazer inova\u00e7\u00f5es em m\u00e1quinas e equipamentos para a cafeicultura. A abertura oficial do evento se dar\u00e1 nesta segunda-feira (2) \u00e0s 13 horas, com a presen\u00e7a confirmada do ministro de Meio Ambiente, Ricardo Salles, dentre outras autoridades do cen\u00e1rio pol\u00edtico nacional e regional.<br \/>\nSegundo o presidente do sindicato, Jos\u00e9 Henrique Mendon\u00e7a, a feira vai apresentar ao p\u00fablico o que h\u00e1 de mais novo em tecnologia em m\u00e1quinas com intuito de melhorar a produtividade, o desempenho e a economia para o produtor.<br \/>\nDe acordo com o empres\u00e1rio Sami El Jurdi, um dos organizadores, os cafeicultores encontrar\u00e3o durante os tr\u00eas dias, novidades em tratores, com baixo consumo de combust\u00edvel e alto desempenho, colhedora de caf\u00e9 com alta efici\u00eancia e pouca perda, al\u00e9m de tecnologias de manejo de solos, de aduba\u00e7\u00e3o.<br \/>\n\u201cOs cafeicultores ir\u00e3o ver muita tecnologia, m\u00e1quinas que eles nem sonham que existem. Todos querem produzir mais, em menor \u00e1rea e, por tanto, com menor custo\u201d, destacou.<\/p>\n<p>Inova\u00e7\u00f5es<br \/>\nPara quem busca novidades em implementos, a concession\u00e1ria Robusta apresentar\u00e1 o trator da marca Yanmar, modelo Solis 90, considerado um multiuso destinado \u00e0 maioria das opera\u00e7\u00f5es em uma propriedade agr\u00edcola, desde o plantio at\u00e9 a colheita de gr\u00e3os e silagem. Moderno, o trator \u00e9 completo e tem caracter\u00edsticas que atendem as necessidades do campo, priorizando o baixo consumo de combust\u00edvel e efici\u00eancia.<br \/>\nPara a colheita, a concession\u00e1ria Colorado, representante John Deere, mostrar\u00e1 uma colhedora de caf\u00e9 Oxbo 9240, considerada a mais vers\u00e1til e tecnol\u00f3gica do mercado. A m\u00e1quina possui painel digital para controle de velocidade, consumo de diesel e poluentes, piloto autom\u00e1tico centralizado para evitar danos nos p\u00e9s e, consequentemente, ter mais rendimento, al\u00e9m de cabine com ar condicionado e c\u00e2meras de led.<br \/>\nPara atender os novos desafios da cafeicultura, a Sami M\u00e1quinas, por meio da Jacto, mostrar\u00e1 a efici\u00eancia da colhedora de caf\u00e9 k 3500. O equipamento tem um reservat\u00f3rio \u00fanico com capacidade de 2 mil litros e oferece regulagem de abertura e fechamento dos derri\u00e7adores. Al\u00e9m disso, a m\u00e1quina tem um grande rendimento operacional e maior adequa\u00e7\u00e3o aos diferentes espa\u00e7amentos de plantio.<br \/>\nRepresentante New Holland, a concessionar\u00e1 A. Alves escolheu apresentar o trator TK4 na primeira edi\u00e7\u00e3o da feira. Esse trator oferece maior tra\u00e7\u00e3o e menor compacta\u00e7\u00e3o do solo durante as opera\u00e7\u00f5es e \u00e9 indicado principalmente para regi\u00f5es de relevo acidentado.<\/p>\n<p>Movimenta\u00e7\u00e3o<br \/>\nO evento destacar\u00e1 principalmente a cafeicultura, considerada a principal economia da regi\u00e3o da Alta Mogiana, geradora de renda e emprego, al\u00e9m do seu potencial em produ\u00e7\u00e3o e exporta\u00e7\u00e3o.<br \/>\nA feira contar\u00e1 com 89 expositores em uma \u00e1rea coberta com restaurantes, cafeterias, food trucks e a presen\u00e7a de cinco institui\u00e7\u00f5es financeiras que oferecer\u00e3o condi\u00e7\u00f5es especiais de financiamento.<\/p>\n","protected":false},"excerpt":{"rendered":"<p>Ministro Ricardo Salles participar\u00e1 da abertura do evento nesta segunda-feira (2) Reportagem Daniel Afonso Franca vai reunir empreendedores e produtores rurais na pr\u00f3xima semana. Acontece de<span class=\"excerpt-hellip\"> [\u2026]<\/span><\/p>\n","protected":false},"author":10,"featured_media":4399,"comment_status":"open","ping_status":"open","sticky":false,"template":"","format":"standard","meta":{"_jetpack_memberships_contains_paid_content":false,"footnotes":"","jetpack_publicize_message":"","jetpack_publicize_feature_enabled":true,"jetpack_social_post_already_shared":false,"jetpack_social_options":{"image_generator_settings":{"template":"highway","default_image_id":0,"enabled":false},"version":2}},"categories":[28,81],"tags":[],"class_list":["post-4398","post","type-post","status-publish","format-standard","has-post-thumbnail","hentry","category-cotidiano","category-manchete"],"yoast_head":"<!-- This site is optimized with the Yoast SEO plugin v25.6 - https:\/\/yoast.com\/wordpress\/plugins\/seo\/ -->\n<title>Alta Caf\u00e9: feira com presen\u00e7a de ministro deve movimentar setor do agroneg\u00f3cio - VerdadeOn<\/title>\n<meta name=\"robots\" content=\"index, follow, max-snippet:-1, max-image-preview:large, max-video-preview:-1\" \/>\n<link rel=\"canonical\" href=\"https:\/\/verdadeon.com.br\/portal\/2020\/03\/01\/alta-cafe-feira-com-presenca-de-ministro-deve-movimentar-setor-do-agronegocio\/\" \/>\n<meta property=\"og:locale\" content=\"pt_BR\" \/>\n<meta property=\"og:type\" content=\"article\" \/>\n<meta property=\"og:title\" content=\"Alta Caf\u00e9: feira com presen\u00e7a de ministro deve movimentar setor do agroneg\u00f3cio - VerdadeOn\" \/>\n<meta property=\"og:description\" content=\"Ministro Ricardo Salles participar\u00e1 da abertura do evento nesta segunda-feira (2) Reportagem Daniel Afonso Franca vai reunir empreendedores e produtores rurais na pr\u00f3xima semana. Acontece de [\u2026]\" \/>\n<meta property=\"og:url\" content=\"https:\/\/verdadeon.com.br\/portal\/2020\/03\/01\/alta-cafe-feira-com-presenca-de-ministro-deve-movimentar-setor-do-agronegocio\/\" \/>\n<meta property=\"og:site_name\" content=\"VerdadeOn\" \/>\n<meta property=\"article:published_time\" content=\"2020-03-01T10:10:34+00:00\" \/>\n<meta property=\"og:image\" content=\"https:\/\/verdadeon.com.br\/portal\/wp-content\/uploads\/2020\/02\/capa.jpg\" \/>\n\t<meta property=\"og:image:width\" content=\"1000\" \/>\n\t<meta property=\"og:image:height\" content=\"670\" \/>\n\t<meta property=\"og:image:type\" content=\"image\/jpeg\" \/>\n<meta name=\"author\" content=\"Redacao VerdadeOn\" \/>\n<meta name=\"twitter:card\" content=\"summary_large_image\" \/>\n<meta name=\"twitter:label1\" content=\"Escrito por\" \/>\n\t<meta name=\"twitter:data1\" content=\"Redacao VerdadeOn\" \/>\n\t<meta name=\"twitter:label2\" content=\"Est. tempo de leitura\" \/>\n\t<meta name=\"twitter:data2\" content=\"3 minutos\" \/>\n<script type=\"application\/ld+json\" class=\"yoast-schema-graph\">{\"@context\":\"https:\/\/schema.org\",\"@graph\":[{\"@type\":\"WebPage\",\"@id\":\"https:\/\/verdadeon.com.br\/portal\/2020\/03\/01\/alta-cafe-feira-com-presenca-de-ministro-deve-movimentar-setor-do-agronegocio\/\",\"url\":\"https:\/\/verdadeon.com.br\/portal\/2020\/03\/01\/alta-cafe-feira-com-presenca-de-ministro-deve-movimentar-setor-do-agronegocio\/\",\"name\":\"Alta Caf\u00e9: feira com presen\u00e7a de ministro deve movimentar setor do agroneg\u00f3cio - VerdadeOn\",\"isPartOf\":{\"@id\":\"https:\/\/verdadeon.com.br\/portal\/#website\"},\"primaryImageOfPage\":{\"@id\":\"https:\/\/verdadeon.com.br\/portal\/2020\/03\/01\/alta-cafe-feira-com-presenca-de-ministro-deve-movimentar-setor-do-agronegocio\/#primaryimage\"},\"image\":{\"@id\":\"https:\/\/verdadeon.com.br\/portal\/2020\/03\/01\/alta-cafe-feira-com-presenca-de-ministro-deve-movimentar-setor-do-agronegocio\/#primaryimage\"},\"thumbnailUrl\":\"https:\/\/i0.wp.com\/verdadeon.com.br\/portal\/wp-content\/uploads\/2020\/02\/capa.jpg?fit=1000%2C670&ssl=1\",\"datePublished\":\"2020-03-01T10:10:34+00:00\",\"author\":{\"@id\":\"https:\/\/verdadeon.com.br\/portal\/#\/schema\/person\/a5060ad1e9ea3df545188fc93ce43d2f\"},\"breadcrumb\":{\"@id\":\"https:\/\/verdadeon.com.br\/portal\/2020\/03\/01\/alta-cafe-feira-com-presenca-de-ministro-deve-movimentar-setor-do-agronegocio\/#breadcrumb\"},\"inLanguage\":\"pt-BR\",\"potentialAction\":[{\"@type\":\"ReadAction\",\"target\":[\"https:\/\/verdadeon.com.br\/portal\/2020\/03\/01\/alta-cafe-feira-com-presenca-de-ministro-deve-movimentar-setor-do-agronegocio\/\"]}]},{\"@type\":\"ImageObject\",\"inLanguage\":\"pt-BR\",\"@id\":\"https:\/\/verdadeon.com.br\/portal\/2020\/03\/01\/alta-cafe-feira-com-presenca-de-ministro-deve-movimentar-setor-do-agronegocio\/#primaryimage\",\"url\":\"https:\/\/i0.wp.com\/verdadeon.com.br\/portal\/wp-content\/uploads\/2020\/02\/capa.jpg?fit=1000%2C670&ssl=1\",\"contentUrl\":\"https:\/\/i0.wp.com\/verdadeon.com.br\/portal\/wp-content\/uploads\/2020\/02\/capa.jpg?fit=1000%2C670&ssl=1\",\"width\":1000,\"height\":670},{\"@type\":\"BreadcrumbList\",\"@id\":\"https:\/\/verdadeon.com.br\/portal\/2020\/03\/01\/alta-cafe-feira-com-presenca-de-ministro-deve-movimentar-setor-do-agronegocio\/#breadcrumb\",\"itemListElement\":[{\"@type\":\"ListItem\",\"position\":1,\"name\":\"In\u00edcio\",\"item\":\"https:\/\/verdadeon.com.br\/portal\/\"},{\"@type\":\"ListItem\",\"position\":2,\"name\":\"Alta Caf\u00e9: feira com presen\u00e7a de ministro deve movimentar setor do agroneg\u00f3cio\"}]},{\"@type\":\"WebSite\",\"@id\":\"https:\/\/verdadeon.com.br\/portal\/#website\",\"url\":\"https:\/\/verdadeon.com.br\/portal\/\",\"name\":\"VerdadeOn\",\"description\":\"Not\u00edcias di\u00e1rias sobre Franca, Regi\u00e3o, Esporte, Cultura, Cotidiano, Colunas. Cobertura nos principais eventos da cidade \u00e9 aqui - Verdadeon Franca\",\"potentialAction\":[{\"@type\":\"SearchAction\",\"target\":{\"@type\":\"EntryPoint\",\"urlTemplate\":\"https:\/\/verdadeon.com.br\/portal\/?s={search_term_string}\"},\"query-input\":{\"@type\":\"PropertyValueSpecification\",\"valueRequired\":true,\"valueName\":\"search_term_string\"}}],\"inLanguage\":\"pt-BR\"},{\"@type\":\"Person\",\"@id\":\"https:\/\/verdadeon.com.br\/portal\/#\/schema\/person\/a5060ad1e9ea3df545188fc93ce43d2f\",\"name\":\"Redacao VerdadeOn\",\"image\":{\"@type\":\"ImageObject\",\"inLanguage\":\"pt-BR\",\"@id\":\"https:\/\/verdadeon.com.br\/portal\/#\/schema\/person\/image\/\",\"url\":\"https:\/\/secure.gravatar.com\/avatar\/459a9613caaaf07f582c3d0841eea68bdd66f533e465e6ba8b9cb45619572cf4?s=96&d=mm&r=g\",\"contentUrl\":\"https:\/\/secure.gravatar.com\/avatar\/459a9613caaaf07f582c3d0841eea68bdd66f533e465e6ba8b9cb45619572cf4?s=96&d=mm&r=g\",\"caption\":\"Redacao VerdadeOn\"},\"url\":\"https:\/\/verdadeon.com.br\/portal\/author\/redacao\/\"}]}<\/script>\n<!-- \/ Yoast SEO plugin. -->","yoast_head_json":{"title":"Alta Caf\u00e9: feira com presen\u00e7a de ministro deve movimentar setor do agroneg\u00f3cio - VerdadeOn","robots":{"index":"index","follow":"follow","max-snippet":"max-snippet:-1","max-image-preview":"max-image-preview:large","max-video-preview":"max-video-preview:-1"},"canonical":"https:\/\/verdadeon.com.br\/portal\/2020\/03\/01\/alta-cafe-feira-com-presenca-de-ministro-deve-movimentar-setor-do-agronegocio\/","og_locale":"pt_BR","og_type":"article","og_title":"Alta Caf\u00e9: feira com presen\u00e7a de ministro deve movimentar setor do agroneg\u00f3cio - VerdadeOn","og_description":"Ministro Ricardo Salles participar\u00e1 da abertura do evento nesta segunda-feira (2) Reportagem Daniel Afonso Franca vai reunir empreendedores e produtores rurais na pr\u00f3xima semana. Acontece de [\u2026]","og_url":"https:\/\/verdadeon.com.br\/portal\/2020\/03\/01\/alta-cafe-feira-com-presenca-de-ministro-deve-movimentar-setor-do-agronegocio\/","og_site_name":"VerdadeOn","article_published_time":"2020-03-01T10:10:34+00:00","og_image":[{"width":1000,"height":670,"url":"https:\/\/verdadeon.com.br\/portal\/wp-content\/uploads\/2020\/02\/capa.jpg","type":"image\/jpeg"}],"author":"Redacao VerdadeOn","twitter_card":"summary_large_image","twitter_misc":{"Escrito por":"Redacao VerdadeOn","Est. tempo de leitura":"3 minutos"},"schema":{"@context":"https:\/\/schema.org","@graph":[{"@type":"WebPage","@id":"https:\/\/verdadeon.com.br\/portal\/2020\/03\/01\/alta-cafe-feira-com-presenca-de-ministro-deve-movimentar-setor-do-agronegocio\/","url":"https:\/\/verdadeon.com.br\/portal\/2020\/03\/01\/alta-cafe-feira-com-presenca-de-ministro-deve-movimentar-setor-do-agronegocio\/","name":"Alta Caf\u00e9: feira com presen\u00e7a de ministro deve movimentar setor do agroneg\u00f3cio - VerdadeOn","isPartOf":{"@id":"https:\/\/verdadeon.com.br\/portal\/#website"},"primaryImageOfPage":{"@id":"https:\/\/verdadeon.com.br\/portal\/2020\/03\/01\/alta-cafe-feira-com-presenca-de-ministro-deve-movimentar-setor-do-agronegocio\/#primaryimage"},"image":{"@id":"https:\/\/verdadeon.com.br\/portal\/2020\/03\/01\/alta-cafe-feira-com-presenca-de-ministro-deve-movimentar-setor-do-agronegocio\/#primaryimage"},"thumbnailUrl":"https:\/\/i0.wp.com\/verdadeon.com.br\/portal\/wp-content\/uploads\/2020\/02\/capa.jpg?fit=1000%2C670&ssl=1","datePublished":"2020-03-01T10:10:34+00:00","author":{"@id":"https:\/\/verdadeon.com.br\/portal\/#\/schema\/person\/a5060ad1e9ea3df545188fc93ce43d2f"},"breadcrumb":{"@id":"https:\/\/verdadeon.com.br\/portal\/2020\/03\/01\/alta-cafe-feira-com-presenca-de-ministro-deve-movimentar-setor-do-agronegocio\/#breadcrumb"},"inLanguage":"pt-BR","potentialAction":[{"@type":"ReadAction","target":["https:\/\/verdadeon.com.br\/portal\/2020\/03\/01\/alta-cafe-feira-com-presenca-de-ministro-deve-movimentar-setor-do-agronegocio\/"]}]},{"@type":"ImageObject","inLanguage":"pt-BR","@id":"https:\/\/verdadeon.com.br\/portal\/2020\/03\/01\/alta-cafe-feira-com-presenca-de-ministro-deve-movimentar-setor-do-agronegocio\/#primaryimage","url":"https:\/\/i0.wp.com\/verdadeon.com.br\/portal\/wp-content\/uploads\/2020\/02\/capa.jpg?fit=1000%2C670&ssl=1","contentUrl":"https:\/\/i0.wp.com\/verdadeon.com.br\/portal\/wp-content\/uploads\/2020\/02\/capa.jpg?fit=1000%2C670&ssl=1","width":1000,"height":670},{"@type":"BreadcrumbList","@id":"https:\/\/verdadeon.com.br\/portal\/2020\/03\/01\/alta-cafe-feira-com-presenca-de-ministro-deve-movimentar-setor-do-agronegocio\/#breadcrumb","itemListElement":[{"@type":"ListItem","position":1,"name":"In\u00edcio","item":"https:\/\/verdadeon.com.br\/portal\/"},{"@type":"ListItem","position":2,"name":"Alta Caf\u00e9: feira com presen\u00e7a de ministro deve movimentar setor do agroneg\u00f3cio"}]},{"@type":"WebSite","@id":"https:\/\/verdadeon.com.br\/portal\/#website","url":"https:\/\/verdadeon.com.br\/portal\/","name":"VerdadeOn","description":"Not\u00edcias di\u00e1rias sobre Franca, Regi\u00e3o, Esporte, Cultura, Cotidiano, Colunas. Cobertura nos principais eventos da cidade \u00e9 aqui - Verdadeon Franca","potentialAction":[{"@type":"SearchAction","target":{"@type":"EntryPoint","urlTemplate":"https:\/\/verdadeon.com.br\/portal\/?s={search_term_string}"},"query-input":{"@type":"PropertyValueSpecification","valueRequired":true,"valueName":"search_term_string"}}],"inLanguage":"pt-BR"},{"@type":"Person","@id":"https:\/\/verdadeon.com.br\/portal\/#\/schema\/person\/a5060ad1e9ea3df545188fc93ce43d2f","name":"Redacao VerdadeOn","image":{"@type":"ImageObject","inLanguage":"pt-BR","@id":"https:\/\/verdadeon.com.br\/portal\/#\/schema\/person\/image\/","url":"https:\/\/secure.gravatar.com\/avatar\/459a9613caaaf07f582c3d0841eea68bdd66f533e465e6ba8b9cb45619572cf4?s=96&d=mm&r=g","contentUrl":"https:\/\/secure.gravatar.com\/avatar\/459a9613caaaf07f582c3d0841eea68bdd66f533e465e6ba8b9cb45619572cf4?s=96&d=mm&r=g","caption":"Redacao VerdadeOn"},"url":"https:\/\/verdadeon.com.br\/portal\/author\/redacao\/"}]}},"jetpack_publicize_connections":[],"jetpack_featured_media_url":"https:\/\/i0.wp.com\/verdadeon.com.br\/portal\/wp-content\/uploads\/2020\/02\/capa.jpg?fit=1000%2C670&ssl=1","jetpack_sharing_enabled":true,"_links":{"self":[{"href":"https:\/\/verdadeon.com.br\/portal\/wp-json\/wp\/v2\/posts\/4398","targetHints":{"allow":["GET"]}}],"collection":[{"href":"https:\/\/verdadeon.com.br\/portal\/wp-json\/wp\/v2\/posts"}],"about":[{"href":"https:\/\/verdadeon.com.br\/portal\/wp-json\/wp\/v2\/types\/post"}],"author":[{"embeddable":true,"href":"https:\/\/verdadeon.com.br\/portal\/wp-json\/wp\/v2\/users\/10"}],"replies":[{"embeddable":true,"href":"https:\/\/verdadeon.com.br\/portal\/wp-json\/wp\/v2\/comments?post=4398"}],"version-history":[{"count":0,"href":"https:\/\/verdadeon.com.br\/portal\/wp-json\/wp\/v2\/posts\/4398\/revisions"}],"wp:featuredmedia":[{"embeddable":true,"href":"https:\/\/verdadeon.com.br\/portal\/wp-json\/wp\/v2\/media\/4399"}],"wp:attachment":[{"href":"https:\/\/verdadeon.com.br\/portal\/wp-json\/wp\/v2\/media?parent=4398"}],"wp:term":[{"taxonomy":"category","embeddable":true,"href":"https:\/\/verdadeon.com.br\/portal\/wp-json\/wp\/v2\/categories?post=4398"},{"taxonomy":"post_tag","embeddable":true,"href":"https:\/\/verdadeon.com.br\/portal\/wp-json\/wp\/v2\/tags?post=4398"}],"curies":[{"name":"wp","href":"https:\/\/api.w.org\/{rel}","templated":true}]}}