{"id":43961,"date":"2024-04-27T10:40:17","date_gmt":"2024-04-27T13:40:17","guid":{"rendered":"https:\/\/verdadeon.com.br\/portal\/?p=43961"},"modified":"2024-04-27T10:40:17","modified_gmt":"2024-04-27T13:40:17","slug":"franca-fica-entre-as-4-cidades-no-pais-reconhecidas-pela-melhoria-dos-indicadores-na-educacao-basica","status":"publish","type":"post","link":"https:\/\/verdadeon.com.br\/portal\/2024\/04\/27\/franca-fica-entre-as-4-cidades-no-pais-reconhecidas-pela-melhoria-dos-indicadores-na-educacao-basica\/","title":{"rendered":"Franca fica entre as 4 cidades no pa\u00eds reconhecidas pela melhoria dos indicadores na Educa\u00e7\u00e3o B\u00e1sica"},"content":{"rendered":"<h2>TCU Avalia pol\u00edtica de educa\u00e7\u00e3o em Franca e destaca pr\u00e1ticas exemplares na gest\u00e3o escolar. Secret\u00e1ria de Educa\u00e7\u00e3o enfatiza investimentos e avan\u00e7os na forma\u00e7\u00e3o de professores e acesso \u00e0 educa\u00e7\u00e3o Especial<\/h2>\n<div>O TCU (Tribunal de Contas da Uni\u00e3o) realizou uma entrevista nesta semana, na Secretaria Municipal de Educa\u00e7\u00e3o para avaliar a pol\u00edtica de educa\u00e7\u00e3o b\u00e1sica oferecida pelo munic\u00edpio.<\/div>\n<div>Al\u00e9m de Franca, outras tr\u00eas Secretarias de Educa\u00e7\u00e3o de tr\u00eas cidades do pa\u00eds tamb\u00e9m foram entrevistadas por serem refer\u00eancia em boas pr\u00e1ticas para melhorias nos \u00edndices educacionais. Franca foi uma das escolhidas, justamente por ter sido reconhecida como cidade, que tem boa pr\u00e1tica de gest\u00e3o e melhoria de indicadores.<\/div>\n<div>De acordo com M\u00e1rcia Gatti, secret\u00e1ria de Educa\u00e7\u00e3o, quatro pontos foram analisados: Desafios enfrentados, Causas intra e extraescolar que influenciam no desempenho do aluno, Oportunidades de melhorias e Experi\u00eancias e boas praticas de atua\u00e7\u00e3o da secretaria na alfabetiza\u00e7\u00e3o. \u201cPra gente foi uma grande surpresa ser selecionado para gravar esta entrevista com os auditores do Tribunal de Contas da Uni\u00e3o e falar das boas pr\u00e1ticas por conta dos indicadores de desemprenho das crian\u00e7as, principalmente relacionados a alfabetiza\u00e7\u00e3o. Recentemente, sa\u00edram os resultados preliminares do Saeb (Sistema de Avalia\u00e7\u00e3o da Educa\u00e7\u00e3o B\u00e1sica), que \u00e9 uma avalia\u00e7\u00e3o externa, e tudo isso foi olhado pelos auditores do TCU, como uma maneira de gerir bem a quest\u00e3o dos recursos destinados \u00e0 educa\u00e7\u00e3o e, tamb\u00e9m as estrat\u00e9gias utilizadas pela gest\u00e3o municipal para realizar a forma\u00e7\u00e3o e o acompanhamento dos alunos, dos professores, com foco no tratamento did\u00e1tico e uso adequado dos materiais did\u00e1ticos. Importante ressaltar o papel fundamental que as equipes escolares (professores, coordenadores, diretores) est\u00e3o desempenhando, respondendo \u00e0s nossas propostas de forma brilhante. \u00c9 uma rede de ensino envolvida e compromissada com o sucesso dos alunos\u201d, disse.<\/div>\n<div>A secret\u00e1ria ressaltou alguns investimentos que colocaram o munic\u00edpio neste patamar. Na educa\u00e7\u00e3o infantil e creches, a cidade passou a investir na forma\u00e7\u00e3o mensal dos coordenadores e pedagogas das unidades, aumentou o n\u00famero de forma\u00e7\u00f5es continuadas para profissionais das creches, entre outras pr\u00e1ticas. Al\u00e9m disso, a lista de espera por uma vaga em creche diminuiu 80%.<\/div>\n<div>Na educa\u00e7\u00e3o especial, houve um aumento expressivo na contrata\u00e7\u00e3o de professores auxiliares e investimento na forma\u00e7\u00e3o destes profissionais. Hoje, somando creches e educa\u00e7\u00e3o b\u00e1sica, j\u00e1 s\u00e3o 486 educadores e auxiliares que atuam com os alunos da Educa\u00e7\u00e3o Especial. Em 2021, eram 104. As creches tamb\u00e9m possuem 150 professores de apoio contratados. H\u00e1 3 anos eram apenas 35. Fora isso, s\u00e3o mais 27 professores que ficam nas salas de Recurso Multifuncional e mais 59 auxiliares externos que atuam no aux\u00edlio \u00e0s necessidades b\u00e1sicas dos estudantes que n\u00e3o possuem autonomia para caminhar, se alimentar ou ir ao banheiro. \u201cS\u00e3o muitos fatores que fizeram com que hoje, possamos comemorar o quanto crescemos na educa\u00e7\u00e3o do munic\u00edpio. Claro que ainda h\u00e1 muito o que fazer, mas vale destacar outros investimentos, como o PMDDE (Programa Municipal Dinheiro Direto na Escola), institu\u00eddo em 2021, o n\u00famero de horas para forma\u00e7\u00f5es de professores e gestores triplicou, a inclus\u00e3o do ingl\u00eas na educa\u00e7\u00e3o infantil, alfabetiza\u00e7\u00e3o das crian\u00e7as a partir dos 4 anos, refor\u00e7o escolar na aula estendida e a recupera\u00e7\u00e3o cont\u00ednua no hor\u00e1rio das aulas, o (Dia Diferente), organiza\u00e7\u00e3o do Curr\u00edculo Paulista em um Plano de A\u00e7\u00e3o, elencando habilidades a serem desenvolvidas, inclus\u00e3o de Avalia\u00e7\u00f5es Diagn\u00f3sticas do Processo com aprimoramento nas formas de an\u00e1lises com planilhas de resultados, inclus\u00e3o de tecnologias nas salas de aula e muitos mais. Eu costumo falar que a Educa\u00e7\u00e3o \u00e9 um processo, muitas vezes, lento, pois temos que levar em conta diversos fatores. Mas, hoje, posso dizer que estamos no caminho certo. Trabalhamos em cima de um trip\u00e9, forma\u00e7\u00e3o, acompanhamento e uso adequado do material did\u00e1tico. Nossa prioridade \u00e9 que este trip\u00e9 esteja sempre em harmonia para que continuemos levando o melhor para nossos alunos e professores\u201d, finalizou a secret\u00e1ria.<\/div>\n<div><\/div>\n<div><\/div>\n","protected":false},"excerpt":{"rendered":"<p>TCU Avalia pol\u00edtica de educa\u00e7\u00e3o em Franca e destaca pr\u00e1ticas exemplares na gest\u00e3o escolar. Secret\u00e1ria de Educa\u00e7\u00e3o enfatiza investimentos e avan\u00e7os na forma\u00e7\u00e3o de professores e<span class=\"excerpt-hellip\"> [\u2026]<\/span><\/p>\n","protected":false},"author":10,"featured_media":43962,"comment_status":"open","ping_status":"open","sticky":false,"template":"","format":"standard","meta":{"_jetpack_memberships_contains_paid_content":false,"footnotes":"","jetpack_publicize_message":"","jetpack_publicize_feature_enabled":true,"jetpack_social_post_already_shared":false,"jetpack_social_options":{"image_generator_settings":{"template":"highway","default_image_id":0,"enabled":false},"version":2}},"categories":[28,81],"tags":[],"class_list":["post-43961","post","type-post","status-publish","format-standard","has-post-thumbnail","hentry","category-cotidiano","category-manchete"],"yoast_head":"<!-- This site is optimized with the Yoast SEO plugin v25.6 - https:\/\/yoast.com\/wordpress\/plugins\/seo\/ -->\n<title>Franca fica entre as 4 cidades no pa\u00eds reconhecidas pela melhoria dos indicadores na Educa\u00e7\u00e3o B\u00e1sica - VerdadeOn<\/title>\n<meta name=\"robots\" content=\"index, follow, max-snippet:-1, max-image-preview:large, max-video-preview:-1\" \/>\n<link rel=\"canonical\" href=\"https:\/\/verdadeon.com.br\/portal\/2024\/04\/27\/franca-fica-entre-as-4-cidades-no-pais-reconhecidas-pela-melhoria-dos-indicadores-na-educacao-basica\/\" \/>\n<meta property=\"og:locale\" content=\"pt_BR\" \/>\n<meta property=\"og:type\" content=\"article\" \/>\n<meta property=\"og:title\" content=\"Franca fica entre as 4 cidades no pa\u00eds reconhecidas pela melhoria dos indicadores na Educa\u00e7\u00e3o B\u00e1sica - VerdadeOn\" \/>\n<meta property=\"og:description\" content=\"TCU Avalia pol\u00edtica de educa\u00e7\u00e3o em Franca e destaca pr\u00e1ticas exemplares na gest\u00e3o escolar. Secret\u00e1ria de Educa\u00e7\u00e3o enfatiza investimentos e avan\u00e7os na forma\u00e7\u00e3o de professores e [\u2026]\" \/>\n<meta property=\"og:url\" content=\"https:\/\/verdadeon.com.br\/portal\/2024\/04\/27\/franca-fica-entre-as-4-cidades-no-pais-reconhecidas-pela-melhoria-dos-indicadores-na-educacao-basica\/\" \/>\n<meta property=\"og:site_name\" content=\"VerdadeOn\" \/>\n<meta property=\"article:published_time\" content=\"2024-04-27T13:40:17+00:00\" \/>\n<meta property=\"og:image\" content=\"https:\/\/verdadeon.com.br\/portal\/wp-content\/uploads\/2024\/04\/DSC_3693-scaled.jpg\" \/>\n\t<meta property=\"og:image:width\" content=\"2560\" \/>\n\t<meta property=\"og:image:height\" content=\"1696\" \/>\n\t<meta property=\"og:image:type\" content=\"image\/jpeg\" \/>\n<meta name=\"author\" content=\"Redacao VerdadeOn\" \/>\n<meta name=\"twitter:card\" content=\"summary_large_image\" \/>\n<meta name=\"twitter:label1\" content=\"Escrito por\" \/>\n\t<meta name=\"twitter:data1\" content=\"Redacao VerdadeOn\" \/>\n\t<meta name=\"twitter:label2\" content=\"Est. tempo de leitura\" \/>\n\t<meta name=\"twitter:data2\" content=\"4 minutos\" \/>\n<script type=\"application\/ld+json\" class=\"yoast-schema-graph\">{\"@context\":\"https:\/\/schema.org\",\"@graph\":[{\"@type\":\"WebPage\",\"@id\":\"https:\/\/verdadeon.com.br\/portal\/2024\/04\/27\/franca-fica-entre-as-4-cidades-no-pais-reconhecidas-pela-melhoria-dos-indicadores-na-educacao-basica\/\",\"url\":\"https:\/\/verdadeon.com.br\/portal\/2024\/04\/27\/franca-fica-entre-as-4-cidades-no-pais-reconhecidas-pela-melhoria-dos-indicadores-na-educacao-basica\/\",\"name\":\"Franca fica entre as 4 cidades no pa\u00eds reconhecidas pela melhoria dos indicadores na Educa\u00e7\u00e3o B\u00e1sica - VerdadeOn\",\"isPartOf\":{\"@id\":\"https:\/\/verdadeon.com.br\/portal\/#website\"},\"primaryImageOfPage\":{\"@id\":\"https:\/\/verdadeon.com.br\/portal\/2024\/04\/27\/franca-fica-entre-as-4-cidades-no-pais-reconhecidas-pela-melhoria-dos-indicadores-na-educacao-basica\/#primaryimage\"},\"image\":{\"@id\":\"https:\/\/verdadeon.com.br\/portal\/2024\/04\/27\/franca-fica-entre-as-4-cidades-no-pais-reconhecidas-pela-melhoria-dos-indicadores-na-educacao-basica\/#primaryimage\"},\"thumbnailUrl\":\"https:\/\/i0.wp.com\/verdadeon.com.br\/portal\/wp-content\/uploads\/2024\/04\/DSC_3693-scaled.jpg?fit=2560%2C1696&ssl=1\",\"datePublished\":\"2024-04-27T13:40:17+00:00\",\"author\":{\"@id\":\"https:\/\/verdadeon.com.br\/portal\/#\/schema\/person\/a5060ad1e9ea3df545188fc93ce43d2f\"},\"breadcrumb\":{\"@id\":\"https:\/\/verdadeon.com.br\/portal\/2024\/04\/27\/franca-fica-entre-as-4-cidades-no-pais-reconhecidas-pela-melhoria-dos-indicadores-na-educacao-basica\/#breadcrumb\"},\"inLanguage\":\"pt-BR\",\"potentialAction\":[{\"@type\":\"ReadAction\",\"target\":[\"https:\/\/verdadeon.com.br\/portal\/2024\/04\/27\/franca-fica-entre-as-4-cidades-no-pais-reconhecidas-pela-melhoria-dos-indicadores-na-educacao-basica\/\"]}]},{\"@type\":\"ImageObject\",\"inLanguage\":\"pt-BR\",\"@id\":\"https:\/\/verdadeon.com.br\/portal\/2024\/04\/27\/franca-fica-entre-as-4-cidades-no-pais-reconhecidas-pela-melhoria-dos-indicadores-na-educacao-basica\/#primaryimage\",\"url\":\"https:\/\/i0.wp.com\/verdadeon.com.br\/portal\/wp-content\/uploads\/2024\/04\/DSC_3693-scaled.jpg?fit=2560%2C1696&ssl=1\",\"contentUrl\":\"https:\/\/i0.wp.com\/verdadeon.com.br\/portal\/wp-content\/uploads\/2024\/04\/DSC_3693-scaled.jpg?fit=2560%2C1696&ssl=1\",\"width\":2560,\"height\":1696,\"caption\":\"Educadores relatam dificuldade em falar com a Secret\u00e1ria Municipal de Educa\u00e7\u00e3o, M\u00e1rcia Gatti (\u00a9Divulga\u00e7\u00e3o\/Prefeitura)\"},{\"@type\":\"BreadcrumbList\",\"@id\":\"https:\/\/verdadeon.com.br\/portal\/2024\/04\/27\/franca-fica-entre-as-4-cidades-no-pais-reconhecidas-pela-melhoria-dos-indicadores-na-educacao-basica\/#breadcrumb\",\"itemListElement\":[{\"@type\":\"ListItem\",\"position\":1,\"name\":\"In\u00edcio\",\"item\":\"https:\/\/verdadeon.com.br\/portal\/\"},{\"@type\":\"ListItem\",\"position\":2,\"name\":\"Franca fica entre as 4 cidades no pa\u00eds reconhecidas pela melhoria dos indicadores na Educa\u00e7\u00e3o B\u00e1sica\"}]},{\"@type\":\"WebSite\",\"@id\":\"https:\/\/verdadeon.com.br\/portal\/#website\",\"url\":\"https:\/\/verdadeon.com.br\/portal\/\",\"name\":\"VerdadeOn\",\"description\":\"Not\u00edcias di\u00e1rias sobre Franca, Regi\u00e3o, Esporte, Cultura, Cotidiano, Colunas. Cobertura nos principais eventos da cidade \u00e9 aqui - Verdadeon Franca\",\"potentialAction\":[{\"@type\":\"SearchAction\",\"target\":{\"@type\":\"EntryPoint\",\"urlTemplate\":\"https:\/\/verdadeon.com.br\/portal\/?s={search_term_string}\"},\"query-input\":{\"@type\":\"PropertyValueSpecification\",\"valueRequired\":true,\"valueName\":\"search_term_string\"}}],\"inLanguage\":\"pt-BR\"},{\"@type\":\"Person\",\"@id\":\"https:\/\/verdadeon.com.br\/portal\/#\/schema\/person\/a5060ad1e9ea3df545188fc93ce43d2f\",\"name\":\"Redacao VerdadeOn\",\"image\":{\"@type\":\"ImageObject\",\"inLanguage\":\"pt-BR\",\"@id\":\"https:\/\/verdadeon.com.br\/portal\/#\/schema\/person\/image\/\",\"url\":\"https:\/\/secure.gravatar.com\/avatar\/459a9613caaaf07f582c3d0841eea68bdd66f533e465e6ba8b9cb45619572cf4?s=96&d=mm&r=g\",\"contentUrl\":\"https:\/\/secure.gravatar.com\/avatar\/459a9613caaaf07f582c3d0841eea68bdd66f533e465e6ba8b9cb45619572cf4?s=96&d=mm&r=g\",\"caption\":\"Redacao VerdadeOn\"},\"url\":\"https:\/\/verdadeon.com.br\/portal\/author\/redacao\/\"}]}<\/script>\n<!-- \/ Yoast SEO plugin. -->","yoast_head_json":{"title":"Franca fica entre as 4 cidades no pa\u00eds reconhecidas pela melhoria dos indicadores na Educa\u00e7\u00e3o B\u00e1sica - VerdadeOn","robots":{"index":"index","follow":"follow","max-snippet":"max-snippet:-1","max-image-preview":"max-image-preview:large","max-video-preview":"max-video-preview:-1"},"canonical":"https:\/\/verdadeon.com.br\/portal\/2024\/04\/27\/franca-fica-entre-as-4-cidades-no-pais-reconhecidas-pela-melhoria-dos-indicadores-na-educacao-basica\/","og_locale":"pt_BR","og_type":"article","og_title":"Franca fica entre as 4 cidades no pa\u00eds reconhecidas pela melhoria dos indicadores na Educa\u00e7\u00e3o B\u00e1sica - VerdadeOn","og_description":"TCU Avalia pol\u00edtica de educa\u00e7\u00e3o em Franca e destaca pr\u00e1ticas exemplares na gest\u00e3o escolar. Secret\u00e1ria de Educa\u00e7\u00e3o enfatiza investimentos e avan\u00e7os na forma\u00e7\u00e3o de professores e [\u2026]","og_url":"https:\/\/verdadeon.com.br\/portal\/2024\/04\/27\/franca-fica-entre-as-4-cidades-no-pais-reconhecidas-pela-melhoria-dos-indicadores-na-educacao-basica\/","og_site_name":"VerdadeOn","article_published_time":"2024-04-27T13:40:17+00:00","og_image":[{"width":2560,"height":1696,"url":"https:\/\/verdadeon.com.br\/portal\/wp-content\/uploads\/2024\/04\/DSC_3693-scaled.jpg","type":"image\/jpeg"}],"author":"Redacao VerdadeOn","twitter_card":"summary_large_image","twitter_misc":{"Escrito por":"Redacao VerdadeOn","Est. tempo de leitura":"4 minutos"},"schema":{"@context":"https:\/\/schema.org","@graph":[{"@type":"WebPage","@id":"https:\/\/verdadeon.com.br\/portal\/2024\/04\/27\/franca-fica-entre-as-4-cidades-no-pais-reconhecidas-pela-melhoria-dos-indicadores-na-educacao-basica\/","url":"https:\/\/verdadeon.com.br\/portal\/2024\/04\/27\/franca-fica-entre-as-4-cidades-no-pais-reconhecidas-pela-melhoria-dos-indicadores-na-educacao-basica\/","name":"Franca fica entre as 4 cidades no pa\u00eds reconhecidas pela melhoria dos indicadores na Educa\u00e7\u00e3o B\u00e1sica - VerdadeOn","isPartOf":{"@id":"https:\/\/verdadeon.com.br\/portal\/#website"},"primaryImageOfPage":{"@id":"https:\/\/verdadeon.com.br\/portal\/2024\/04\/27\/franca-fica-entre-as-4-cidades-no-pais-reconhecidas-pela-melhoria-dos-indicadores-na-educacao-basica\/#primaryimage"},"image":{"@id":"https:\/\/verdadeon.com.br\/portal\/2024\/04\/27\/franca-fica-entre-as-4-cidades-no-pais-reconhecidas-pela-melhoria-dos-indicadores-na-educacao-basica\/#primaryimage"},"thumbnailUrl":"https:\/\/i0.wp.com\/verdadeon.com.br\/portal\/wp-content\/uploads\/2024\/04\/DSC_3693-scaled.jpg?fit=2560%2C1696&ssl=1","datePublished":"2024-04-27T13:40:17+00:00","author":{"@id":"https:\/\/verdadeon.com.br\/portal\/#\/schema\/person\/a5060ad1e9ea3df545188fc93ce43d2f"},"breadcrumb":{"@id":"https:\/\/verdadeon.com.br\/portal\/2024\/04\/27\/franca-fica-entre-as-4-cidades-no-pais-reconhecidas-pela-melhoria-dos-indicadores-na-educacao-basica\/#breadcrumb"},"inLanguage":"pt-BR","potentialAction":[{"@type":"ReadAction","target":["https:\/\/verdadeon.com.br\/portal\/2024\/04\/27\/franca-fica-entre-as-4-cidades-no-pais-reconhecidas-pela-melhoria-dos-indicadores-na-educacao-basica\/"]}]},{"@type":"ImageObject","inLanguage":"pt-BR","@id":"https:\/\/verdadeon.com.br\/portal\/2024\/04\/27\/franca-fica-entre-as-4-cidades-no-pais-reconhecidas-pela-melhoria-dos-indicadores-na-educacao-basica\/#primaryimage","url":"https:\/\/i0.wp.com\/verdadeon.com.br\/portal\/wp-content\/uploads\/2024\/04\/DSC_3693-scaled.jpg?fit=2560%2C1696&ssl=1","contentUrl":"https:\/\/i0.wp.com\/verdadeon.com.br\/portal\/wp-content\/uploads\/2024\/04\/DSC_3693-scaled.jpg?fit=2560%2C1696&ssl=1","width":2560,"height":1696,"caption":"Educadores relatam dificuldade em falar com a Secret\u00e1ria Municipal de Educa\u00e7\u00e3o, M\u00e1rcia Gatti (\u00a9Divulga\u00e7\u00e3o\/Prefeitura)"},{"@type":"BreadcrumbList","@id":"https:\/\/verdadeon.com.br\/portal\/2024\/04\/27\/franca-fica-entre-as-4-cidades-no-pais-reconhecidas-pela-melhoria-dos-indicadores-na-educacao-basica\/#breadcrumb","itemListElement":[{"@type":"ListItem","position":1,"name":"In\u00edcio","item":"https:\/\/verdadeon.com.br\/portal\/"},{"@type":"ListItem","position":2,"name":"Franca fica entre as 4 cidades no pa\u00eds reconhecidas pela melhoria dos indicadores na Educa\u00e7\u00e3o B\u00e1sica"}]},{"@type":"WebSite","@id":"https:\/\/verdadeon.com.br\/portal\/#website","url":"https:\/\/verdadeon.com.br\/portal\/","name":"VerdadeOn","description":"Not\u00edcias di\u00e1rias sobre Franca, Regi\u00e3o, Esporte, Cultura, Cotidiano, Colunas. Cobertura nos principais eventos da cidade \u00e9 aqui - Verdadeon Franca","potentialAction":[{"@type":"SearchAction","target":{"@type":"EntryPoint","urlTemplate":"https:\/\/verdadeon.com.br\/portal\/?s={search_term_string}"},"query-input":{"@type":"PropertyValueSpecification","valueRequired":true,"valueName":"search_term_string"}}],"inLanguage":"pt-BR"},{"@type":"Person","@id":"https:\/\/verdadeon.com.br\/portal\/#\/schema\/person\/a5060ad1e9ea3df545188fc93ce43d2f","name":"Redacao VerdadeOn","image":{"@type":"ImageObject","inLanguage":"pt-BR","@id":"https:\/\/verdadeon.com.br\/portal\/#\/schema\/person\/image\/","url":"https:\/\/secure.gravatar.com\/avatar\/459a9613caaaf07f582c3d0841eea68bdd66f533e465e6ba8b9cb45619572cf4?s=96&d=mm&r=g","contentUrl":"https:\/\/secure.gravatar.com\/avatar\/459a9613caaaf07f582c3d0841eea68bdd66f533e465e6ba8b9cb45619572cf4?s=96&d=mm&r=g","caption":"Redacao VerdadeOn"},"url":"https:\/\/verdadeon.com.br\/portal\/author\/redacao\/"}]}},"jetpack_publicize_connections":[],"jetpack_featured_media_url":"https:\/\/i0.wp.com\/verdadeon.com.br\/portal\/wp-content\/uploads\/2024\/04\/DSC_3693-scaled.jpg?fit=2560%2C1696&ssl=1","jetpack_sharing_enabled":true,"_links":{"self":[{"href":"https:\/\/verdadeon.com.br\/portal\/wp-json\/wp\/v2\/posts\/43961","targetHints":{"allow":["GET"]}}],"collection":[{"href":"https:\/\/verdadeon.com.br\/portal\/wp-json\/wp\/v2\/posts"}],"about":[{"href":"https:\/\/verdadeon.com.br\/portal\/wp-json\/wp\/v2\/types\/post"}],"author":[{"embeddable":true,"href":"https:\/\/verdadeon.com.br\/portal\/wp-json\/wp\/v2\/users\/10"}],"replies":[{"embeddable":true,"href":"https:\/\/verdadeon.com.br\/portal\/wp-json\/wp\/v2\/comments?post=43961"}],"version-history":[{"count":1,"href":"https:\/\/verdadeon.com.br\/portal\/wp-json\/wp\/v2\/posts\/43961\/revisions"}],"predecessor-version":[{"id":43963,"href":"https:\/\/verdadeon.com.br\/portal\/wp-json\/wp\/v2\/posts\/43961\/revisions\/43963"}],"wp:featuredmedia":[{"embeddable":true,"href":"https:\/\/verdadeon.com.br\/portal\/wp-json\/wp\/v2\/media\/43962"}],"wp:attachment":[{"href":"https:\/\/verdadeon.com.br\/portal\/wp-json\/wp\/v2\/media?parent=43961"}],"wp:term":[{"taxonomy":"category","embeddable":true,"href":"https:\/\/verdadeon.com.br\/portal\/wp-json\/wp\/v2\/categories?post=43961"},{"taxonomy":"post_tag","embeddable":true,"href":"https:\/\/verdadeon.com.br\/portal\/wp-json\/wp\/v2\/tags?post=43961"}],"curies":[{"name":"wp","href":"https:\/\/api.w.org\/{rel}","templated":true}]}}