{"id":43884,"date":"2024-04-25T10:00:24","date_gmt":"2024-04-25T13:00:24","guid":{"rendered":"https:\/\/verdadeon.com.br\/portal\/?p=43884"},"modified":"2024-04-25T17:10:47","modified_gmt":"2024-04-25T20:10:47","slug":"cesta-basica-nacional-tera-15-alimentos-com-imposto-zerado","status":"publish","type":"post","link":"https:\/\/verdadeon.com.br\/portal\/2024\/04\/25\/cesta-basica-nacional-tera-15-alimentos-com-imposto-zerado\/","title":{"rendered":"Cesta b\u00e1sica nacional ter\u00e1 15 alimentos com imposto zerado"},"content":{"rendered":"<div class=\"row\">\n<h2 class=\"col-10 offset-1 animated fadeInDown dealy-900 display-8 display-md-8 alt-font font-italic my-1 text-center\">Reforma tribut\u00e1ria prop\u00f5e 14 alimentos com al\u00edquota reduzida em 60%<\/h2>\n<p>Quinze alimentos\u00a0<em>in natura<\/em>\u00a0ou pouco industrializados v\u00e3o compor a cesta b\u00e1sica nacional e pagar imposto zero, com a reforma tribut\u00e1ria. O projeto de lei complementar que regulamenta o tema,\u00a0<a href=\"https:\/\/agenciabrasil.ebc.com.br\/economia\/noticia\/2024-04\/regulamentacao-da-reforma-tributaria-preve-aliquota-media-de-265\" target=\"_blank\" rel=\"noopener\">enviado na noite de quarta-feira<\/a> (24) ao Congresso, trouxe ainda 14 produtos com al\u00edquota reduzida em 60%.<\/p>\n<p>Na justificativa do projeto, o governo informou que se baseou nos alimentos\u00a0<em>in natura<\/em>\u00a0ou \u201cminimamente processados\u201d para definir a cesta b\u00e1sica nacional. O texto destacou que o governo seguiu as recomenda\u00e7\u00f5es de alimenta\u00e7\u00e3o saud\u00e1vel e nutricionalmente adequada do Guia Alimentar para a Popula\u00e7\u00e3o Brasileira, do Minist\u00e9rio da Sa\u00fade.<\/p>\n<p>Embora tenha citado motivos de sa\u00fade, alguns alimentos com gordura saturada, como \u00f3leo de soja e manteiga, ou com subst\u00e2ncias que criam depend\u00eancia, como o caf\u00e9, foram inclu\u00eddos na cesta b\u00e1sica nacional. Nesse caso, a justificativa \u00e9 a de que esses itens s\u00e3o essenciais na alimenta\u00e7\u00e3o do brasileiro e j\u00e1 fazem parte da cesta b\u00e1sica tradicional.<\/p>\n<p>Confira a lista dos alimentos da cesta b\u00e1sica nacional:<\/p>\n<ol class=\"rteindent2\">\n<li><strong>arroz;<\/strong><\/li>\n<li><strong>feij\u00e3o;<\/strong><\/li>\n<li><strong>leites e f\u00f3rmulas infantis definidas por previs\u00e3o legal espec\u00edfica;<\/strong><\/li>\n<li><strong>manteiga;<\/strong><\/li>\n<li><strong>margarina;<\/strong><\/li>\n<li><strong>ra\u00edzes e tub\u00e9rculos;<\/strong><\/li>\n<li><strong>cocos;<\/strong><\/li>\n<li><strong>caf\u00e9;<\/strong><\/li>\n<li><strong>\u00f3leo de soja;<\/strong><\/li>\n<li><strong>farinha de mandioca;<\/strong><\/li>\n<li><strong>farinha de milho, grumos e s\u00eamolas de milho, gr\u00e3os de milho esmagados ou em flocos;<\/strong><\/li>\n<li><strong>farinha de trigo;<\/strong><\/li>\n<li><strong>a\u00e7\u00facar;<\/strong><\/li>\n<li><strong>massas;<\/strong><\/li>\n<li><strong>p\u00e3es comuns (apenas com farinha de cereais, fermento biol\u00f3gico, \u00e1gua e sal).<\/strong><\/li>\n<\/ol>\n<p>O governo prop\u00f4s uma lista estendida de alimentos com al\u00edquotas zero. Eles n\u00e3o est\u00e3o na cesta b\u00e1sica nacional, mas tamb\u00e9m n\u00e3o pagar\u00e3o a Contribui\u00e7\u00e3o sobre Bens e Servi\u00e7os (CBS) nem o Imposto sobre Bens e Servi\u00e7os (IBS). S\u00e3o eles:<\/p>\n<ol class=\"rteindent2\">\n<li><strong>ovos;<\/strong><\/li>\n<li><strong>frutas;<\/strong><\/li>\n<li><strong>produtos hort\u00edculas.<\/strong><\/li>\n<\/ol>\n<p>Outros 14 tipos de alimentos tiveram al\u00edquota reduzida em 60% no projeto de lei:<\/p>\n<ol class=\"rteindent2\">\n<li><strong>carnes bovina, su\u00edna, ovina, caprina e de aves e produtos de origem animal (exceto\u00a0<em>foie gras<\/em>), miudezas comest\u00edveis de ovinos e caprinos;<\/strong><\/li>\n<li><strong>peixes e carnes de peixes (exceto salmon\u00eddeos, atuns; bacalhaus, hadoque, saithe e ovas e outros subprodutos);<\/strong><\/li>\n<li><strong>crust\u00e1ceos (exceto lagostas e lagostim) e moluscos;<\/strong><\/li>\n<li><strong>leite fermentado (iogurte), bebidas e compostos l\u00e1cteos;<\/strong><\/li>\n<li><strong>queijos tipo mu\u00e7arela, minas, prato, queijo de coalho, ricota, requeij\u00e3o, queijo provolone, queijo parmes\u00e3o, queijo fresco n\u00e3o maturado e queijo do reino;<\/strong><\/li>\n<li><strong>mel natural;<\/strong><\/li>\n<li><strong>mate;<\/strong><\/li>\n<li><strong>farinha, grumos e s\u00eamolas de cerais, gr\u00e3os esmagados ou em flocos de cereais (exceto milho);<\/strong><\/li>\n<li><strong>tapioca;<\/strong><\/li>\n<li><strong>\u00f3leos vegetais e \u00f3leo de canola;<\/strong><\/li>\n<li><strong>massas aliment\u00edcias;<\/strong><\/li>\n<li><strong>sal de mesa iodado;<\/strong><\/li>\n<li><strong>sucos naturais de fruta ou de produtos hort\u00edcolas sem adi\u00e7\u00e3o de a\u00e7\u00facar ou de outros edulcorantes e sem conservantes;<\/strong><\/li>\n<li><strong>polpas de frutas sem adi\u00e7\u00e3o de a\u00e7\u00facar ou de outros edulcorantes e sem conservantes<\/strong><\/li>\n<\/ol>\n<p>O projeto tamb\u00e9m prop\u00f4s alguns produtos de limpeza que pagar\u00e3o al\u00edquota reduzida em 60%. Segundo o governo, esses itens s\u00e3o bastante consumidos pela popula\u00e7\u00e3o de baixa renda:<\/p>\n<ol class=\"rteindent2\">\n<li><strong>sab\u00f5es de toucador;<\/strong><\/li>\n<li><strong>pastas de dentes;<\/strong><\/li>\n<li><strong>escovas de dentes;<\/strong><\/li>\n<li><strong>papel higi\u00eanico;<\/strong><\/li>\n<li><strong>\u00e1gua sanit\u00e1ria;<\/strong><\/li>\n<li><strong>sab\u00f5es em barra.<\/strong><\/li>\n<\/ol>\n<p>Em todos os casos, o governo optou por listas reduzidas, com prioridade para alimentos sadios ou o consumo pela popula\u00e7\u00e3o mais pobre. No in\u00edcio de abril, a Associa\u00e7\u00e3o Brasileira de Supermercados (Abras) encaminhou um pedido ao presidente do Senado, Rodrigo Pacheco, para ampliar o conceito de cesta b\u00e1sica e incluir alguns itens de luxo.<\/p>\n<p>Os supermercados defendiam a isen\u00e7\u00e3o de impostos para itens como f\u00edgados gordos (<em>foie gras<\/em>), camar\u00e3o, lagostas, ostras, queijos com mofo e cogumelos. J\u00e1 itens como caviar, cerveja, vinho, champanhe e chocolate teriam redu\u00e7\u00e3o de 60% na al\u00edquota.<\/p>\n<h4>Ultraprocessados<\/h4>\n<p>Apesar da justificativa de preservar a sa\u00fade, em outro ponto do projeto de lei, o governo\u00a0<a href=\"https:\/\/agenciabrasil.ebc.com.br\/economia\/noticia\/2024-04\/alimentos-ultraprocessados-ficarao-fora-do-imposto-seletivo\" target=\"_blank\" rel=\"noopener\">excluiu alimentos ultraprocessados<\/a>\u00a0do Imposto Seletivo, que incidir\u00e1 sobre alimentos considerados prejudiciais \u00e0 sa\u00fade. Apenas bebidas com adi\u00e7\u00e3o de a\u00e7\u00facar e conservantes sofrer\u00e3o a incid\u00eancia do imposto.<\/p>\n<p>Em mar\u00e7o, um manifesto assinado por m\u00e9dicos como Drauzio Varella e Daniel Becker, al\u00e9m de personalidades como as chefs Bela Gil e Rita Lobo, pedia a inclus\u00e3o dos produtos ultraprocessados no Imposto Seletivo. Intitulado \u201cManifesto por uma reforma tribut\u00e1ria saud\u00e1vel\u201d, o texto teve apoio de organiza\u00e7\u00f5es como a Associa\u00e7\u00e3o Brasileira de Nutri\u00e7\u00e3o (Asbran), a Associa\u00e7\u00e3o Brasileira de Sa\u00fade Coletiva (Abrasco) e o Instituto Brasileiro de Defesa do Consumidor (Idec).<\/p>\n<p>Ag\u00eancia Brasil<\/p>\n<\/div>\n","protected":false},"excerpt":{"rendered":"<p>Reforma tribut\u00e1ria prop\u00f5e 14 alimentos com al\u00edquota reduzida em 60% Quinze alimentos\u00a0in natura\u00a0ou pouco industrializados v\u00e3o compor a cesta b\u00e1sica nacional e pagar imposto zero, com<span class=\"excerpt-hellip\"> [\u2026]<\/span><\/p>\n","protected":false},"author":10,"featured_media":18099,"comment_status":"open","ping_status":"open","sticky":false,"template":"","format":"standard","meta":{"_jetpack_memberships_contains_paid_content":false,"footnotes":"","jetpack_publicize_message":"","jetpack_publicize_feature_enabled":true,"jetpack_social_post_already_shared":false,"jetpack_social_options":{"image_generator_settings":{"template":"highway","default_image_id":0,"enabled":false},"version":2}},"categories":[28,44],"tags":[],"class_list":["post-43884","post","type-post","status-publish","format-standard","has-post-thumbnail","hentry","category-cotidiano","category-noticias"],"yoast_head":"<!-- This site is optimized with the Yoast SEO plugin v25.6 - https:\/\/yoast.com\/wordpress\/plugins\/seo\/ -->\n<title>Cesta b\u00e1sica nacional ter\u00e1 15 alimentos com imposto zerado - VerdadeOn<\/title>\n<meta name=\"robots\" content=\"index, follow, max-snippet:-1, max-image-preview:large, max-video-preview:-1\" \/>\n<link rel=\"canonical\" href=\"https:\/\/verdadeon.com.br\/portal\/2024\/04\/25\/cesta-basica-nacional-tera-15-alimentos-com-imposto-zerado\/\" \/>\n<meta property=\"og:locale\" content=\"pt_BR\" \/>\n<meta property=\"og:type\" content=\"article\" \/>\n<meta property=\"og:title\" content=\"Cesta b\u00e1sica nacional ter\u00e1 15 alimentos com imposto zerado - VerdadeOn\" \/>\n<meta property=\"og:description\" content=\"Reforma tribut\u00e1ria prop\u00f5e 14 alimentos com al\u00edquota reduzida em 60% Quinze alimentos\u00a0in natura\u00a0ou pouco industrializados v\u00e3o compor a cesta b\u00e1sica nacional e pagar imposto zero, com [\u2026]\" \/>\n<meta property=\"og:url\" content=\"https:\/\/verdadeon.com.br\/portal\/2024\/04\/25\/cesta-basica-nacional-tera-15-alimentos-com-imposto-zerado\/\" \/>\n<meta property=\"og:site_name\" content=\"VerdadeOn\" \/>\n<meta property=\"article:published_time\" content=\"2024-04-25T13:00:24+00:00\" \/>\n<meta property=\"article:modified_time\" content=\"2024-04-25T20:10:47+00:00\" \/>\n<meta property=\"og:image\" content=\"https:\/\/verdadeon.com.br\/portal\/wp-content\/uploads\/2021\/07\/cesta_basicas-1-scaled-e1626821556234.jpg\" \/>\n\t<meta property=\"og:image:width\" content=\"998\" \/>\n\t<meta property=\"og:image:height\" content=\"672\" \/>\n\t<meta property=\"og:image:type\" content=\"image\/jpeg\" \/>\n<meta name=\"author\" content=\"Redacao VerdadeOn\" \/>\n<meta name=\"twitter:card\" content=\"summary_large_image\" \/>\n<meta name=\"twitter:label1\" content=\"Escrito por\" \/>\n\t<meta name=\"twitter:data1\" content=\"Redacao VerdadeOn\" \/>\n\t<meta name=\"twitter:label2\" content=\"Est. tempo de leitura\" \/>\n\t<meta name=\"twitter:data2\" content=\"4 minutos\" \/>\n<script type=\"application\/ld+json\" class=\"yoast-schema-graph\">{\"@context\":\"https:\/\/schema.org\",\"@graph\":[{\"@type\":\"WebPage\",\"@id\":\"https:\/\/verdadeon.com.br\/portal\/2024\/04\/25\/cesta-basica-nacional-tera-15-alimentos-com-imposto-zerado\/\",\"url\":\"https:\/\/verdadeon.com.br\/portal\/2024\/04\/25\/cesta-basica-nacional-tera-15-alimentos-com-imposto-zerado\/\",\"name\":\"Cesta b\u00e1sica nacional ter\u00e1 15 alimentos com imposto zerado - VerdadeOn\",\"isPartOf\":{\"@id\":\"https:\/\/verdadeon.com.br\/portal\/#website\"},\"primaryImageOfPage\":{\"@id\":\"https:\/\/verdadeon.com.br\/portal\/2024\/04\/25\/cesta-basica-nacional-tera-15-alimentos-com-imposto-zerado\/#primaryimage\"},\"image\":{\"@id\":\"https:\/\/verdadeon.com.br\/portal\/2024\/04\/25\/cesta-basica-nacional-tera-15-alimentos-com-imposto-zerado\/#primaryimage\"},\"thumbnailUrl\":\"https:\/\/i0.wp.com\/verdadeon.com.br\/portal\/wp-content\/uploads\/2021\/07\/cesta_basicas-1-scaled-e1626821556234.jpg?fit=998%2C672&ssl=1\",\"datePublished\":\"2024-04-25T13:00:24+00:00\",\"dateModified\":\"2024-04-25T20:10:47+00:00\",\"author\":{\"@id\":\"https:\/\/verdadeon.com.br\/portal\/#\/schema\/person\/a5060ad1e9ea3df545188fc93ce43d2f\"},\"breadcrumb\":{\"@id\":\"https:\/\/verdadeon.com.br\/portal\/2024\/04\/25\/cesta-basica-nacional-tera-15-alimentos-com-imposto-zerado\/#breadcrumb\"},\"inLanguage\":\"pt-BR\",\"potentialAction\":[{\"@type\":\"ReadAction\",\"target\":[\"https:\/\/verdadeon.com.br\/portal\/2024\/04\/25\/cesta-basica-nacional-tera-15-alimentos-com-imposto-zerado\/\"]}]},{\"@type\":\"ImageObject\",\"inLanguage\":\"pt-BR\",\"@id\":\"https:\/\/verdadeon.com.br\/portal\/2024\/04\/25\/cesta-basica-nacional-tera-15-alimentos-com-imposto-zerado\/#primaryimage\",\"url\":\"https:\/\/i0.wp.com\/verdadeon.com.br\/portal\/wp-content\/uploads\/2021\/07\/cesta_basicas-1-scaled-e1626821556234.jpg?fit=998%2C672&ssl=1\",\"contentUrl\":\"https:\/\/i0.wp.com\/verdadeon.com.br\/portal\/wp-content\/uploads\/2021\/07\/cesta_basicas-1-scaled-e1626821556234.jpg?fit=998%2C672&ssl=1\",\"width\":998,\"height\":672,\"caption\":\"14 produtos com al\u00edquota reduzida em 60% ( Foto: Divulga\u00e7\u00e3o)\"},{\"@type\":\"BreadcrumbList\",\"@id\":\"https:\/\/verdadeon.com.br\/portal\/2024\/04\/25\/cesta-basica-nacional-tera-15-alimentos-com-imposto-zerado\/#breadcrumb\",\"itemListElement\":[{\"@type\":\"ListItem\",\"position\":1,\"name\":\"In\u00edcio\",\"item\":\"https:\/\/verdadeon.com.br\/portal\/\"},{\"@type\":\"ListItem\",\"position\":2,\"name\":\"Cesta b\u00e1sica nacional ter\u00e1 15 alimentos com imposto zerado\"}]},{\"@type\":\"WebSite\",\"@id\":\"https:\/\/verdadeon.com.br\/portal\/#website\",\"url\":\"https:\/\/verdadeon.com.br\/portal\/\",\"name\":\"VerdadeOn\",\"description\":\"Not\u00edcias di\u00e1rias sobre Franca, Regi\u00e3o, Esporte, Cultura, Cotidiano, Colunas. Cobertura nos principais eventos da cidade \u00e9 aqui - Verdadeon Franca\",\"potentialAction\":[{\"@type\":\"SearchAction\",\"target\":{\"@type\":\"EntryPoint\",\"urlTemplate\":\"https:\/\/verdadeon.com.br\/portal\/?s={search_term_string}\"},\"query-input\":{\"@type\":\"PropertyValueSpecification\",\"valueRequired\":true,\"valueName\":\"search_term_string\"}}],\"inLanguage\":\"pt-BR\"},{\"@type\":\"Person\",\"@id\":\"https:\/\/verdadeon.com.br\/portal\/#\/schema\/person\/a5060ad1e9ea3df545188fc93ce43d2f\",\"name\":\"Redacao VerdadeOn\",\"image\":{\"@type\":\"ImageObject\",\"inLanguage\":\"pt-BR\",\"@id\":\"https:\/\/verdadeon.com.br\/portal\/#\/schema\/person\/image\/\",\"url\":\"https:\/\/secure.gravatar.com\/avatar\/459a9613caaaf07f582c3d0841eea68bdd66f533e465e6ba8b9cb45619572cf4?s=96&d=mm&r=g\",\"contentUrl\":\"https:\/\/secure.gravatar.com\/avatar\/459a9613caaaf07f582c3d0841eea68bdd66f533e465e6ba8b9cb45619572cf4?s=96&d=mm&r=g\",\"caption\":\"Redacao VerdadeOn\"},\"url\":\"https:\/\/verdadeon.com.br\/portal\/author\/redacao\/\"}]}<\/script>\n<!-- \/ Yoast SEO plugin. -->","yoast_head_json":{"title":"Cesta b\u00e1sica nacional ter\u00e1 15 alimentos com imposto zerado - VerdadeOn","robots":{"index":"index","follow":"follow","max-snippet":"max-snippet:-1","max-image-preview":"max-image-preview:large","max-video-preview":"max-video-preview:-1"},"canonical":"https:\/\/verdadeon.com.br\/portal\/2024\/04\/25\/cesta-basica-nacional-tera-15-alimentos-com-imposto-zerado\/","og_locale":"pt_BR","og_type":"article","og_title":"Cesta b\u00e1sica nacional ter\u00e1 15 alimentos com imposto zerado - VerdadeOn","og_description":"Reforma tribut\u00e1ria prop\u00f5e 14 alimentos com al\u00edquota reduzida em 60% Quinze alimentos\u00a0in natura\u00a0ou pouco industrializados v\u00e3o compor a cesta b\u00e1sica nacional e pagar imposto zero, com [\u2026]","og_url":"https:\/\/verdadeon.com.br\/portal\/2024\/04\/25\/cesta-basica-nacional-tera-15-alimentos-com-imposto-zerado\/","og_site_name":"VerdadeOn","article_published_time":"2024-04-25T13:00:24+00:00","article_modified_time":"2024-04-25T20:10:47+00:00","og_image":[{"width":998,"height":672,"url":"https:\/\/verdadeon.com.br\/portal\/wp-content\/uploads\/2021\/07\/cesta_basicas-1-scaled-e1626821556234.jpg","type":"image\/jpeg"}],"author":"Redacao VerdadeOn","twitter_card":"summary_large_image","twitter_misc":{"Escrito por":"Redacao VerdadeOn","Est. tempo de leitura":"4 minutos"},"schema":{"@context":"https:\/\/schema.org","@graph":[{"@type":"WebPage","@id":"https:\/\/verdadeon.com.br\/portal\/2024\/04\/25\/cesta-basica-nacional-tera-15-alimentos-com-imposto-zerado\/","url":"https:\/\/verdadeon.com.br\/portal\/2024\/04\/25\/cesta-basica-nacional-tera-15-alimentos-com-imposto-zerado\/","name":"Cesta b\u00e1sica nacional ter\u00e1 15 alimentos com imposto zerado - VerdadeOn","isPartOf":{"@id":"https:\/\/verdadeon.com.br\/portal\/#website"},"primaryImageOfPage":{"@id":"https:\/\/verdadeon.com.br\/portal\/2024\/04\/25\/cesta-basica-nacional-tera-15-alimentos-com-imposto-zerado\/#primaryimage"},"image":{"@id":"https:\/\/verdadeon.com.br\/portal\/2024\/04\/25\/cesta-basica-nacional-tera-15-alimentos-com-imposto-zerado\/#primaryimage"},"thumbnailUrl":"https:\/\/i0.wp.com\/verdadeon.com.br\/portal\/wp-content\/uploads\/2021\/07\/cesta_basicas-1-scaled-e1626821556234.jpg?fit=998%2C672&ssl=1","datePublished":"2024-04-25T13:00:24+00:00","dateModified":"2024-04-25T20:10:47+00:00","author":{"@id":"https:\/\/verdadeon.com.br\/portal\/#\/schema\/person\/a5060ad1e9ea3df545188fc93ce43d2f"},"breadcrumb":{"@id":"https:\/\/verdadeon.com.br\/portal\/2024\/04\/25\/cesta-basica-nacional-tera-15-alimentos-com-imposto-zerado\/#breadcrumb"},"inLanguage":"pt-BR","potentialAction":[{"@type":"ReadAction","target":["https:\/\/verdadeon.com.br\/portal\/2024\/04\/25\/cesta-basica-nacional-tera-15-alimentos-com-imposto-zerado\/"]}]},{"@type":"ImageObject","inLanguage":"pt-BR","@id":"https:\/\/verdadeon.com.br\/portal\/2024\/04\/25\/cesta-basica-nacional-tera-15-alimentos-com-imposto-zerado\/#primaryimage","url":"https:\/\/i0.wp.com\/verdadeon.com.br\/portal\/wp-content\/uploads\/2021\/07\/cesta_basicas-1-scaled-e1626821556234.jpg?fit=998%2C672&ssl=1","contentUrl":"https:\/\/i0.wp.com\/verdadeon.com.br\/portal\/wp-content\/uploads\/2021\/07\/cesta_basicas-1-scaled-e1626821556234.jpg?fit=998%2C672&ssl=1","width":998,"height":672,"caption":"14 produtos com al\u00edquota reduzida em 60% ( Foto: Divulga\u00e7\u00e3o)"},{"@type":"BreadcrumbList","@id":"https:\/\/verdadeon.com.br\/portal\/2024\/04\/25\/cesta-basica-nacional-tera-15-alimentos-com-imposto-zerado\/#breadcrumb","itemListElement":[{"@type":"ListItem","position":1,"name":"In\u00edcio","item":"https:\/\/verdadeon.com.br\/portal\/"},{"@type":"ListItem","position":2,"name":"Cesta b\u00e1sica nacional ter\u00e1 15 alimentos com imposto zerado"}]},{"@type":"WebSite","@id":"https:\/\/verdadeon.com.br\/portal\/#website","url":"https:\/\/verdadeon.com.br\/portal\/","name":"VerdadeOn","description":"Not\u00edcias di\u00e1rias sobre Franca, Regi\u00e3o, Esporte, Cultura, Cotidiano, Colunas. Cobertura nos principais eventos da cidade \u00e9 aqui - Verdadeon Franca","potentialAction":[{"@type":"SearchAction","target":{"@type":"EntryPoint","urlTemplate":"https:\/\/verdadeon.com.br\/portal\/?s={search_term_string}"},"query-input":{"@type":"PropertyValueSpecification","valueRequired":true,"valueName":"search_term_string"}}],"inLanguage":"pt-BR"},{"@type":"Person","@id":"https:\/\/verdadeon.com.br\/portal\/#\/schema\/person\/a5060ad1e9ea3df545188fc93ce43d2f","name":"Redacao VerdadeOn","image":{"@type":"ImageObject","inLanguage":"pt-BR","@id":"https:\/\/verdadeon.com.br\/portal\/#\/schema\/person\/image\/","url":"https:\/\/secure.gravatar.com\/avatar\/459a9613caaaf07f582c3d0841eea68bdd66f533e465e6ba8b9cb45619572cf4?s=96&d=mm&r=g","contentUrl":"https:\/\/secure.gravatar.com\/avatar\/459a9613caaaf07f582c3d0841eea68bdd66f533e465e6ba8b9cb45619572cf4?s=96&d=mm&r=g","caption":"Redacao VerdadeOn"},"url":"https:\/\/verdadeon.com.br\/portal\/author\/redacao\/"}]}},"jetpack_publicize_connections":[],"jetpack_featured_media_url":"https:\/\/i0.wp.com\/verdadeon.com.br\/portal\/wp-content\/uploads\/2021\/07\/cesta_basicas-1-scaled-e1626821556234.jpg?fit=998%2C672&ssl=1","jetpack_sharing_enabled":true,"_links":{"self":[{"href":"https:\/\/verdadeon.com.br\/portal\/wp-json\/wp\/v2\/posts\/43884","targetHints":{"allow":["GET"]}}],"collection":[{"href":"https:\/\/verdadeon.com.br\/portal\/wp-json\/wp\/v2\/posts"}],"about":[{"href":"https:\/\/verdadeon.com.br\/portal\/wp-json\/wp\/v2\/types\/post"}],"author":[{"embeddable":true,"href":"https:\/\/verdadeon.com.br\/portal\/wp-json\/wp\/v2\/users\/10"}],"replies":[{"embeddable":true,"href":"https:\/\/verdadeon.com.br\/portal\/wp-json\/wp\/v2\/comments?post=43884"}],"version-history":[{"count":2,"href":"https:\/\/verdadeon.com.br\/portal\/wp-json\/wp\/v2\/posts\/43884\/revisions"}],"predecessor-version":[{"id":43899,"href":"https:\/\/verdadeon.com.br\/portal\/wp-json\/wp\/v2\/posts\/43884\/revisions\/43899"}],"wp:featuredmedia":[{"embeddable":true,"href":"https:\/\/verdadeon.com.br\/portal\/wp-json\/wp\/v2\/media\/18099"}],"wp:attachment":[{"href":"https:\/\/verdadeon.com.br\/portal\/wp-json\/wp\/v2\/media?parent=43884"}],"wp:term":[{"taxonomy":"category","embeddable":true,"href":"https:\/\/verdadeon.com.br\/portal\/wp-json\/wp\/v2\/categories?post=43884"},{"taxonomy":"post_tag","embeddable":true,"href":"https:\/\/verdadeon.com.br\/portal\/wp-json\/wp\/v2\/tags?post=43884"}],"curies":[{"name":"wp","href":"https:\/\/api.w.org\/{rel}","templated":true}]}}