{"id":4386,"date":"2020-02-29T08:00:06","date_gmt":"2020-02-29T11:00:06","guid":{"rendered":"http:\/\/verdadeon.com.br\/portal\/?p=4386"},"modified":"2020-02-28T22:21:31","modified_gmt":"2020-02-29T01:21:31","slug":"francana-define-amistoso-contra-o-botafogo","status":"publish","type":"post","link":"https:\/\/verdadeon.com.br\/portal\/2020\/02\/29\/francana-define-amistoso-contra-o-botafogo\/","title":{"rendered":"Francana define amistoso contra o Botafogo"},"content":{"rendered":"<h2>Veterana anunciou nesta semana mais um refor\u00e7o e agora conta com 15 contrata\u00e7\u00f5es<\/h2>\n<p>Reportagem Gustavo Rodrigues<\/p>\n<p>Faltam menos de dois meses para o in\u00edcio de mais uma tentativa da Francana buscar o acesso no Campeonato Paulista. A segunda divis\u00e3o de 2020 est\u00e1 marcada para come\u00e7ar no dia 19 de abril e a Veterana segue com a prepara\u00e7\u00e3o para a conquista do objetivo. Novo comandante, experiente e com passagem pelo clube, reformula\u00e7\u00e3o do elenco e foco total da diretoria s\u00e3o pontos fundamentais nesse processo de crescimento para a temporada.<br \/>\nPensando na competi\u00e7\u00e3o estadual, a equipe comandada por Paulinho McLaren j\u00e1 tem definido o primeiro compromisso do ano antes do Paulist\u00e3o. Na manh\u00e3 de ontem (28), a Veterana anunciou que disputar\u00e1 uma partida amistosa contra o Botafogo, de Ribeir\u00e3o Preto, na casa do advers\u00e1rio. O duelo est\u00e1 marcado para o dia 9 de mar\u00e7o, \u00e0s 10 horas.<br \/>\nDe acordo com a comiss\u00e3o t\u00e9cnica do clube, o jogo treino servir\u00e1 para as primeiras avalia\u00e7\u00f5es do grupo de jogadores em rela\u00e7\u00e3o \u00e0 parte f\u00edsica e desenvolvimento t\u00e1tico do time. Todos os jogadores que est\u00e3o \u00e0 disposi\u00e7\u00e3o devem ser utilizados no confronto, j\u00e1 que o intuito de McLaren \u00e9 testar todos para observar as condi\u00e7\u00f5es de cada um.<br \/>\nVale lembrar que a Francana est\u00e1 treinando desde o in\u00edcio do m\u00eas, quando apresentou as novas contrata\u00e7\u00f5es, o treinador e sua comiss\u00e3o. A estreia da equipe no Campeonato Paulista ser\u00e1 no dia 19 de abril diante da Inter de Bebedouro, no Lanch\u00e3o, \u00e0s 10 horas.<\/p>\n<p>Cara nova<br \/>\nPensando em chegar forte para a temporada, a equipe anunciou na \u00faltima quinta-feira (27) mais um refor\u00e7o. O goleiro Gabriel Affonso, de 21 anos, j\u00e1 est\u00e1 treinando com o plantel. Mesmo com pouca idade, o atleta tem passagens por cinco times. Em sua curta carreira, ele atuou Gr\u00eamio Barueri, Juventus, Atl\u00e9tico Goianiense e Tabo\u00e3o da Serra e, mais recentemente, defendeu o Vocem.<br \/>\nDurante a apresenta\u00e7\u00e3o, o goleiro falou sobre a expectativa de vestir a camisa da Veterana e os objetivos para este ano. &#8220;Chego na Francana para ajudar os companheiros e conseguir o objetivo do acesso e o t\u00edtulo. O time tem um torcedor apaixonado e isso motiva muito. Quero dar alegria para esse torcedor&#8221;, afirmou.<br \/>\nA Veterana agora soma 15 refor\u00e7os para o estadual. A lista de atletas que disputar\u00e1 o torneio tamb\u00e9m contar\u00e1 com atletas que jogaram a Copa S\u00e3o Paulo deste ano.<\/p>\n","protected":false},"excerpt":{"rendered":"<p>Veterana anunciou nesta semana mais um refor\u00e7o e agora conta com 15 contrata\u00e7\u00f5es Reportagem Gustavo Rodrigues Faltam menos de dois meses para o in\u00edcio de mais<span class=\"excerpt-hellip\"> [\u2026]<\/span><\/p>\n","protected":false},"author":10,"featured_media":4387,"comment_status":"open","ping_status":"open","sticky":false,"template":"","format":"standard","meta":{"_jetpack_memberships_contains_paid_content":false,"footnotes":"","jetpack_publicize_message":"","jetpack_publicize_feature_enabled":true,"jetpack_social_post_already_shared":false,"jetpack_social_options":{"image_generator_settings":{"template":"highway","default_image_id":0,"enabled":false},"version":2}},"categories":[29,44],"tags":[],"class_list":["post-4386","post","type-post","status-publish","format-standard","has-post-thumbnail","hentry","category-esportes","category-noticias"],"yoast_head":"<!-- This site is optimized with the Yoast SEO plugin v25.6 - https:\/\/yoast.com\/wordpress\/plugins\/seo\/ -->\n<title>Francana define amistoso contra o Botafogo - VerdadeOn<\/title>\n<meta name=\"robots\" content=\"index, follow, max-snippet:-1, max-image-preview:large, max-video-preview:-1\" \/>\n<link rel=\"canonical\" href=\"https:\/\/verdadeon.com.br\/portal\/2020\/02\/29\/francana-define-amistoso-contra-o-botafogo\/\" \/>\n<meta property=\"og:locale\" content=\"pt_BR\" \/>\n<meta property=\"og:type\" content=\"article\" \/>\n<meta property=\"og:title\" content=\"Francana define amistoso contra o Botafogo - VerdadeOn\" \/>\n<meta property=\"og:description\" content=\"Veterana anunciou nesta semana mais um refor\u00e7o e agora conta com 15 contrata\u00e7\u00f5es Reportagem Gustavo Rodrigues Faltam menos de dois meses para o in\u00edcio de mais [\u2026]\" \/>\n<meta property=\"og:url\" content=\"https:\/\/verdadeon.com.br\/portal\/2020\/02\/29\/francana-define-amistoso-contra-o-botafogo\/\" \/>\n<meta property=\"og:site_name\" content=\"VerdadeOn\" \/>\n<meta property=\"article:published_time\" content=\"2020-02-29T11:00:06+00:00\" \/>\n<meta property=\"og:image\" content=\"https:\/\/verdadeon.com.br\/portal\/wp-content\/uploads\/2020\/02\/Abre-2.jpg\" \/>\n\t<meta property=\"og:image:width\" content=\"1000\" \/>\n\t<meta property=\"og:image:height\" content=\"662\" \/>\n\t<meta property=\"og:image:type\" content=\"image\/jpeg\" \/>\n<meta name=\"author\" content=\"Redacao VerdadeOn\" \/>\n<meta name=\"twitter:card\" content=\"summary_large_image\" \/>\n<meta name=\"twitter:label1\" content=\"Escrito por\" \/>\n\t<meta name=\"twitter:data1\" content=\"Redacao VerdadeOn\" \/>\n\t<meta name=\"twitter:label2\" content=\"Est. tempo de leitura\" \/>\n\t<meta name=\"twitter:data2\" content=\"2 minutos\" \/>\n<script type=\"application\/ld+json\" class=\"yoast-schema-graph\">{\"@context\":\"https:\/\/schema.org\",\"@graph\":[{\"@type\":\"WebPage\",\"@id\":\"https:\/\/verdadeon.com.br\/portal\/2020\/02\/29\/francana-define-amistoso-contra-o-botafogo\/\",\"url\":\"https:\/\/verdadeon.com.br\/portal\/2020\/02\/29\/francana-define-amistoso-contra-o-botafogo\/\",\"name\":\"Francana define amistoso contra o Botafogo - VerdadeOn\",\"isPartOf\":{\"@id\":\"https:\/\/verdadeon.com.br\/portal\/#website\"},\"primaryImageOfPage\":{\"@id\":\"https:\/\/verdadeon.com.br\/portal\/2020\/02\/29\/francana-define-amistoso-contra-o-botafogo\/#primaryimage\"},\"image\":{\"@id\":\"https:\/\/verdadeon.com.br\/portal\/2020\/02\/29\/francana-define-amistoso-contra-o-botafogo\/#primaryimage\"},\"thumbnailUrl\":\"https:\/\/i0.wp.com\/verdadeon.com.br\/portal\/wp-content\/uploads\/2020\/02\/Abre-2.jpg?fit=1000%2C662&ssl=1\",\"datePublished\":\"2020-02-29T11:00:06+00:00\",\"author\":{\"@id\":\"https:\/\/verdadeon.com.br\/portal\/#\/schema\/person\/a5060ad1e9ea3df545188fc93ce43d2f\"},\"breadcrumb\":{\"@id\":\"https:\/\/verdadeon.com.br\/portal\/2020\/02\/29\/francana-define-amistoso-contra-o-botafogo\/#breadcrumb\"},\"inLanguage\":\"pt-BR\",\"potentialAction\":[{\"@type\":\"ReadAction\",\"target\":[\"https:\/\/verdadeon.com.br\/portal\/2020\/02\/29\/francana-define-amistoso-contra-o-botafogo\/\"]}]},{\"@type\":\"ImageObject\",\"inLanguage\":\"pt-BR\",\"@id\":\"https:\/\/verdadeon.com.br\/portal\/2020\/02\/29\/francana-define-amistoso-contra-o-botafogo\/#primaryimage\",\"url\":\"https:\/\/i0.wp.com\/verdadeon.com.br\/portal\/wp-content\/uploads\/2020\/02\/Abre-2.jpg?fit=1000%2C662&ssl=1\",\"contentUrl\":\"https:\/\/i0.wp.com\/verdadeon.com.br\/portal\/wp-content\/uploads\/2020\/02\/Abre-2.jpg?fit=1000%2C662&ssl=1\",\"width\":1000,\"height\":662,\"caption\":\"expectativa - Grupo de jogadores da francana durante treinamento preparat\u00f3rio para a temporada. Equipe j\u00e1 definiu primeiro compromisso do ano, sontra o Botafogo, em Ribeir\u00e3o Preto, no dia 9 de mar\u00e7o, fora de casa. Campeonato Paulista come\u00e7a no dia 19 de abril | Foto: Rodolfo C\u00e9sar\/Divulga\u00e7\u00e3o\"},{\"@type\":\"BreadcrumbList\",\"@id\":\"https:\/\/verdadeon.com.br\/portal\/2020\/02\/29\/francana-define-amistoso-contra-o-botafogo\/#breadcrumb\",\"itemListElement\":[{\"@type\":\"ListItem\",\"position\":1,\"name\":\"In\u00edcio\",\"item\":\"https:\/\/verdadeon.com.br\/portal\/\"},{\"@type\":\"ListItem\",\"position\":2,\"name\":\"Francana define amistoso contra o Botafogo\"}]},{\"@type\":\"WebSite\",\"@id\":\"https:\/\/verdadeon.com.br\/portal\/#website\",\"url\":\"https:\/\/verdadeon.com.br\/portal\/\",\"name\":\"VerdadeOn\",\"description\":\"Not\u00edcias di\u00e1rias sobre Franca, Regi\u00e3o, Esporte, Cultura, Cotidiano, Colunas. Cobertura nos principais eventos da cidade \u00e9 aqui - Verdadeon Franca\",\"potentialAction\":[{\"@type\":\"SearchAction\",\"target\":{\"@type\":\"EntryPoint\",\"urlTemplate\":\"https:\/\/verdadeon.com.br\/portal\/?s={search_term_string}\"},\"query-input\":{\"@type\":\"PropertyValueSpecification\",\"valueRequired\":true,\"valueName\":\"search_term_string\"}}],\"inLanguage\":\"pt-BR\"},{\"@type\":\"Person\",\"@id\":\"https:\/\/verdadeon.com.br\/portal\/#\/schema\/person\/a5060ad1e9ea3df545188fc93ce43d2f\",\"name\":\"Redacao VerdadeOn\",\"image\":{\"@type\":\"ImageObject\",\"inLanguage\":\"pt-BR\",\"@id\":\"https:\/\/verdadeon.com.br\/portal\/#\/schema\/person\/image\/\",\"url\":\"https:\/\/secure.gravatar.com\/avatar\/459a9613caaaf07f582c3d0841eea68bdd66f533e465e6ba8b9cb45619572cf4?s=96&d=mm&r=g\",\"contentUrl\":\"https:\/\/secure.gravatar.com\/avatar\/459a9613caaaf07f582c3d0841eea68bdd66f533e465e6ba8b9cb45619572cf4?s=96&d=mm&r=g\",\"caption\":\"Redacao VerdadeOn\"},\"url\":\"https:\/\/verdadeon.com.br\/portal\/author\/redacao\/\"}]}<\/script>\n<!-- \/ Yoast SEO plugin. -->","yoast_head_json":{"title":"Francana define amistoso contra o Botafogo - VerdadeOn","robots":{"index":"index","follow":"follow","max-snippet":"max-snippet:-1","max-image-preview":"max-image-preview:large","max-video-preview":"max-video-preview:-1"},"canonical":"https:\/\/verdadeon.com.br\/portal\/2020\/02\/29\/francana-define-amistoso-contra-o-botafogo\/","og_locale":"pt_BR","og_type":"article","og_title":"Francana define amistoso contra o Botafogo - VerdadeOn","og_description":"Veterana anunciou nesta semana mais um refor\u00e7o e agora conta com 15 contrata\u00e7\u00f5es Reportagem Gustavo Rodrigues Faltam menos de dois meses para o in\u00edcio de mais [\u2026]","og_url":"https:\/\/verdadeon.com.br\/portal\/2020\/02\/29\/francana-define-amistoso-contra-o-botafogo\/","og_site_name":"VerdadeOn","article_published_time":"2020-02-29T11:00:06+00:00","og_image":[{"width":1000,"height":662,"url":"https:\/\/verdadeon.com.br\/portal\/wp-content\/uploads\/2020\/02\/Abre-2.jpg","type":"image\/jpeg"}],"author":"Redacao VerdadeOn","twitter_card":"summary_large_image","twitter_misc":{"Escrito por":"Redacao VerdadeOn","Est. tempo de leitura":"2 minutos"},"schema":{"@context":"https:\/\/schema.org","@graph":[{"@type":"WebPage","@id":"https:\/\/verdadeon.com.br\/portal\/2020\/02\/29\/francana-define-amistoso-contra-o-botafogo\/","url":"https:\/\/verdadeon.com.br\/portal\/2020\/02\/29\/francana-define-amistoso-contra-o-botafogo\/","name":"Francana define amistoso contra o Botafogo - VerdadeOn","isPartOf":{"@id":"https:\/\/verdadeon.com.br\/portal\/#website"},"primaryImageOfPage":{"@id":"https:\/\/verdadeon.com.br\/portal\/2020\/02\/29\/francana-define-amistoso-contra-o-botafogo\/#primaryimage"},"image":{"@id":"https:\/\/verdadeon.com.br\/portal\/2020\/02\/29\/francana-define-amistoso-contra-o-botafogo\/#primaryimage"},"thumbnailUrl":"https:\/\/i0.wp.com\/verdadeon.com.br\/portal\/wp-content\/uploads\/2020\/02\/Abre-2.jpg?fit=1000%2C662&ssl=1","datePublished":"2020-02-29T11:00:06+00:00","author":{"@id":"https:\/\/verdadeon.com.br\/portal\/#\/schema\/person\/a5060ad1e9ea3df545188fc93ce43d2f"},"breadcrumb":{"@id":"https:\/\/verdadeon.com.br\/portal\/2020\/02\/29\/francana-define-amistoso-contra-o-botafogo\/#breadcrumb"},"inLanguage":"pt-BR","potentialAction":[{"@type":"ReadAction","target":["https:\/\/verdadeon.com.br\/portal\/2020\/02\/29\/francana-define-amistoso-contra-o-botafogo\/"]}]},{"@type":"ImageObject","inLanguage":"pt-BR","@id":"https:\/\/verdadeon.com.br\/portal\/2020\/02\/29\/francana-define-amistoso-contra-o-botafogo\/#primaryimage","url":"https:\/\/i0.wp.com\/verdadeon.com.br\/portal\/wp-content\/uploads\/2020\/02\/Abre-2.jpg?fit=1000%2C662&ssl=1","contentUrl":"https:\/\/i0.wp.com\/verdadeon.com.br\/portal\/wp-content\/uploads\/2020\/02\/Abre-2.jpg?fit=1000%2C662&ssl=1","width":1000,"height":662,"caption":"expectativa - Grupo de jogadores da francana durante treinamento preparat\u00f3rio para a temporada. Equipe j\u00e1 definiu primeiro compromisso do ano, sontra o Botafogo, em Ribeir\u00e3o Preto, no dia 9 de mar\u00e7o, fora de casa. Campeonato Paulista come\u00e7a no dia 19 de abril | Foto: Rodolfo C\u00e9sar\/Divulga\u00e7\u00e3o"},{"@type":"BreadcrumbList","@id":"https:\/\/verdadeon.com.br\/portal\/2020\/02\/29\/francana-define-amistoso-contra-o-botafogo\/#breadcrumb","itemListElement":[{"@type":"ListItem","position":1,"name":"In\u00edcio","item":"https:\/\/verdadeon.com.br\/portal\/"},{"@type":"ListItem","position":2,"name":"Francana define amistoso contra o Botafogo"}]},{"@type":"WebSite","@id":"https:\/\/verdadeon.com.br\/portal\/#website","url":"https:\/\/verdadeon.com.br\/portal\/","name":"VerdadeOn","description":"Not\u00edcias di\u00e1rias sobre Franca, Regi\u00e3o, Esporte, Cultura, Cotidiano, Colunas. Cobertura nos principais eventos da cidade \u00e9 aqui - Verdadeon Franca","potentialAction":[{"@type":"SearchAction","target":{"@type":"EntryPoint","urlTemplate":"https:\/\/verdadeon.com.br\/portal\/?s={search_term_string}"},"query-input":{"@type":"PropertyValueSpecification","valueRequired":true,"valueName":"search_term_string"}}],"inLanguage":"pt-BR"},{"@type":"Person","@id":"https:\/\/verdadeon.com.br\/portal\/#\/schema\/person\/a5060ad1e9ea3df545188fc93ce43d2f","name":"Redacao VerdadeOn","image":{"@type":"ImageObject","inLanguage":"pt-BR","@id":"https:\/\/verdadeon.com.br\/portal\/#\/schema\/person\/image\/","url":"https:\/\/secure.gravatar.com\/avatar\/459a9613caaaf07f582c3d0841eea68bdd66f533e465e6ba8b9cb45619572cf4?s=96&d=mm&r=g","contentUrl":"https:\/\/secure.gravatar.com\/avatar\/459a9613caaaf07f582c3d0841eea68bdd66f533e465e6ba8b9cb45619572cf4?s=96&d=mm&r=g","caption":"Redacao VerdadeOn"},"url":"https:\/\/verdadeon.com.br\/portal\/author\/redacao\/"}]}},"jetpack_publicize_connections":[],"jetpack_featured_media_url":"https:\/\/i0.wp.com\/verdadeon.com.br\/portal\/wp-content\/uploads\/2020\/02\/Abre-2.jpg?fit=1000%2C662&ssl=1","jetpack_sharing_enabled":true,"_links":{"self":[{"href":"https:\/\/verdadeon.com.br\/portal\/wp-json\/wp\/v2\/posts\/4386","targetHints":{"allow":["GET"]}}],"collection":[{"href":"https:\/\/verdadeon.com.br\/portal\/wp-json\/wp\/v2\/posts"}],"about":[{"href":"https:\/\/verdadeon.com.br\/portal\/wp-json\/wp\/v2\/types\/post"}],"author":[{"embeddable":true,"href":"https:\/\/verdadeon.com.br\/portal\/wp-json\/wp\/v2\/users\/10"}],"replies":[{"embeddable":true,"href":"https:\/\/verdadeon.com.br\/portal\/wp-json\/wp\/v2\/comments?post=4386"}],"version-history":[{"count":0,"href":"https:\/\/verdadeon.com.br\/portal\/wp-json\/wp\/v2\/posts\/4386\/revisions"}],"wp:featuredmedia":[{"embeddable":true,"href":"https:\/\/verdadeon.com.br\/portal\/wp-json\/wp\/v2\/media\/4387"}],"wp:attachment":[{"href":"https:\/\/verdadeon.com.br\/portal\/wp-json\/wp\/v2\/media?parent=4386"}],"wp:term":[{"taxonomy":"category","embeddable":true,"href":"https:\/\/verdadeon.com.br\/portal\/wp-json\/wp\/v2\/categories?post=4386"},{"taxonomy":"post_tag","embeddable":true,"href":"https:\/\/verdadeon.com.br\/portal\/wp-json\/wp\/v2\/tags?post=4386"}],"curies":[{"name":"wp","href":"https:\/\/api.w.org\/{rel}","templated":true}]}}