{"id":43847,"date":"2024-04-24T17:07:09","date_gmt":"2024-04-24T20:07:09","guid":{"rendered":"https:\/\/verdadeon.com.br\/portal\/?p=43847"},"modified":"2024-04-24T17:07:09","modified_gmt":"2024-04-24T20:07:09","slug":"bairros-sao-jose-baldassari-e-acacias-recebem-o-fumace-nesta-quinta-feira","status":"publish","type":"post","link":"https:\/\/verdadeon.com.br\/portal\/2024\/04\/24\/bairros-sao-jose-baldassari-e-acacias-recebem-o-fumace-nesta-quinta-feira\/","title":{"rendered":"Bairros S\u00e3o Jos\u00e9, Baldassari e Ac\u00e1cias recebem o &#8216;fumac\u00ea&#8217; nesta quinta-feira"},"content":{"rendered":"<h2>Medida contra a dengue continua na cidade de Franca<\/h2>\n<p>Ap\u00f3s atender o Jardim Aeroporto 4 e as ruas do Com\u00e9rcio, Volunt\u00e1rios da Franca, Major Nic\u00e1cio e Ismael Alonso y Alonso, na \u00e1rea central, no in\u00edcio desta semana, a programa\u00e7\u00e3o do &#8216;fumac\u00ea&#8217; prev\u00ea para esta quinta-feira, 25, a realiza\u00e7\u00e3o da a\u00e7\u00e3o em parte dos bairros S\u00e3o Jos\u00e9, Baldassari e Ac\u00e1cias nas ruas Nelson Pressoto, Nab Haber, Major Mendon\u00e7a, Carlos do Carmo e avenida Major Nic\u00e1cio. O trabalho n\u00e3o \u00e9 feito em todo o bairro, mas nos locais onde foram identificados mais casos da doen\u00e7a.<br \/>\nDurante a nebuliza\u00e7\u00e3o \u00e9 recomendado que os moradores deixem portas e janelas abertas, para que o produto entre nas casas, eliminando o mosquito. O material utilizado n\u00e3o oferece riscos \u00e0 sa\u00fade humana nem aos animais dom\u00e9sticos, mas as vasilhas de \u00e1gua e comida dos animais de estima\u00e7\u00e3o devem ser cobertas.<br \/>\nO &#8216;fumac\u00ea&#8217; integra as a\u00e7\u00f5es de combate e elimina\u00e7\u00e3o do mosquito da dengue na cidade. Diariamente, com a jornada de trabalho estendida ap\u00f3s \u00e0s 17 horas, os agentes de controle de vetores uniformizados e credenciados est\u00e3o visitando as casas e estabelecimentos comerciais para a orienta\u00e7\u00e3o \u00e0 popula\u00e7\u00e3o.<br \/>\nPara este trabalho, as equipes de sa\u00fade contam com o apoio de 20 atiradores do Tiro de Guerra de Franca (TG 02-013), que est\u00e3o percorrendo os principais corredores comerciais da cidade para a entrega de panfletos e material informativo, ressaltando a import\u00e2ncia da vistoria nos im\u00f3veis, retirando os materiais que possam acumular \u00e1gua e servir de criadouros do mosquito Aedes aegypti.<br \/>\nSegundo o Departamento de Vigil\u00e2ncia em Sa\u00fade, j\u00e1 foram atendidos pelo &#8216;fumac\u00ea&#8217; desde o in\u00edcio do trabalho, cerca de 25 bairros.<br \/>\nAt\u00e9 esta quarta-feira, 24, Franca contabiliza 2.392 casos de dengue e nove \u00f3bitos, sendo tr\u00eas homens, com idades de 44, 84 e 77 anos, e seis mulheres com 72, 85, 74, 39, 29 e 64 anos. O \u00faltimo \u00f3bito registrado foi de uma mulher de 64 anos, que estava internada em hospital particular da cidade, ocorrido em 28 de mar\u00e7o. Todos os pacientes apresentavam comorbidades.<\/p>\n","protected":false},"excerpt":{"rendered":"<p>Medida contra a dengue continua na cidade de Franca Ap\u00f3s atender o Jardim Aeroporto 4 e as ruas do Com\u00e9rcio, Volunt\u00e1rios da Franca, Major Nic\u00e1cio e<span class=\"excerpt-hellip\"> [\u2026]<\/span><\/p>\n","protected":false},"author":10,"featured_media":43848,"comment_status":"open","ping_status":"open","sticky":false,"template":"","format":"standard","meta":{"_jetpack_memberships_contains_paid_content":false,"footnotes":"","jetpack_publicize_message":"","jetpack_publicize_feature_enabled":true,"jetpack_social_post_already_shared":false,"jetpack_social_options":{"image_generator_settings":{"template":"highway","default_image_id":0,"enabled":false},"version":2}},"categories":[28,81],"tags":[],"class_list":["post-43847","post","type-post","status-publish","format-standard","has-post-thumbnail","hentry","category-cotidiano","category-manchete"],"yoast_head":"<!-- This site is optimized with the Yoast SEO plugin v25.6 - https:\/\/yoast.com\/wordpress\/plugins\/seo\/ -->\n<title>Bairros S\u00e3o Jos\u00e9, Baldassari e Ac\u00e1cias recebem o &#039;fumac\u00ea&#039; nesta quinta-feira - VerdadeOn<\/title>\n<meta name=\"robots\" content=\"index, follow, max-snippet:-1, max-image-preview:large, max-video-preview:-1\" \/>\n<link rel=\"canonical\" href=\"https:\/\/verdadeon.com.br\/portal\/2024\/04\/24\/bairros-sao-jose-baldassari-e-acacias-recebem-o-fumace-nesta-quinta-feira\/\" \/>\n<meta property=\"og:locale\" content=\"pt_BR\" \/>\n<meta property=\"og:type\" content=\"article\" \/>\n<meta property=\"og:title\" content=\"Bairros S\u00e3o Jos\u00e9, Baldassari e Ac\u00e1cias recebem o &#039;fumac\u00ea&#039; nesta quinta-feira - VerdadeOn\" \/>\n<meta property=\"og:description\" content=\"Medida contra a dengue continua na cidade de Franca Ap\u00f3s atender o Jardim Aeroporto 4 e as ruas do Com\u00e9rcio, Volunt\u00e1rios da Franca, Major Nic\u00e1cio e [\u2026]\" \/>\n<meta property=\"og:url\" content=\"https:\/\/verdadeon.com.br\/portal\/2024\/04\/24\/bairros-sao-jose-baldassari-e-acacias-recebem-o-fumace-nesta-quinta-feira\/\" \/>\n<meta property=\"og:site_name\" content=\"VerdadeOn\" \/>\n<meta property=\"article:published_time\" content=\"2024-04-24T20:07:09+00:00\" \/>\n<meta property=\"og:image\" content=\"https:\/\/verdadeon.com.br\/portal\/wp-content\/uploads\/2024\/04\/WhatsApp-Image-2024-04-24-at-17.03.41.jpeg\" \/>\n\t<meta property=\"og:image:width\" content=\"1280\" \/>\n\t<meta property=\"og:image:height\" content=\"720\" \/>\n\t<meta property=\"og:image:type\" content=\"image\/jpeg\" \/>\n<meta name=\"author\" content=\"Redacao VerdadeOn\" \/>\n<meta name=\"twitter:card\" content=\"summary_large_image\" \/>\n<meta name=\"twitter:label1\" content=\"Escrito por\" \/>\n\t<meta name=\"twitter:data1\" content=\"Redacao VerdadeOn\" \/>\n\t<meta name=\"twitter:label2\" content=\"Est. tempo de leitura\" \/>\n\t<meta name=\"twitter:data2\" content=\"2 minutos\" \/>\n<script type=\"application\/ld+json\" class=\"yoast-schema-graph\">{\"@context\":\"https:\/\/schema.org\",\"@graph\":[{\"@type\":\"WebPage\",\"@id\":\"https:\/\/verdadeon.com.br\/portal\/2024\/04\/24\/bairros-sao-jose-baldassari-e-acacias-recebem-o-fumace-nesta-quinta-feira\/\",\"url\":\"https:\/\/verdadeon.com.br\/portal\/2024\/04\/24\/bairros-sao-jose-baldassari-e-acacias-recebem-o-fumace-nesta-quinta-feira\/\",\"name\":\"Bairros S\u00e3o Jos\u00e9, Baldassari e Ac\u00e1cias recebem o 'fumac\u00ea' nesta quinta-feira - VerdadeOn\",\"isPartOf\":{\"@id\":\"https:\/\/verdadeon.com.br\/portal\/#website\"},\"primaryImageOfPage\":{\"@id\":\"https:\/\/verdadeon.com.br\/portal\/2024\/04\/24\/bairros-sao-jose-baldassari-e-acacias-recebem-o-fumace-nesta-quinta-feira\/#primaryimage\"},\"image\":{\"@id\":\"https:\/\/verdadeon.com.br\/portal\/2024\/04\/24\/bairros-sao-jose-baldassari-e-acacias-recebem-o-fumace-nesta-quinta-feira\/#primaryimage\"},\"thumbnailUrl\":\"https:\/\/i0.wp.com\/verdadeon.com.br\/portal\/wp-content\/uploads\/2024\/04\/WhatsApp-Image-2024-04-24-at-17.03.41.jpeg?fit=1280%2C720&ssl=1\",\"datePublished\":\"2024-04-24T20:07:09+00:00\",\"author\":{\"@id\":\"https:\/\/verdadeon.com.br\/portal\/#\/schema\/person\/a5060ad1e9ea3df545188fc93ce43d2f\"},\"breadcrumb\":{\"@id\":\"https:\/\/verdadeon.com.br\/portal\/2024\/04\/24\/bairros-sao-jose-baldassari-e-acacias-recebem-o-fumace-nesta-quinta-feira\/#breadcrumb\"},\"inLanguage\":\"pt-BR\",\"potentialAction\":[{\"@type\":\"ReadAction\",\"target\":[\"https:\/\/verdadeon.com.br\/portal\/2024\/04\/24\/bairros-sao-jose-baldassari-e-acacias-recebem-o-fumace-nesta-quinta-feira\/\"]}]},{\"@type\":\"ImageObject\",\"inLanguage\":\"pt-BR\",\"@id\":\"https:\/\/verdadeon.com.br\/portal\/2024\/04\/24\/bairros-sao-jose-baldassari-e-acacias-recebem-o-fumace-nesta-quinta-feira\/#primaryimage\",\"url\":\"https:\/\/i0.wp.com\/verdadeon.com.br\/portal\/wp-content\/uploads\/2024\/04\/WhatsApp-Image-2024-04-24-at-17.03.41.jpeg?fit=1280%2C720&ssl=1\",\"contentUrl\":\"https:\/\/i0.wp.com\/verdadeon.com.br\/portal\/wp-content\/uploads\/2024\/04\/WhatsApp-Image-2024-04-24-at-17.03.41.jpeg?fit=1280%2C720&ssl=1\",\"width\":1280,\"height\":720,\"caption\":\"\u2002O 'fumac\u00ea' integra as a\u00e7\u00f5es de combate e elimina\u00e7\u00e3o do mosquito da dengue na cidade. Diariamente, com a jornada de trabalho estendida ap\u00f3s \u00e0s 17 horas, os agentes de controle de vetores uniformizados e credenciados est\u00e3o visitando as casas e estabelecimentos comerciais para a orienta\u00e7\u00e3o \u00e0 popula\u00e7\u00e3o (\u00a9Divulga\u00e7\u00e3o prefeitura)\"},{\"@type\":\"BreadcrumbList\",\"@id\":\"https:\/\/verdadeon.com.br\/portal\/2024\/04\/24\/bairros-sao-jose-baldassari-e-acacias-recebem-o-fumace-nesta-quinta-feira\/#breadcrumb\",\"itemListElement\":[{\"@type\":\"ListItem\",\"position\":1,\"name\":\"In\u00edcio\",\"item\":\"https:\/\/verdadeon.com.br\/portal\/\"},{\"@type\":\"ListItem\",\"position\":2,\"name\":\"Bairros S\u00e3o Jos\u00e9, Baldassari e Ac\u00e1cias recebem o &#8216;fumac\u00ea&#8217; nesta quinta-feira\"}]},{\"@type\":\"WebSite\",\"@id\":\"https:\/\/verdadeon.com.br\/portal\/#website\",\"url\":\"https:\/\/verdadeon.com.br\/portal\/\",\"name\":\"VerdadeOn\",\"description\":\"Not\u00edcias di\u00e1rias sobre Franca, Regi\u00e3o, Esporte, Cultura, Cotidiano, Colunas. Cobertura nos principais eventos da cidade \u00e9 aqui - Verdadeon Franca\",\"potentialAction\":[{\"@type\":\"SearchAction\",\"target\":{\"@type\":\"EntryPoint\",\"urlTemplate\":\"https:\/\/verdadeon.com.br\/portal\/?s={search_term_string}\"},\"query-input\":{\"@type\":\"PropertyValueSpecification\",\"valueRequired\":true,\"valueName\":\"search_term_string\"}}],\"inLanguage\":\"pt-BR\"},{\"@type\":\"Person\",\"@id\":\"https:\/\/verdadeon.com.br\/portal\/#\/schema\/person\/a5060ad1e9ea3df545188fc93ce43d2f\",\"name\":\"Redacao VerdadeOn\",\"image\":{\"@type\":\"ImageObject\",\"inLanguage\":\"pt-BR\",\"@id\":\"https:\/\/verdadeon.com.br\/portal\/#\/schema\/person\/image\/\",\"url\":\"https:\/\/secure.gravatar.com\/avatar\/459a9613caaaf07f582c3d0841eea68bdd66f533e465e6ba8b9cb45619572cf4?s=96&d=mm&r=g\",\"contentUrl\":\"https:\/\/secure.gravatar.com\/avatar\/459a9613caaaf07f582c3d0841eea68bdd66f533e465e6ba8b9cb45619572cf4?s=96&d=mm&r=g\",\"caption\":\"Redacao VerdadeOn\"},\"url\":\"https:\/\/verdadeon.com.br\/portal\/author\/redacao\/\"}]}<\/script>\n<!-- \/ Yoast SEO plugin. -->","yoast_head_json":{"title":"Bairros S\u00e3o Jos\u00e9, Baldassari e Ac\u00e1cias recebem o 'fumac\u00ea' nesta quinta-feira - VerdadeOn","robots":{"index":"index","follow":"follow","max-snippet":"max-snippet:-1","max-image-preview":"max-image-preview:large","max-video-preview":"max-video-preview:-1"},"canonical":"https:\/\/verdadeon.com.br\/portal\/2024\/04\/24\/bairros-sao-jose-baldassari-e-acacias-recebem-o-fumace-nesta-quinta-feira\/","og_locale":"pt_BR","og_type":"article","og_title":"Bairros S\u00e3o Jos\u00e9, Baldassari e Ac\u00e1cias recebem o 'fumac\u00ea' nesta quinta-feira - VerdadeOn","og_description":"Medida contra a dengue continua na cidade de Franca Ap\u00f3s atender o Jardim Aeroporto 4 e as ruas do Com\u00e9rcio, Volunt\u00e1rios da Franca, Major Nic\u00e1cio e [\u2026]","og_url":"https:\/\/verdadeon.com.br\/portal\/2024\/04\/24\/bairros-sao-jose-baldassari-e-acacias-recebem-o-fumace-nesta-quinta-feira\/","og_site_name":"VerdadeOn","article_published_time":"2024-04-24T20:07:09+00:00","og_image":[{"width":1280,"height":720,"url":"https:\/\/verdadeon.com.br\/portal\/wp-content\/uploads\/2024\/04\/WhatsApp-Image-2024-04-24-at-17.03.41.jpeg","type":"image\/jpeg"}],"author":"Redacao VerdadeOn","twitter_card":"summary_large_image","twitter_misc":{"Escrito por":"Redacao VerdadeOn","Est. tempo de leitura":"2 minutos"},"schema":{"@context":"https:\/\/schema.org","@graph":[{"@type":"WebPage","@id":"https:\/\/verdadeon.com.br\/portal\/2024\/04\/24\/bairros-sao-jose-baldassari-e-acacias-recebem-o-fumace-nesta-quinta-feira\/","url":"https:\/\/verdadeon.com.br\/portal\/2024\/04\/24\/bairros-sao-jose-baldassari-e-acacias-recebem-o-fumace-nesta-quinta-feira\/","name":"Bairros S\u00e3o Jos\u00e9, Baldassari e Ac\u00e1cias recebem o 'fumac\u00ea' nesta quinta-feira - VerdadeOn","isPartOf":{"@id":"https:\/\/verdadeon.com.br\/portal\/#website"},"primaryImageOfPage":{"@id":"https:\/\/verdadeon.com.br\/portal\/2024\/04\/24\/bairros-sao-jose-baldassari-e-acacias-recebem-o-fumace-nesta-quinta-feira\/#primaryimage"},"image":{"@id":"https:\/\/verdadeon.com.br\/portal\/2024\/04\/24\/bairros-sao-jose-baldassari-e-acacias-recebem-o-fumace-nesta-quinta-feira\/#primaryimage"},"thumbnailUrl":"https:\/\/i0.wp.com\/verdadeon.com.br\/portal\/wp-content\/uploads\/2024\/04\/WhatsApp-Image-2024-04-24-at-17.03.41.jpeg?fit=1280%2C720&ssl=1","datePublished":"2024-04-24T20:07:09+00:00","author":{"@id":"https:\/\/verdadeon.com.br\/portal\/#\/schema\/person\/a5060ad1e9ea3df545188fc93ce43d2f"},"breadcrumb":{"@id":"https:\/\/verdadeon.com.br\/portal\/2024\/04\/24\/bairros-sao-jose-baldassari-e-acacias-recebem-o-fumace-nesta-quinta-feira\/#breadcrumb"},"inLanguage":"pt-BR","potentialAction":[{"@type":"ReadAction","target":["https:\/\/verdadeon.com.br\/portal\/2024\/04\/24\/bairros-sao-jose-baldassari-e-acacias-recebem-o-fumace-nesta-quinta-feira\/"]}]},{"@type":"ImageObject","inLanguage":"pt-BR","@id":"https:\/\/verdadeon.com.br\/portal\/2024\/04\/24\/bairros-sao-jose-baldassari-e-acacias-recebem-o-fumace-nesta-quinta-feira\/#primaryimage","url":"https:\/\/i0.wp.com\/verdadeon.com.br\/portal\/wp-content\/uploads\/2024\/04\/WhatsApp-Image-2024-04-24-at-17.03.41.jpeg?fit=1280%2C720&ssl=1","contentUrl":"https:\/\/i0.wp.com\/verdadeon.com.br\/portal\/wp-content\/uploads\/2024\/04\/WhatsApp-Image-2024-04-24-at-17.03.41.jpeg?fit=1280%2C720&ssl=1","width":1280,"height":720,"caption":"\u2002O 'fumac\u00ea' integra as a\u00e7\u00f5es de combate e elimina\u00e7\u00e3o do mosquito da dengue na cidade. Diariamente, com a jornada de trabalho estendida ap\u00f3s \u00e0s 17 horas, os agentes de controle de vetores uniformizados e credenciados est\u00e3o visitando as casas e estabelecimentos comerciais para a orienta\u00e7\u00e3o \u00e0 popula\u00e7\u00e3o (\u00a9Divulga\u00e7\u00e3o prefeitura)"},{"@type":"BreadcrumbList","@id":"https:\/\/verdadeon.com.br\/portal\/2024\/04\/24\/bairros-sao-jose-baldassari-e-acacias-recebem-o-fumace-nesta-quinta-feira\/#breadcrumb","itemListElement":[{"@type":"ListItem","position":1,"name":"In\u00edcio","item":"https:\/\/verdadeon.com.br\/portal\/"},{"@type":"ListItem","position":2,"name":"Bairros S\u00e3o Jos\u00e9, Baldassari e Ac\u00e1cias recebem o &#8216;fumac\u00ea&#8217; nesta quinta-feira"}]},{"@type":"WebSite","@id":"https:\/\/verdadeon.com.br\/portal\/#website","url":"https:\/\/verdadeon.com.br\/portal\/","name":"VerdadeOn","description":"Not\u00edcias di\u00e1rias sobre Franca, Regi\u00e3o, Esporte, Cultura, Cotidiano, Colunas. Cobertura nos principais eventos da cidade \u00e9 aqui - Verdadeon Franca","potentialAction":[{"@type":"SearchAction","target":{"@type":"EntryPoint","urlTemplate":"https:\/\/verdadeon.com.br\/portal\/?s={search_term_string}"},"query-input":{"@type":"PropertyValueSpecification","valueRequired":true,"valueName":"search_term_string"}}],"inLanguage":"pt-BR"},{"@type":"Person","@id":"https:\/\/verdadeon.com.br\/portal\/#\/schema\/person\/a5060ad1e9ea3df545188fc93ce43d2f","name":"Redacao VerdadeOn","image":{"@type":"ImageObject","inLanguage":"pt-BR","@id":"https:\/\/verdadeon.com.br\/portal\/#\/schema\/person\/image\/","url":"https:\/\/secure.gravatar.com\/avatar\/459a9613caaaf07f582c3d0841eea68bdd66f533e465e6ba8b9cb45619572cf4?s=96&d=mm&r=g","contentUrl":"https:\/\/secure.gravatar.com\/avatar\/459a9613caaaf07f582c3d0841eea68bdd66f533e465e6ba8b9cb45619572cf4?s=96&d=mm&r=g","caption":"Redacao VerdadeOn"},"url":"https:\/\/verdadeon.com.br\/portal\/author\/redacao\/"}]}},"jetpack_publicize_connections":[],"jetpack_featured_media_url":"https:\/\/i0.wp.com\/verdadeon.com.br\/portal\/wp-content\/uploads\/2024\/04\/WhatsApp-Image-2024-04-24-at-17.03.41.jpeg?fit=1280%2C720&ssl=1","jetpack_sharing_enabled":true,"_links":{"self":[{"href":"https:\/\/verdadeon.com.br\/portal\/wp-json\/wp\/v2\/posts\/43847","targetHints":{"allow":["GET"]}}],"collection":[{"href":"https:\/\/verdadeon.com.br\/portal\/wp-json\/wp\/v2\/posts"}],"about":[{"href":"https:\/\/verdadeon.com.br\/portal\/wp-json\/wp\/v2\/types\/post"}],"author":[{"embeddable":true,"href":"https:\/\/verdadeon.com.br\/portal\/wp-json\/wp\/v2\/users\/10"}],"replies":[{"embeddable":true,"href":"https:\/\/verdadeon.com.br\/portal\/wp-json\/wp\/v2\/comments?post=43847"}],"version-history":[{"count":1,"href":"https:\/\/verdadeon.com.br\/portal\/wp-json\/wp\/v2\/posts\/43847\/revisions"}],"predecessor-version":[{"id":43849,"href":"https:\/\/verdadeon.com.br\/portal\/wp-json\/wp\/v2\/posts\/43847\/revisions\/43849"}],"wp:featuredmedia":[{"embeddable":true,"href":"https:\/\/verdadeon.com.br\/portal\/wp-json\/wp\/v2\/media\/43848"}],"wp:attachment":[{"href":"https:\/\/verdadeon.com.br\/portal\/wp-json\/wp\/v2\/media?parent=43847"}],"wp:term":[{"taxonomy":"category","embeddable":true,"href":"https:\/\/verdadeon.com.br\/portal\/wp-json\/wp\/v2\/categories?post=43847"},{"taxonomy":"post_tag","embeddable":true,"href":"https:\/\/verdadeon.com.br\/portal\/wp-json\/wp\/v2\/tags?post=43847"}],"curies":[{"name":"wp","href":"https:\/\/api.w.org\/{rel}","templated":true}]}}