{"id":43834,"date":"2024-04-24T13:17:25","date_gmt":"2024-04-24T16:17:25","guid":{"rendered":"https:\/\/verdadeon.com.br\/portal\/?p=43834"},"modified":"2024-04-24T13:17:25","modified_gmt":"2024-04-24T16:17:25","slug":"primeira-parcela-do-decimo-terceiro-sera-paga-ate-o-dia-8-de-maio","status":"publish","type":"post","link":"https:\/\/verdadeon.com.br\/portal\/2024\/04\/24\/primeira-parcela-do-decimo-terceiro-sera-paga-ate-o-dia-8-de-maio\/","title":{"rendered":"Primeira parcela do d\u00e9cimo terceiro ser\u00e1 paga at\u00e9 o dia 8 de maio"},"content":{"rendered":"<h2>Benef\u00edcio antecipado come\u00e7ou a ser pago nesta quarta-feira, 24<\/h2>\n<p>Os aposentados e pensionistas do Instituto Nacional do Seguro Social (INSS) come\u00e7am a receber nesta quarta-feira (24) a antecipa\u00e7\u00e3o do d\u00e9cimo terceiro. At\u00e9 8 de maio, mais de 33,6 milh\u00f5es de segurados receber\u00e3o a primeira parcela, que ser\u00e1 paga conforme o d\u00edgito final do N\u00famero de Inscri\u00e7\u00e3o Social (NIS).<\/p>\n<p>O extrato com os valores e as datas de pagamento do d\u00e9cimo terceiro est\u00e1 dispon\u00edvel desde a semana passada. A consulta pode ser feita tanto pelo aplicativo Meu INSS, dispon\u00edvel para celulares e tablets, quanto\u00a0pelo\u00a0<em>site<\/em>\u00a0gov.br\/meuinss.<\/p>\n<p>Quem n\u00e3o tiver acesso \u00e0 internet pode consultar a libera\u00e7\u00e3o do d\u00e9cimo terceiro pelo telefone 135. Nesse caso, \u00e9 necess\u00e1rio informar o n\u00famero do Cadastro de Pessoas F\u00edsicas (CPF) e confirmar alguns dados ao atendente antes de fazer a consulta. O atendimento telef\u00f4nico est\u00e1 dispon\u00edvel de segunda a s\u00e1bado, das 7h \u00e0s 22h.<\/p>\n<h3>Confira o calend\u00e1rio de pagamento<\/h3>\n<div class=\"dnd-widget-wrapper context-cheio_8colunas type-image\">\n<div class=\"dnd-atom-rendered\">\n<div class=\"shadow overflow-hidden rounded-lg d-block w-100\"><img data-recalc-dims=\"1\" decoding=\"async\" class=\"flex-fill img-cover\" title=\"Arte EBC\" src=\"https:\/\/i0.wp.com\/imagens.ebc.com.br\/P1W8pGgjvWBVGrIhayzmX0ciPT0%3D\/754x0\/smart\/https%3A\/\/agenciabrasil.ebc.com.br\/sites\/default\/files\/thumbnails\/image\/2024\/04\/22\/13-tabela1.png?w=1220&#038;ssl=1\" alt=\"Governo antecipa do \" \/><\/div>\n<\/div>\n<div class=\"dnd-caption-wrapper\">\n<div class=\"meta\">Governo antecipa d\u00e9cimo terceiro\u00a0do INSS\u00a0a 33,7 milh\u00f5es de segurados. &#8211;\u00a0<strong>Arte EBC<\/strong><\/div>\n<\/div>\n<\/div>\n<p>&nbsp;<\/p>\n<div class=\"dnd-widget-wrapper context-cheio_8colunas type-image\">\n<div class=\"dnd-atom-rendered\">\n<div class=\"shadow overflow-hidden rounded-lg d-block w-100\"><img data-recalc-dims=\"1\" decoding=\"async\" class=\"flex-fill img-cover\" title=\"Arte EBC\" src=\"https:\/\/i0.wp.com\/imagens.ebc.com.br\/hufbaf2Ov16a5Hz7ybFlfP7fUXk%3D\/754x0\/smart\/https%3A\/\/agenciabrasil.ebc.com.br\/sites\/default\/files\/thumbnails\/image\/2024\/04\/22\/13-tabela2.png?w=1220&#038;ssl=1\" alt=\"Governo antecipa do \" \/><\/div>\n<\/div>\n<div class=\"dnd-caption-wrapper\">\n<div class=\"meta\">Governo antecipa 13\u00ba do INSS a 33,7 milh\u00f5es de segurados. &#8211;\u00a0<strong>Arte EBC<\/strong><\/div>\n<\/div>\n<\/div>\n<p>O decreto com a\u00a0<a href=\"https:\/\/agenciabrasil.ebc.com.br\/geral\/noticia\/2024-03\/governo-antecipa-decimo-terceiro-de-aposentados-e-pensionistas\" target=\"_blank\" rel=\"noopener\">antecipa\u00e7\u00e3o do d\u00e9cimo terceiro<\/a>\u00a0foi assinado em mar\u00e7o. Este ser\u00e1 o quinto ano seguido em que os segurados do INSS receber\u00e3o o d\u00e9cimo terceiro antes das datas tradicionais, em agosto e em dezembro. Em 2020 e 2021, o pagamento ocorreu mais cedo por causa da pandemia de covid-19. Em 2022 e 2023, as parcelas foram pagas em maio e junho.<\/p>\n<p>Segundo o Minist\u00e9rio da Previd\u00eancia, o pagamento do d\u00e9cimo terceiro antecipar\u00e1 a entrada\u00a0de R$ 67,6 bilh\u00f5es na economia. Desse total, R$ 33,68 bilh\u00f5es correspondem \u00e0 primeira parcela, referente \u00e0 compet\u00eancia de abril e que ser\u00e1 paga entre o fim de abril e o in\u00edcio de maio. O restante corresponde \u00e0 segunda parcela, da compet\u00eancia de maio, a ser paga no fim de maio e in\u00edcio de junho.<\/p>\n<p>A maioria dos aposentados e pensionistas receber\u00e1 50% do d\u00e9cimo terceiro na primeira parcela. A exce\u00e7\u00e3o \u00e9 para quem passou a receber o benef\u00edcio depois de janeiro e ter\u00e1 o valor calculado proporcionalmente.<\/p>\n<p>O Minist\u00e9rio da Previd\u00eancia esclarece que os segurados que recebem benef\u00edcio por incapacidade tempor\u00e1ria (antigo aux\u00edlio-doen\u00e7a) tamb\u00e9m t\u00eam direito a uma parcela menor do d\u00e9cimo terceiro, calculada de acordo com a dura\u00e7\u00e3o do benef\u00edcio. Por lei, os segurados que recebem benef\u00edcios assistenciais, como o Aux\u00edlio Brasil, n\u00e3o t\u00eam direito a d\u00e9cimo terceiro sal\u00e1rio.<\/p>\n<p>Ag\u00eancia Brasil<\/p>\n","protected":false},"excerpt":{"rendered":"<p>Benef\u00edcio antecipado come\u00e7ou a ser pago nesta quarta-feira, 24 Os aposentados e pensionistas do Instituto Nacional do Seguro Social (INSS) come\u00e7am a receber nesta quarta-feira (24)<span class=\"excerpt-hellip\"> [\u2026]<\/span><\/p>\n","protected":false},"author":10,"featured_media":43705,"comment_status":"open","ping_status":"open","sticky":false,"template":"","format":"standard","meta":{"_jetpack_memberships_contains_paid_content":false,"footnotes":"","jetpack_publicize_message":"","jetpack_publicize_feature_enabled":true,"jetpack_social_post_already_shared":false,"jetpack_social_options":{"image_generator_settings":{"template":"highway","default_image_id":0,"enabled":false},"version":2}},"categories":[28,81],"tags":[],"class_list":["post-43834","post","type-post","status-publish","format-standard","has-post-thumbnail","hentry","category-cotidiano","category-manchete"],"yoast_head":"<!-- This site is optimized with the Yoast SEO plugin v25.6 - https:\/\/yoast.com\/wordpress\/plugins\/seo\/ -->\n<title>Primeira parcela do d\u00e9cimo terceiro ser\u00e1 paga at\u00e9 o dia 8 de maio - VerdadeOn<\/title>\n<meta name=\"robots\" content=\"index, follow, max-snippet:-1, max-image-preview:large, max-video-preview:-1\" \/>\n<link rel=\"canonical\" href=\"https:\/\/verdadeon.com.br\/portal\/2024\/04\/24\/primeira-parcela-do-decimo-terceiro-sera-paga-ate-o-dia-8-de-maio\/\" \/>\n<meta property=\"og:locale\" content=\"pt_BR\" \/>\n<meta property=\"og:type\" content=\"article\" \/>\n<meta property=\"og:title\" content=\"Primeira parcela do d\u00e9cimo terceiro ser\u00e1 paga at\u00e9 o dia 8 de maio - VerdadeOn\" \/>\n<meta property=\"og:description\" content=\"Benef\u00edcio antecipado come\u00e7ou a ser pago nesta quarta-feira, 24 Os aposentados e pensionistas do Instituto Nacional do Seguro Social (INSS) come\u00e7am a receber nesta quarta-feira (24) [\u2026]\" \/>\n<meta property=\"og:url\" content=\"https:\/\/verdadeon.com.br\/portal\/2024\/04\/24\/primeira-parcela-do-decimo-terceiro-sera-paga-ate-o-dia-8-de-maio\/\" \/>\n<meta property=\"og:site_name\" content=\"VerdadeOn\" \/>\n<meta property=\"article:published_time\" content=\"2024-04-24T16:17:25+00:00\" \/>\n<meta property=\"og:image\" content=\"https:\/\/i0.wp.com\/verdadeon.com.br\/portal\/wp-content\/uploads\/2024\/04\/mc_previdencia_socialsantos_fc2108200888.webp?fit=1170%2C700&ssl=1\" \/>\n\t<meta property=\"og:image:width\" content=\"1170\" \/>\n\t<meta property=\"og:image:height\" content=\"700\" \/>\n\t<meta property=\"og:image:type\" content=\"image\/webp\" \/>\n<meta name=\"author\" content=\"Redacao VerdadeOn\" \/>\n<meta name=\"twitter:card\" content=\"summary_large_image\" \/>\n<meta name=\"twitter:label1\" content=\"Escrito por\" \/>\n\t<meta name=\"twitter:data1\" content=\"Redacao VerdadeOn\" \/>\n\t<meta name=\"twitter:label2\" content=\"Est. tempo de leitura\" \/>\n\t<meta name=\"twitter:data2\" content=\"3 minutos\" \/>\n<script type=\"application\/ld+json\" class=\"yoast-schema-graph\">{\"@context\":\"https:\/\/schema.org\",\"@graph\":[{\"@type\":\"WebPage\",\"@id\":\"https:\/\/verdadeon.com.br\/portal\/2024\/04\/24\/primeira-parcela-do-decimo-terceiro-sera-paga-ate-o-dia-8-de-maio\/\",\"url\":\"https:\/\/verdadeon.com.br\/portal\/2024\/04\/24\/primeira-parcela-do-decimo-terceiro-sera-paga-ate-o-dia-8-de-maio\/\",\"name\":\"Primeira parcela do d\u00e9cimo terceiro ser\u00e1 paga at\u00e9 o dia 8 de maio - VerdadeOn\",\"isPartOf\":{\"@id\":\"https:\/\/verdadeon.com.br\/portal\/#website\"},\"primaryImageOfPage\":{\"@id\":\"https:\/\/verdadeon.com.br\/portal\/2024\/04\/24\/primeira-parcela-do-decimo-terceiro-sera-paga-ate-o-dia-8-de-maio\/#primaryimage\"},\"image\":{\"@id\":\"https:\/\/verdadeon.com.br\/portal\/2024\/04\/24\/primeira-parcela-do-decimo-terceiro-sera-paga-ate-o-dia-8-de-maio\/#primaryimage\"},\"thumbnailUrl\":\"https:\/\/i0.wp.com\/verdadeon.com.br\/portal\/wp-content\/uploads\/2024\/04\/mc_previdencia_socialsantos_fc2108200888.webp?fit=1170%2C700&ssl=1\",\"datePublished\":\"2024-04-24T16:17:25+00:00\",\"author\":{\"@id\":\"https:\/\/verdadeon.com.br\/portal\/#\/schema\/person\/a5060ad1e9ea3df545188fc93ce43d2f\"},\"breadcrumb\":{\"@id\":\"https:\/\/verdadeon.com.br\/portal\/2024\/04\/24\/primeira-parcela-do-decimo-terceiro-sera-paga-ate-o-dia-8-de-maio\/#breadcrumb\"},\"inLanguage\":\"pt-BR\",\"potentialAction\":[{\"@type\":\"ReadAction\",\"target\":[\"https:\/\/verdadeon.com.br\/portal\/2024\/04\/24\/primeira-parcela-do-decimo-terceiro-sera-paga-ate-o-dia-8-de-maio\/\"]}]},{\"@type\":\"ImageObject\",\"inLanguage\":\"pt-BR\",\"@id\":\"https:\/\/verdadeon.com.br\/portal\/2024\/04\/24\/primeira-parcela-do-decimo-terceiro-sera-paga-ate-o-dia-8-de-maio\/#primaryimage\",\"url\":\"https:\/\/i0.wp.com\/verdadeon.com.br\/portal\/wp-content\/uploads\/2024\/04\/mc_previdencia_socialsantos_fc2108200888.webp?fit=1170%2C700&ssl=1\",\"contentUrl\":\"https:\/\/i0.wp.com\/verdadeon.com.br\/portal\/wp-content\/uploads\/2024\/04\/mc_previdencia_socialsantos_fc2108200888.webp?fit=1170%2C700&ssl=1\",\"width\":1170,\"height\":700,\"caption\":\"O pagamento da segunda parcela come\u00e7a pelos segurados que ganham o sal\u00e1rio m\u00ednimo (\u00a9Marcello Casal jr)\"},{\"@type\":\"BreadcrumbList\",\"@id\":\"https:\/\/verdadeon.com.br\/portal\/2024\/04\/24\/primeira-parcela-do-decimo-terceiro-sera-paga-ate-o-dia-8-de-maio\/#breadcrumb\",\"itemListElement\":[{\"@type\":\"ListItem\",\"position\":1,\"name\":\"In\u00edcio\",\"item\":\"https:\/\/verdadeon.com.br\/portal\/\"},{\"@type\":\"ListItem\",\"position\":2,\"name\":\"Primeira parcela do d\u00e9cimo terceiro ser\u00e1 paga at\u00e9 o dia 8 de maio\"}]},{\"@type\":\"WebSite\",\"@id\":\"https:\/\/verdadeon.com.br\/portal\/#website\",\"url\":\"https:\/\/verdadeon.com.br\/portal\/\",\"name\":\"VerdadeOn\",\"description\":\"Not\u00edcias di\u00e1rias sobre Franca, Regi\u00e3o, Esporte, Cultura, Cotidiano, Colunas. Cobertura nos principais eventos da cidade \u00e9 aqui - Verdadeon Franca\",\"potentialAction\":[{\"@type\":\"SearchAction\",\"target\":{\"@type\":\"EntryPoint\",\"urlTemplate\":\"https:\/\/verdadeon.com.br\/portal\/?s={search_term_string}\"},\"query-input\":{\"@type\":\"PropertyValueSpecification\",\"valueRequired\":true,\"valueName\":\"search_term_string\"}}],\"inLanguage\":\"pt-BR\"},{\"@type\":\"Person\",\"@id\":\"https:\/\/verdadeon.com.br\/portal\/#\/schema\/person\/a5060ad1e9ea3df545188fc93ce43d2f\",\"name\":\"Redacao VerdadeOn\",\"image\":{\"@type\":\"ImageObject\",\"inLanguage\":\"pt-BR\",\"@id\":\"https:\/\/verdadeon.com.br\/portal\/#\/schema\/person\/image\/\",\"url\":\"https:\/\/secure.gravatar.com\/avatar\/459a9613caaaf07f582c3d0841eea68bdd66f533e465e6ba8b9cb45619572cf4?s=96&d=mm&r=g\",\"contentUrl\":\"https:\/\/secure.gravatar.com\/avatar\/459a9613caaaf07f582c3d0841eea68bdd66f533e465e6ba8b9cb45619572cf4?s=96&d=mm&r=g\",\"caption\":\"Redacao VerdadeOn\"},\"url\":\"https:\/\/verdadeon.com.br\/portal\/author\/redacao\/\"}]}<\/script>\n<!-- \/ Yoast SEO plugin. -->","yoast_head_json":{"title":"Primeira parcela do d\u00e9cimo terceiro ser\u00e1 paga at\u00e9 o dia 8 de maio - VerdadeOn","robots":{"index":"index","follow":"follow","max-snippet":"max-snippet:-1","max-image-preview":"max-image-preview:large","max-video-preview":"max-video-preview:-1"},"canonical":"https:\/\/verdadeon.com.br\/portal\/2024\/04\/24\/primeira-parcela-do-decimo-terceiro-sera-paga-ate-o-dia-8-de-maio\/","og_locale":"pt_BR","og_type":"article","og_title":"Primeira parcela do d\u00e9cimo terceiro ser\u00e1 paga at\u00e9 o dia 8 de maio - VerdadeOn","og_description":"Benef\u00edcio antecipado come\u00e7ou a ser pago nesta quarta-feira, 24 Os aposentados e pensionistas do Instituto Nacional do Seguro Social (INSS) come\u00e7am a receber nesta quarta-feira (24) [\u2026]","og_url":"https:\/\/verdadeon.com.br\/portal\/2024\/04\/24\/primeira-parcela-do-decimo-terceiro-sera-paga-ate-o-dia-8-de-maio\/","og_site_name":"VerdadeOn","article_published_time":"2024-04-24T16:17:25+00:00","og_image":[{"width":1170,"height":700,"url":"https:\/\/i0.wp.com\/verdadeon.com.br\/portal\/wp-content\/uploads\/2024\/04\/mc_previdencia_socialsantos_fc2108200888.webp?fit=1170%2C700&ssl=1","type":"image\/webp"}],"author":"Redacao VerdadeOn","twitter_card":"summary_large_image","twitter_misc":{"Escrito por":"Redacao VerdadeOn","Est. tempo de leitura":"3 minutos"},"schema":{"@context":"https:\/\/schema.org","@graph":[{"@type":"WebPage","@id":"https:\/\/verdadeon.com.br\/portal\/2024\/04\/24\/primeira-parcela-do-decimo-terceiro-sera-paga-ate-o-dia-8-de-maio\/","url":"https:\/\/verdadeon.com.br\/portal\/2024\/04\/24\/primeira-parcela-do-decimo-terceiro-sera-paga-ate-o-dia-8-de-maio\/","name":"Primeira parcela do d\u00e9cimo terceiro ser\u00e1 paga at\u00e9 o dia 8 de maio - VerdadeOn","isPartOf":{"@id":"https:\/\/verdadeon.com.br\/portal\/#website"},"primaryImageOfPage":{"@id":"https:\/\/verdadeon.com.br\/portal\/2024\/04\/24\/primeira-parcela-do-decimo-terceiro-sera-paga-ate-o-dia-8-de-maio\/#primaryimage"},"image":{"@id":"https:\/\/verdadeon.com.br\/portal\/2024\/04\/24\/primeira-parcela-do-decimo-terceiro-sera-paga-ate-o-dia-8-de-maio\/#primaryimage"},"thumbnailUrl":"https:\/\/i0.wp.com\/verdadeon.com.br\/portal\/wp-content\/uploads\/2024\/04\/mc_previdencia_socialsantos_fc2108200888.webp?fit=1170%2C700&ssl=1","datePublished":"2024-04-24T16:17:25+00:00","author":{"@id":"https:\/\/verdadeon.com.br\/portal\/#\/schema\/person\/a5060ad1e9ea3df545188fc93ce43d2f"},"breadcrumb":{"@id":"https:\/\/verdadeon.com.br\/portal\/2024\/04\/24\/primeira-parcela-do-decimo-terceiro-sera-paga-ate-o-dia-8-de-maio\/#breadcrumb"},"inLanguage":"pt-BR","potentialAction":[{"@type":"ReadAction","target":["https:\/\/verdadeon.com.br\/portal\/2024\/04\/24\/primeira-parcela-do-decimo-terceiro-sera-paga-ate-o-dia-8-de-maio\/"]}]},{"@type":"ImageObject","inLanguage":"pt-BR","@id":"https:\/\/verdadeon.com.br\/portal\/2024\/04\/24\/primeira-parcela-do-decimo-terceiro-sera-paga-ate-o-dia-8-de-maio\/#primaryimage","url":"https:\/\/i0.wp.com\/verdadeon.com.br\/portal\/wp-content\/uploads\/2024\/04\/mc_previdencia_socialsantos_fc2108200888.webp?fit=1170%2C700&ssl=1","contentUrl":"https:\/\/i0.wp.com\/verdadeon.com.br\/portal\/wp-content\/uploads\/2024\/04\/mc_previdencia_socialsantos_fc2108200888.webp?fit=1170%2C700&ssl=1","width":1170,"height":700,"caption":"O pagamento da segunda parcela come\u00e7a pelos segurados que ganham o sal\u00e1rio m\u00ednimo (\u00a9Marcello Casal jr)"},{"@type":"BreadcrumbList","@id":"https:\/\/verdadeon.com.br\/portal\/2024\/04\/24\/primeira-parcela-do-decimo-terceiro-sera-paga-ate-o-dia-8-de-maio\/#breadcrumb","itemListElement":[{"@type":"ListItem","position":1,"name":"In\u00edcio","item":"https:\/\/verdadeon.com.br\/portal\/"},{"@type":"ListItem","position":2,"name":"Primeira parcela do d\u00e9cimo terceiro ser\u00e1 paga at\u00e9 o dia 8 de maio"}]},{"@type":"WebSite","@id":"https:\/\/verdadeon.com.br\/portal\/#website","url":"https:\/\/verdadeon.com.br\/portal\/","name":"VerdadeOn","description":"Not\u00edcias di\u00e1rias sobre Franca, Regi\u00e3o, Esporte, Cultura, Cotidiano, Colunas. Cobertura nos principais eventos da cidade \u00e9 aqui - Verdadeon Franca","potentialAction":[{"@type":"SearchAction","target":{"@type":"EntryPoint","urlTemplate":"https:\/\/verdadeon.com.br\/portal\/?s={search_term_string}"},"query-input":{"@type":"PropertyValueSpecification","valueRequired":true,"valueName":"search_term_string"}}],"inLanguage":"pt-BR"},{"@type":"Person","@id":"https:\/\/verdadeon.com.br\/portal\/#\/schema\/person\/a5060ad1e9ea3df545188fc93ce43d2f","name":"Redacao VerdadeOn","image":{"@type":"ImageObject","inLanguage":"pt-BR","@id":"https:\/\/verdadeon.com.br\/portal\/#\/schema\/person\/image\/","url":"https:\/\/secure.gravatar.com\/avatar\/459a9613caaaf07f582c3d0841eea68bdd66f533e465e6ba8b9cb45619572cf4?s=96&d=mm&r=g","contentUrl":"https:\/\/secure.gravatar.com\/avatar\/459a9613caaaf07f582c3d0841eea68bdd66f533e465e6ba8b9cb45619572cf4?s=96&d=mm&r=g","caption":"Redacao VerdadeOn"},"url":"https:\/\/verdadeon.com.br\/portal\/author\/redacao\/"}]}},"jetpack_publicize_connections":[],"jetpack_featured_media_url":"https:\/\/i0.wp.com\/verdadeon.com.br\/portal\/wp-content\/uploads\/2024\/04\/mc_previdencia_socialsantos_fc2108200888.webp?fit=1170%2C700&ssl=1","jetpack_sharing_enabled":true,"_links":{"self":[{"href":"https:\/\/verdadeon.com.br\/portal\/wp-json\/wp\/v2\/posts\/43834","targetHints":{"allow":["GET"]}}],"collection":[{"href":"https:\/\/verdadeon.com.br\/portal\/wp-json\/wp\/v2\/posts"}],"about":[{"href":"https:\/\/verdadeon.com.br\/portal\/wp-json\/wp\/v2\/types\/post"}],"author":[{"embeddable":true,"href":"https:\/\/verdadeon.com.br\/portal\/wp-json\/wp\/v2\/users\/10"}],"replies":[{"embeddable":true,"href":"https:\/\/verdadeon.com.br\/portal\/wp-json\/wp\/v2\/comments?post=43834"}],"version-history":[{"count":1,"href":"https:\/\/verdadeon.com.br\/portal\/wp-json\/wp\/v2\/posts\/43834\/revisions"}],"predecessor-version":[{"id":43835,"href":"https:\/\/verdadeon.com.br\/portal\/wp-json\/wp\/v2\/posts\/43834\/revisions\/43835"}],"wp:featuredmedia":[{"embeddable":true,"href":"https:\/\/verdadeon.com.br\/portal\/wp-json\/wp\/v2\/media\/43705"}],"wp:attachment":[{"href":"https:\/\/verdadeon.com.br\/portal\/wp-json\/wp\/v2\/media?parent=43834"}],"wp:term":[{"taxonomy":"category","embeddable":true,"href":"https:\/\/verdadeon.com.br\/portal\/wp-json\/wp\/v2\/categories?post=43834"},{"taxonomy":"post_tag","embeddable":true,"href":"https:\/\/verdadeon.com.br\/portal\/wp-json\/wp\/v2\/tags?post=43834"}],"curies":[{"name":"wp","href":"https:\/\/api.w.org\/{rel}","templated":true}]}}