{"id":43830,"date":"2024-04-24T12:27:39","date_gmt":"2024-04-24T15:27:39","guid":{"rendered":"https:\/\/verdadeon.com.br\/portal\/?p=43830"},"modified":"2024-04-24T12:27:39","modified_gmt":"2024-04-24T15:27:39","slug":"franca-recebe-o-circuito-sesc-de-artes-neste-domingo","status":"publish","type":"post","link":"https:\/\/verdadeon.com.br\/portal\/2024\/04\/24\/franca-recebe-o-circuito-sesc-de-artes-neste-domingo\/","title":{"rendered":"Franca recebe o Circuito Sesc de Artes neste domingo"},"content":{"rendered":"<h2>Franca: Cidade cultural com eventos art\u00edsticos abertos ao p\u00fablico em geral<\/h2>\n<div>Franca receber\u00e1 neste domingo, 28, a programa\u00e7\u00e3o do Circuito Sesc de Artes &#8216;Arte na rua para todas as pessoas&#8217;, com trabalhos art\u00edsticos, interven\u00e7\u00f5es, m\u00fasica, dan\u00e7a, teatro, media\u00e7\u00f5es de leitura, oficinas e viv\u00eancias, no hor\u00e1rio das 16 \u00e0s 20 horas, no Complexo Poliesportivo e Gin\u00e1sio Pedroc\u00e3o (Rua dos Pracinhas \u2013 Residencial Para\u00edso). Tudo gratuito, com acesso livre e para todos os p\u00fablicos.<\/div>\n<div>\u2002\u2002\u2002\u2002\u2002\u2002Realizado pelo Sesc S\u00e3o Paulo, em parceria com a Prefeitura de Franca, atrav\u00e9s da FEAC (Funda\u00e7\u00e3o Esporte, Arte e Cultura), o evento convida a popula\u00e7\u00e3o a participar de um dia diferente, vivenciando novas experi\u00eancias. Em todo o Estado de S\u00e3o Paulo, ser\u00e3o beneficiadas 122 cidades at\u00e9 o dia 26 de maio, com mais de 760 atividades.<\/div>\n<div>\u2002\u2002\u2002\u2002\u2002\u2002Neste domingo, est\u00e3o previstas sete apresenta\u00e7\u00f5es gratuitas na cidade, abertas a todas as idades, sendo &#8216;Pipas: Voo das cores&#8217; &#8211; Vento, Ventanias (SP); &#8216;Estampe afeto&#8217; &#8211; Unsquepensa Arte (SP); &#8216;Concerto para La Ursa&#8217; &#8211; Cia. Bras\u00edlica (SP); &#8216;Ler para crescer: afeto, diversidade e imagina\u00e7\u00e3o&#8217; &#8211; Cia. Vov\u00f3 Cachola (SP); &#8216;DJ Ful\u00f4&#8217; (SP); &#8216;Nos bra\u00e7os do povo&#8217; &#8211; Inovasamba (SP) e &#8216;A casa de farinha do Gonzag\u00e3o&#8217; &#8211; Cia. Teatro da Investiga\u00e7\u00e3o (SP).<\/div>\n<div>\u2002\u2002\u2002\u2002\u2002\u2002Mateus Caetano, presidente da FEAC, destacou a parceria com o Sesc SP e explicou que o Poliesportivo foi escolhido porque re\u00fane um grande n\u00famero de fam\u00edlias aos finais de semana. &#8220;Esta parceria com o Sesc \u00e9 muito importante, pois possibilita a realiza\u00e7\u00e3o de grandes espet\u00e1culos, com lazer e entretenimento para toda a popula\u00e7\u00e3o. Fa\u00e7o um convite para que todos os francanos participem deste evento, que ser\u00e1 muito especial&#8221;, garantiu.<\/div>\n<div>\u2002\u2002\u2002\u2002\u2002\u2002Confira as informa\u00e7\u00f5es de cada apresenta\u00e7\u00e3o prevista:<\/div>\n<div><\/div>\n<div><b>Pipas: Voo das cores &#8211; Vento, Ventanias (SP)<\/b><\/div>\n<div>Formado pela fam\u00edlia Zeotti, de Ribeir\u00e3o Preto, o coletivo Vento, Ventanias dedica-se \u00e0 arte e \u00e0 ci\u00eancia de projetar, construir, testar e empinar pipas. O ateli\u00ea ensina as t\u00e9cnicas necess\u00e1rias para montar os objetos voadores e estimula o uso da criatividade com pap\u00e9is de v\u00e1rias cores e formatos variados, a exemplo de p\u00e1ssaros, estrelas e caretas. Com boas condi\u00e7\u00f5es clim\u00e1ticas, a atividade termina com uma revoada de pipas.<\/div>\n<div><\/div>\n<div><b>Estampe afeto &#8211; Unsquepensa Arte (SP)<\/b><\/div>\n<div>Em uma viv\u00eancia que prop\u00f5e aos participantes dar uma pausa nas atribui\u00e7\u00f5es cotidianas para se expressar de maneira criativa, carimbos com frases s\u00e3o usados para estampar saquinhos de algod\u00e3o. Com etapas simples, a atividade orientada pelo coletivo Unsquepensa Arte destaca o impacto de pequenas a\u00e7\u00f5es e ressalta a import\u00e2ncia de ser original em um mundo cada vez mais automatizado e impessoal. No final da experi\u00eancia, os objetos podem ser compartilhados ou trocados.<\/div>\n<div><b>\u00a0<\/b><\/div>\n<div><b>Concerto para La Ursa &#8211; Cia. Bras\u00edlica (SP)<\/b><\/div>\n<div>Figura conhecida do carnaval pernambucano, La Ursa \u00e9 uma personagem que pede dinheiro e atormenta os foli\u00f5es nas brincadeiras pelas ruas. Na apresenta\u00e7\u00e3o de dan\u00e7a da Cia. Bras\u00edlica, o grupo prop\u00f5e um contraponto entre o olhar tur\u00edstico lan\u00e7ado sobre as culturas tradicionais e a sobreviv\u00eancia de seus representantes. Criado em 2006 com o objetivo de resgatar e revalorizar as manifesta\u00e7\u00f5es populares, o grupo incentiva o estudo dessa est\u00e9tica para formar cidad\u00e3os conscientes.<\/div>\n<div><\/div>\n<div><b>Ler para crescer: afeto, diversidade e imagina\u00e7\u00e3o &#8211; Cia. Vov\u00f3 Cachola (SP)<\/b><\/div>\n<div>Os atores Anabrisa Tamaso e Edinho Souza, da Cia. Vov\u00f3 Cachola, trabalham h\u00e1 quase dez anos na cena cultural de Franca e regi\u00e3o encenando espet\u00e1culos teatrais e promovendo oficinas de artes c\u00eanicas e rodas de leitura. Uma media\u00e7\u00e3o de leitura que convida o p\u00fablico a mergulhar no universo da literatura infantojuvenil, aproximando o leitor das hist\u00f3rias liter\u00e1rias e estimulando a imagina\u00e7\u00e3o por meio da leitura compartilhada.<\/div>\n<div><\/div>\n<div><b>DJ Ful\u00f4 (SP)<\/b><\/div>\n<div>Nascido em Taubat\u00e9 e morador de Araraquara, o DJ e produtor j\u00e1 dividiu os palcos com artistas como o grupo Racionais MC\u2019s e os rappers Djonga e Tasha &amp; Tracie. Para embalar a pista, a apresenta\u00e7\u00e3o mescla diversos estilos musicais, combinando brasilidades, produ\u00e7\u00f5es autorais e a cultura das periferias com o objetivo de refor\u00e7ar seus s\u00edmbolos de resist\u00eancia e pot\u00eancia.<\/div>\n<div><\/div>\n<div><b>Nos bra\u00e7os do povo &#8211; Inovasamba (SP)<\/b><\/div>\n<div>Can\u00e7\u00f5es de autoria do grupo, experimenta\u00e7\u00f5es com g\u00eaneros musicais como o maracatu e releituras de cl\u00e1ssicos do samba e do pagode fazem parte do repert\u00f3rio do animado quinteto, que n\u00e3o costuma deixar ningu\u00e9m parado em seus shows. Entre uma composi\u00e7\u00e3o e outra, os artistas mostram n\u00fameros c\u00eanicos e convidam a plateia a interagir com a apresenta\u00e7\u00e3o.<\/div>\n<div><\/div>\n<div><b>A casa de farinha do Gonzag\u00e3o &#8211; Cia. Teatro da Investiga\u00e7\u00e3o (SP)<\/b><\/div>\n<div>Para reverenciar o cantor, compositor e multi-instrumentista pernambucano Luiz Gonzaga (1912-1989), um dos mais carism\u00e1ticos artistas brasileiros, o espet\u00e1culo transporta os personagens de suas can\u00e7\u00f5es para uma casa de farinha nordestina. Ali, na cozinha do sert\u00e3o, eles contam seus \u201ccausos\u201d e, por fim, transformam a encena\u00e7\u00e3o em um grande arrasta-p\u00e9 com m\u00fasica ao vivo embalado pelo repert\u00f3rio de Gonzag\u00e3o.<\/div>\n<div><\/div>\n<div>\u2002\u2002\u2002\u2002\u2002\u2002Mais informa\u00e7\u00f5es poder\u00e3o ser obtidas pelo site\u00a0<a href=\"https:\/\/circuito.sescsp.org.br\/cidades\/franca\" target=\"_blank\" rel=\"noopener\" data-saferedirecturl=\"https:\/\/www.google.com\/url?q=https:\/\/circuito.sescsp.org.br\/cidades\/franca&amp;source=gmail&amp;ust=1714057640005000&amp;usg=AOvVaw0ajh72fLQWiGzcjA2TOcD-\">https:\/\/circuito.sescsp.org.<wbr \/>br\/cidades\/franca<\/a>\u00a0.<\/div>\n<div><\/div>\n","protected":false},"excerpt":{"rendered":"<p>Franca: Cidade cultural com eventos art\u00edsticos abertos ao p\u00fablico em geral Franca receber\u00e1 neste domingo, 28, a programa\u00e7\u00e3o do Circuito Sesc de Artes &#8216;Arte na rua<span class=\"excerpt-hellip\"> [\u2026]<\/span><\/p>\n","protected":false},"author":10,"featured_media":43831,"comment_status":"open","ping_status":"open","sticky":false,"template":"","format":"standard","meta":{"_jetpack_memberships_contains_paid_content":false,"footnotes":"","jetpack_publicize_message":"","jetpack_publicize_feature_enabled":true,"jetpack_social_post_already_shared":false,"jetpack_social_options":{"image_generator_settings":{"template":"highway","default_image_id":0,"enabled":false},"version":2}},"categories":[28,81],"tags":[],"class_list":["post-43830","post","type-post","status-publish","format-standard","has-post-thumbnail","hentry","category-cotidiano","category-manchete"],"yoast_head":"<!-- This site is optimized with the Yoast SEO plugin v25.6 - https:\/\/yoast.com\/wordpress\/plugins\/seo\/ -->\n<title>Franca recebe o Circuito Sesc de Artes neste domingo - VerdadeOn<\/title>\n<meta name=\"robots\" content=\"index, follow, max-snippet:-1, max-image-preview:large, max-video-preview:-1\" \/>\n<link rel=\"canonical\" href=\"https:\/\/verdadeon.com.br\/portal\/2024\/04\/24\/franca-recebe-o-circuito-sesc-de-artes-neste-domingo\/\" \/>\n<meta property=\"og:locale\" content=\"pt_BR\" \/>\n<meta property=\"og:type\" content=\"article\" \/>\n<meta property=\"og:title\" content=\"Franca recebe o Circuito Sesc de Artes neste domingo - VerdadeOn\" \/>\n<meta property=\"og:description\" content=\"Franca: Cidade cultural com eventos art\u00edsticos abertos ao p\u00fablico em geral Franca receber\u00e1 neste domingo, 28, a programa\u00e7\u00e3o do Circuito Sesc de Artes &#8216;Arte na rua [\u2026]\" \/>\n<meta property=\"og:url\" content=\"https:\/\/verdadeon.com.br\/portal\/2024\/04\/24\/franca-recebe-o-circuito-sesc-de-artes-neste-domingo\/\" \/>\n<meta property=\"og:site_name\" content=\"VerdadeOn\" \/>\n<meta property=\"article:published_time\" content=\"2024-04-24T15:27:39+00:00\" \/>\n<meta property=\"og:image\" content=\"https:\/\/verdadeon.com.br\/portal\/wp-content\/uploads\/2024\/04\/R5_Vovo-Cachola_Creditos_Rogener-Pavinski_4.jpeg\" \/>\n\t<meta property=\"og:image:width\" content=\"1600\" \/>\n\t<meta property=\"og:image:height\" content=\"1066\" \/>\n\t<meta property=\"og:image:type\" content=\"image\/jpeg\" \/>\n<meta name=\"author\" content=\"Redacao VerdadeOn\" \/>\n<meta name=\"twitter:card\" content=\"summary_large_image\" \/>\n<meta name=\"twitter:label1\" content=\"Escrito por\" \/>\n\t<meta name=\"twitter:data1\" content=\"Redacao VerdadeOn\" \/>\n\t<meta name=\"twitter:label2\" content=\"Est. tempo de leitura\" \/>\n\t<meta name=\"twitter:data2\" content=\"5 minutos\" \/>\n<script type=\"application\/ld+json\" class=\"yoast-schema-graph\">{\"@context\":\"https:\/\/schema.org\",\"@graph\":[{\"@type\":\"WebPage\",\"@id\":\"https:\/\/verdadeon.com.br\/portal\/2024\/04\/24\/franca-recebe-o-circuito-sesc-de-artes-neste-domingo\/\",\"url\":\"https:\/\/verdadeon.com.br\/portal\/2024\/04\/24\/franca-recebe-o-circuito-sesc-de-artes-neste-domingo\/\",\"name\":\"Franca recebe o Circuito Sesc de Artes neste domingo - VerdadeOn\",\"isPartOf\":{\"@id\":\"https:\/\/verdadeon.com.br\/portal\/#website\"},\"primaryImageOfPage\":{\"@id\":\"https:\/\/verdadeon.com.br\/portal\/2024\/04\/24\/franca-recebe-o-circuito-sesc-de-artes-neste-domingo\/#primaryimage\"},\"image\":{\"@id\":\"https:\/\/verdadeon.com.br\/portal\/2024\/04\/24\/franca-recebe-o-circuito-sesc-de-artes-neste-domingo\/#primaryimage\"},\"thumbnailUrl\":\"https:\/\/i0.wp.com\/verdadeon.com.br\/portal\/wp-content\/uploads\/2024\/04\/R5_Vovo-Cachola_Creditos_Rogener-Pavinski_4.jpeg?fit=1600%2C1066&ssl=1\",\"datePublished\":\"2024-04-24T15:27:39+00:00\",\"author\":{\"@id\":\"https:\/\/verdadeon.com.br\/portal\/#\/schema\/person\/a5060ad1e9ea3df545188fc93ce43d2f\"},\"breadcrumb\":{\"@id\":\"https:\/\/verdadeon.com.br\/portal\/2024\/04\/24\/franca-recebe-o-circuito-sesc-de-artes-neste-domingo\/#breadcrumb\"},\"inLanguage\":\"pt-BR\",\"potentialAction\":[{\"@type\":\"ReadAction\",\"target\":[\"https:\/\/verdadeon.com.br\/portal\/2024\/04\/24\/franca-recebe-o-circuito-sesc-de-artes-neste-domingo\/\"]}]},{\"@type\":\"ImageObject\",\"inLanguage\":\"pt-BR\",\"@id\":\"https:\/\/verdadeon.com.br\/portal\/2024\/04\/24\/franca-recebe-o-circuito-sesc-de-artes-neste-domingo\/#primaryimage\",\"url\":\"https:\/\/i0.wp.com\/verdadeon.com.br\/portal\/wp-content\/uploads\/2024\/04\/R5_Vovo-Cachola_Creditos_Rogener-Pavinski_4.jpeg?fit=1600%2C1066&ssl=1\",\"contentUrl\":\"https:\/\/i0.wp.com\/verdadeon.com.br\/portal\/wp-content\/uploads\/2024\/04\/R5_Vovo-Cachola_Creditos_Rogener-Pavinski_4.jpeg?fit=1600%2C1066&ssl=1\",\"width\":1600,\"height\":1066,\"caption\":\"CIA Vov\u00f3 Cachola (\u00a9Rogener Pavinski)\"},{\"@type\":\"BreadcrumbList\",\"@id\":\"https:\/\/verdadeon.com.br\/portal\/2024\/04\/24\/franca-recebe-o-circuito-sesc-de-artes-neste-domingo\/#breadcrumb\",\"itemListElement\":[{\"@type\":\"ListItem\",\"position\":1,\"name\":\"In\u00edcio\",\"item\":\"https:\/\/verdadeon.com.br\/portal\/\"},{\"@type\":\"ListItem\",\"position\":2,\"name\":\"Franca recebe o Circuito Sesc de Artes neste domingo\"}]},{\"@type\":\"WebSite\",\"@id\":\"https:\/\/verdadeon.com.br\/portal\/#website\",\"url\":\"https:\/\/verdadeon.com.br\/portal\/\",\"name\":\"VerdadeOn\",\"description\":\"Not\u00edcias di\u00e1rias sobre Franca, Regi\u00e3o, Esporte, Cultura, Cotidiano, Colunas. Cobertura nos principais eventos da cidade \u00e9 aqui - Verdadeon Franca\",\"potentialAction\":[{\"@type\":\"SearchAction\",\"target\":{\"@type\":\"EntryPoint\",\"urlTemplate\":\"https:\/\/verdadeon.com.br\/portal\/?s={search_term_string}\"},\"query-input\":{\"@type\":\"PropertyValueSpecification\",\"valueRequired\":true,\"valueName\":\"search_term_string\"}}],\"inLanguage\":\"pt-BR\"},{\"@type\":\"Person\",\"@id\":\"https:\/\/verdadeon.com.br\/portal\/#\/schema\/person\/a5060ad1e9ea3df545188fc93ce43d2f\",\"name\":\"Redacao VerdadeOn\",\"image\":{\"@type\":\"ImageObject\",\"inLanguage\":\"pt-BR\",\"@id\":\"https:\/\/verdadeon.com.br\/portal\/#\/schema\/person\/image\/\",\"url\":\"https:\/\/secure.gravatar.com\/avatar\/459a9613caaaf07f582c3d0841eea68bdd66f533e465e6ba8b9cb45619572cf4?s=96&d=mm&r=g\",\"contentUrl\":\"https:\/\/secure.gravatar.com\/avatar\/459a9613caaaf07f582c3d0841eea68bdd66f533e465e6ba8b9cb45619572cf4?s=96&d=mm&r=g\",\"caption\":\"Redacao VerdadeOn\"},\"url\":\"https:\/\/verdadeon.com.br\/portal\/author\/redacao\/\"}]}<\/script>\n<!-- \/ Yoast SEO plugin. -->","yoast_head_json":{"title":"Franca recebe o Circuito Sesc de Artes neste domingo - VerdadeOn","robots":{"index":"index","follow":"follow","max-snippet":"max-snippet:-1","max-image-preview":"max-image-preview:large","max-video-preview":"max-video-preview:-1"},"canonical":"https:\/\/verdadeon.com.br\/portal\/2024\/04\/24\/franca-recebe-o-circuito-sesc-de-artes-neste-domingo\/","og_locale":"pt_BR","og_type":"article","og_title":"Franca recebe o Circuito Sesc de Artes neste domingo - VerdadeOn","og_description":"Franca: Cidade cultural com eventos art\u00edsticos abertos ao p\u00fablico em geral Franca receber\u00e1 neste domingo, 28, a programa\u00e7\u00e3o do Circuito Sesc de Artes &#8216;Arte na rua [\u2026]","og_url":"https:\/\/verdadeon.com.br\/portal\/2024\/04\/24\/franca-recebe-o-circuito-sesc-de-artes-neste-domingo\/","og_site_name":"VerdadeOn","article_published_time":"2024-04-24T15:27:39+00:00","og_image":[{"width":1600,"height":1066,"url":"https:\/\/verdadeon.com.br\/portal\/wp-content\/uploads\/2024\/04\/R5_Vovo-Cachola_Creditos_Rogener-Pavinski_4.jpeg","type":"image\/jpeg"}],"author":"Redacao VerdadeOn","twitter_card":"summary_large_image","twitter_misc":{"Escrito por":"Redacao VerdadeOn","Est. tempo de leitura":"5 minutos"},"schema":{"@context":"https:\/\/schema.org","@graph":[{"@type":"WebPage","@id":"https:\/\/verdadeon.com.br\/portal\/2024\/04\/24\/franca-recebe-o-circuito-sesc-de-artes-neste-domingo\/","url":"https:\/\/verdadeon.com.br\/portal\/2024\/04\/24\/franca-recebe-o-circuito-sesc-de-artes-neste-domingo\/","name":"Franca recebe o Circuito Sesc de Artes neste domingo - VerdadeOn","isPartOf":{"@id":"https:\/\/verdadeon.com.br\/portal\/#website"},"primaryImageOfPage":{"@id":"https:\/\/verdadeon.com.br\/portal\/2024\/04\/24\/franca-recebe-o-circuito-sesc-de-artes-neste-domingo\/#primaryimage"},"image":{"@id":"https:\/\/verdadeon.com.br\/portal\/2024\/04\/24\/franca-recebe-o-circuito-sesc-de-artes-neste-domingo\/#primaryimage"},"thumbnailUrl":"https:\/\/i0.wp.com\/verdadeon.com.br\/portal\/wp-content\/uploads\/2024\/04\/R5_Vovo-Cachola_Creditos_Rogener-Pavinski_4.jpeg?fit=1600%2C1066&ssl=1","datePublished":"2024-04-24T15:27:39+00:00","author":{"@id":"https:\/\/verdadeon.com.br\/portal\/#\/schema\/person\/a5060ad1e9ea3df545188fc93ce43d2f"},"breadcrumb":{"@id":"https:\/\/verdadeon.com.br\/portal\/2024\/04\/24\/franca-recebe-o-circuito-sesc-de-artes-neste-domingo\/#breadcrumb"},"inLanguage":"pt-BR","potentialAction":[{"@type":"ReadAction","target":["https:\/\/verdadeon.com.br\/portal\/2024\/04\/24\/franca-recebe-o-circuito-sesc-de-artes-neste-domingo\/"]}]},{"@type":"ImageObject","inLanguage":"pt-BR","@id":"https:\/\/verdadeon.com.br\/portal\/2024\/04\/24\/franca-recebe-o-circuito-sesc-de-artes-neste-domingo\/#primaryimage","url":"https:\/\/i0.wp.com\/verdadeon.com.br\/portal\/wp-content\/uploads\/2024\/04\/R5_Vovo-Cachola_Creditos_Rogener-Pavinski_4.jpeg?fit=1600%2C1066&ssl=1","contentUrl":"https:\/\/i0.wp.com\/verdadeon.com.br\/portal\/wp-content\/uploads\/2024\/04\/R5_Vovo-Cachola_Creditos_Rogener-Pavinski_4.jpeg?fit=1600%2C1066&ssl=1","width":1600,"height":1066,"caption":"CIA Vov\u00f3 Cachola (\u00a9Rogener Pavinski)"},{"@type":"BreadcrumbList","@id":"https:\/\/verdadeon.com.br\/portal\/2024\/04\/24\/franca-recebe-o-circuito-sesc-de-artes-neste-domingo\/#breadcrumb","itemListElement":[{"@type":"ListItem","position":1,"name":"In\u00edcio","item":"https:\/\/verdadeon.com.br\/portal\/"},{"@type":"ListItem","position":2,"name":"Franca recebe o Circuito Sesc de Artes neste domingo"}]},{"@type":"WebSite","@id":"https:\/\/verdadeon.com.br\/portal\/#website","url":"https:\/\/verdadeon.com.br\/portal\/","name":"VerdadeOn","description":"Not\u00edcias di\u00e1rias sobre Franca, Regi\u00e3o, Esporte, Cultura, Cotidiano, Colunas. Cobertura nos principais eventos da cidade \u00e9 aqui - Verdadeon Franca","potentialAction":[{"@type":"SearchAction","target":{"@type":"EntryPoint","urlTemplate":"https:\/\/verdadeon.com.br\/portal\/?s={search_term_string}"},"query-input":{"@type":"PropertyValueSpecification","valueRequired":true,"valueName":"search_term_string"}}],"inLanguage":"pt-BR"},{"@type":"Person","@id":"https:\/\/verdadeon.com.br\/portal\/#\/schema\/person\/a5060ad1e9ea3df545188fc93ce43d2f","name":"Redacao VerdadeOn","image":{"@type":"ImageObject","inLanguage":"pt-BR","@id":"https:\/\/verdadeon.com.br\/portal\/#\/schema\/person\/image\/","url":"https:\/\/secure.gravatar.com\/avatar\/459a9613caaaf07f582c3d0841eea68bdd66f533e465e6ba8b9cb45619572cf4?s=96&d=mm&r=g","contentUrl":"https:\/\/secure.gravatar.com\/avatar\/459a9613caaaf07f582c3d0841eea68bdd66f533e465e6ba8b9cb45619572cf4?s=96&d=mm&r=g","caption":"Redacao VerdadeOn"},"url":"https:\/\/verdadeon.com.br\/portal\/author\/redacao\/"}]}},"jetpack_publicize_connections":[],"jetpack_featured_media_url":"https:\/\/i0.wp.com\/verdadeon.com.br\/portal\/wp-content\/uploads\/2024\/04\/R5_Vovo-Cachola_Creditos_Rogener-Pavinski_4.jpeg?fit=1600%2C1066&ssl=1","jetpack_sharing_enabled":true,"_links":{"self":[{"href":"https:\/\/verdadeon.com.br\/portal\/wp-json\/wp\/v2\/posts\/43830","targetHints":{"allow":["GET"]}}],"collection":[{"href":"https:\/\/verdadeon.com.br\/portal\/wp-json\/wp\/v2\/posts"}],"about":[{"href":"https:\/\/verdadeon.com.br\/portal\/wp-json\/wp\/v2\/types\/post"}],"author":[{"embeddable":true,"href":"https:\/\/verdadeon.com.br\/portal\/wp-json\/wp\/v2\/users\/10"}],"replies":[{"embeddable":true,"href":"https:\/\/verdadeon.com.br\/portal\/wp-json\/wp\/v2\/comments?post=43830"}],"version-history":[{"count":1,"href":"https:\/\/verdadeon.com.br\/portal\/wp-json\/wp\/v2\/posts\/43830\/revisions"}],"predecessor-version":[{"id":43832,"href":"https:\/\/verdadeon.com.br\/portal\/wp-json\/wp\/v2\/posts\/43830\/revisions\/43832"}],"wp:featuredmedia":[{"embeddable":true,"href":"https:\/\/verdadeon.com.br\/portal\/wp-json\/wp\/v2\/media\/43831"}],"wp:attachment":[{"href":"https:\/\/verdadeon.com.br\/portal\/wp-json\/wp\/v2\/media?parent=43830"}],"wp:term":[{"taxonomy":"category","embeddable":true,"href":"https:\/\/verdadeon.com.br\/portal\/wp-json\/wp\/v2\/categories?post=43830"},{"taxonomy":"post_tag","embeddable":true,"href":"https:\/\/verdadeon.com.br\/portal\/wp-json\/wp\/v2\/tags?post=43830"}],"curies":[{"name":"wp","href":"https:\/\/api.w.org\/{rel}","templated":true}]}}