{"id":4383,"date":"2020-02-29T08:00:07","date_gmt":"2020-02-29T11:00:07","guid":{"rendered":"http:\/\/verdadeon.com.br\/portal\/?p=4383"},"modified":"2020-02-28T22:19:37","modified_gmt":"2020-02-29T01:19:37","slug":"estado-repassa-r-43-milhoes-para-a-regiao","status":"publish","type":"post","link":"https:\/\/verdadeon.com.br\/portal\/2020\/02\/29\/estado-repassa-r-43-milhoes-para-a-regiao\/","title":{"rendered":"Estado repassa R$ 4,3 milh\u00f5es para a regi\u00e3o"},"content":{"rendered":"<h2>Ao todo, 23 cidades recebem investimentos para as redes assistenciais<\/h2>\n<p>Reportagem Gustavo Rodrigues<\/p>\n<p>Foi assinado na \u00faltima quinta-feira (27) pelo governador do estado de S\u00e3o Paulo Jo\u00e3o Doria e a secret\u00e1ria de Desenvolvimento Social C\u00e9lia Parnes um repasse que beneficia ao todo 261 munic\u00edpios, no valor total de R$ 128 milh\u00f5es. A verba destinada \u00e0s cidades que s\u00e3o atendidas pelas Diretorias Regionais de Assist\u00eancia e Desenvolvimento Social.<br \/>\nA regi\u00e3o de Franca \u00e9 uma das localidades que fazem parte do projeto estadual. Os investimentos do programa chamado pelo governo de &#8220;Fundo a Fundo&#8221; s\u00e3o de pouco mais de R$ 4,3 milh\u00f5es para as 23 cidades que est\u00e3o na lista. Os valores de cada munic\u00edpio s\u00e3o definidos conforme o tamanho do local e quantidade de atendimentos prestados.<br \/>\nOs destaques ficam por conta de Batatais, cidade com maior valor recebido com aproximadamente R$ 1 milh\u00e3o. Em seguida vem Morro Agudo com R$ 711 mil e Franca com pouco mais de R$ 500 mil.<br \/>\nOutras cidades com valores que chamam a aten\u00e7\u00e3o s\u00e3o S\u00e3o Joaquim da Barra que recebe R$ 420 mil e Ituverava com R$ 307 mil.<br \/>\nMunic\u00edpios de pequeno porte tamb\u00e9m recebem o aux\u00edlio. Alguns exemplos disso s\u00e3o Restinga com R$ 70 mil, Rifaina que contar\u00e1 com R$ 56 mil e Sales Oliveira com mais de R$ 67 mil.<br \/>\nDe acordo com as informa\u00e7\u00f5es do governo do estado, os valores devem ser investidos em fam\u00edlias com algum tipo de vulnerabilidade ou risco social. Pessoas em situa\u00e7\u00e3o de rua tamb\u00e9m fazem parte do projeto. Al\u00e9m disso, os servi\u00e7os s\u00e3o levados para quem sofre com discrimina\u00e7\u00e3o dos tipos: sexual, ra\u00e7a ou etnia.<br \/>\nAl\u00e9m da regi\u00e3o de Franca, outras \u00e1reas foram beneficiadas com o programa. As maiores s\u00e3o da grande S\u00e3o Paulo, Mar\u00edlia e Bauru com 39 cidades cada. Os munic\u00edpios que cercam Avar\u00e1 somam 29 localidades, enquanto em Araraquara s\u00e3o 26, Ribeir\u00e3o Preto 25, Barretos 19, Botucatu 13 e Itapeva s\u00e3o 10.<\/p>\n","protected":false},"excerpt":{"rendered":"<p>Ao todo, 23 cidades recebem investimentos para as redes assistenciais Reportagem Gustavo Rodrigues Foi assinado na \u00faltima quinta-feira (27) pelo governador do estado de S\u00e3o Paulo<span class=\"excerpt-hellip\"> [\u2026]<\/span><\/p>\n","protected":false},"author":10,"featured_media":4384,"comment_status":"open","ping_status":"open","sticky":false,"template":"","format":"standard","meta":{"_jetpack_memberships_contains_paid_content":false,"footnotes":"","jetpack_publicize_message":"","jetpack_publicize_feature_enabled":true,"jetpack_social_post_already_shared":false,"jetpack_social_options":{"image_generator_settings":{"template":"highway","default_image_id":0,"enabled":false},"version":2}},"categories":[44,58],"tags":[],"class_list":["post-4383","post","type-post","status-publish","format-standard","has-post-thumbnail","hentry","category-noticias","category-regiao"],"yoast_head":"<!-- This site is optimized with the Yoast SEO plugin v25.6 - https:\/\/yoast.com\/wordpress\/plugins\/seo\/ -->\n<title>Estado repassa R$ 4,3 milh\u00f5es para a regi\u00e3o - VerdadeOn<\/title>\n<meta name=\"robots\" content=\"index, follow, max-snippet:-1, max-image-preview:large, max-video-preview:-1\" \/>\n<link rel=\"canonical\" href=\"https:\/\/verdadeon.com.br\/portal\/2020\/02\/29\/estado-repassa-r-43-milhoes-para-a-regiao\/\" \/>\n<meta property=\"og:locale\" content=\"pt_BR\" \/>\n<meta property=\"og:type\" content=\"article\" \/>\n<meta property=\"og:title\" content=\"Estado repassa R$ 4,3 milh\u00f5es para a regi\u00e3o - VerdadeOn\" \/>\n<meta property=\"og:description\" content=\"Ao todo, 23 cidades recebem investimentos para as redes assistenciais Reportagem Gustavo Rodrigues Foi assinado na \u00faltima quinta-feira (27) pelo governador do estado de S\u00e3o Paulo [\u2026]\" \/>\n<meta property=\"og:url\" content=\"https:\/\/verdadeon.com.br\/portal\/2020\/02\/29\/estado-repassa-r-43-milhoes-para-a-regiao\/\" \/>\n<meta property=\"og:site_name\" content=\"VerdadeOn\" \/>\n<meta property=\"article:published_time\" content=\"2020-02-29T11:00:07+00:00\" \/>\n<meta property=\"og:image\" content=\"https:\/\/verdadeon.com.br\/portal\/wp-content\/uploads\/2020\/02\/Abre-Cidade-de-Batatais.jpg\" \/>\n\t<meta property=\"og:image:width\" content=\"1000\" \/>\n\t<meta property=\"og:image:height\" content=\"544\" \/>\n\t<meta property=\"og:image:type\" content=\"image\/jpeg\" \/>\n<meta name=\"author\" content=\"Redacao VerdadeOn\" \/>\n<meta name=\"twitter:card\" content=\"summary_large_image\" \/>\n<meta name=\"twitter:label1\" content=\"Escrito por\" \/>\n\t<meta name=\"twitter:data1\" content=\"Redacao VerdadeOn\" \/>\n\t<meta name=\"twitter:label2\" content=\"Est. tempo de leitura\" \/>\n\t<meta name=\"twitter:data2\" content=\"2 minutos\" \/>\n<script type=\"application\/ld+json\" class=\"yoast-schema-graph\">{\"@context\":\"https:\/\/schema.org\",\"@graph\":[{\"@type\":\"WebPage\",\"@id\":\"https:\/\/verdadeon.com.br\/portal\/2020\/02\/29\/estado-repassa-r-43-milhoes-para-a-regiao\/\",\"url\":\"https:\/\/verdadeon.com.br\/portal\/2020\/02\/29\/estado-repassa-r-43-milhoes-para-a-regiao\/\",\"name\":\"Estado repassa R$ 4,3 milh\u00f5es para a regi\u00e3o - VerdadeOn\",\"isPartOf\":{\"@id\":\"https:\/\/verdadeon.com.br\/portal\/#website\"},\"primaryImageOfPage\":{\"@id\":\"https:\/\/verdadeon.com.br\/portal\/2020\/02\/29\/estado-repassa-r-43-milhoes-para-a-regiao\/#primaryimage\"},\"image\":{\"@id\":\"https:\/\/verdadeon.com.br\/portal\/2020\/02\/29\/estado-repassa-r-43-milhoes-para-a-regiao\/#primaryimage\"},\"thumbnailUrl\":\"https:\/\/i0.wp.com\/verdadeon.com.br\/portal\/wp-content\/uploads\/2020\/02\/Abre-Cidade-de-Batatais.jpg?fit=1000%2C544&ssl=1\",\"datePublished\":\"2020-02-29T11:00:07+00:00\",\"author\":{\"@id\":\"https:\/\/verdadeon.com.br\/portal\/#\/schema\/person\/a5060ad1e9ea3df545188fc93ce43d2f\"},\"breadcrumb\":{\"@id\":\"https:\/\/verdadeon.com.br\/portal\/2020\/02\/29\/estado-repassa-r-43-milhoes-para-a-regiao\/#breadcrumb\"},\"inLanguage\":\"pt-BR\",\"potentialAction\":[{\"@type\":\"ReadAction\",\"target\":[\"https:\/\/verdadeon.com.br\/portal\/2020\/02\/29\/estado-repassa-r-43-milhoes-para-a-regiao\/\"]}]},{\"@type\":\"ImageObject\",\"inLanguage\":\"pt-BR\",\"@id\":\"https:\/\/verdadeon.com.br\/portal\/2020\/02\/29\/estado-repassa-r-43-milhoes-para-a-regiao\/#primaryimage\",\"url\":\"https:\/\/i0.wp.com\/verdadeon.com.br\/portal\/wp-content\/uploads\/2020\/02\/Abre-Cidade-de-Batatais.jpg?fit=1000%2C544&ssl=1\",\"contentUrl\":\"https:\/\/i0.wp.com\/verdadeon.com.br\/portal\/wp-content\/uploads\/2020\/02\/Abre-Cidade-de-Batatais.jpg?fit=1000%2C544&ssl=1\",\"width\":1000,\"height\":544,\"caption\":\"benef\u00edcio - Munic\u00edpio de Batatais, pr\u00f3ximo a Franca. Cidade \u00e9 uma das beneficiadas pelo projeto do governo do estado que destina verbas para cidades referentes a redes assistenciais | Foto: Prefeitura\/Divulga\u00e7\u00e3o\"},{\"@type\":\"BreadcrumbList\",\"@id\":\"https:\/\/verdadeon.com.br\/portal\/2020\/02\/29\/estado-repassa-r-43-milhoes-para-a-regiao\/#breadcrumb\",\"itemListElement\":[{\"@type\":\"ListItem\",\"position\":1,\"name\":\"In\u00edcio\",\"item\":\"https:\/\/verdadeon.com.br\/portal\/\"},{\"@type\":\"ListItem\",\"position\":2,\"name\":\"Estado repassa R$ 4,3 milh\u00f5es para a regi\u00e3o\"}]},{\"@type\":\"WebSite\",\"@id\":\"https:\/\/verdadeon.com.br\/portal\/#website\",\"url\":\"https:\/\/verdadeon.com.br\/portal\/\",\"name\":\"VerdadeOn\",\"description\":\"Not\u00edcias di\u00e1rias sobre Franca, Regi\u00e3o, Esporte, Cultura, Cotidiano, Colunas. Cobertura nos principais eventos da cidade \u00e9 aqui - Verdadeon Franca\",\"potentialAction\":[{\"@type\":\"SearchAction\",\"target\":{\"@type\":\"EntryPoint\",\"urlTemplate\":\"https:\/\/verdadeon.com.br\/portal\/?s={search_term_string}\"},\"query-input\":{\"@type\":\"PropertyValueSpecification\",\"valueRequired\":true,\"valueName\":\"search_term_string\"}}],\"inLanguage\":\"pt-BR\"},{\"@type\":\"Person\",\"@id\":\"https:\/\/verdadeon.com.br\/portal\/#\/schema\/person\/a5060ad1e9ea3df545188fc93ce43d2f\",\"name\":\"Redacao VerdadeOn\",\"image\":{\"@type\":\"ImageObject\",\"inLanguage\":\"pt-BR\",\"@id\":\"https:\/\/verdadeon.com.br\/portal\/#\/schema\/person\/image\/\",\"url\":\"https:\/\/secure.gravatar.com\/avatar\/459a9613caaaf07f582c3d0841eea68bdd66f533e465e6ba8b9cb45619572cf4?s=96&d=mm&r=g\",\"contentUrl\":\"https:\/\/secure.gravatar.com\/avatar\/459a9613caaaf07f582c3d0841eea68bdd66f533e465e6ba8b9cb45619572cf4?s=96&d=mm&r=g\",\"caption\":\"Redacao VerdadeOn\"},\"url\":\"https:\/\/verdadeon.com.br\/portal\/author\/redacao\/\"}]}<\/script>\n<!-- \/ Yoast SEO plugin. -->","yoast_head_json":{"title":"Estado repassa R$ 4,3 milh\u00f5es para a regi\u00e3o - VerdadeOn","robots":{"index":"index","follow":"follow","max-snippet":"max-snippet:-1","max-image-preview":"max-image-preview:large","max-video-preview":"max-video-preview:-1"},"canonical":"https:\/\/verdadeon.com.br\/portal\/2020\/02\/29\/estado-repassa-r-43-milhoes-para-a-regiao\/","og_locale":"pt_BR","og_type":"article","og_title":"Estado repassa R$ 4,3 milh\u00f5es para a regi\u00e3o - VerdadeOn","og_description":"Ao todo, 23 cidades recebem investimentos para as redes assistenciais Reportagem Gustavo Rodrigues Foi assinado na \u00faltima quinta-feira (27) pelo governador do estado de S\u00e3o Paulo [\u2026]","og_url":"https:\/\/verdadeon.com.br\/portal\/2020\/02\/29\/estado-repassa-r-43-milhoes-para-a-regiao\/","og_site_name":"VerdadeOn","article_published_time":"2020-02-29T11:00:07+00:00","og_image":[{"width":1000,"height":544,"url":"https:\/\/verdadeon.com.br\/portal\/wp-content\/uploads\/2020\/02\/Abre-Cidade-de-Batatais.jpg","type":"image\/jpeg"}],"author":"Redacao VerdadeOn","twitter_card":"summary_large_image","twitter_misc":{"Escrito por":"Redacao VerdadeOn","Est. tempo de leitura":"2 minutos"},"schema":{"@context":"https:\/\/schema.org","@graph":[{"@type":"WebPage","@id":"https:\/\/verdadeon.com.br\/portal\/2020\/02\/29\/estado-repassa-r-43-milhoes-para-a-regiao\/","url":"https:\/\/verdadeon.com.br\/portal\/2020\/02\/29\/estado-repassa-r-43-milhoes-para-a-regiao\/","name":"Estado repassa R$ 4,3 milh\u00f5es para a regi\u00e3o - VerdadeOn","isPartOf":{"@id":"https:\/\/verdadeon.com.br\/portal\/#website"},"primaryImageOfPage":{"@id":"https:\/\/verdadeon.com.br\/portal\/2020\/02\/29\/estado-repassa-r-43-milhoes-para-a-regiao\/#primaryimage"},"image":{"@id":"https:\/\/verdadeon.com.br\/portal\/2020\/02\/29\/estado-repassa-r-43-milhoes-para-a-regiao\/#primaryimage"},"thumbnailUrl":"https:\/\/i0.wp.com\/verdadeon.com.br\/portal\/wp-content\/uploads\/2020\/02\/Abre-Cidade-de-Batatais.jpg?fit=1000%2C544&ssl=1","datePublished":"2020-02-29T11:00:07+00:00","author":{"@id":"https:\/\/verdadeon.com.br\/portal\/#\/schema\/person\/a5060ad1e9ea3df545188fc93ce43d2f"},"breadcrumb":{"@id":"https:\/\/verdadeon.com.br\/portal\/2020\/02\/29\/estado-repassa-r-43-milhoes-para-a-regiao\/#breadcrumb"},"inLanguage":"pt-BR","potentialAction":[{"@type":"ReadAction","target":["https:\/\/verdadeon.com.br\/portal\/2020\/02\/29\/estado-repassa-r-43-milhoes-para-a-regiao\/"]}]},{"@type":"ImageObject","inLanguage":"pt-BR","@id":"https:\/\/verdadeon.com.br\/portal\/2020\/02\/29\/estado-repassa-r-43-milhoes-para-a-regiao\/#primaryimage","url":"https:\/\/i0.wp.com\/verdadeon.com.br\/portal\/wp-content\/uploads\/2020\/02\/Abre-Cidade-de-Batatais.jpg?fit=1000%2C544&ssl=1","contentUrl":"https:\/\/i0.wp.com\/verdadeon.com.br\/portal\/wp-content\/uploads\/2020\/02\/Abre-Cidade-de-Batatais.jpg?fit=1000%2C544&ssl=1","width":1000,"height":544,"caption":"benef\u00edcio - Munic\u00edpio de Batatais, pr\u00f3ximo a Franca. Cidade \u00e9 uma das beneficiadas pelo projeto do governo do estado que destina verbas para cidades referentes a redes assistenciais | Foto: Prefeitura\/Divulga\u00e7\u00e3o"},{"@type":"BreadcrumbList","@id":"https:\/\/verdadeon.com.br\/portal\/2020\/02\/29\/estado-repassa-r-43-milhoes-para-a-regiao\/#breadcrumb","itemListElement":[{"@type":"ListItem","position":1,"name":"In\u00edcio","item":"https:\/\/verdadeon.com.br\/portal\/"},{"@type":"ListItem","position":2,"name":"Estado repassa R$ 4,3 milh\u00f5es para a regi\u00e3o"}]},{"@type":"WebSite","@id":"https:\/\/verdadeon.com.br\/portal\/#website","url":"https:\/\/verdadeon.com.br\/portal\/","name":"VerdadeOn","description":"Not\u00edcias di\u00e1rias sobre Franca, Regi\u00e3o, Esporte, Cultura, Cotidiano, Colunas. Cobertura nos principais eventos da cidade \u00e9 aqui - Verdadeon Franca","potentialAction":[{"@type":"SearchAction","target":{"@type":"EntryPoint","urlTemplate":"https:\/\/verdadeon.com.br\/portal\/?s={search_term_string}"},"query-input":{"@type":"PropertyValueSpecification","valueRequired":true,"valueName":"search_term_string"}}],"inLanguage":"pt-BR"},{"@type":"Person","@id":"https:\/\/verdadeon.com.br\/portal\/#\/schema\/person\/a5060ad1e9ea3df545188fc93ce43d2f","name":"Redacao VerdadeOn","image":{"@type":"ImageObject","inLanguage":"pt-BR","@id":"https:\/\/verdadeon.com.br\/portal\/#\/schema\/person\/image\/","url":"https:\/\/secure.gravatar.com\/avatar\/459a9613caaaf07f582c3d0841eea68bdd66f533e465e6ba8b9cb45619572cf4?s=96&d=mm&r=g","contentUrl":"https:\/\/secure.gravatar.com\/avatar\/459a9613caaaf07f582c3d0841eea68bdd66f533e465e6ba8b9cb45619572cf4?s=96&d=mm&r=g","caption":"Redacao VerdadeOn"},"url":"https:\/\/verdadeon.com.br\/portal\/author\/redacao\/"}]}},"jetpack_publicize_connections":[],"jetpack_featured_media_url":"https:\/\/i0.wp.com\/verdadeon.com.br\/portal\/wp-content\/uploads\/2020\/02\/Abre-Cidade-de-Batatais.jpg?fit=1000%2C544&ssl=1","jetpack_sharing_enabled":true,"_links":{"self":[{"href":"https:\/\/verdadeon.com.br\/portal\/wp-json\/wp\/v2\/posts\/4383","targetHints":{"allow":["GET"]}}],"collection":[{"href":"https:\/\/verdadeon.com.br\/portal\/wp-json\/wp\/v2\/posts"}],"about":[{"href":"https:\/\/verdadeon.com.br\/portal\/wp-json\/wp\/v2\/types\/post"}],"author":[{"embeddable":true,"href":"https:\/\/verdadeon.com.br\/portal\/wp-json\/wp\/v2\/users\/10"}],"replies":[{"embeddable":true,"href":"https:\/\/verdadeon.com.br\/portal\/wp-json\/wp\/v2\/comments?post=4383"}],"version-history":[{"count":0,"href":"https:\/\/verdadeon.com.br\/portal\/wp-json\/wp\/v2\/posts\/4383\/revisions"}],"wp:featuredmedia":[{"embeddable":true,"href":"https:\/\/verdadeon.com.br\/portal\/wp-json\/wp\/v2\/media\/4384"}],"wp:attachment":[{"href":"https:\/\/verdadeon.com.br\/portal\/wp-json\/wp\/v2\/media?parent=4383"}],"wp:term":[{"taxonomy":"category","embeddable":true,"href":"https:\/\/verdadeon.com.br\/portal\/wp-json\/wp\/v2\/categories?post=4383"},{"taxonomy":"post_tag","embeddable":true,"href":"https:\/\/verdadeon.com.br\/portal\/wp-json\/wp\/v2\/tags?post=4383"}],"curies":[{"name":"wp","href":"https:\/\/api.w.org\/{rel}","templated":true}]}}