{"id":43805,"date":"2024-04-25T00:00:35","date_gmt":"2024-04-25T03:00:35","guid":{"rendered":"https:\/\/verdadeon.com.br\/portal\/?p=43805"},"modified":"2024-04-25T12:25:49","modified_gmt":"2024-04-25T15:25:49","slug":"25-04-2024-dia-do-profissional-da-contabilidade","status":"publish","type":"post","link":"https:\/\/verdadeon.com.br\/portal\/2024\/04\/25\/25-04-2024-dia-do-profissional-da-contabilidade\/","title":{"rendered":"25\/04\/2024 \u2013 Dia do Profissional da Contabilidade"},"content":{"rendered":"<h2>O Jornal Verdade teve o privil\u00e9gio de conversar com Dom\u00edcio, l\u00edder do sindicato dos contabilistas, para explorar a import\u00e2ncia vital dos profissionais da contabilidade e os desafios que moldaram seu campo ao longo das d\u00e9cadas<\/h2>\n<p>O contador \u00e9 respons\u00e1vel pela sa\u00fade e prote\u00e7\u00e3o do patrim\u00f4nio das empresas e neg\u00f3cios, no Brasil j\u00e1 s\u00e3o quase 530 mil profissionais dedicados \u00e0 esta \u00e1rea. No estado de S\u00e3o Paulo j\u00e1 se soma a mais de 154.000 mil contadores, dos quais cerca de 1.500 est\u00e3o ativos na regi\u00e3o de Franca.<br \/>\nS\u00e3o profissionais que enfrentam diariamente grandes desafios em sua \u00e1rea de atua\u00e7\u00e3o, desafios que s\u00e3o vencidos diariamente pela resili\u00eancia deste profissional t\u00e3o importante para as empresas e neg\u00f3cios no Brasil.<br \/>\nDo profissional cont\u00e1bil \u00e9 exigido constante aprimoramento t\u00e9cnico e atualiza\u00e7\u00e3o das normas legais al\u00e9m da press\u00e3o di\u00e1ria no cumprimento de prazos legais.<br \/>\nNeste dia 25 de abril o profissional da contabilidade merece ser lembrado e enaltecido expertise, efici\u00eancia e sua habilidade em tratar quest\u00e3o t\u00e3o complexas legalidade das empresas e neg\u00f3cios no Brasil.<\/p>\n<p><img data-recalc-dims=\"1\" loading=\"lazy\" decoding=\"async\" class=\"alignnone wp-image-43807\" src=\"https:\/\/i0.wp.com\/verdadeon.com.br\/portal\/wp-content\/uploads\/2024\/04\/WhatsApp-Image-2024-04-23-at-17.47.14.jpeg?resize=563%2C563&#038;ssl=1\" alt=\"\" width=\"563\" height=\"563\" srcset=\"https:\/\/i0.wp.com\/verdadeon.com.br\/portal\/wp-content\/uploads\/2024\/04\/WhatsApp-Image-2024-04-23-at-17.47.14.jpeg?w=1600&amp;ssl=1 1600w, https:\/\/i0.wp.com\/verdadeon.com.br\/portal\/wp-content\/uploads\/2024\/04\/WhatsApp-Image-2024-04-23-at-17.47.14.jpeg?resize=300%2C300&amp;ssl=1 300w, https:\/\/i0.wp.com\/verdadeon.com.br\/portal\/wp-content\/uploads\/2024\/04\/WhatsApp-Image-2024-04-23-at-17.47.14.jpeg?resize=1024%2C1024&amp;ssl=1 1024w, https:\/\/i0.wp.com\/verdadeon.com.br\/portal\/wp-content\/uploads\/2024\/04\/WhatsApp-Image-2024-04-23-at-17.47.14.jpeg?resize=150%2C150&amp;ssl=1 150w, https:\/\/i0.wp.com\/verdadeon.com.br\/portal\/wp-content\/uploads\/2024\/04\/WhatsApp-Image-2024-04-23-at-17.47.14.jpeg?resize=768%2C768&amp;ssl=1 768w, https:\/\/i0.wp.com\/verdadeon.com.br\/portal\/wp-content\/uploads\/2024\/04\/WhatsApp-Image-2024-04-23-at-17.47.14.jpeg?resize=1536%2C1536&amp;ssl=1 1536w, https:\/\/i0.wp.com\/verdadeon.com.br\/portal\/wp-content\/uploads\/2024\/04\/WhatsApp-Image-2024-04-23-at-17.47.14.jpeg?resize=146%2C146&amp;ssl=1 146w, https:\/\/i0.wp.com\/verdadeon.com.br\/portal\/wp-content\/uploads\/2024\/04\/WhatsApp-Image-2024-04-23-at-17.47.14.jpeg?resize=50%2C50&amp;ssl=1 50w, https:\/\/i0.wp.com\/verdadeon.com.br\/portal\/wp-content\/uploads\/2024\/04\/WhatsApp-Image-2024-04-23-at-17.47.14.jpeg?resize=75%2C75&amp;ssl=1 75w, https:\/\/i0.wp.com\/verdadeon.com.br\/portal\/wp-content\/uploads\/2024\/04\/WhatsApp-Image-2024-04-23-at-17.47.14.jpeg?resize=85%2C85&amp;ssl=1 85w, https:\/\/i0.wp.com\/verdadeon.com.br\/portal\/wp-content\/uploads\/2024\/04\/WhatsApp-Image-2024-04-23-at-17.47.14.jpeg?resize=80%2C80&amp;ssl=1 80w, https:\/\/i0.wp.com\/verdadeon.com.br\/portal\/wp-content\/uploads\/2024\/04\/WhatsApp-Image-2024-04-23-at-17.47.14.jpeg?resize=1200%2C1200&amp;ssl=1 1200w\" sizes=\"auto, (max-width: 563px) 100vw, 563px\" \/><\/p>\n<p>O SINCOFRAN \u2013 Sindicato dos Contabilistas de Franca e Regi\u00e3o reconhece e valoriza o profissional cont\u00e1bil.<br \/>\nParab\u00e9ns, contador e contadora pelo seu dia.<br \/>\nLei Estadual n\u00ba 1989 de 23\/05\/1979<\/p>\n<p>A Import\u00e2ncia do Contador<br \/>\nOs contadores s\u00e3o os guardi\u00f5es das finan\u00e7as. Eles garantem que as empresas cumpram suas obriga\u00e7\u00f5es fiscais, ajudam a maximizar a efici\u00eancia financeira e fornecem informa\u00e7\u00f5es vitais para a tomada de decis\u00f5es estrat\u00e9gicas. Al\u00e9m disso, eles desempenham um papel fundamental na preven\u00e7\u00e3o e detec\u00e7\u00e3o de fraudes, contribuindo para a transpar\u00eancia e a integridade dos neg\u00f3cios.<\/p>\n<p>A Evolu\u00e7\u00e3o da Contabilidade<br \/>\nA contabilidade tem uma longa hist\u00f3ria, desde os primeiros registros financeiros nas civiliza\u00e7\u00f5es antigas at\u00e9 o complexo sistema de contabilidade digital de hoje. Com o avan\u00e7o da tecnologia, a profiss\u00e3o de contador tamb\u00e9m evoluiu. Hoje, os contadores utilizam softwares avan\u00e7ados e intelig\u00eancia artificial para analisar dados financeiros, o que permite uma maior precis\u00e3o e efici\u00eancia.<\/p>\n<p>Neste dia t\u00e3o importante, a equipe jornal\u00edstica do Verdade teve a oportunidade de conversar com <em><i>Dom\u00edcio Cruz Antunes<\/i><\/em>, presidente do Sindicato dos Contabilistas de Franca e Regi\u00e3o, mandato 2018\/2020, 2021\/2023 e 2024\/2026. N\u00e3o perca a entrevista completa!<\/p>\n<p><strong><b>Como o sindicato est\u00e1 trabalhando para aumentar a diversidade e a inclus\u00e3o na profiss\u00e3o de contador?<\/b><\/strong><\/p>\n<p>Jovens: Temos especial aten\u00e7\u00e3o aos jovens, principalmente estudantes, aos quais damos total apoio t\u00e9cnico e de integra\u00e7\u00e3o \u00e0 profiss\u00e3o cont\u00e1bil;<\/p>\n<p>Mulheres: Sempre buscamos valorizar o trabalho das mulheres na contabilidade, hoje as mulheres s\u00e3o a grande for\u00e7a da contabilidade brasileira. Mais de 40% dos profissionais cont\u00e1beis s\u00e3o mulheres e elas s\u00e3o a nossa grande for\u00e7a atualmente, muitas delas j\u00e1 chegaram ao topo da profiss\u00e3o.<\/p>\n<p>Diversidade: O SINCOFRAN tamb\u00e9m est\u00e1 alinhado com o CRC\/SP no quesito diversidade quanto a:<\/p>\n<ul>\n<li>Pessoas idosas;<\/li>\n<li>Pessoas com defici\u00eancia;<\/li>\n<li>Diversidade sexual, com especial prote\u00e7\u00e3o \u00e0s pessoas LGBTI+;<\/li>\n<li>Igualdade \u00e9tnica e racial, com especial prote\u00e7\u00e3o para negros, ind\u00edgenas e outros povos tradicionais;<\/li>\n<li>Estrangeiros e migrantes;<\/li>\n<li>Toler\u00e2ncia religiosa, com especial prote\u00e7\u00e3o para os praticantes das tradi\u00e7\u00f5es de matriz africana; e<\/li>\n<li>Outras demandas diretamente relacionadas aos direitos humanos de pessoas ou grupos vulner\u00e1veis.<\/li>\n<\/ul>\n<p>No CRC\/SP tem um grupo especial de trabalho envolvendo estes temas e damos total apoio \u00e0 estes projetos e estamos comprometidos com este trabalho.<\/p>\n<p><strong><b>Quais s\u00e3o as principais oportunidades de desenvolvimento profissional que o sindicato oferece aos seus membros?<\/b><\/strong><\/p>\n<p>Como j\u00e1 disse o SINCOFRAN est\u00e1 comprometido com todo profissional da contabilidade que o procura, precisando de qualquer tipo de apoio, profissional, jur\u00eddico, de acolhimento, etc.<\/p>\n<p>Al\u00e9m dos cursos, palestras, treinamentos, ferramentas tecnol\u00f3gicas, oferecemos companheirismo e troca de experi\u00eancias entre os associados.<\/p>\n<p><strong><b>Como o sindicato est\u00e1 lidando com quest\u00f5es de \u00e9tica na contabilidade?<\/b><\/strong><\/p>\n<p>A \u00e9tica \u00e9 fundamental no trabalho do profissional da contabilidade, que lida com quest\u00f5es decis\u00f3rias e estrat\u00e9gicas das empresas, dos empres\u00e1rios e dos pr\u00f3prios colegas de trabalho. Al\u00e9m do c\u00f3digo de \u00e9tica da nossa profiss\u00e3o, que tem a fiscaliza\u00e7\u00e3o do CRC\/SP e do Conselho Federal, o sindicato se disp\u00f5e a intermediar e esclarecer d\u00favidas e quest\u00f5es ligadas \u00e0 \u00e9tica profissional, bem como a trazer palestras e treinamentos aos profissionais da contabilidade para n\u00e3o deixar d\u00favida quanto a transpar\u00eancia devida da nossa profiss\u00e3o.<\/p>\n<p><strong><b>Quais s\u00e3o os planos futuros do sindicato para apoiar os contabilistas?<\/b><\/strong><\/p>\n<p>Estamos sempre buscando valorizar o trabalho dos contadores e contadoras da nossa regi\u00e3o. Uma desta a\u00e7\u00f5es \u00e9 a que anualmente premiamos profissionais da contabilidade, com o pr\u00eamio, <em><i>Destaque do Ano<\/i><\/em>, no m\u00eas de setembro de cada ano em sess\u00e3o solene da C\u00e2mara Municipal, para lembrar \u00e0 nossa sociedade, aos empres\u00e1rios e colegas de trabalho, da import\u00e2ncia deste profissional, tanto para a nossa sociedade, como para a gera\u00e7\u00e3o de riqueza e empregos no nosso pa\u00eds.<\/p>\n<p>Este ano ainda teremos em Franca um grande evento que reunir\u00e1 profissionais da contabilidade de todo interior do estado em uma grande assembleia, onde ser\u00e1 discutido propostas para melhoria da nossa categoria profissional.<\/p>\n<p>Buscamos tamb\u00e9m melhoria de sal\u00e1rios e melhores condi\u00e7\u00f5es de trabalho para os profissionais de empresas em geral, atrav\u00e9s do estabelecimento de Conven\u00e7\u00f5es Coletivas e Acordos Coletivos de Trabalho.<\/p>\n<p><strong><b>Como os membros podem se envolver mais ativamente nas atividades e decis\u00f5es do sindicato?<\/b><\/strong><\/p>\n<p>Estamos sempre muito aberto a sugest\u00f5es e \u00e0 participa\u00e7\u00f5es dos profissionais da contabilidade e estudantes de contabilidade. Queremos ouvir suas dores, necessidades e sugest\u00f5es.<\/p>\n<p>Podem nos procurar pelo site: <a href=\"http:\/\/www.sincofran.com.br\"><u>sincofran.com.br<\/u><\/a>ou pelo e-mail: <a href=\"mailto:sincofran@sincofran.com.br\"><u>sincofran@sincofran.com.br<\/u><\/a>, que eu e toda diretoria teremos o maior prazer em recebe-los no sindicato pra juntos tomarmos um cafezinho e ver como podemos melhorar o ambiente de trabalho do contador e da contadora de nossa Franca e Regi\u00e3o.<\/p>\n<p>&nbsp;<\/p>\n<p>&nbsp;<\/p>\n","protected":false},"excerpt":{"rendered":"<p>O Jornal Verdade teve o privil\u00e9gio de conversar com Dom\u00edcio, l\u00edder do sindicato dos contabilistas, para explorar a import\u00e2ncia vital dos profissionais da contabilidade e os<span class=\"excerpt-hellip\"> [\u2026]<\/span><\/p>\n","protected":false},"author":10,"featured_media":43858,"comment_status":"open","ping_status":"open","sticky":false,"template":"","format":"standard","meta":{"_jetpack_memberships_contains_paid_content":false,"footnotes":"","jetpack_publicize_message":"","jetpack_publicize_feature_enabled":true,"jetpack_social_post_already_shared":false,"jetpack_social_options":{"image_generator_settings":{"template":"highway","default_image_id":0,"enabled":false},"version":2}},"categories":[28,81],"tags":[],"class_list":["post-43805","post","type-post","status-publish","format-standard","has-post-thumbnail","hentry","category-cotidiano","category-manchete"],"yoast_head":"<!-- This site is optimized with the Yoast SEO plugin v25.6 - https:\/\/yoast.com\/wordpress\/plugins\/seo\/ -->\n<title>25\/04\/2024 \u2013 Dia do Profissional da Contabilidade - VerdadeOn<\/title>\n<meta name=\"robots\" content=\"index, follow, max-snippet:-1, max-image-preview:large, max-video-preview:-1\" \/>\n<link rel=\"canonical\" href=\"https:\/\/verdadeon.com.br\/portal\/2024\/04\/25\/25-04-2024-dia-do-profissional-da-contabilidade\/\" \/>\n<meta property=\"og:locale\" content=\"pt_BR\" \/>\n<meta property=\"og:type\" content=\"article\" \/>\n<meta property=\"og:title\" content=\"25\/04\/2024 \u2013 Dia do Profissional da Contabilidade - VerdadeOn\" \/>\n<meta property=\"og:description\" content=\"O Jornal Verdade teve o privil\u00e9gio de conversar com Dom\u00edcio, l\u00edder do sindicato dos contabilistas, para explorar a import\u00e2ncia vital dos profissionais da contabilidade e os [\u2026]\" \/>\n<meta property=\"og:url\" content=\"https:\/\/verdadeon.com.br\/portal\/2024\/04\/25\/25-04-2024-dia-do-profissional-da-contabilidade\/\" \/>\n<meta property=\"og:site_name\" content=\"VerdadeOn\" \/>\n<meta property=\"article:published_time\" content=\"2024-04-25T03:00:35+00:00\" \/>\n<meta property=\"article:modified_time\" content=\"2024-04-25T15:25:49+00:00\" \/>\n<meta property=\"og:image\" content=\"https:\/\/verdadeon.com.br\/portal\/wp-content\/uploads\/2024\/04\/Sem-titulo-4.jpg\" \/>\n\t<meta property=\"og:image:width\" content=\"645\" \/>\n\t<meta property=\"og:image:height\" content=\"432\" \/>\n\t<meta property=\"og:image:type\" content=\"image\/jpeg\" \/>\n<meta name=\"author\" content=\"Redacao VerdadeOn\" \/>\n<meta name=\"twitter:card\" content=\"summary_large_image\" \/>\n<meta name=\"twitter:label1\" content=\"Escrito por\" \/>\n\t<meta name=\"twitter:data1\" content=\"Redacao VerdadeOn\" \/>\n\t<meta name=\"twitter:label2\" content=\"Est. tempo de leitura\" \/>\n\t<meta name=\"twitter:data2\" content=\"6 minutos\" \/>\n<script type=\"application\/ld+json\" class=\"yoast-schema-graph\">{\"@context\":\"https:\/\/schema.org\",\"@graph\":[{\"@type\":\"WebPage\",\"@id\":\"https:\/\/verdadeon.com.br\/portal\/2024\/04\/25\/25-04-2024-dia-do-profissional-da-contabilidade\/\",\"url\":\"https:\/\/verdadeon.com.br\/portal\/2024\/04\/25\/25-04-2024-dia-do-profissional-da-contabilidade\/\",\"name\":\"25\/04\/2024 \u2013 Dia do Profissional da Contabilidade - VerdadeOn\",\"isPartOf\":{\"@id\":\"https:\/\/verdadeon.com.br\/portal\/#website\"},\"primaryImageOfPage\":{\"@id\":\"https:\/\/verdadeon.com.br\/portal\/2024\/04\/25\/25-04-2024-dia-do-profissional-da-contabilidade\/#primaryimage\"},\"image\":{\"@id\":\"https:\/\/verdadeon.com.br\/portal\/2024\/04\/25\/25-04-2024-dia-do-profissional-da-contabilidade\/#primaryimage\"},\"thumbnailUrl\":\"https:\/\/i0.wp.com\/verdadeon.com.br\/portal\/wp-content\/uploads\/2024\/04\/Sem-titulo-4.jpg?fit=645%2C432&ssl=1\",\"datePublished\":\"2024-04-25T03:00:35+00:00\",\"dateModified\":\"2024-04-25T15:25:49+00:00\",\"author\":{\"@id\":\"https:\/\/verdadeon.com.br\/portal\/#\/schema\/person\/a5060ad1e9ea3df545188fc93ce43d2f\"},\"breadcrumb\":{\"@id\":\"https:\/\/verdadeon.com.br\/portal\/2024\/04\/25\/25-04-2024-dia-do-profissional-da-contabilidade\/#breadcrumb\"},\"inLanguage\":\"pt-BR\",\"potentialAction\":[{\"@type\":\"ReadAction\",\"target\":[\"https:\/\/verdadeon.com.br\/portal\/2024\/04\/25\/25-04-2024-dia-do-profissional-da-contabilidade\/\"]}]},{\"@type\":\"ImageObject\",\"inLanguage\":\"pt-BR\",\"@id\":\"https:\/\/verdadeon.com.br\/portal\/2024\/04\/25\/25-04-2024-dia-do-profissional-da-contabilidade\/#primaryimage\",\"url\":\"https:\/\/i0.wp.com\/verdadeon.com.br\/portal\/wp-content\/uploads\/2024\/04\/Sem-titulo-4.jpg?fit=645%2C432&ssl=1\",\"contentUrl\":\"https:\/\/i0.wp.com\/verdadeon.com.br\/portal\/wp-content\/uploads\/2024\/04\/Sem-titulo-4.jpg?fit=645%2C432&ssl=1\",\"width\":645,\"height\":432,\"caption\":\"Presidente do sindicato de contabilistas de Franca em entrevista exclusiva com o Jornal Verdade (\u00a9Divulga\u00e7\u00e3o)\"},{\"@type\":\"BreadcrumbList\",\"@id\":\"https:\/\/verdadeon.com.br\/portal\/2024\/04\/25\/25-04-2024-dia-do-profissional-da-contabilidade\/#breadcrumb\",\"itemListElement\":[{\"@type\":\"ListItem\",\"position\":1,\"name\":\"In\u00edcio\",\"item\":\"https:\/\/verdadeon.com.br\/portal\/\"},{\"@type\":\"ListItem\",\"position\":2,\"name\":\"25\/04\/2024 \u2013 Dia do Profissional da Contabilidade\"}]},{\"@type\":\"WebSite\",\"@id\":\"https:\/\/verdadeon.com.br\/portal\/#website\",\"url\":\"https:\/\/verdadeon.com.br\/portal\/\",\"name\":\"VerdadeOn\",\"description\":\"Not\u00edcias di\u00e1rias sobre Franca, Regi\u00e3o, Esporte, Cultura, Cotidiano, Colunas. Cobertura nos principais eventos da cidade \u00e9 aqui - Verdadeon Franca\",\"potentialAction\":[{\"@type\":\"SearchAction\",\"target\":{\"@type\":\"EntryPoint\",\"urlTemplate\":\"https:\/\/verdadeon.com.br\/portal\/?s={search_term_string}\"},\"query-input\":{\"@type\":\"PropertyValueSpecification\",\"valueRequired\":true,\"valueName\":\"search_term_string\"}}],\"inLanguage\":\"pt-BR\"},{\"@type\":\"Person\",\"@id\":\"https:\/\/verdadeon.com.br\/portal\/#\/schema\/person\/a5060ad1e9ea3df545188fc93ce43d2f\",\"name\":\"Redacao VerdadeOn\",\"image\":{\"@type\":\"ImageObject\",\"inLanguage\":\"pt-BR\",\"@id\":\"https:\/\/verdadeon.com.br\/portal\/#\/schema\/person\/image\/\",\"url\":\"https:\/\/secure.gravatar.com\/avatar\/459a9613caaaf07f582c3d0841eea68bdd66f533e465e6ba8b9cb45619572cf4?s=96&d=mm&r=g\",\"contentUrl\":\"https:\/\/secure.gravatar.com\/avatar\/459a9613caaaf07f582c3d0841eea68bdd66f533e465e6ba8b9cb45619572cf4?s=96&d=mm&r=g\",\"caption\":\"Redacao VerdadeOn\"},\"url\":\"https:\/\/verdadeon.com.br\/portal\/author\/redacao\/\"}]}<\/script>\n<!-- \/ Yoast SEO plugin. -->","yoast_head_json":{"title":"25\/04\/2024 \u2013 Dia do Profissional da Contabilidade - VerdadeOn","robots":{"index":"index","follow":"follow","max-snippet":"max-snippet:-1","max-image-preview":"max-image-preview:large","max-video-preview":"max-video-preview:-1"},"canonical":"https:\/\/verdadeon.com.br\/portal\/2024\/04\/25\/25-04-2024-dia-do-profissional-da-contabilidade\/","og_locale":"pt_BR","og_type":"article","og_title":"25\/04\/2024 \u2013 Dia do Profissional da Contabilidade - VerdadeOn","og_description":"O Jornal Verdade teve o privil\u00e9gio de conversar com Dom\u00edcio, l\u00edder do sindicato dos contabilistas, para explorar a import\u00e2ncia vital dos profissionais da contabilidade e os [\u2026]","og_url":"https:\/\/verdadeon.com.br\/portal\/2024\/04\/25\/25-04-2024-dia-do-profissional-da-contabilidade\/","og_site_name":"VerdadeOn","article_published_time":"2024-04-25T03:00:35+00:00","article_modified_time":"2024-04-25T15:25:49+00:00","og_image":[{"width":645,"height":432,"url":"https:\/\/verdadeon.com.br\/portal\/wp-content\/uploads\/2024\/04\/Sem-titulo-4.jpg","type":"image\/jpeg"}],"author":"Redacao VerdadeOn","twitter_card":"summary_large_image","twitter_misc":{"Escrito por":"Redacao VerdadeOn","Est. tempo de leitura":"6 minutos"},"schema":{"@context":"https:\/\/schema.org","@graph":[{"@type":"WebPage","@id":"https:\/\/verdadeon.com.br\/portal\/2024\/04\/25\/25-04-2024-dia-do-profissional-da-contabilidade\/","url":"https:\/\/verdadeon.com.br\/portal\/2024\/04\/25\/25-04-2024-dia-do-profissional-da-contabilidade\/","name":"25\/04\/2024 \u2013 Dia do Profissional da Contabilidade - VerdadeOn","isPartOf":{"@id":"https:\/\/verdadeon.com.br\/portal\/#website"},"primaryImageOfPage":{"@id":"https:\/\/verdadeon.com.br\/portal\/2024\/04\/25\/25-04-2024-dia-do-profissional-da-contabilidade\/#primaryimage"},"image":{"@id":"https:\/\/verdadeon.com.br\/portal\/2024\/04\/25\/25-04-2024-dia-do-profissional-da-contabilidade\/#primaryimage"},"thumbnailUrl":"https:\/\/i0.wp.com\/verdadeon.com.br\/portal\/wp-content\/uploads\/2024\/04\/Sem-titulo-4.jpg?fit=645%2C432&ssl=1","datePublished":"2024-04-25T03:00:35+00:00","dateModified":"2024-04-25T15:25:49+00:00","author":{"@id":"https:\/\/verdadeon.com.br\/portal\/#\/schema\/person\/a5060ad1e9ea3df545188fc93ce43d2f"},"breadcrumb":{"@id":"https:\/\/verdadeon.com.br\/portal\/2024\/04\/25\/25-04-2024-dia-do-profissional-da-contabilidade\/#breadcrumb"},"inLanguage":"pt-BR","potentialAction":[{"@type":"ReadAction","target":["https:\/\/verdadeon.com.br\/portal\/2024\/04\/25\/25-04-2024-dia-do-profissional-da-contabilidade\/"]}]},{"@type":"ImageObject","inLanguage":"pt-BR","@id":"https:\/\/verdadeon.com.br\/portal\/2024\/04\/25\/25-04-2024-dia-do-profissional-da-contabilidade\/#primaryimage","url":"https:\/\/i0.wp.com\/verdadeon.com.br\/portal\/wp-content\/uploads\/2024\/04\/Sem-titulo-4.jpg?fit=645%2C432&ssl=1","contentUrl":"https:\/\/i0.wp.com\/verdadeon.com.br\/portal\/wp-content\/uploads\/2024\/04\/Sem-titulo-4.jpg?fit=645%2C432&ssl=1","width":645,"height":432,"caption":"Presidente do sindicato de contabilistas de Franca em entrevista exclusiva com o Jornal Verdade (\u00a9Divulga\u00e7\u00e3o)"},{"@type":"BreadcrumbList","@id":"https:\/\/verdadeon.com.br\/portal\/2024\/04\/25\/25-04-2024-dia-do-profissional-da-contabilidade\/#breadcrumb","itemListElement":[{"@type":"ListItem","position":1,"name":"In\u00edcio","item":"https:\/\/verdadeon.com.br\/portal\/"},{"@type":"ListItem","position":2,"name":"25\/04\/2024 \u2013 Dia do Profissional da Contabilidade"}]},{"@type":"WebSite","@id":"https:\/\/verdadeon.com.br\/portal\/#website","url":"https:\/\/verdadeon.com.br\/portal\/","name":"VerdadeOn","description":"Not\u00edcias di\u00e1rias sobre Franca, Regi\u00e3o, Esporte, Cultura, Cotidiano, Colunas. Cobertura nos principais eventos da cidade \u00e9 aqui - Verdadeon Franca","potentialAction":[{"@type":"SearchAction","target":{"@type":"EntryPoint","urlTemplate":"https:\/\/verdadeon.com.br\/portal\/?s={search_term_string}"},"query-input":{"@type":"PropertyValueSpecification","valueRequired":true,"valueName":"search_term_string"}}],"inLanguage":"pt-BR"},{"@type":"Person","@id":"https:\/\/verdadeon.com.br\/portal\/#\/schema\/person\/a5060ad1e9ea3df545188fc93ce43d2f","name":"Redacao VerdadeOn","image":{"@type":"ImageObject","inLanguage":"pt-BR","@id":"https:\/\/verdadeon.com.br\/portal\/#\/schema\/person\/image\/","url":"https:\/\/secure.gravatar.com\/avatar\/459a9613caaaf07f582c3d0841eea68bdd66f533e465e6ba8b9cb45619572cf4?s=96&d=mm&r=g","contentUrl":"https:\/\/secure.gravatar.com\/avatar\/459a9613caaaf07f582c3d0841eea68bdd66f533e465e6ba8b9cb45619572cf4?s=96&d=mm&r=g","caption":"Redacao VerdadeOn"},"url":"https:\/\/verdadeon.com.br\/portal\/author\/redacao\/"}]}},"jetpack_publicize_connections":[],"jetpack_featured_media_url":"https:\/\/i0.wp.com\/verdadeon.com.br\/portal\/wp-content\/uploads\/2024\/04\/Sem-titulo-4.jpg?fit=645%2C432&ssl=1","jetpack_sharing_enabled":true,"_links":{"self":[{"href":"https:\/\/verdadeon.com.br\/portal\/wp-json\/wp\/v2\/posts\/43805","targetHints":{"allow":["GET"]}}],"collection":[{"href":"https:\/\/verdadeon.com.br\/portal\/wp-json\/wp\/v2\/posts"}],"about":[{"href":"https:\/\/verdadeon.com.br\/portal\/wp-json\/wp\/v2\/types\/post"}],"author":[{"embeddable":true,"href":"https:\/\/verdadeon.com.br\/portal\/wp-json\/wp\/v2\/users\/10"}],"replies":[{"embeddable":true,"href":"https:\/\/verdadeon.com.br\/portal\/wp-json\/wp\/v2\/comments?post=43805"}],"version-history":[{"count":1,"href":"https:\/\/verdadeon.com.br\/portal\/wp-json\/wp\/v2\/posts\/43805\/revisions"}],"predecessor-version":[{"id":43808,"href":"https:\/\/verdadeon.com.br\/portal\/wp-json\/wp\/v2\/posts\/43805\/revisions\/43808"}],"wp:featuredmedia":[{"embeddable":true,"href":"https:\/\/verdadeon.com.br\/portal\/wp-json\/wp\/v2\/media\/43858"}],"wp:attachment":[{"href":"https:\/\/verdadeon.com.br\/portal\/wp-json\/wp\/v2\/media?parent=43805"}],"wp:term":[{"taxonomy":"category","embeddable":true,"href":"https:\/\/verdadeon.com.br\/portal\/wp-json\/wp\/v2\/categories?post=43805"},{"taxonomy":"post_tag","embeddable":true,"href":"https:\/\/verdadeon.com.br\/portal\/wp-json\/wp\/v2\/tags?post=43805"}],"curies":[{"name":"wp","href":"https:\/\/api.w.org\/{rel}","templated":true}]}}