{"id":43795,"date":"2024-04-24T10:00:31","date_gmt":"2024-04-24T13:00:31","guid":{"rendered":"https:\/\/verdadeon.com.br\/portal\/?p=43795"},"modified":"2024-04-24T10:55:53","modified_gmt":"2024-04-24T13:55:53","slug":"sp-lanca-identificacao-veicular-para-criar-empatia-com-pessoas-com-autismo-no-transito","status":"publish","type":"post","link":"https:\/\/verdadeon.com.br\/portal\/2024\/04\/24\/sp-lanca-identificacao-veicular-para-criar-empatia-com-pessoas-com-autismo-no-transito\/","title":{"rendered":"SP lan\u00e7a identifica\u00e7\u00e3o veicular para criar empatia com pessoas com autismo no tr\u00e2nsito"},"content":{"rendered":"<h2>Documento pode ser impresso no portal da CipTEA e colocado no vidro traseiro do ve\u00edculo para uso de buzinas<\/h2>\n<p>A partir desta ter\u00e7a-feira (2), mais de 45 mil pessoas com Transtorno do Espectro Autista (TEA) j\u00e1 cadastradas pelo Governo de S\u00e3o Paulo poder\u00e3o ter acesso a uma identifica\u00e7\u00e3o veicular oficial que pretende sensibilizar motoristas sobre as crises que a polui\u00e7\u00e3o sonora pode provocar. O documento estadual estampa a frase \u201cPessoa com Autismo a bordo. Seja gentil, n\u00e3o buzine\u201d e a fita de quebra-cabe\u00e7as que simboliza o esclarecimento da sociedade sobre os direitos de indiv\u00edduos com TEA.<\/p>\n<p>Lan\u00e7ada no Dia Mundial de Conscientiza\u00e7\u00e3o do Autismo, a campanha educativa \u00e9 promovida pelas Secretarias de Estado dos Direitos da Pessoa com Defici\u00eancia e de Gest\u00e3o e Governo Digital. O evento fez parte da 1\u00aa Jornada Estadual de Conscientiza\u00e7\u00e3o do Autismo, na capital, com a participa\u00e7\u00e3o de autoridades do Governo do Estado e de especialistas e pesquisadores das principais universidades paulistas.<\/p>\n<p>A credencial deve ser colocada no vidro traseiro dos ve\u00edculos cadastrados e foi desenvolvida por equipes da Secretaria de Gest\u00e3o e Governo Digital e da Prodesp \u2013empresa de tecnologia do Governo de S\u00e3o Paulo \u2013, com apoio do Detran-SP. A medida tamb\u00e9m atende \u00e0 Lei Estadual 17.889\/2024, aprovada pela Assembleia Legislativa do Estado de S\u00e3o Paulo (Alesp) e sancionada pelo Pal\u00e1cio dos Bandeirantes em mar\u00e7o passado.<\/p>\n<p>A identifica\u00e7\u00e3o veicular pode ser solicitada gratuitamente no portal da CipTEA (<a href=\"https:\/\/ciptea.sp.gov.br\/\" target=\"_blank\" rel=\"noopener\">https:\/\/ciptea.sp.gov.br\/<\/a>), que tamb\u00e9m viabiliza a Carteira de Identifica\u00e7\u00e3o da Pessoa com Transtorno do Espectro Autista. O procedimento \u00e9 simples e \u00e1gil: ap\u00f3s entrar na \u00e1rea logada do site, basta clicar em \u201cCadastro de Ve\u00edculo\u201d e inserir a placa e Renavam.<\/p>\n<p>Hoje, S\u00e3o Paulo possui 45 mil documentos CipTEA emitidos. Quem j\u00e1 possui a carteirinha pode baixar e imprimir a credencial veicular de imediato. O benef\u00edcio tamb\u00e9m vale para os novos pedidos, mediante valida\u00e7\u00e3o dos cadastros das placas.<\/p>\n<p>\u201cA transforma\u00e7\u00e3o digital em implanta\u00e7\u00e3o em S\u00e3o Paulo tem tamb\u00e9m este nobre objetivo de sensibilizar os motoristas no tr\u00e2nsito diante de ve\u00edculos com pessoas com autismo\u201d, disse o secret\u00e1rio de Gest\u00e3o e Governo Digital, Caio Paes de Andrade.<\/p>\n<p>Lan\u00e7ada h\u00e1 um ano pela gest\u00e3o comandada pelo governador Tarc\u00edsio de Freitas, a carteira facilita a identifica\u00e7\u00e3o da pessoa com Transtorno do Espectro Autista nos servi\u00e7os p\u00fablicos e privados em todo o territ\u00f3rio paulista. O documento tamb\u00e9m facilita a garantia de direitos previstos em lei, como filas e atendimentos preferenciais.<\/p>\n<p>\u201cCelebrando o primeiro ano de emiss\u00f5es da CipTEA, conquistamos avan\u00e7os significativos para as pessoas com o espectro do autismo. O lan\u00e7amento desta identifica\u00e7\u00e3o veicular refor\u00e7a o comprometimento do Governo de S\u00e3o Paulo com a causa, promovendo uma sociedade mais acolhedora, que compreende e respeita a diversidade em todas as suas formas\u201d, destaca o secret\u00e1rio dos Direitos da Pessoa com Defici\u00eancia, Marcos da Costa.<\/p>\n<p>O acesso ao portal CipTEA, criado pela Prodesp, \u00e9 feito pela plataforma GOV.BR, que possui identifica\u00e7\u00e3o \u00fanica e tamb\u00e9m d\u00e1 acesso aos servi\u00e7os disponibilizados pelo Governo de S\u00e3o Paulo.<\/p>\n<p>Como obter a identifica\u00e7\u00e3o veicular de SP para pessoas com autismo:<\/p>\n<p><strong>Passo a passo para quem j\u00e1 possui a CipTEA:<\/strong><br \/>\n1) Acesse seu cadastro com o login GOV.BR<br \/>\n2) Clique em \u201cCadastrar ve\u00edculo\u201d<br \/>\n3) Informe o n\u00famero da placa e o Renavam de seu ve\u00edculo e clique em \u201cCadastrar ve\u00edculo\u201d<br \/>\n4) Clique na imagem do \u201ccarrinho\u201d abaixo da imagem da carteirinha e imprima seu adesivo<\/p>\n<p><strong>Passo a passo para novos benefici\u00e1rios da CipTEA:<\/strong><br \/>\n1) Acesse o site\u00a0<a href=\"https:\/\/ciptea.sp.gov.br\/\" target=\"_blank\" rel=\"noopener\">https:\/\/ciptea.sp.gov.br\/<\/a>\u00a0com o login GOV.BR e clique em \u201cCadastrar novo benefici\u00e1rio\u201d<br \/>\n2) Preencha os dados pessoais e endere\u00e7o da pessoa diagnosticada com TEA<br \/>\n3) Preencha as informa\u00e7\u00f5es do CID, nome e CRM do m\u00e9dico, data do documento e anexe o arquivo do relat\u00f3rio m\u00e9dico no formato png ou jpg<br \/>\n4) Preencha os dados do cuidador\/respons\u00e1vel<br \/>\n5) Informe o n\u00famero da placa e o Renavam de seu ve\u00edculo<br \/>\n6) Leia e d\u00ea ci\u00eancia ao Termo de Aceite<br \/>\n7) Aguarde a an\u00e1lise e aprova\u00e7\u00e3o da CipTEA (at\u00e9 20 dias \u00fateis)<br \/>\n8) Ap\u00f3s aprova\u00e7\u00e3o, fa\u00e7a o download de sua identifica\u00e7\u00e3o veicular<\/p>\n<p><strong>Importante<\/strong><br \/>\n\u2013 \u00c9 permitido cadastrar apenas um ve\u00edculo por benefici\u00e1rio<br \/>\n\u2013 A identifica\u00e7\u00e3o veicular n\u00e3o dar\u00e1 benef\u00edcios no tr\u00e2nsito aos usu\u00e1rios<\/p>\n<p>Fonte: SP Not\u00edcias<\/p>\n","protected":false},"excerpt":{"rendered":"<p>Documento pode ser impresso no portal da CipTEA e colocado no vidro traseiro do ve\u00edculo para uso de buzinas A partir desta ter\u00e7a-feira (2), mais de<span class=\"excerpt-hellip\"> [\u2026]<\/span><\/p>\n","protected":false},"author":10,"featured_media":43796,"comment_status":"open","ping_status":"open","sticky":false,"template":"","format":"standard","meta":{"_jetpack_memberships_contains_paid_content":false,"footnotes":"","jetpack_publicize_message":"","jetpack_publicize_feature_enabled":true,"jetpack_social_post_already_shared":false,"jetpack_social_options":{"image_generator_settings":{"template":"highway","default_image_id":0,"enabled":false},"version":2}},"categories":[28,44],"tags":[],"class_list":["post-43795","post","type-post","status-publish","format-standard","has-post-thumbnail","hentry","category-cotidiano","category-noticias"],"yoast_head":"<!-- This site is optimized with the Yoast SEO plugin v25.6 - https:\/\/yoast.com\/wordpress\/plugins\/seo\/ -->\n<title>SP lan\u00e7a identifica\u00e7\u00e3o veicular para criar empatia com pessoas com autismo no tr\u00e2nsito - VerdadeOn<\/title>\n<meta name=\"robots\" content=\"index, follow, max-snippet:-1, max-image-preview:large, max-video-preview:-1\" \/>\n<link rel=\"canonical\" href=\"https:\/\/verdadeon.com.br\/portal\/2024\/04\/24\/sp-lanca-identificacao-veicular-para-criar-empatia-com-pessoas-com-autismo-no-transito\/\" \/>\n<meta property=\"og:locale\" content=\"pt_BR\" \/>\n<meta property=\"og:type\" content=\"article\" \/>\n<meta property=\"og:title\" content=\"SP lan\u00e7a identifica\u00e7\u00e3o veicular para criar empatia com pessoas com autismo no tr\u00e2nsito - VerdadeOn\" \/>\n<meta property=\"og:description\" content=\"Documento pode ser impresso no portal da CipTEA e colocado no vidro traseiro do ve\u00edculo para uso de buzinas A partir desta ter\u00e7a-feira (2), mais de [\u2026]\" \/>\n<meta property=\"og:url\" content=\"https:\/\/verdadeon.com.br\/portal\/2024\/04\/24\/sp-lanca-identificacao-veicular-para-criar-empatia-com-pessoas-com-autismo-no-transito\/\" \/>\n<meta property=\"og:site_name\" content=\"VerdadeOn\" \/>\n<meta property=\"article:published_time\" content=\"2024-04-24T13:00:31+00:00\" \/>\n<meta property=\"article:modified_time\" content=\"2024-04-24T13:55:53+00:00\" \/>\n<meta property=\"og:image\" content=\"https:\/\/verdadeon.com.br\/portal\/wp-content\/uploads\/2024\/04\/tea-transito.jpeg\" \/>\n\t<meta property=\"og:image:width\" content=\"905\" \/>\n\t<meta property=\"og:image:height\" content=\"650\" \/>\n\t<meta property=\"og:image:type\" content=\"image\/jpeg\" \/>\n<meta name=\"author\" content=\"Redacao VerdadeOn\" \/>\n<meta name=\"twitter:card\" content=\"summary_large_image\" \/>\n<meta name=\"twitter:label1\" content=\"Escrito por\" \/>\n\t<meta name=\"twitter:data1\" content=\"Redacao VerdadeOn\" \/>\n\t<meta name=\"twitter:label2\" content=\"Est. tempo de leitura\" \/>\n\t<meta name=\"twitter:data2\" content=\"4 minutos\" \/>\n<script type=\"application\/ld+json\" class=\"yoast-schema-graph\">{\"@context\":\"https:\/\/schema.org\",\"@graph\":[{\"@type\":\"WebPage\",\"@id\":\"https:\/\/verdadeon.com.br\/portal\/2024\/04\/24\/sp-lanca-identificacao-veicular-para-criar-empatia-com-pessoas-com-autismo-no-transito\/\",\"url\":\"https:\/\/verdadeon.com.br\/portal\/2024\/04\/24\/sp-lanca-identificacao-veicular-para-criar-empatia-com-pessoas-com-autismo-no-transito\/\",\"name\":\"SP lan\u00e7a identifica\u00e7\u00e3o veicular para criar empatia com pessoas com autismo no tr\u00e2nsito - VerdadeOn\",\"isPartOf\":{\"@id\":\"https:\/\/verdadeon.com.br\/portal\/#website\"},\"primaryImageOfPage\":{\"@id\":\"https:\/\/verdadeon.com.br\/portal\/2024\/04\/24\/sp-lanca-identificacao-veicular-para-criar-empatia-com-pessoas-com-autismo-no-transito\/#primaryimage\"},\"image\":{\"@id\":\"https:\/\/verdadeon.com.br\/portal\/2024\/04\/24\/sp-lanca-identificacao-veicular-para-criar-empatia-com-pessoas-com-autismo-no-transito\/#primaryimage\"},\"thumbnailUrl\":\"https:\/\/i0.wp.com\/verdadeon.com.br\/portal\/wp-content\/uploads\/2024\/04\/tea-transito.jpeg?fit=905%2C650&ssl=1\",\"datePublished\":\"2024-04-24T13:00:31+00:00\",\"dateModified\":\"2024-04-24T13:55:53+00:00\",\"author\":{\"@id\":\"https:\/\/verdadeon.com.br\/portal\/#\/schema\/person\/a5060ad1e9ea3df545188fc93ce43d2f\"},\"breadcrumb\":{\"@id\":\"https:\/\/verdadeon.com.br\/portal\/2024\/04\/24\/sp-lanca-identificacao-veicular-para-criar-empatia-com-pessoas-com-autismo-no-transito\/#breadcrumb\"},\"inLanguage\":\"pt-BR\",\"potentialAction\":[{\"@type\":\"ReadAction\",\"target\":[\"https:\/\/verdadeon.com.br\/portal\/2024\/04\/24\/sp-lanca-identificacao-veicular-para-criar-empatia-com-pessoas-com-autismo-no-transito\/\"]}]},{\"@type\":\"ImageObject\",\"inLanguage\":\"pt-BR\",\"@id\":\"https:\/\/verdadeon.com.br\/portal\/2024\/04\/24\/sp-lanca-identificacao-veicular-para-criar-empatia-com-pessoas-com-autismo-no-transito\/#primaryimage\",\"url\":\"https:\/\/i0.wp.com\/verdadeon.com.br\/portal\/wp-content\/uploads\/2024\/04\/tea-transito.jpeg?fit=905%2C650&ssl=1\",\"contentUrl\":\"https:\/\/i0.wp.com\/verdadeon.com.br\/portal\/wp-content\/uploads\/2024\/04\/tea-transito.jpeg?fit=905%2C650&ssl=1\",\"width\":905,\"height\":650,\"caption\":\"A credencial deve ser colocada no vidro traseiro dos ve\u00edculos cadastrados (\u00a9Divulga\u00e7\u00e3o SP not\u00edcias)\"},{\"@type\":\"BreadcrumbList\",\"@id\":\"https:\/\/verdadeon.com.br\/portal\/2024\/04\/24\/sp-lanca-identificacao-veicular-para-criar-empatia-com-pessoas-com-autismo-no-transito\/#breadcrumb\",\"itemListElement\":[{\"@type\":\"ListItem\",\"position\":1,\"name\":\"In\u00edcio\",\"item\":\"https:\/\/verdadeon.com.br\/portal\/\"},{\"@type\":\"ListItem\",\"position\":2,\"name\":\"SP lan\u00e7a identifica\u00e7\u00e3o veicular para criar empatia com pessoas com autismo no tr\u00e2nsito\"}]},{\"@type\":\"WebSite\",\"@id\":\"https:\/\/verdadeon.com.br\/portal\/#website\",\"url\":\"https:\/\/verdadeon.com.br\/portal\/\",\"name\":\"VerdadeOn\",\"description\":\"Not\u00edcias di\u00e1rias sobre Franca, Regi\u00e3o, Esporte, Cultura, Cotidiano, Colunas. Cobertura nos principais eventos da cidade \u00e9 aqui - Verdadeon Franca\",\"potentialAction\":[{\"@type\":\"SearchAction\",\"target\":{\"@type\":\"EntryPoint\",\"urlTemplate\":\"https:\/\/verdadeon.com.br\/portal\/?s={search_term_string}\"},\"query-input\":{\"@type\":\"PropertyValueSpecification\",\"valueRequired\":true,\"valueName\":\"search_term_string\"}}],\"inLanguage\":\"pt-BR\"},{\"@type\":\"Person\",\"@id\":\"https:\/\/verdadeon.com.br\/portal\/#\/schema\/person\/a5060ad1e9ea3df545188fc93ce43d2f\",\"name\":\"Redacao VerdadeOn\",\"image\":{\"@type\":\"ImageObject\",\"inLanguage\":\"pt-BR\",\"@id\":\"https:\/\/verdadeon.com.br\/portal\/#\/schema\/person\/image\/\",\"url\":\"https:\/\/secure.gravatar.com\/avatar\/459a9613caaaf07f582c3d0841eea68bdd66f533e465e6ba8b9cb45619572cf4?s=96&d=mm&r=g\",\"contentUrl\":\"https:\/\/secure.gravatar.com\/avatar\/459a9613caaaf07f582c3d0841eea68bdd66f533e465e6ba8b9cb45619572cf4?s=96&d=mm&r=g\",\"caption\":\"Redacao VerdadeOn\"},\"url\":\"https:\/\/verdadeon.com.br\/portal\/author\/redacao\/\"}]}<\/script>\n<!-- \/ Yoast SEO plugin. -->","yoast_head_json":{"title":"SP lan\u00e7a identifica\u00e7\u00e3o veicular para criar empatia com pessoas com autismo no tr\u00e2nsito - VerdadeOn","robots":{"index":"index","follow":"follow","max-snippet":"max-snippet:-1","max-image-preview":"max-image-preview:large","max-video-preview":"max-video-preview:-1"},"canonical":"https:\/\/verdadeon.com.br\/portal\/2024\/04\/24\/sp-lanca-identificacao-veicular-para-criar-empatia-com-pessoas-com-autismo-no-transito\/","og_locale":"pt_BR","og_type":"article","og_title":"SP lan\u00e7a identifica\u00e7\u00e3o veicular para criar empatia com pessoas com autismo no tr\u00e2nsito - VerdadeOn","og_description":"Documento pode ser impresso no portal da CipTEA e colocado no vidro traseiro do ve\u00edculo para uso de buzinas A partir desta ter\u00e7a-feira (2), mais de [\u2026]","og_url":"https:\/\/verdadeon.com.br\/portal\/2024\/04\/24\/sp-lanca-identificacao-veicular-para-criar-empatia-com-pessoas-com-autismo-no-transito\/","og_site_name":"VerdadeOn","article_published_time":"2024-04-24T13:00:31+00:00","article_modified_time":"2024-04-24T13:55:53+00:00","og_image":[{"width":905,"height":650,"url":"https:\/\/verdadeon.com.br\/portal\/wp-content\/uploads\/2024\/04\/tea-transito.jpeg","type":"image\/jpeg"}],"author":"Redacao VerdadeOn","twitter_card":"summary_large_image","twitter_misc":{"Escrito por":"Redacao VerdadeOn","Est. tempo de leitura":"4 minutos"},"schema":{"@context":"https:\/\/schema.org","@graph":[{"@type":"WebPage","@id":"https:\/\/verdadeon.com.br\/portal\/2024\/04\/24\/sp-lanca-identificacao-veicular-para-criar-empatia-com-pessoas-com-autismo-no-transito\/","url":"https:\/\/verdadeon.com.br\/portal\/2024\/04\/24\/sp-lanca-identificacao-veicular-para-criar-empatia-com-pessoas-com-autismo-no-transito\/","name":"SP lan\u00e7a identifica\u00e7\u00e3o veicular para criar empatia com pessoas com autismo no tr\u00e2nsito - VerdadeOn","isPartOf":{"@id":"https:\/\/verdadeon.com.br\/portal\/#website"},"primaryImageOfPage":{"@id":"https:\/\/verdadeon.com.br\/portal\/2024\/04\/24\/sp-lanca-identificacao-veicular-para-criar-empatia-com-pessoas-com-autismo-no-transito\/#primaryimage"},"image":{"@id":"https:\/\/verdadeon.com.br\/portal\/2024\/04\/24\/sp-lanca-identificacao-veicular-para-criar-empatia-com-pessoas-com-autismo-no-transito\/#primaryimage"},"thumbnailUrl":"https:\/\/i0.wp.com\/verdadeon.com.br\/portal\/wp-content\/uploads\/2024\/04\/tea-transito.jpeg?fit=905%2C650&ssl=1","datePublished":"2024-04-24T13:00:31+00:00","dateModified":"2024-04-24T13:55:53+00:00","author":{"@id":"https:\/\/verdadeon.com.br\/portal\/#\/schema\/person\/a5060ad1e9ea3df545188fc93ce43d2f"},"breadcrumb":{"@id":"https:\/\/verdadeon.com.br\/portal\/2024\/04\/24\/sp-lanca-identificacao-veicular-para-criar-empatia-com-pessoas-com-autismo-no-transito\/#breadcrumb"},"inLanguage":"pt-BR","potentialAction":[{"@type":"ReadAction","target":["https:\/\/verdadeon.com.br\/portal\/2024\/04\/24\/sp-lanca-identificacao-veicular-para-criar-empatia-com-pessoas-com-autismo-no-transito\/"]}]},{"@type":"ImageObject","inLanguage":"pt-BR","@id":"https:\/\/verdadeon.com.br\/portal\/2024\/04\/24\/sp-lanca-identificacao-veicular-para-criar-empatia-com-pessoas-com-autismo-no-transito\/#primaryimage","url":"https:\/\/i0.wp.com\/verdadeon.com.br\/portal\/wp-content\/uploads\/2024\/04\/tea-transito.jpeg?fit=905%2C650&ssl=1","contentUrl":"https:\/\/i0.wp.com\/verdadeon.com.br\/portal\/wp-content\/uploads\/2024\/04\/tea-transito.jpeg?fit=905%2C650&ssl=1","width":905,"height":650,"caption":"A credencial deve ser colocada no vidro traseiro dos ve\u00edculos cadastrados (\u00a9Divulga\u00e7\u00e3o SP not\u00edcias)"},{"@type":"BreadcrumbList","@id":"https:\/\/verdadeon.com.br\/portal\/2024\/04\/24\/sp-lanca-identificacao-veicular-para-criar-empatia-com-pessoas-com-autismo-no-transito\/#breadcrumb","itemListElement":[{"@type":"ListItem","position":1,"name":"In\u00edcio","item":"https:\/\/verdadeon.com.br\/portal\/"},{"@type":"ListItem","position":2,"name":"SP lan\u00e7a identifica\u00e7\u00e3o veicular para criar empatia com pessoas com autismo no tr\u00e2nsito"}]},{"@type":"WebSite","@id":"https:\/\/verdadeon.com.br\/portal\/#website","url":"https:\/\/verdadeon.com.br\/portal\/","name":"VerdadeOn","description":"Not\u00edcias di\u00e1rias sobre Franca, Regi\u00e3o, Esporte, Cultura, Cotidiano, Colunas. Cobertura nos principais eventos da cidade \u00e9 aqui - Verdadeon Franca","potentialAction":[{"@type":"SearchAction","target":{"@type":"EntryPoint","urlTemplate":"https:\/\/verdadeon.com.br\/portal\/?s={search_term_string}"},"query-input":{"@type":"PropertyValueSpecification","valueRequired":true,"valueName":"search_term_string"}}],"inLanguage":"pt-BR"},{"@type":"Person","@id":"https:\/\/verdadeon.com.br\/portal\/#\/schema\/person\/a5060ad1e9ea3df545188fc93ce43d2f","name":"Redacao VerdadeOn","image":{"@type":"ImageObject","inLanguage":"pt-BR","@id":"https:\/\/verdadeon.com.br\/portal\/#\/schema\/person\/image\/","url":"https:\/\/secure.gravatar.com\/avatar\/459a9613caaaf07f582c3d0841eea68bdd66f533e465e6ba8b9cb45619572cf4?s=96&d=mm&r=g","contentUrl":"https:\/\/secure.gravatar.com\/avatar\/459a9613caaaf07f582c3d0841eea68bdd66f533e465e6ba8b9cb45619572cf4?s=96&d=mm&r=g","caption":"Redacao VerdadeOn"},"url":"https:\/\/verdadeon.com.br\/portal\/author\/redacao\/"}]}},"jetpack_publicize_connections":[],"jetpack_featured_media_url":"https:\/\/i0.wp.com\/verdadeon.com.br\/portal\/wp-content\/uploads\/2024\/04\/tea-transito.jpeg?fit=905%2C650&ssl=1","jetpack_sharing_enabled":true,"_links":{"self":[{"href":"https:\/\/verdadeon.com.br\/portal\/wp-json\/wp\/v2\/posts\/43795","targetHints":{"allow":["GET"]}}],"collection":[{"href":"https:\/\/verdadeon.com.br\/portal\/wp-json\/wp\/v2\/posts"}],"about":[{"href":"https:\/\/verdadeon.com.br\/portal\/wp-json\/wp\/v2\/types\/post"}],"author":[{"embeddable":true,"href":"https:\/\/verdadeon.com.br\/portal\/wp-json\/wp\/v2\/users\/10"}],"replies":[{"embeddable":true,"href":"https:\/\/verdadeon.com.br\/portal\/wp-json\/wp\/v2\/comments?post=43795"}],"version-history":[{"count":3,"href":"https:\/\/verdadeon.com.br\/portal\/wp-json\/wp\/v2\/posts\/43795\/revisions"}],"predecessor-version":[{"id":43811,"href":"https:\/\/verdadeon.com.br\/portal\/wp-json\/wp\/v2\/posts\/43795\/revisions\/43811"}],"wp:featuredmedia":[{"embeddable":true,"href":"https:\/\/verdadeon.com.br\/portal\/wp-json\/wp\/v2\/media\/43796"}],"wp:attachment":[{"href":"https:\/\/verdadeon.com.br\/portal\/wp-json\/wp\/v2\/media?parent=43795"}],"wp:term":[{"taxonomy":"category","embeddable":true,"href":"https:\/\/verdadeon.com.br\/portal\/wp-json\/wp\/v2\/categories?post=43795"},{"taxonomy":"post_tag","embeddable":true,"href":"https:\/\/verdadeon.com.br\/portal\/wp-json\/wp\/v2\/tags?post=43795"}],"curies":[{"name":"wp","href":"https:\/\/api.w.org\/{rel}","templated":true}]}}