{"id":43792,"date":"2024-04-24T10:00:38","date_gmt":"2024-04-24T13:00:38","guid":{"rendered":"https:\/\/verdadeon.com.br\/portal\/?p=43792"},"modified":"2024-04-23T14:48:34","modified_gmt":"2024-04-23T17:48:34","slug":"delegada-graciela-propoe-gratificacoes-para-policiais-civis","status":"publish","type":"post","link":"https:\/\/verdadeon.com.br\/portal\/2024\/04\/24\/delegada-graciela-propoe-gratificacoes-para-policiais-civis\/","title":{"rendered":"Delegada Graciela prop\u00f5e gratifica\u00e7\u00f5es para policiais civis"},"content":{"rendered":"<h3>Funcion\u00e1rios de DDMs e agentes que acumulam unidades seriam beneficiados<\/h3>\n<p>A deputada estadual Delegada Graciela (PL) pretender criar gratifica\u00e7\u00f5es com base no local de exerc\u00edcio dos integrantes da Pol\u00edcia Civil. As remunera\u00e7\u00f5es adicionais beneficiariam policiais das Delegacias de Defesa da Mulher (DDMs) e tamb\u00e9m aqueles que atuam em mais de uma delegacia. \u00c9 o que prev\u00ea o Projeto de Lei Complementar (PLC) 14\/2024.<\/p>\n<p>A proposta altera a Lei Org\u00e2nica da Pol\u00edcia Civil. No caso das DDMs, a gratifica\u00e7\u00e3o chamada de Adicional de Local de Exerc\u00edcio (ALE) \u2013 DDM representaria um adicional de 30% sobre o padr\u00e3o de vencimento do servidor, inclusive dos delegados dessas unidades.<\/p>\n<p>\u201cMetade das investiga\u00e7\u00f5es policiais passam pelas DDMs. E s\u00e3o apura\u00e7\u00f5es com exig\u00eancias especiais. Sem contar que o atendimento \u00e0 mulher em situa\u00e7\u00e3o vulner\u00e1vel exige um tratamento diferenciado, para promover o acolhimento e a prote\u00e7\u00e3o \u00e0 v\u00edtima. Uma remunera\u00e7\u00e3o adicional para quem exerce esse trabalho \u00e9 mais do que justa\u201d, afirma a deputada Delegada Graciela.<\/p>\n<p>Em rela\u00e7\u00e3o \u00e0 Gratifica\u00e7\u00e3o de Ac\u00famulo de Unidades (GAU), tamb\u00e9m prevista em 30% sobre o padr\u00e3o de vencimento, trata-se de uma vantagem semelhante \u00e0 Gratifica\u00e7\u00e3o por Ac\u00famulo de Titularidade (GAT), oferecida, desde 2007, aos delegados que respondem cumulativamente por mais de uma unidade policial.<\/p>\n<p>A GAU seria oferecida aos demais integrantes da carreira que sirvam em mais de uma delegacia e que, por isso, tem uma carga a mais de trabalho em seu dia a dia. \u201cCom a aprova\u00e7\u00e3o do nosso projeto, estenderemos esse importante reconhecimento tamb\u00e9m aos muitos policiais que se desdobram em mais de uma unidade\u201d, planeja a deputada Delegada Graciela.<\/p>\n<p>\u201cAs duas gratifica\u00e7\u00f5es far\u00e3o justi\u00e7a a policiais com uma carga adicional de trabalho. J\u00e1 busquei apoio do Executivo, levando essas ideias ao secret\u00e1rio estadual da Seguran\u00e7a P\u00fablica, Guilherme Derrite, e ao delegado-geral Doutor Artur Jos\u00e9 Dian, que reconhecem essa situa\u00e7\u00e3o, e acredito que os colegas de Assembleia Legislativa far\u00e3o o mesmo\u201d, completa.<\/p>\n<p>Gestantes e Lactantes<\/p>\n<p>Outro projeto da parlamentar, o PLC 13\/2024, visa assegurar jornada diferenciada de trabalho para integrantes gestantes e lactantes da Pol\u00edcia Civil e da Pol\u00edcia T\u00e9cnico-Cient\u00edfica. Os direitos passariam a ter for\u00e7a de norma estadual, figurando dentro da Lei Org\u00e2nica da Pol\u00edcia Civil.<\/p>\n<p>Atualmente, uma resolu\u00e7\u00e3o da Secretaria Estadual da Seguran\u00e7a P\u00fablica (Resolu\u00e7\u00e3o SSP 33\/2023) oferece prerrogativas especiais \u00e0s policiais gestantes e lactantes. A ideia do PLC 13\/2024 \u00e9 aperfei\u00e7oar e consolidar esses direitos.<\/p>\n<p>Entre outras defini\u00e7\u00f5es, a proposta da parlamentar prev\u00ea que a policial gestante deixe de fazer parte da escala de plant\u00f5es, de atender ocorr\u00eancias e locais de crime e de fazer dilig\u00eancias ou participar de opera\u00e7\u00f5es policiais externas. Ela tamb\u00e9m n\u00e3o dever\u00e1 atuar diretamente com pessoas capturadas ou presas, trabalhar em local onde exista contato direto com cad\u00e1veres ou materiais que ofere\u00e7am risco direto ou indireto \u00e0 sa\u00fade e nem executar atividades que envolvam demasiado esfor\u00e7o f\u00edsico.<\/p>\n<p>O projeto tamb\u00e9m assegura que a agente lactante disponha, por at\u00e9 24 meses contados do fim da licen\u00e7a maternidade, de duas horas di\u00e1rias de descanso para amamenta\u00e7\u00e3o. H\u00e1, ainda, a hip\u00f3tese de, por recomenda\u00e7\u00e3o m\u00e9dica, as restri\u00e7\u00f5es de atividades oferecidas \u00e0s policiais gestantes serem aplicadas \u00e0s lactantes.<\/p>\n<p>\u201cAproveitamos para dar ainda mais clareza sobre como deve ser o procedimento da policial gestante e lactante no momento de fazer valer os seus direitos. Basta que ela comunique seu superior hier\u00e1rquico de sua condi\u00e7\u00e3o e essa pessoa, de imediato, dever\u00e1 adequar as atividades, encargos e jornada de trabalho\u201d, ressalta a deputada Delegada Graciela.<\/p>\n<p>Publicados em meados de mar\u00e7o, os PLCs 13 e 14\/2024 est\u00e3o em tramita\u00e7\u00e3o na Assembleia Legislativa do Estado de S\u00e3o Paulo.<\/p>\n","protected":false},"excerpt":{"rendered":"<p>Funcion\u00e1rios de DDMs e agentes que acumulam unidades seriam beneficiados A deputada estadual Delegada Graciela (PL) pretender criar gratifica\u00e7\u00f5es com base no local de exerc\u00edcio dos<span class=\"excerpt-hellip\"> [\u2026]<\/span><\/p>\n","protected":false},"author":10,"featured_media":43793,"comment_status":"open","ping_status":"open","sticky":false,"template":"","format":"standard","meta":{"_jetpack_memberships_contains_paid_content":false,"footnotes":"","jetpack_publicize_message":"","jetpack_publicize_feature_enabled":true,"jetpack_social_post_already_shared":false,"jetpack_social_options":{"image_generator_settings":{"template":"highway","default_image_id":0,"enabled":false},"version":2}},"categories":[28,44],"tags":[],"class_list":["post-43792","post","type-post","status-publish","format-standard","has-post-thumbnail","hentry","category-cotidiano","category-noticias"],"yoast_head":"<!-- This site is optimized with the Yoast SEO plugin v25.6 - https:\/\/yoast.com\/wordpress\/plugins\/seo\/ -->\n<title>Delegada Graciela prop\u00f5e gratifica\u00e7\u00f5es para policiais civis - VerdadeOn<\/title>\n<meta name=\"robots\" content=\"index, follow, max-snippet:-1, max-image-preview:large, max-video-preview:-1\" \/>\n<link rel=\"canonical\" href=\"https:\/\/verdadeon.com.br\/portal\/2024\/04\/24\/delegada-graciela-propoe-gratificacoes-para-policiais-civis\/\" \/>\n<meta property=\"og:locale\" content=\"pt_BR\" \/>\n<meta property=\"og:type\" content=\"article\" \/>\n<meta property=\"og:title\" content=\"Delegada Graciela prop\u00f5e gratifica\u00e7\u00f5es para policiais civis - VerdadeOn\" \/>\n<meta property=\"og:description\" content=\"Funcion\u00e1rios de DDMs e agentes que acumulam unidades seriam beneficiados A deputada estadual Delegada Graciela (PL) pretender criar gratifica\u00e7\u00f5es com base no local de exerc\u00edcio dos [\u2026]\" \/>\n<meta property=\"og:url\" content=\"https:\/\/verdadeon.com.br\/portal\/2024\/04\/24\/delegada-graciela-propoe-gratificacoes-para-policiais-civis\/\" \/>\n<meta property=\"og:site_name\" content=\"VerdadeOn\" \/>\n<meta property=\"article:published_time\" content=\"2024-04-24T13:00:38+00:00\" \/>\n<meta property=\"og:image\" content=\"https:\/\/i0.wp.com\/verdadeon.com.br\/portal\/wp-content\/uploads\/2024\/04\/WhatsApp-Image-2024-04-23-at-14.46.39.jpeg?fit=1600%2C1143&ssl=1\" \/>\n\t<meta property=\"og:image:width\" content=\"1600\" \/>\n\t<meta property=\"og:image:height\" content=\"1143\" \/>\n\t<meta property=\"og:image:type\" content=\"image\/jpeg\" \/>\n<meta name=\"author\" content=\"Redacao VerdadeOn\" \/>\n<meta name=\"twitter:card\" content=\"summary_large_image\" \/>\n<meta name=\"twitter:label1\" content=\"Escrito por\" \/>\n\t<meta name=\"twitter:data1\" content=\"Redacao VerdadeOn\" \/>\n\t<meta name=\"twitter:label2\" content=\"Est. tempo de leitura\" \/>\n\t<meta name=\"twitter:data2\" content=\"4 minutos\" \/>\n<script type=\"application\/ld+json\" class=\"yoast-schema-graph\">{\"@context\":\"https:\/\/schema.org\",\"@graph\":[{\"@type\":\"WebPage\",\"@id\":\"https:\/\/verdadeon.com.br\/portal\/2024\/04\/24\/delegada-graciela-propoe-gratificacoes-para-policiais-civis\/\",\"url\":\"https:\/\/verdadeon.com.br\/portal\/2024\/04\/24\/delegada-graciela-propoe-gratificacoes-para-policiais-civis\/\",\"name\":\"Delegada Graciela prop\u00f5e gratifica\u00e7\u00f5es para policiais civis - VerdadeOn\",\"isPartOf\":{\"@id\":\"https:\/\/verdadeon.com.br\/portal\/#website\"},\"primaryImageOfPage\":{\"@id\":\"https:\/\/verdadeon.com.br\/portal\/2024\/04\/24\/delegada-graciela-propoe-gratificacoes-para-policiais-civis\/#primaryimage\"},\"image\":{\"@id\":\"https:\/\/verdadeon.com.br\/portal\/2024\/04\/24\/delegada-graciela-propoe-gratificacoes-para-policiais-civis\/#primaryimage\"},\"thumbnailUrl\":\"https:\/\/i0.wp.com\/verdadeon.com.br\/portal\/wp-content\/uploads\/2024\/04\/WhatsApp-Image-2024-04-23-at-14.46.39.jpeg?fit=1600%2C1143&ssl=1\",\"datePublished\":\"2024-04-24T13:00:38+00:00\",\"author\":{\"@id\":\"https:\/\/verdadeon.com.br\/portal\/#\/schema\/person\/a5060ad1e9ea3df545188fc93ce43d2f\"},\"breadcrumb\":{\"@id\":\"https:\/\/verdadeon.com.br\/portal\/2024\/04\/24\/delegada-graciela-propoe-gratificacoes-para-policiais-civis\/#breadcrumb\"},\"inLanguage\":\"pt-BR\",\"potentialAction\":[{\"@type\":\"ReadAction\",\"target\":[\"https:\/\/verdadeon.com.br\/portal\/2024\/04\/24\/delegada-graciela-propoe-gratificacoes-para-policiais-civis\/\"]}]},{\"@type\":\"ImageObject\",\"inLanguage\":\"pt-BR\",\"@id\":\"https:\/\/verdadeon.com.br\/portal\/2024\/04\/24\/delegada-graciela-propoe-gratificacoes-para-policiais-civis\/#primaryimage\",\"url\":\"https:\/\/i0.wp.com\/verdadeon.com.br\/portal\/wp-content\/uploads\/2024\/04\/WhatsApp-Image-2024-04-23-at-14.46.39.jpeg?fit=1600%2C1143&ssl=1\",\"contentUrl\":\"https:\/\/i0.wp.com\/verdadeon.com.br\/portal\/wp-content\/uploads\/2024\/04\/WhatsApp-Image-2024-04-23-at-14.46.39.jpeg?fit=1600%2C1143&ssl=1\",\"width\":1600,\"height\":1143,\"caption\":\"A deputada Delegada Graciela em visita a uma DDM (\u00a9Divulga\u00e7\u00e3o)\"},{\"@type\":\"BreadcrumbList\",\"@id\":\"https:\/\/verdadeon.com.br\/portal\/2024\/04\/24\/delegada-graciela-propoe-gratificacoes-para-policiais-civis\/#breadcrumb\",\"itemListElement\":[{\"@type\":\"ListItem\",\"position\":1,\"name\":\"In\u00edcio\",\"item\":\"https:\/\/verdadeon.com.br\/portal\/\"},{\"@type\":\"ListItem\",\"position\":2,\"name\":\"Delegada Graciela prop\u00f5e gratifica\u00e7\u00f5es para policiais civis\"}]},{\"@type\":\"WebSite\",\"@id\":\"https:\/\/verdadeon.com.br\/portal\/#website\",\"url\":\"https:\/\/verdadeon.com.br\/portal\/\",\"name\":\"VerdadeOn\",\"description\":\"Not\u00edcias di\u00e1rias sobre Franca, Regi\u00e3o, Esporte, Cultura, Cotidiano, Colunas. Cobertura nos principais eventos da cidade \u00e9 aqui - Verdadeon Franca\",\"potentialAction\":[{\"@type\":\"SearchAction\",\"target\":{\"@type\":\"EntryPoint\",\"urlTemplate\":\"https:\/\/verdadeon.com.br\/portal\/?s={search_term_string}\"},\"query-input\":{\"@type\":\"PropertyValueSpecification\",\"valueRequired\":true,\"valueName\":\"search_term_string\"}}],\"inLanguage\":\"pt-BR\"},{\"@type\":\"Person\",\"@id\":\"https:\/\/verdadeon.com.br\/portal\/#\/schema\/person\/a5060ad1e9ea3df545188fc93ce43d2f\",\"name\":\"Redacao VerdadeOn\",\"image\":{\"@type\":\"ImageObject\",\"inLanguage\":\"pt-BR\",\"@id\":\"https:\/\/verdadeon.com.br\/portal\/#\/schema\/person\/image\/\",\"url\":\"https:\/\/secure.gravatar.com\/avatar\/459a9613caaaf07f582c3d0841eea68bdd66f533e465e6ba8b9cb45619572cf4?s=96&d=mm&r=g\",\"contentUrl\":\"https:\/\/secure.gravatar.com\/avatar\/459a9613caaaf07f582c3d0841eea68bdd66f533e465e6ba8b9cb45619572cf4?s=96&d=mm&r=g\",\"caption\":\"Redacao VerdadeOn\"},\"url\":\"https:\/\/verdadeon.com.br\/portal\/author\/redacao\/\"}]}<\/script>\n<!-- \/ Yoast SEO plugin. -->","yoast_head_json":{"title":"Delegada Graciela prop\u00f5e gratifica\u00e7\u00f5es para policiais civis - VerdadeOn","robots":{"index":"index","follow":"follow","max-snippet":"max-snippet:-1","max-image-preview":"max-image-preview:large","max-video-preview":"max-video-preview:-1"},"canonical":"https:\/\/verdadeon.com.br\/portal\/2024\/04\/24\/delegada-graciela-propoe-gratificacoes-para-policiais-civis\/","og_locale":"pt_BR","og_type":"article","og_title":"Delegada Graciela prop\u00f5e gratifica\u00e7\u00f5es para policiais civis - VerdadeOn","og_description":"Funcion\u00e1rios de DDMs e agentes que acumulam unidades seriam beneficiados A deputada estadual Delegada Graciela (PL) pretender criar gratifica\u00e7\u00f5es com base no local de exerc\u00edcio dos [\u2026]","og_url":"https:\/\/verdadeon.com.br\/portal\/2024\/04\/24\/delegada-graciela-propoe-gratificacoes-para-policiais-civis\/","og_site_name":"VerdadeOn","article_published_time":"2024-04-24T13:00:38+00:00","og_image":[{"width":1600,"height":1143,"url":"https:\/\/i0.wp.com\/verdadeon.com.br\/portal\/wp-content\/uploads\/2024\/04\/WhatsApp-Image-2024-04-23-at-14.46.39.jpeg?fit=1600%2C1143&ssl=1","type":"image\/jpeg"}],"author":"Redacao VerdadeOn","twitter_card":"summary_large_image","twitter_misc":{"Escrito por":"Redacao VerdadeOn","Est. tempo de leitura":"4 minutos"},"schema":{"@context":"https:\/\/schema.org","@graph":[{"@type":"WebPage","@id":"https:\/\/verdadeon.com.br\/portal\/2024\/04\/24\/delegada-graciela-propoe-gratificacoes-para-policiais-civis\/","url":"https:\/\/verdadeon.com.br\/portal\/2024\/04\/24\/delegada-graciela-propoe-gratificacoes-para-policiais-civis\/","name":"Delegada Graciela prop\u00f5e gratifica\u00e7\u00f5es para policiais civis - VerdadeOn","isPartOf":{"@id":"https:\/\/verdadeon.com.br\/portal\/#website"},"primaryImageOfPage":{"@id":"https:\/\/verdadeon.com.br\/portal\/2024\/04\/24\/delegada-graciela-propoe-gratificacoes-para-policiais-civis\/#primaryimage"},"image":{"@id":"https:\/\/verdadeon.com.br\/portal\/2024\/04\/24\/delegada-graciela-propoe-gratificacoes-para-policiais-civis\/#primaryimage"},"thumbnailUrl":"https:\/\/i0.wp.com\/verdadeon.com.br\/portal\/wp-content\/uploads\/2024\/04\/WhatsApp-Image-2024-04-23-at-14.46.39.jpeg?fit=1600%2C1143&ssl=1","datePublished":"2024-04-24T13:00:38+00:00","author":{"@id":"https:\/\/verdadeon.com.br\/portal\/#\/schema\/person\/a5060ad1e9ea3df545188fc93ce43d2f"},"breadcrumb":{"@id":"https:\/\/verdadeon.com.br\/portal\/2024\/04\/24\/delegada-graciela-propoe-gratificacoes-para-policiais-civis\/#breadcrumb"},"inLanguage":"pt-BR","potentialAction":[{"@type":"ReadAction","target":["https:\/\/verdadeon.com.br\/portal\/2024\/04\/24\/delegada-graciela-propoe-gratificacoes-para-policiais-civis\/"]}]},{"@type":"ImageObject","inLanguage":"pt-BR","@id":"https:\/\/verdadeon.com.br\/portal\/2024\/04\/24\/delegada-graciela-propoe-gratificacoes-para-policiais-civis\/#primaryimage","url":"https:\/\/i0.wp.com\/verdadeon.com.br\/portal\/wp-content\/uploads\/2024\/04\/WhatsApp-Image-2024-04-23-at-14.46.39.jpeg?fit=1600%2C1143&ssl=1","contentUrl":"https:\/\/i0.wp.com\/verdadeon.com.br\/portal\/wp-content\/uploads\/2024\/04\/WhatsApp-Image-2024-04-23-at-14.46.39.jpeg?fit=1600%2C1143&ssl=1","width":1600,"height":1143,"caption":"A deputada Delegada Graciela em visita a uma DDM (\u00a9Divulga\u00e7\u00e3o)"},{"@type":"BreadcrumbList","@id":"https:\/\/verdadeon.com.br\/portal\/2024\/04\/24\/delegada-graciela-propoe-gratificacoes-para-policiais-civis\/#breadcrumb","itemListElement":[{"@type":"ListItem","position":1,"name":"In\u00edcio","item":"https:\/\/verdadeon.com.br\/portal\/"},{"@type":"ListItem","position":2,"name":"Delegada Graciela prop\u00f5e gratifica\u00e7\u00f5es para policiais civis"}]},{"@type":"WebSite","@id":"https:\/\/verdadeon.com.br\/portal\/#website","url":"https:\/\/verdadeon.com.br\/portal\/","name":"VerdadeOn","description":"Not\u00edcias di\u00e1rias sobre Franca, Regi\u00e3o, Esporte, Cultura, Cotidiano, Colunas. Cobertura nos principais eventos da cidade \u00e9 aqui - Verdadeon Franca","potentialAction":[{"@type":"SearchAction","target":{"@type":"EntryPoint","urlTemplate":"https:\/\/verdadeon.com.br\/portal\/?s={search_term_string}"},"query-input":{"@type":"PropertyValueSpecification","valueRequired":true,"valueName":"search_term_string"}}],"inLanguage":"pt-BR"},{"@type":"Person","@id":"https:\/\/verdadeon.com.br\/portal\/#\/schema\/person\/a5060ad1e9ea3df545188fc93ce43d2f","name":"Redacao VerdadeOn","image":{"@type":"ImageObject","inLanguage":"pt-BR","@id":"https:\/\/verdadeon.com.br\/portal\/#\/schema\/person\/image\/","url":"https:\/\/secure.gravatar.com\/avatar\/459a9613caaaf07f582c3d0841eea68bdd66f533e465e6ba8b9cb45619572cf4?s=96&d=mm&r=g","contentUrl":"https:\/\/secure.gravatar.com\/avatar\/459a9613caaaf07f582c3d0841eea68bdd66f533e465e6ba8b9cb45619572cf4?s=96&d=mm&r=g","caption":"Redacao VerdadeOn"},"url":"https:\/\/verdadeon.com.br\/portal\/author\/redacao\/"}]}},"jetpack_publicize_connections":[],"jetpack_featured_media_url":"https:\/\/i0.wp.com\/verdadeon.com.br\/portal\/wp-content\/uploads\/2024\/04\/WhatsApp-Image-2024-04-23-at-14.46.39.jpeg?fit=1600%2C1143&ssl=1","jetpack_sharing_enabled":true,"_links":{"self":[{"href":"https:\/\/verdadeon.com.br\/portal\/wp-json\/wp\/v2\/posts\/43792","targetHints":{"allow":["GET"]}}],"collection":[{"href":"https:\/\/verdadeon.com.br\/portal\/wp-json\/wp\/v2\/posts"}],"about":[{"href":"https:\/\/verdadeon.com.br\/portal\/wp-json\/wp\/v2\/types\/post"}],"author":[{"embeddable":true,"href":"https:\/\/verdadeon.com.br\/portal\/wp-json\/wp\/v2\/users\/10"}],"replies":[{"embeddable":true,"href":"https:\/\/verdadeon.com.br\/portal\/wp-json\/wp\/v2\/comments?post=43792"}],"version-history":[{"count":1,"href":"https:\/\/verdadeon.com.br\/portal\/wp-json\/wp\/v2\/posts\/43792\/revisions"}],"predecessor-version":[{"id":43794,"href":"https:\/\/verdadeon.com.br\/portal\/wp-json\/wp\/v2\/posts\/43792\/revisions\/43794"}],"wp:featuredmedia":[{"embeddable":true,"href":"https:\/\/verdadeon.com.br\/portal\/wp-json\/wp\/v2\/media\/43793"}],"wp:attachment":[{"href":"https:\/\/verdadeon.com.br\/portal\/wp-json\/wp\/v2\/media?parent=43792"}],"wp:term":[{"taxonomy":"category","embeddable":true,"href":"https:\/\/verdadeon.com.br\/portal\/wp-json\/wp\/v2\/categories?post=43792"},{"taxonomy":"post_tag","embeddable":true,"href":"https:\/\/verdadeon.com.br\/portal\/wp-json\/wp\/v2\/tags?post=43792"}],"curies":[{"name":"wp","href":"https:\/\/api.w.org\/{rel}","templated":true}]}}