{"id":43786,"date":"2024-04-24T08:00:21","date_gmt":"2024-04-24T11:00:21","guid":{"rendered":"https:\/\/verdadeon.com.br\/portal\/?p=43786"},"modified":"2024-04-23T14:34:46","modified_gmt":"2024-04-23T17:34:46","slug":"pedidos-de-isencao-da-taxa-do-enem-podem-ser-feitos-ate-sexta-feira","status":"publish","type":"post","link":"https:\/\/verdadeon.com.br\/portal\/2024\/04\/24\/pedidos-de-isencao-da-taxa-do-enem-podem-ser-feitos-ate-sexta-feira\/","title":{"rendered":"Pedidos de isen\u00e7\u00e3o da taxa do Enem podem ser feitos at\u00e9 sexta-feira"},"content":{"rendered":"<h3 class=\"col-10 offset-1 animated fadeInDown dealy-900 display-8 display-md-8 alt-font font-italic my-1 text-center\">Solicita\u00e7\u00f5es devem ser feitas pela P\u00e1gina do Participante<\/h3>\n<p>Termina na pr\u00f3xima sexta-feira (26) o prazo para pedir a isen\u00e7\u00e3o de pagamento da taxa de inscri\u00e7\u00e3o para a realiza\u00e7\u00e3o do Exame Nacional do Ensino M\u00e9dio (Enem). Os pedidos devem ser feitos pela\u00a0<a href=\"https:\/\/enem.inep.gov.br\/participante\/#!\/\" target=\"_blank\" rel=\"noopener\">P\u00e1gina do Participante<\/a>, com o\u00a0<em>login<\/em> \u00fanico do Gov.br.<\/p>\n<p>T\u00eam direito a fazer o Enem de gra\u00e7a os alunos matriculados no\u00a03\u00ba ano\u00a0 do ensino m\u00e9dio em 2024, em escola p\u00fablica, e quem fez todo o ensino m\u00e9dio em escola p\u00fablica ou como bolsista integral em escola privada. Tamb\u00e9m podem ser beneficiados participantes do programa P\u00e9-de-Meia, do Minist\u00e9rio da Educa\u00e7\u00e3o, e alunos de fam\u00edlias de baixa renda \u2013 com registro no Cadastro \u00danico para programas sociais do governo federal (Cad\u00danico).<\/p>\n<p>O estudante que teve isen\u00e7\u00e3o no Enem 2023, mas n\u00e3o compareceu aos dois dias do\u00a0exame, e quer participar da edi\u00e7\u00e3o de 2024 gratuitamente precisa justificar a aus\u00eancia. O prazo para a justificativa tamb\u00e9m encerra em 26 de abril.<\/p>\n<p>O Enem \u00e9 a principal porta de entrada para a educa\u00e7\u00e3o superior no Brasil, por meio do Sistema de Sele\u00e7\u00e3o Unificada (Sisu) e do Programa Universidade para Todos (Prouni). Os resultados do Exame s\u00e3o utilizados como crit\u00e9rio \u00fanico ou complementar dos processos seletivos, al\u00e9m de servirem de par\u00e2metro para acesso a aux\u00edlios governamentais, como o proporcionado pelo Fundo de Financiamento Estudantil (Fies).<\/p>\n<p>Ag\u00eancia Brasil<\/p>\n","protected":false},"excerpt":{"rendered":"<p>Solicita\u00e7\u00f5es devem ser feitas pela P\u00e1gina do Participante Termina na pr\u00f3xima sexta-feira (26) o prazo para pedir a isen\u00e7\u00e3o de pagamento da taxa de inscri\u00e7\u00e3o para<span class=\"excerpt-hellip\"> [\u2026]<\/span><\/p>\n","protected":false},"author":10,"featured_media":33786,"comment_status":"open","ping_status":"open","sticky":false,"template":"","format":"standard","meta":{"_jetpack_memberships_contains_paid_content":false,"footnotes":"","jetpack_publicize_message":"","jetpack_publicize_feature_enabled":true,"jetpack_social_post_already_shared":false,"jetpack_social_options":{"image_generator_settings":{"template":"highway","default_image_id":0,"enabled":false},"version":2}},"categories":[28,44],"tags":[],"class_list":["post-43786","post","type-post","status-publish","format-standard","has-post-thumbnail","hentry","category-cotidiano","category-noticias"],"yoast_head":"<!-- This site is optimized with the Yoast SEO plugin v25.6 - https:\/\/yoast.com\/wordpress\/plugins\/seo\/ -->\n<title>Pedidos de isen\u00e7\u00e3o da taxa do Enem podem ser feitos at\u00e9 sexta-feira - VerdadeOn<\/title>\n<meta name=\"robots\" content=\"index, follow, max-snippet:-1, max-image-preview:large, max-video-preview:-1\" \/>\n<link rel=\"canonical\" href=\"https:\/\/verdadeon.com.br\/portal\/2024\/04\/24\/pedidos-de-isencao-da-taxa-do-enem-podem-ser-feitos-ate-sexta-feira\/\" \/>\n<meta property=\"og:locale\" content=\"pt_BR\" \/>\n<meta property=\"og:type\" content=\"article\" \/>\n<meta property=\"og:title\" content=\"Pedidos de isen\u00e7\u00e3o da taxa do Enem podem ser feitos at\u00e9 sexta-feira - VerdadeOn\" \/>\n<meta property=\"og:description\" content=\"Solicita\u00e7\u00f5es devem ser feitas pela P\u00e1gina do Participante Termina na pr\u00f3xima sexta-feira (26) o prazo para pedir a isen\u00e7\u00e3o de pagamento da taxa de inscri\u00e7\u00e3o para [\u2026]\" \/>\n<meta property=\"og:url\" content=\"https:\/\/verdadeon.com.br\/portal\/2024\/04\/24\/pedidos-de-isencao-da-taxa-do-enem-podem-ser-feitos-ate-sexta-feira\/\" \/>\n<meta property=\"og:site_name\" content=\"VerdadeOn\" \/>\n<meta property=\"article:published_time\" content=\"2024-04-24T11:00:21+00:00\" \/>\n<meta property=\"og:image\" content=\"https:\/\/i0.wp.com\/verdadeon.com.br\/portal\/wp-content\/uploads\/2023\/04\/foto_3_-_2_fase_da_17_obmep_-_divulgacao_obmep.jpg?fit=1000%2C670&ssl=1\" \/>\n\t<meta property=\"og:image:width\" content=\"1000\" \/>\n\t<meta property=\"og:image:height\" content=\"670\" \/>\n\t<meta property=\"og:image:type\" content=\"image\/jpeg\" \/>\n<meta name=\"author\" content=\"Redacao VerdadeOn\" \/>\n<meta name=\"twitter:card\" content=\"summary_large_image\" \/>\n<meta name=\"twitter:label1\" content=\"Escrito por\" \/>\n\t<meta name=\"twitter:data1\" content=\"Redacao VerdadeOn\" \/>\n\t<meta name=\"twitter:label2\" content=\"Est. tempo de leitura\" \/>\n\t<meta name=\"twitter:data2\" content=\"2 minutos\" \/>\n<script type=\"application\/ld+json\" class=\"yoast-schema-graph\">{\"@context\":\"https:\/\/schema.org\",\"@graph\":[{\"@type\":\"WebPage\",\"@id\":\"https:\/\/verdadeon.com.br\/portal\/2024\/04\/24\/pedidos-de-isencao-da-taxa-do-enem-podem-ser-feitos-ate-sexta-feira\/\",\"url\":\"https:\/\/verdadeon.com.br\/portal\/2024\/04\/24\/pedidos-de-isencao-da-taxa-do-enem-podem-ser-feitos-ate-sexta-feira\/\",\"name\":\"Pedidos de isen\u00e7\u00e3o da taxa do Enem podem ser feitos at\u00e9 sexta-feira - VerdadeOn\",\"isPartOf\":{\"@id\":\"https:\/\/verdadeon.com.br\/portal\/#website\"},\"primaryImageOfPage\":{\"@id\":\"https:\/\/verdadeon.com.br\/portal\/2024\/04\/24\/pedidos-de-isencao-da-taxa-do-enem-podem-ser-feitos-ate-sexta-feira\/#primaryimage\"},\"image\":{\"@id\":\"https:\/\/verdadeon.com.br\/portal\/2024\/04\/24\/pedidos-de-isencao-da-taxa-do-enem-podem-ser-feitos-ate-sexta-feira\/#primaryimage\"},\"thumbnailUrl\":\"https:\/\/i0.wp.com\/verdadeon.com.br\/portal\/wp-content\/uploads\/2023\/04\/foto_3_-_2_fase_da_17_obmep_-_divulgacao_obmep.jpg?fit=1000%2C670&ssl=1\",\"datePublished\":\"2024-04-24T11:00:21+00:00\",\"author\":{\"@id\":\"https:\/\/verdadeon.com.br\/portal\/#\/schema\/person\/a5060ad1e9ea3df545188fc93ce43d2f\"},\"breadcrumb\":{\"@id\":\"https:\/\/verdadeon.com.br\/portal\/2024\/04\/24\/pedidos-de-isencao-da-taxa-do-enem-podem-ser-feitos-ate-sexta-feira\/#breadcrumb\"},\"inLanguage\":\"pt-BR\",\"potentialAction\":[{\"@type\":\"ReadAction\",\"target\":[\"https:\/\/verdadeon.com.br\/portal\/2024\/04\/24\/pedidos-de-isencao-da-taxa-do-enem-podem-ser-feitos-ate-sexta-feira\/\"]}]},{\"@type\":\"ImageObject\",\"inLanguage\":\"pt-BR\",\"@id\":\"https:\/\/verdadeon.com.br\/portal\/2024\/04\/24\/pedidos-de-isencao-da-taxa-do-enem-podem-ser-feitos-ate-sexta-feira\/#primaryimage\",\"url\":\"https:\/\/i0.wp.com\/verdadeon.com.br\/portal\/wp-content\/uploads\/2023\/04\/foto_3_-_2_fase_da_17_obmep_-_divulgacao_obmep.jpg?fit=1000%2C670&ssl=1\",\"contentUrl\":\"https:\/\/i0.wp.com\/verdadeon.com.br\/portal\/wp-content\/uploads\/2023\/04\/foto_3_-_2_fase_da_17_obmep_-_divulgacao_obmep.jpg?fit=1000%2C670&ssl=1\",\"width\":1000,\"height\":670,\"caption\":\"Confira dicas que podem fazer a diferen\u00e7a na hora do vestibular (\u00a9Alexandre Campbell\/Direitos Reservados)\"},{\"@type\":\"BreadcrumbList\",\"@id\":\"https:\/\/verdadeon.com.br\/portal\/2024\/04\/24\/pedidos-de-isencao-da-taxa-do-enem-podem-ser-feitos-ate-sexta-feira\/#breadcrumb\",\"itemListElement\":[{\"@type\":\"ListItem\",\"position\":1,\"name\":\"In\u00edcio\",\"item\":\"https:\/\/verdadeon.com.br\/portal\/\"},{\"@type\":\"ListItem\",\"position\":2,\"name\":\"Pedidos de isen\u00e7\u00e3o da taxa do Enem podem ser feitos at\u00e9 sexta-feira\"}]},{\"@type\":\"WebSite\",\"@id\":\"https:\/\/verdadeon.com.br\/portal\/#website\",\"url\":\"https:\/\/verdadeon.com.br\/portal\/\",\"name\":\"VerdadeOn\",\"description\":\"Not\u00edcias di\u00e1rias sobre Franca, Regi\u00e3o, Esporte, Cultura, Cotidiano, Colunas. Cobertura nos principais eventos da cidade \u00e9 aqui - Verdadeon Franca\",\"potentialAction\":[{\"@type\":\"SearchAction\",\"target\":{\"@type\":\"EntryPoint\",\"urlTemplate\":\"https:\/\/verdadeon.com.br\/portal\/?s={search_term_string}\"},\"query-input\":{\"@type\":\"PropertyValueSpecification\",\"valueRequired\":true,\"valueName\":\"search_term_string\"}}],\"inLanguage\":\"pt-BR\"},{\"@type\":\"Person\",\"@id\":\"https:\/\/verdadeon.com.br\/portal\/#\/schema\/person\/a5060ad1e9ea3df545188fc93ce43d2f\",\"name\":\"Redacao VerdadeOn\",\"image\":{\"@type\":\"ImageObject\",\"inLanguage\":\"pt-BR\",\"@id\":\"https:\/\/verdadeon.com.br\/portal\/#\/schema\/person\/image\/\",\"url\":\"https:\/\/secure.gravatar.com\/avatar\/459a9613caaaf07f582c3d0841eea68bdd66f533e465e6ba8b9cb45619572cf4?s=96&d=mm&r=g\",\"contentUrl\":\"https:\/\/secure.gravatar.com\/avatar\/459a9613caaaf07f582c3d0841eea68bdd66f533e465e6ba8b9cb45619572cf4?s=96&d=mm&r=g\",\"caption\":\"Redacao VerdadeOn\"},\"url\":\"https:\/\/verdadeon.com.br\/portal\/author\/redacao\/\"}]}<\/script>\n<!-- \/ Yoast SEO plugin. -->","yoast_head_json":{"title":"Pedidos de isen\u00e7\u00e3o da taxa do Enem podem ser feitos at\u00e9 sexta-feira - VerdadeOn","robots":{"index":"index","follow":"follow","max-snippet":"max-snippet:-1","max-image-preview":"max-image-preview:large","max-video-preview":"max-video-preview:-1"},"canonical":"https:\/\/verdadeon.com.br\/portal\/2024\/04\/24\/pedidos-de-isencao-da-taxa-do-enem-podem-ser-feitos-ate-sexta-feira\/","og_locale":"pt_BR","og_type":"article","og_title":"Pedidos de isen\u00e7\u00e3o da taxa do Enem podem ser feitos at\u00e9 sexta-feira - VerdadeOn","og_description":"Solicita\u00e7\u00f5es devem ser feitas pela P\u00e1gina do Participante Termina na pr\u00f3xima sexta-feira (26) o prazo para pedir a isen\u00e7\u00e3o de pagamento da taxa de inscri\u00e7\u00e3o para [\u2026]","og_url":"https:\/\/verdadeon.com.br\/portal\/2024\/04\/24\/pedidos-de-isencao-da-taxa-do-enem-podem-ser-feitos-ate-sexta-feira\/","og_site_name":"VerdadeOn","article_published_time":"2024-04-24T11:00:21+00:00","og_image":[{"width":1000,"height":670,"url":"https:\/\/i0.wp.com\/verdadeon.com.br\/portal\/wp-content\/uploads\/2023\/04\/foto_3_-_2_fase_da_17_obmep_-_divulgacao_obmep.jpg?fit=1000%2C670&ssl=1","type":"image\/jpeg"}],"author":"Redacao VerdadeOn","twitter_card":"summary_large_image","twitter_misc":{"Escrito por":"Redacao VerdadeOn","Est. tempo de leitura":"2 minutos"},"schema":{"@context":"https:\/\/schema.org","@graph":[{"@type":"WebPage","@id":"https:\/\/verdadeon.com.br\/portal\/2024\/04\/24\/pedidos-de-isencao-da-taxa-do-enem-podem-ser-feitos-ate-sexta-feira\/","url":"https:\/\/verdadeon.com.br\/portal\/2024\/04\/24\/pedidos-de-isencao-da-taxa-do-enem-podem-ser-feitos-ate-sexta-feira\/","name":"Pedidos de isen\u00e7\u00e3o da taxa do Enem podem ser feitos at\u00e9 sexta-feira - VerdadeOn","isPartOf":{"@id":"https:\/\/verdadeon.com.br\/portal\/#website"},"primaryImageOfPage":{"@id":"https:\/\/verdadeon.com.br\/portal\/2024\/04\/24\/pedidos-de-isencao-da-taxa-do-enem-podem-ser-feitos-ate-sexta-feira\/#primaryimage"},"image":{"@id":"https:\/\/verdadeon.com.br\/portal\/2024\/04\/24\/pedidos-de-isencao-da-taxa-do-enem-podem-ser-feitos-ate-sexta-feira\/#primaryimage"},"thumbnailUrl":"https:\/\/i0.wp.com\/verdadeon.com.br\/portal\/wp-content\/uploads\/2023\/04\/foto_3_-_2_fase_da_17_obmep_-_divulgacao_obmep.jpg?fit=1000%2C670&ssl=1","datePublished":"2024-04-24T11:00:21+00:00","author":{"@id":"https:\/\/verdadeon.com.br\/portal\/#\/schema\/person\/a5060ad1e9ea3df545188fc93ce43d2f"},"breadcrumb":{"@id":"https:\/\/verdadeon.com.br\/portal\/2024\/04\/24\/pedidos-de-isencao-da-taxa-do-enem-podem-ser-feitos-ate-sexta-feira\/#breadcrumb"},"inLanguage":"pt-BR","potentialAction":[{"@type":"ReadAction","target":["https:\/\/verdadeon.com.br\/portal\/2024\/04\/24\/pedidos-de-isencao-da-taxa-do-enem-podem-ser-feitos-ate-sexta-feira\/"]}]},{"@type":"ImageObject","inLanguage":"pt-BR","@id":"https:\/\/verdadeon.com.br\/portal\/2024\/04\/24\/pedidos-de-isencao-da-taxa-do-enem-podem-ser-feitos-ate-sexta-feira\/#primaryimage","url":"https:\/\/i0.wp.com\/verdadeon.com.br\/portal\/wp-content\/uploads\/2023\/04\/foto_3_-_2_fase_da_17_obmep_-_divulgacao_obmep.jpg?fit=1000%2C670&ssl=1","contentUrl":"https:\/\/i0.wp.com\/verdadeon.com.br\/portal\/wp-content\/uploads\/2023\/04\/foto_3_-_2_fase_da_17_obmep_-_divulgacao_obmep.jpg?fit=1000%2C670&ssl=1","width":1000,"height":670,"caption":"Confira dicas que podem fazer a diferen\u00e7a na hora do vestibular (\u00a9Alexandre Campbell\/Direitos Reservados)"},{"@type":"BreadcrumbList","@id":"https:\/\/verdadeon.com.br\/portal\/2024\/04\/24\/pedidos-de-isencao-da-taxa-do-enem-podem-ser-feitos-ate-sexta-feira\/#breadcrumb","itemListElement":[{"@type":"ListItem","position":1,"name":"In\u00edcio","item":"https:\/\/verdadeon.com.br\/portal\/"},{"@type":"ListItem","position":2,"name":"Pedidos de isen\u00e7\u00e3o da taxa do Enem podem ser feitos at\u00e9 sexta-feira"}]},{"@type":"WebSite","@id":"https:\/\/verdadeon.com.br\/portal\/#website","url":"https:\/\/verdadeon.com.br\/portal\/","name":"VerdadeOn","description":"Not\u00edcias di\u00e1rias sobre Franca, Regi\u00e3o, Esporte, Cultura, Cotidiano, Colunas. Cobertura nos principais eventos da cidade \u00e9 aqui - Verdadeon Franca","potentialAction":[{"@type":"SearchAction","target":{"@type":"EntryPoint","urlTemplate":"https:\/\/verdadeon.com.br\/portal\/?s={search_term_string}"},"query-input":{"@type":"PropertyValueSpecification","valueRequired":true,"valueName":"search_term_string"}}],"inLanguage":"pt-BR"},{"@type":"Person","@id":"https:\/\/verdadeon.com.br\/portal\/#\/schema\/person\/a5060ad1e9ea3df545188fc93ce43d2f","name":"Redacao VerdadeOn","image":{"@type":"ImageObject","inLanguage":"pt-BR","@id":"https:\/\/verdadeon.com.br\/portal\/#\/schema\/person\/image\/","url":"https:\/\/secure.gravatar.com\/avatar\/459a9613caaaf07f582c3d0841eea68bdd66f533e465e6ba8b9cb45619572cf4?s=96&d=mm&r=g","contentUrl":"https:\/\/secure.gravatar.com\/avatar\/459a9613caaaf07f582c3d0841eea68bdd66f533e465e6ba8b9cb45619572cf4?s=96&d=mm&r=g","caption":"Redacao VerdadeOn"},"url":"https:\/\/verdadeon.com.br\/portal\/author\/redacao\/"}]}},"jetpack_publicize_connections":[],"jetpack_featured_media_url":"https:\/\/i0.wp.com\/verdadeon.com.br\/portal\/wp-content\/uploads\/2023\/04\/foto_3_-_2_fase_da_17_obmep_-_divulgacao_obmep.jpg?fit=1000%2C670&ssl=1","jetpack_sharing_enabled":true,"_links":{"self":[{"href":"https:\/\/verdadeon.com.br\/portal\/wp-json\/wp\/v2\/posts\/43786","targetHints":{"allow":["GET"]}}],"collection":[{"href":"https:\/\/verdadeon.com.br\/portal\/wp-json\/wp\/v2\/posts"}],"about":[{"href":"https:\/\/verdadeon.com.br\/portal\/wp-json\/wp\/v2\/types\/post"}],"author":[{"embeddable":true,"href":"https:\/\/verdadeon.com.br\/portal\/wp-json\/wp\/v2\/users\/10"}],"replies":[{"embeddable":true,"href":"https:\/\/verdadeon.com.br\/portal\/wp-json\/wp\/v2\/comments?post=43786"}],"version-history":[{"count":1,"href":"https:\/\/verdadeon.com.br\/portal\/wp-json\/wp\/v2\/posts\/43786\/revisions"}],"predecessor-version":[{"id":43790,"href":"https:\/\/verdadeon.com.br\/portal\/wp-json\/wp\/v2\/posts\/43786\/revisions\/43790"}],"wp:featuredmedia":[{"embeddable":true,"href":"https:\/\/verdadeon.com.br\/portal\/wp-json\/wp\/v2\/media\/33786"}],"wp:attachment":[{"href":"https:\/\/verdadeon.com.br\/portal\/wp-json\/wp\/v2\/media?parent=43786"}],"wp:term":[{"taxonomy":"category","embeddable":true,"href":"https:\/\/verdadeon.com.br\/portal\/wp-json\/wp\/v2\/categories?post=43786"},{"taxonomy":"post_tag","embeddable":true,"href":"https:\/\/verdadeon.com.br\/portal\/wp-json\/wp\/v2\/tags?post=43786"}],"curies":[{"name":"wp","href":"https:\/\/api.w.org\/{rel}","templated":true}]}}