{"id":43777,"date":"2024-04-23T14:12:10","date_gmt":"2024-04-23T17:12:10","guid":{"rendered":"https:\/\/verdadeon.com.br\/portal\/?p=43777"},"modified":"2024-04-23T14:12:10","modified_gmt":"2024-04-23T17:12:10","slug":"entenda-o-programa-acredita-que-pretende-ampliar-acesso-ao-credito","status":"publish","type":"post","link":"https:\/\/verdadeon.com.br\/portal\/2024\/04\/23\/entenda-o-programa-acredita-que-pretende-ampliar-acesso-ao-credito\/","title":{"rendered":"Entenda o Programa Acredita, que pretende ampliar acesso ao cr\u00e9dito"},"content":{"rendered":"<div class=\"row\">\n<h3 class=\"col-10 offset-1 animated fadeInDown dealy-900 display-8 display-md-8 alt-font font-italic my-1 text-center\">Medidas tamb\u00e9m preveem ajuda a micro e pequenas empresas<\/h3>\n<p>Com o potencial de destravar at\u00e9 R$ 30 bilh\u00f5es em cr\u00e9dito, o\u00a0<a href=\"http:\/\/agenciabrasil.ebc.com.br\/politica\/noticia\/2024-04\/governo-facilita-credito-e-renegocia-dividas-de-pequenos-negocios\">Programa Acredita<\/a>, lan\u00e7ado nesta segunda-feira (22), pretende incentivar investimentos, criar empregos e melhorar o desenvolvimento econ\u00f4mico. Uma das diretrizes prev\u00ea ajuda a microempreendedores individuais (MEI), micro e pequenas empresas.<\/p>\n<p>O programa baseia-se em quatro eixos. O primeiro, chamado de Acredita no Primeiro Passo, representa um programa de microcr\u00e9dito para inscritos no Cadastro \u00danico para Programas Sociais do Governo Federal (Cad\u00danico). Voltado aos neg\u00f3cios de pequeno porte, o segundo eixo se chama Acredita no Seu Neg\u00f3cio, e ter\u00e1 uma vers\u00e3o do Desenrola, programa de renegocia\u00e7\u00e3o de d\u00edvidas para micro e pequenas empresas e um programa de cr\u00e9dito para esse p\u00fablico.<\/p>\n<p>O terceiro eixo visa a cria\u00e7\u00e3o de um mercado secund\u00e1rio (mercado de troca de ativos) para o cr\u00e9dito imobili\u00e1rio. Chamado de Eco Invest Brasil, o quarto eixo pretende criar um programa de prote\u00e7\u00e3o cambial para investimentos verdes para atrair investimentos internacionais em projetos sustent\u00e1veis no Brasil.<\/p>\n<p>A maior parte dos recursos para o programa vir\u00e1 do Fundo Garantidor de Opera\u00e7\u00f5es (FGO). Formado com recursos do Tesouro Nacional, o FGO cobriu eventuais calotes de quem aderiu \u00e0 renegocia\u00e7\u00e3o da Faixa 2 do Desenrola. Outra parte vir\u00e1 da Empresa Gestora de Ativos (Emgea), que usar\u00e1 recursos pr\u00f3prios para estimular o cr\u00e9dito imobili\u00e1rio.<\/p>\n<p>O efeito para o Or\u00e7amento federal ser\u00e1 pequeno e constar\u00e1 de ren\u00fancias fiscais, quantia que o governo deixar\u00e1 de arrecadar em tributos. O impacto est\u00e1 previsto em R$ 18 milh\u00f5es para 2025, R$ 3 milh\u00f5es em 2026 e nenhum em 2027.<\/p>\n<p><strong>Confira as principais medidas do Programa Acredita:<\/strong><\/p>\n<h4>Desenrola Pequenos Neg\u00f3cios<\/h4>\n<p>\u2013 \u00a0 \u00a0 Vers\u00e3o do Programa Desenrola Brasil destinada \u00e0 renegocia\u00e7\u00e3o de d\u00edvidas de MEI e de micro e pequenas empresas;<\/p>\n<p>\u2013 \u00a0 \u00a0 Inicialmente anunciado para o\u00a0<a href=\"https:\/\/agenciabrasil.ebc.com.br\/economia\/noticia\/2024-01\/desenrola-para-empresas-deve-sair-neste-trimestre-diz-marcio-franca\">primeiro trimestre<\/a>, a iniciativa foi lan\u00e7ada com um m\u00eas de atraso;<\/p>\n<p>\u2013 \u00a0 \u00a0 D\u00edvidas inadimplentes com o Programa Nacional de Apoio \u00e0s Microempresas e Empresas de Pequeno Porte (Pronampe) renegociadas at\u00e9 o fim de 2024 poder\u00e1 ser contabilizada como cr\u00e9dito presumido dos bancos de 2025 a 2029. Os cr\u00e9ditos presumidos s\u00e3o uma esp\u00e9cie de incentivo do governo concedido \u00e0s institui\u00e7\u00f5es financeiras;<\/p>\n<p>\u2013 \u00a0 \u00a0 Programa entrar\u00e1 em vigor assim que a medida provis\u00f3ria for publicada, nesta ter\u00e7a-feira (23).<\/p>\n<h4>Cr\u00e9dito a MEI, micro e pequenos empres\u00e1rios<\/h4>\n<p><strong>\u2022 \u00a0 \u00a0 Linha ProCred 360:<\/strong><\/p>\n<p>\u2013 \u00a0 \u00a0 Destinada a MEI e a micro e pequenas empresas com faturamento anual de at\u00e9 R$ 360 mil;<\/p>\n<p>\u2013 \u00a0 \u00a0 Juros fixados em Selic (juros b\u00e1sicos da economia), mais 5% ao ano;<\/p>\n<p>\u2013 \u00a0 \u00a0 Pagamento de juros no per\u00edodo de car\u00eancia, antes do pagamento da primeira parcela;<\/p>\n<p>\u2013 \u00a0 \u00a0 In\u00edcio dos empr\u00e9stimos em 60 dias.<\/p>\n<p><strong>\u2022 \u00a0 \u00a0 Desconto no Peac:<\/strong><\/p>\n<p>\u2013 \u00a0 \u00a0 Redu\u00e7\u00e3o de 20% do Encargo por Concess\u00e3o de Garantia (ECG), dentro do Peac;<\/p>\n<p>\u2013 \u00a0 \u00a0 V\u00e1lido para empresas de at\u00e9 m\u00e9dio porte, com faturamento de R$ 300 milh\u00f5es por ano;<\/p>\n<p>\u2013 \u00a0 \u00a0 Limite expandido no valor m\u00e1ximo dos empr\u00e9stimos, de 50% do faturamento bruto anual, para empresas com Selo Mulher Emprega Mais, que tenham mulheres como s\u00f3cias majorit\u00e1rias ou s\u00f3cias administradoras.<\/p>\n<h4>Renegocia\u00e7\u00e3o no Pronampe<\/h4>\n<p>\u2013 \u00a0 \u00a0 Empresas inadimplentes com Pronampe podem renegociar d\u00edvidas com os bancos, mesmo ap\u00f3s a honra das garantias, quando institui\u00e7\u00f5es tomam bens dados para cobrir inadimpl\u00eancias<\/p>\n<h4>Sebrae<\/h4>\n<p>\u2013 \u00a0 \u00a0 Capitaliza\u00e7\u00e3o do Fundo de Aval para a Micro e Pequena Empresa (Fampe) pelo Sebrae, que alcan\u00e7ou R$ 2 bilh\u00f5es em patrim\u00f4nio l\u00edquido;<\/p>\n<p>\u2013 \u00a0 \u00a0 Aumento das linhas de cr\u00e9dito, previs\u00e3o de conceder at\u00e9 R$ 30 bilh\u00f5es nos pr\u00f3ximos tr\u00eas anos.<\/p>\n<h4>Cr\u00e9dito imobili\u00e1rio<\/h4>\n<p>\u2013 \u00a0 \u00a0 Criada para gerir ativos podres de bancos que quebraram na d\u00e9cada de 1990, a Emgea usar\u00e1 cerca de R$ 10 bilh\u00f5es dos pr\u00f3prios ativos para securitizar (converter pap\u00e9is) no mercado de cr\u00e9dito imobili\u00e1rio;<\/p>\n<p>\u2013 \u00a0 \u00a0 Emgea poder\u00e1 adquirir cr\u00e9ditos imobili\u00e1rios para incorporar em sua carteira ou vender no mercado, assim como t\u00edtulos de valores mobili\u00e1rios;<\/p>\n<p>\u2013 \u00a0 \u00a0 Medida pretende fortalecer mercado secund\u00e1rio (troca de pap\u00e9is) de cr\u00e9dito no setor;<\/p>\n<p>\u2013 \u00a0 \u00a0 Tesouro Nacional n\u00e3o far\u00e1 aporte \u00e0 Emgea. Toda a opera\u00e7\u00e3o ser\u00e1 feita com recursos pr\u00f3prios da empresa.<\/p>\n<h4>Fundo Garantidor de Opera\u00e7\u00f5es<\/h4>\n<p>\u2013 \u00a0 \u00a0 R$ 4 bilh\u00f5es do Fundo Garantidor de Opera\u00e7\u00f5es (FGO) para o Procred 360;<\/p>\n<p>\u2013 \u00a0 \u00a0 R$ 3 bilh\u00f5es do FGO para a renegocia\u00e7\u00e3o do Pronampe;<\/p>\n<p>\u2013 \u00a0 \u00a0 R$ 1 bilh\u00e3o do FGO para linha Acredita no Primeiro Passo, de microcr\u00e9dito a inscritos no Cad\u00danico.<\/p>\n<h4>Projetos sustent\u00e1veis<\/h4>\n<p>\u2013 \u00a0 \u00a0 Lan\u00e7amento do Eco Invest Brasil, Prote\u00e7\u00e3o Cambial para Investimentos Verdes (PTE), em parceria com o Banco Interamericano de Desenvolvimento (BID) e o Banco Central;<\/p>\n<p>\u2013 \u00a0 \u00a0 Alavancagem de recursos j\u00e1 dispon\u00edveis no pa\u00eds: investimentos em reais poder\u00e3o ser atrelados ao d\u00f3lar, garantindo dinheiro em moeda nacional para os investidores em caso de desvaloriza\u00e7\u00e3o do real;<\/p>\n<p>\u2013 \u00a0 \u00a0 PTE busca reduzir custo de prote\u00e7\u00e3o cambial para projetos com prazo acima de dez anos;<\/p>\n<p>\u2013 \u00a0 \u00a0 Linhas de cr\u00e9dito a custo competitivo para financiar parcialmente projetos de investimentos alinhados \u00e0 transforma\u00e7\u00e3o ecol\u00f3gica que usem recursos estrangeiros;<\/p>\n<p>\u2013 \u00a0 \u00a0 Programa n\u00e3o se prop\u00f5e a interferir no mercado de c\u00e2mbio;<\/p>\n<p>\u2013 \u00a0 \u00a0 P\u00fablico alvo: investidores estrangeiros, as empresas de projetos sustent\u00e1veis, o mercado financeiro e as entidades governamentais envolvidas em sustentabilidade.<\/p>\n<\/div>\n<p>Ag\u00eancia Brasil<\/p>\n","protected":false},"excerpt":{"rendered":"<p>Medidas tamb\u00e9m preveem ajuda a micro e pequenas empresas Com o potencial de destravar at\u00e9 R$ 30 bilh\u00f5es em cr\u00e9dito, o\u00a0Programa Acredita, lan\u00e7ado nesta segunda-feira (22),<span class=\"excerpt-hellip\"> [\u2026]<\/span><\/p>\n","protected":false},"author":10,"featured_media":43778,"comment_status":"open","ping_status":"open","sticky":false,"template":"","format":"standard","meta":{"_jetpack_memberships_contains_paid_content":false,"footnotes":"","jetpack_publicize_message":"","jetpack_publicize_feature_enabled":true,"jetpack_social_post_already_shared":false,"jetpack_social_options":{"image_generator_settings":{"template":"highway","default_image_id":0,"enabled":false},"version":2}},"categories":[28,44],"tags":[],"class_list":["post-43777","post","type-post","status-publish","format-standard","has-post-thumbnail","hentry","category-cotidiano","category-noticias"],"yoast_head":"<!-- This site is optimized with the Yoast SEO plugin v25.6 - https:\/\/yoast.com\/wordpress\/plugins\/seo\/ -->\n<title>Entenda o Programa Acredita, que pretende ampliar acesso ao cr\u00e9dito - VerdadeOn<\/title>\n<meta name=\"robots\" content=\"index, follow, max-snippet:-1, max-image-preview:large, max-video-preview:-1\" \/>\n<link rel=\"canonical\" href=\"https:\/\/verdadeon.com.br\/portal\/2024\/04\/23\/entenda-o-programa-acredita-que-pretende-ampliar-acesso-ao-credito\/\" \/>\n<meta property=\"og:locale\" content=\"pt_BR\" \/>\n<meta property=\"og:type\" content=\"article\" \/>\n<meta property=\"og:title\" content=\"Entenda o Programa Acredita, que pretende ampliar acesso ao cr\u00e9dito - VerdadeOn\" \/>\n<meta property=\"og:description\" content=\"Medidas tamb\u00e9m preveem ajuda a micro e pequenas empresas Com o potencial de destravar at\u00e9 R$ 30 bilh\u00f5es em cr\u00e9dito, o\u00a0Programa Acredita, lan\u00e7ado nesta segunda-feira (22), [\u2026]\" \/>\n<meta property=\"og:url\" content=\"https:\/\/verdadeon.com.br\/portal\/2024\/04\/23\/entenda-o-programa-acredita-que-pretende-ampliar-acesso-ao-credito\/\" \/>\n<meta property=\"og:site_name\" content=\"VerdadeOn\" \/>\n<meta property=\"article:published_time\" content=\"2024-04-23T17:12:10+00:00\" \/>\n<meta property=\"og:image\" content=\"https:\/\/i0.wp.com\/verdadeon.com.br\/portal\/wp-content\/uploads\/2024\/04\/comercio_na_saara_reabre_no_rio_tnrgo_abr_0904216699.webp?fit=1170%2C700&ssl=1\" \/>\n\t<meta property=\"og:image:width\" content=\"1170\" \/>\n\t<meta property=\"og:image:height\" content=\"700\" \/>\n\t<meta property=\"og:image:type\" content=\"image\/webp\" \/>\n<meta name=\"author\" content=\"Redacao VerdadeOn\" \/>\n<meta name=\"twitter:card\" content=\"summary_large_image\" \/>\n<meta name=\"twitter:label1\" content=\"Escrito por\" \/>\n\t<meta name=\"twitter:data1\" content=\"Redacao VerdadeOn\" \/>\n\t<meta name=\"twitter:label2\" content=\"Est. tempo de leitura\" \/>\n\t<meta name=\"twitter:data2\" content=\"5 minutos\" \/>\n<script type=\"application\/ld+json\" class=\"yoast-schema-graph\">{\"@context\":\"https:\/\/schema.org\",\"@graph\":[{\"@type\":\"WebPage\",\"@id\":\"https:\/\/verdadeon.com.br\/portal\/2024\/04\/23\/entenda-o-programa-acredita-que-pretende-ampliar-acesso-ao-credito\/\",\"url\":\"https:\/\/verdadeon.com.br\/portal\/2024\/04\/23\/entenda-o-programa-acredita-que-pretende-ampliar-acesso-ao-credito\/\",\"name\":\"Entenda o Programa Acredita, que pretende ampliar acesso ao cr\u00e9dito - VerdadeOn\",\"isPartOf\":{\"@id\":\"https:\/\/verdadeon.com.br\/portal\/#website\"},\"primaryImageOfPage\":{\"@id\":\"https:\/\/verdadeon.com.br\/portal\/2024\/04\/23\/entenda-o-programa-acredita-que-pretende-ampliar-acesso-ao-credito\/#primaryimage\"},\"image\":{\"@id\":\"https:\/\/verdadeon.com.br\/portal\/2024\/04\/23\/entenda-o-programa-acredita-que-pretende-ampliar-acesso-ao-credito\/#primaryimage\"},\"thumbnailUrl\":\"https:\/\/i0.wp.com\/verdadeon.com.br\/portal\/wp-content\/uploads\/2024\/04\/comercio_na_saara_reabre_no_rio_tnrgo_abr_0904216699.webp?fit=1170%2C700&ssl=1\",\"datePublished\":\"2024-04-23T17:12:10+00:00\",\"author\":{\"@id\":\"https:\/\/verdadeon.com.br\/portal\/#\/schema\/person\/a5060ad1e9ea3df545188fc93ce43d2f\"},\"breadcrumb\":{\"@id\":\"https:\/\/verdadeon.com.br\/portal\/2024\/04\/23\/entenda-o-programa-acredita-que-pretende-ampliar-acesso-ao-credito\/#breadcrumb\"},\"inLanguage\":\"pt-BR\",\"potentialAction\":[{\"@type\":\"ReadAction\",\"target\":[\"https:\/\/verdadeon.com.br\/portal\/2024\/04\/23\/entenda-o-programa-acredita-que-pretende-ampliar-acesso-ao-credito\/\"]}]},{\"@type\":\"ImageObject\",\"inLanguage\":\"pt-BR\",\"@id\":\"https:\/\/verdadeon.com.br\/portal\/2024\/04\/23\/entenda-o-programa-acredita-que-pretende-ampliar-acesso-ao-credito\/#primaryimage\",\"url\":\"https:\/\/i0.wp.com\/verdadeon.com.br\/portal\/wp-content\/uploads\/2024\/04\/comercio_na_saara_reabre_no_rio_tnrgo_abr_0904216699.webp?fit=1170%2C700&ssl=1\",\"contentUrl\":\"https:\/\/i0.wp.com\/verdadeon.com.br\/portal\/wp-content\/uploads\/2024\/04\/comercio_na_saara_reabre_no_rio_tnrgo_abr_0904216699.webp?fit=1170%2C700&ssl=1\",\"width\":1170,\"height\":700,\"caption\":\"O efeito para o Or\u00e7amento federal ser\u00e1 pequeno e constar\u00e1 de ren\u00fancias fiscais, quantia que o governo deixar\u00e1 de arrecadar em tributos. O impacto est\u00e1 previsto em R$ 18 milh\u00f5es para 2025 (\u00a9Tania Rego)\"},{\"@type\":\"BreadcrumbList\",\"@id\":\"https:\/\/verdadeon.com.br\/portal\/2024\/04\/23\/entenda-o-programa-acredita-que-pretende-ampliar-acesso-ao-credito\/#breadcrumb\",\"itemListElement\":[{\"@type\":\"ListItem\",\"position\":1,\"name\":\"In\u00edcio\",\"item\":\"https:\/\/verdadeon.com.br\/portal\/\"},{\"@type\":\"ListItem\",\"position\":2,\"name\":\"Entenda o Programa Acredita, que pretende ampliar acesso ao cr\u00e9dito\"}]},{\"@type\":\"WebSite\",\"@id\":\"https:\/\/verdadeon.com.br\/portal\/#website\",\"url\":\"https:\/\/verdadeon.com.br\/portal\/\",\"name\":\"VerdadeOn\",\"description\":\"Not\u00edcias di\u00e1rias sobre Franca, Regi\u00e3o, Esporte, Cultura, Cotidiano, Colunas. Cobertura nos principais eventos da cidade \u00e9 aqui - Verdadeon Franca\",\"potentialAction\":[{\"@type\":\"SearchAction\",\"target\":{\"@type\":\"EntryPoint\",\"urlTemplate\":\"https:\/\/verdadeon.com.br\/portal\/?s={search_term_string}\"},\"query-input\":{\"@type\":\"PropertyValueSpecification\",\"valueRequired\":true,\"valueName\":\"search_term_string\"}}],\"inLanguage\":\"pt-BR\"},{\"@type\":\"Person\",\"@id\":\"https:\/\/verdadeon.com.br\/portal\/#\/schema\/person\/a5060ad1e9ea3df545188fc93ce43d2f\",\"name\":\"Redacao VerdadeOn\",\"image\":{\"@type\":\"ImageObject\",\"inLanguage\":\"pt-BR\",\"@id\":\"https:\/\/verdadeon.com.br\/portal\/#\/schema\/person\/image\/\",\"url\":\"https:\/\/secure.gravatar.com\/avatar\/459a9613caaaf07f582c3d0841eea68bdd66f533e465e6ba8b9cb45619572cf4?s=96&d=mm&r=g\",\"contentUrl\":\"https:\/\/secure.gravatar.com\/avatar\/459a9613caaaf07f582c3d0841eea68bdd66f533e465e6ba8b9cb45619572cf4?s=96&d=mm&r=g\",\"caption\":\"Redacao VerdadeOn\"},\"url\":\"https:\/\/verdadeon.com.br\/portal\/author\/redacao\/\"}]}<\/script>\n<!-- \/ Yoast SEO plugin. -->","yoast_head_json":{"title":"Entenda o Programa Acredita, que pretende ampliar acesso ao cr\u00e9dito - VerdadeOn","robots":{"index":"index","follow":"follow","max-snippet":"max-snippet:-1","max-image-preview":"max-image-preview:large","max-video-preview":"max-video-preview:-1"},"canonical":"https:\/\/verdadeon.com.br\/portal\/2024\/04\/23\/entenda-o-programa-acredita-que-pretende-ampliar-acesso-ao-credito\/","og_locale":"pt_BR","og_type":"article","og_title":"Entenda o Programa Acredita, que pretende ampliar acesso ao cr\u00e9dito - VerdadeOn","og_description":"Medidas tamb\u00e9m preveem ajuda a micro e pequenas empresas Com o potencial de destravar at\u00e9 R$ 30 bilh\u00f5es em cr\u00e9dito, o\u00a0Programa Acredita, lan\u00e7ado nesta segunda-feira (22), [\u2026]","og_url":"https:\/\/verdadeon.com.br\/portal\/2024\/04\/23\/entenda-o-programa-acredita-que-pretende-ampliar-acesso-ao-credito\/","og_site_name":"VerdadeOn","article_published_time":"2024-04-23T17:12:10+00:00","og_image":[{"width":1170,"height":700,"url":"https:\/\/i0.wp.com\/verdadeon.com.br\/portal\/wp-content\/uploads\/2024\/04\/comercio_na_saara_reabre_no_rio_tnrgo_abr_0904216699.webp?fit=1170%2C700&ssl=1","type":"image\/webp"}],"author":"Redacao VerdadeOn","twitter_card":"summary_large_image","twitter_misc":{"Escrito por":"Redacao VerdadeOn","Est. tempo de leitura":"5 minutos"},"schema":{"@context":"https:\/\/schema.org","@graph":[{"@type":"WebPage","@id":"https:\/\/verdadeon.com.br\/portal\/2024\/04\/23\/entenda-o-programa-acredita-que-pretende-ampliar-acesso-ao-credito\/","url":"https:\/\/verdadeon.com.br\/portal\/2024\/04\/23\/entenda-o-programa-acredita-que-pretende-ampliar-acesso-ao-credito\/","name":"Entenda o Programa Acredita, que pretende ampliar acesso ao cr\u00e9dito - VerdadeOn","isPartOf":{"@id":"https:\/\/verdadeon.com.br\/portal\/#website"},"primaryImageOfPage":{"@id":"https:\/\/verdadeon.com.br\/portal\/2024\/04\/23\/entenda-o-programa-acredita-que-pretende-ampliar-acesso-ao-credito\/#primaryimage"},"image":{"@id":"https:\/\/verdadeon.com.br\/portal\/2024\/04\/23\/entenda-o-programa-acredita-que-pretende-ampliar-acesso-ao-credito\/#primaryimage"},"thumbnailUrl":"https:\/\/i0.wp.com\/verdadeon.com.br\/portal\/wp-content\/uploads\/2024\/04\/comercio_na_saara_reabre_no_rio_tnrgo_abr_0904216699.webp?fit=1170%2C700&ssl=1","datePublished":"2024-04-23T17:12:10+00:00","author":{"@id":"https:\/\/verdadeon.com.br\/portal\/#\/schema\/person\/a5060ad1e9ea3df545188fc93ce43d2f"},"breadcrumb":{"@id":"https:\/\/verdadeon.com.br\/portal\/2024\/04\/23\/entenda-o-programa-acredita-que-pretende-ampliar-acesso-ao-credito\/#breadcrumb"},"inLanguage":"pt-BR","potentialAction":[{"@type":"ReadAction","target":["https:\/\/verdadeon.com.br\/portal\/2024\/04\/23\/entenda-o-programa-acredita-que-pretende-ampliar-acesso-ao-credito\/"]}]},{"@type":"ImageObject","inLanguage":"pt-BR","@id":"https:\/\/verdadeon.com.br\/portal\/2024\/04\/23\/entenda-o-programa-acredita-que-pretende-ampliar-acesso-ao-credito\/#primaryimage","url":"https:\/\/i0.wp.com\/verdadeon.com.br\/portal\/wp-content\/uploads\/2024\/04\/comercio_na_saara_reabre_no_rio_tnrgo_abr_0904216699.webp?fit=1170%2C700&ssl=1","contentUrl":"https:\/\/i0.wp.com\/verdadeon.com.br\/portal\/wp-content\/uploads\/2024\/04\/comercio_na_saara_reabre_no_rio_tnrgo_abr_0904216699.webp?fit=1170%2C700&ssl=1","width":1170,"height":700,"caption":"O efeito para o Or\u00e7amento federal ser\u00e1 pequeno e constar\u00e1 de ren\u00fancias fiscais, quantia que o governo deixar\u00e1 de arrecadar em tributos. O impacto est\u00e1 previsto em R$ 18 milh\u00f5es para 2025 (\u00a9Tania Rego)"},{"@type":"BreadcrumbList","@id":"https:\/\/verdadeon.com.br\/portal\/2024\/04\/23\/entenda-o-programa-acredita-que-pretende-ampliar-acesso-ao-credito\/#breadcrumb","itemListElement":[{"@type":"ListItem","position":1,"name":"In\u00edcio","item":"https:\/\/verdadeon.com.br\/portal\/"},{"@type":"ListItem","position":2,"name":"Entenda o Programa Acredita, que pretende ampliar acesso ao cr\u00e9dito"}]},{"@type":"WebSite","@id":"https:\/\/verdadeon.com.br\/portal\/#website","url":"https:\/\/verdadeon.com.br\/portal\/","name":"VerdadeOn","description":"Not\u00edcias di\u00e1rias sobre Franca, Regi\u00e3o, Esporte, Cultura, Cotidiano, Colunas. Cobertura nos principais eventos da cidade \u00e9 aqui - Verdadeon Franca","potentialAction":[{"@type":"SearchAction","target":{"@type":"EntryPoint","urlTemplate":"https:\/\/verdadeon.com.br\/portal\/?s={search_term_string}"},"query-input":{"@type":"PropertyValueSpecification","valueRequired":true,"valueName":"search_term_string"}}],"inLanguage":"pt-BR"},{"@type":"Person","@id":"https:\/\/verdadeon.com.br\/portal\/#\/schema\/person\/a5060ad1e9ea3df545188fc93ce43d2f","name":"Redacao VerdadeOn","image":{"@type":"ImageObject","inLanguage":"pt-BR","@id":"https:\/\/verdadeon.com.br\/portal\/#\/schema\/person\/image\/","url":"https:\/\/secure.gravatar.com\/avatar\/459a9613caaaf07f582c3d0841eea68bdd66f533e465e6ba8b9cb45619572cf4?s=96&d=mm&r=g","contentUrl":"https:\/\/secure.gravatar.com\/avatar\/459a9613caaaf07f582c3d0841eea68bdd66f533e465e6ba8b9cb45619572cf4?s=96&d=mm&r=g","caption":"Redacao VerdadeOn"},"url":"https:\/\/verdadeon.com.br\/portal\/author\/redacao\/"}]}},"jetpack_publicize_connections":[],"jetpack_featured_media_url":"https:\/\/i0.wp.com\/verdadeon.com.br\/portal\/wp-content\/uploads\/2024\/04\/comercio_na_saara_reabre_no_rio_tnrgo_abr_0904216699.webp?fit=1170%2C700&ssl=1","jetpack_sharing_enabled":true,"_links":{"self":[{"href":"https:\/\/verdadeon.com.br\/portal\/wp-json\/wp\/v2\/posts\/43777","targetHints":{"allow":["GET"]}}],"collection":[{"href":"https:\/\/verdadeon.com.br\/portal\/wp-json\/wp\/v2\/posts"}],"about":[{"href":"https:\/\/verdadeon.com.br\/portal\/wp-json\/wp\/v2\/types\/post"}],"author":[{"embeddable":true,"href":"https:\/\/verdadeon.com.br\/portal\/wp-json\/wp\/v2\/users\/10"}],"replies":[{"embeddable":true,"href":"https:\/\/verdadeon.com.br\/portal\/wp-json\/wp\/v2\/comments?post=43777"}],"version-history":[{"count":1,"href":"https:\/\/verdadeon.com.br\/portal\/wp-json\/wp\/v2\/posts\/43777\/revisions"}],"predecessor-version":[{"id":43779,"href":"https:\/\/verdadeon.com.br\/portal\/wp-json\/wp\/v2\/posts\/43777\/revisions\/43779"}],"wp:featuredmedia":[{"embeddable":true,"href":"https:\/\/verdadeon.com.br\/portal\/wp-json\/wp\/v2\/media\/43778"}],"wp:attachment":[{"href":"https:\/\/verdadeon.com.br\/portal\/wp-json\/wp\/v2\/media?parent=43777"}],"wp:term":[{"taxonomy":"category","embeddable":true,"href":"https:\/\/verdadeon.com.br\/portal\/wp-json\/wp\/v2\/categories?post=43777"},{"taxonomy":"post_tag","embeddable":true,"href":"https:\/\/verdadeon.com.br\/portal\/wp-json\/wp\/v2\/tags?post=43777"}],"curies":[{"name":"wp","href":"https:\/\/api.w.org\/{rel}","templated":true}]}}