{"id":4374,"date":"2020-02-29T07:50:19","date_gmt":"2020-02-29T10:50:19","guid":{"rendered":"http:\/\/verdadeon.com.br\/portal\/?p=4374"},"modified":"2020-02-28T22:13:43","modified_gmt":"2020-02-29T01:13:43","slug":"registrado-2-caso-suspeito-em-franca","status":"publish","type":"post","link":"https:\/\/verdadeon.com.br\/portal\/2020\/02\/29\/registrado-2-caso-suspeito-em-franca\/","title":{"rendered":"Registrado 2\u00b0 caso suspeito  em Franca"},"content":{"rendered":"<p>A Prefeitura de Franca confirmou no in\u00edcio da tarde de ontem (28), que est\u00e1 investigando o segundo caso suspeito de Coronav\u00edrus na cidade.<br \/>\nDe acordo com o Executivo, trata-se de um homem que esteve em Mil\u00e3o, na It\u00e1lia. O paciente passou por atendimento m\u00e9dico em Franca no dia 26 de fevereiro, com sintomas semelhantes ao Covid-19. Como estava com sintomas brandos, recebeu alta e permanece em casa.<br \/>\nEste \u00e9 o segundo caso suspeito em Franca em dois dias. O primeiro foi anunciado na \u00faltima quarta-feira (26), quando uma estilista de 36 anos procurou atendimento m\u00e9dico ap\u00f3s sentir os sintomas depois de chegar de Mil\u00e3o, na It\u00e1lia. A mulher est\u00e1 em quarentena de 18 dias. Outras tr\u00eas amigas dela que viajaram para o mesmo local e um homem, tamb\u00e9m est\u00e3o sendo acompanhados, mas n\u00e3o apresentaram sintomas.<br \/>\nEm nota, a prefeitura esclareceu que em ambos os casos, foram coletadas amostras biol\u00f3gicas e feitas orienta\u00e7\u00f5es a eles sobre as medidas de precau\u00e7\u00e3o domiciliar. O material foi encaminhado para an\u00e1lise em S\u00e3o Paulo e, assim que o resultado estiver pronto, a Secretaria de Sa\u00fade far\u00e1 a divulga\u00e7\u00e3o para imprensa e popula\u00e7\u00e3o.<br \/>\nA Vigil\u00e2ncia Epidemiol\u00f3gica informou que ao todo, s\u00e3o cerca de 20 pessoas que est\u00e3o sendo monitoradas em Franca, por terem tido contato com os dois casos suspeitos, mas est\u00e3o sem sintomas. Ela inclusive reitera que acompanha rigorosamente os protocolos encaminhados pela OMS (Organiza\u00e7\u00e3o Mundial da Sa\u00fade) e Minist\u00e9rio da Sa\u00fade para o monitoramento dos pacientes e das pessoas com quem tiveram contato recentemente.<br \/>\nPor fim, a Secretaria de Sa\u00fade refor\u00e7ou que todas equipes (pronto socorro, UBSs e UPAs) continuam em alerta e atualizadas sobre a conduta de atendimento aos casos suspeitos.<\/p>\n","protected":false},"excerpt":{"rendered":"<p>A Prefeitura de Franca confirmou no in\u00edcio da tarde de ontem (28), que est\u00e1 investigando o segundo caso suspeito de Coronav\u00edrus na cidade. De acordo com<span class=\"excerpt-hellip\"> [\u2026]<\/span><\/p>\n","protected":false},"author":10,"featured_media":4375,"comment_status":"open","ping_status":"open","sticky":false,"template":"","format":"standard","meta":{"_jetpack_memberships_contains_paid_content":false,"footnotes":"","jetpack_publicize_message":"","jetpack_publicize_feature_enabled":true,"jetpack_social_post_already_shared":false,"jetpack_social_options":{"image_generator_settings":{"template":"highway","default_image_id":0,"enabled":false},"version":2}},"categories":[28,81],"tags":[],"class_list":["post-4374","post","type-post","status-publish","format-standard","has-post-thumbnail","hentry","category-cotidiano","category-manchete"],"yoast_head":"<!-- This site is optimized with the Yoast SEO plugin v25.6 - https:\/\/yoast.com\/wordpress\/plugins\/seo\/ -->\n<title>Registrado 2\u00b0 caso suspeito em Franca - VerdadeOn<\/title>\n<meta name=\"robots\" content=\"index, follow, max-snippet:-1, max-image-preview:large, max-video-preview:-1\" \/>\n<link rel=\"canonical\" href=\"https:\/\/verdadeon.com.br\/portal\/2020\/02\/29\/registrado-2-caso-suspeito-em-franca\/\" \/>\n<meta property=\"og:locale\" content=\"pt_BR\" \/>\n<meta property=\"og:type\" content=\"article\" \/>\n<meta property=\"og:title\" content=\"Registrado 2\u00b0 caso suspeito em Franca - VerdadeOn\" \/>\n<meta property=\"og:description\" content=\"A Prefeitura de Franca confirmou no in\u00edcio da tarde de ontem (28), que est\u00e1 investigando o segundo caso suspeito de Coronav\u00edrus na cidade. De acordo com [\u2026]\" \/>\n<meta property=\"og:url\" content=\"https:\/\/verdadeon.com.br\/portal\/2020\/02\/29\/registrado-2-caso-suspeito-em-franca\/\" \/>\n<meta property=\"og:site_name\" content=\"VerdadeOn\" \/>\n<meta property=\"article:published_time\" content=\"2020-02-29T10:50:19+00:00\" \/>\n<meta property=\"og:image\" content=\"https:\/\/verdadeon.com.br\/portal\/wp-content\/uploads\/2020\/02\/DJI_0012-scaled-scaled.jpg\" \/>\n\t<meta property=\"og:image:width\" content=\"1000\" \/>\n\t<meta property=\"og:image:height\" content=\"563\" \/>\n\t<meta property=\"og:image:type\" content=\"image\/jpeg\" \/>\n<meta name=\"author\" content=\"Redacao VerdadeOn\" \/>\n<meta name=\"twitter:card\" content=\"summary_large_image\" \/>\n<meta name=\"twitter:label1\" content=\"Escrito por\" \/>\n\t<meta name=\"twitter:data1\" content=\"Redacao VerdadeOn\" \/>\n\t<meta name=\"twitter:label2\" content=\"Est. tempo de leitura\" \/>\n\t<meta name=\"twitter:data2\" content=\"2 minutos\" \/>\n<script type=\"application\/ld+json\" class=\"yoast-schema-graph\">{\"@context\":\"https:\/\/schema.org\",\"@graph\":[{\"@type\":\"WebPage\",\"@id\":\"https:\/\/verdadeon.com.br\/portal\/2020\/02\/29\/registrado-2-caso-suspeito-em-franca\/\",\"url\":\"https:\/\/verdadeon.com.br\/portal\/2020\/02\/29\/registrado-2-caso-suspeito-em-franca\/\",\"name\":\"Registrado 2\u00b0 caso suspeito em Franca - VerdadeOn\",\"isPartOf\":{\"@id\":\"https:\/\/verdadeon.com.br\/portal\/#website\"},\"primaryImageOfPage\":{\"@id\":\"https:\/\/verdadeon.com.br\/portal\/2020\/02\/29\/registrado-2-caso-suspeito-em-franca\/#primaryimage\"},\"image\":{\"@id\":\"https:\/\/verdadeon.com.br\/portal\/2020\/02\/29\/registrado-2-caso-suspeito-em-franca\/#primaryimage\"},\"thumbnailUrl\":\"https:\/\/i0.wp.com\/verdadeon.com.br\/portal\/wp-content\/uploads\/2020\/02\/DJI_0012-scaled-scaled.jpg?fit=1000%2C563&ssl=1\",\"datePublished\":\"2020-02-29T10:50:19+00:00\",\"author\":{\"@id\":\"https:\/\/verdadeon.com.br\/portal\/#\/schema\/person\/a5060ad1e9ea3df545188fc93ce43d2f\"},\"breadcrumb\":{\"@id\":\"https:\/\/verdadeon.com.br\/portal\/2020\/02\/29\/registrado-2-caso-suspeito-em-franca\/#breadcrumb\"},\"inLanguage\":\"pt-BR\",\"potentialAction\":[{\"@type\":\"ReadAction\",\"target\":[\"https:\/\/verdadeon.com.br\/portal\/2020\/02\/29\/registrado-2-caso-suspeito-em-franca\/\"]}]},{\"@type\":\"ImageObject\",\"inLanguage\":\"pt-BR\",\"@id\":\"https:\/\/verdadeon.com.br\/portal\/2020\/02\/29\/registrado-2-caso-suspeito-em-franca\/#primaryimage\",\"url\":\"https:\/\/i0.wp.com\/verdadeon.com.br\/portal\/wp-content\/uploads\/2020\/02\/DJI_0012-scaled-scaled.jpg?fit=1000%2C563&ssl=1\",\"contentUrl\":\"https:\/\/i0.wp.com\/verdadeon.com.br\/portal\/wp-content\/uploads\/2020\/02\/DJI_0012-scaled-scaled.jpg?fit=1000%2C563&ssl=1\",\"width\":1000,\"height\":563,\"caption\":\"urgente - Cerca de 20 pessoas est\u00e3o sendo monitoradas em Franca, por terem tido contato com os dois casos suspeitos, mas est\u00e3o sem sintomas. Munic\u00edpio segue protocolo da OMS e Minist\u00e9rio da Sa\u00fade | Foto: L. Cailton\"},{\"@type\":\"BreadcrumbList\",\"@id\":\"https:\/\/verdadeon.com.br\/portal\/2020\/02\/29\/registrado-2-caso-suspeito-em-franca\/#breadcrumb\",\"itemListElement\":[{\"@type\":\"ListItem\",\"position\":1,\"name\":\"In\u00edcio\",\"item\":\"https:\/\/verdadeon.com.br\/portal\/\"},{\"@type\":\"ListItem\",\"position\":2,\"name\":\"Registrado 2\u00b0 caso suspeito em Franca\"}]},{\"@type\":\"WebSite\",\"@id\":\"https:\/\/verdadeon.com.br\/portal\/#website\",\"url\":\"https:\/\/verdadeon.com.br\/portal\/\",\"name\":\"VerdadeOn\",\"description\":\"Not\u00edcias di\u00e1rias sobre Franca, Regi\u00e3o, Esporte, Cultura, Cotidiano, Colunas. Cobertura nos principais eventos da cidade \u00e9 aqui - Verdadeon Franca\",\"potentialAction\":[{\"@type\":\"SearchAction\",\"target\":{\"@type\":\"EntryPoint\",\"urlTemplate\":\"https:\/\/verdadeon.com.br\/portal\/?s={search_term_string}\"},\"query-input\":{\"@type\":\"PropertyValueSpecification\",\"valueRequired\":true,\"valueName\":\"search_term_string\"}}],\"inLanguage\":\"pt-BR\"},{\"@type\":\"Person\",\"@id\":\"https:\/\/verdadeon.com.br\/portal\/#\/schema\/person\/a5060ad1e9ea3df545188fc93ce43d2f\",\"name\":\"Redacao VerdadeOn\",\"image\":{\"@type\":\"ImageObject\",\"inLanguage\":\"pt-BR\",\"@id\":\"https:\/\/verdadeon.com.br\/portal\/#\/schema\/person\/image\/\",\"url\":\"https:\/\/secure.gravatar.com\/avatar\/459a9613caaaf07f582c3d0841eea68bdd66f533e465e6ba8b9cb45619572cf4?s=96&d=mm&r=g\",\"contentUrl\":\"https:\/\/secure.gravatar.com\/avatar\/459a9613caaaf07f582c3d0841eea68bdd66f533e465e6ba8b9cb45619572cf4?s=96&d=mm&r=g\",\"caption\":\"Redacao VerdadeOn\"},\"url\":\"https:\/\/verdadeon.com.br\/portal\/author\/redacao\/\"}]}<\/script>\n<!-- \/ Yoast SEO plugin. -->","yoast_head_json":{"title":"Registrado 2\u00b0 caso suspeito em Franca - VerdadeOn","robots":{"index":"index","follow":"follow","max-snippet":"max-snippet:-1","max-image-preview":"max-image-preview:large","max-video-preview":"max-video-preview:-1"},"canonical":"https:\/\/verdadeon.com.br\/portal\/2020\/02\/29\/registrado-2-caso-suspeito-em-franca\/","og_locale":"pt_BR","og_type":"article","og_title":"Registrado 2\u00b0 caso suspeito em Franca - VerdadeOn","og_description":"A Prefeitura de Franca confirmou no in\u00edcio da tarde de ontem (28), que est\u00e1 investigando o segundo caso suspeito de Coronav\u00edrus na cidade. De acordo com [\u2026]","og_url":"https:\/\/verdadeon.com.br\/portal\/2020\/02\/29\/registrado-2-caso-suspeito-em-franca\/","og_site_name":"VerdadeOn","article_published_time":"2020-02-29T10:50:19+00:00","og_image":[{"width":1000,"height":563,"url":"https:\/\/verdadeon.com.br\/portal\/wp-content\/uploads\/2020\/02\/DJI_0012-scaled-scaled.jpg","type":"image\/jpeg"}],"author":"Redacao VerdadeOn","twitter_card":"summary_large_image","twitter_misc":{"Escrito por":"Redacao VerdadeOn","Est. tempo de leitura":"2 minutos"},"schema":{"@context":"https:\/\/schema.org","@graph":[{"@type":"WebPage","@id":"https:\/\/verdadeon.com.br\/portal\/2020\/02\/29\/registrado-2-caso-suspeito-em-franca\/","url":"https:\/\/verdadeon.com.br\/portal\/2020\/02\/29\/registrado-2-caso-suspeito-em-franca\/","name":"Registrado 2\u00b0 caso suspeito em Franca - VerdadeOn","isPartOf":{"@id":"https:\/\/verdadeon.com.br\/portal\/#website"},"primaryImageOfPage":{"@id":"https:\/\/verdadeon.com.br\/portal\/2020\/02\/29\/registrado-2-caso-suspeito-em-franca\/#primaryimage"},"image":{"@id":"https:\/\/verdadeon.com.br\/portal\/2020\/02\/29\/registrado-2-caso-suspeito-em-franca\/#primaryimage"},"thumbnailUrl":"https:\/\/i0.wp.com\/verdadeon.com.br\/portal\/wp-content\/uploads\/2020\/02\/DJI_0012-scaled-scaled.jpg?fit=1000%2C563&ssl=1","datePublished":"2020-02-29T10:50:19+00:00","author":{"@id":"https:\/\/verdadeon.com.br\/portal\/#\/schema\/person\/a5060ad1e9ea3df545188fc93ce43d2f"},"breadcrumb":{"@id":"https:\/\/verdadeon.com.br\/portal\/2020\/02\/29\/registrado-2-caso-suspeito-em-franca\/#breadcrumb"},"inLanguage":"pt-BR","potentialAction":[{"@type":"ReadAction","target":["https:\/\/verdadeon.com.br\/portal\/2020\/02\/29\/registrado-2-caso-suspeito-em-franca\/"]}]},{"@type":"ImageObject","inLanguage":"pt-BR","@id":"https:\/\/verdadeon.com.br\/portal\/2020\/02\/29\/registrado-2-caso-suspeito-em-franca\/#primaryimage","url":"https:\/\/i0.wp.com\/verdadeon.com.br\/portal\/wp-content\/uploads\/2020\/02\/DJI_0012-scaled-scaled.jpg?fit=1000%2C563&ssl=1","contentUrl":"https:\/\/i0.wp.com\/verdadeon.com.br\/portal\/wp-content\/uploads\/2020\/02\/DJI_0012-scaled-scaled.jpg?fit=1000%2C563&ssl=1","width":1000,"height":563,"caption":"urgente - Cerca de 20 pessoas est\u00e3o sendo monitoradas em Franca, por terem tido contato com os dois casos suspeitos, mas est\u00e3o sem sintomas. Munic\u00edpio segue protocolo da OMS e Minist\u00e9rio da Sa\u00fade | Foto: L. Cailton"},{"@type":"BreadcrumbList","@id":"https:\/\/verdadeon.com.br\/portal\/2020\/02\/29\/registrado-2-caso-suspeito-em-franca\/#breadcrumb","itemListElement":[{"@type":"ListItem","position":1,"name":"In\u00edcio","item":"https:\/\/verdadeon.com.br\/portal\/"},{"@type":"ListItem","position":2,"name":"Registrado 2\u00b0 caso suspeito em Franca"}]},{"@type":"WebSite","@id":"https:\/\/verdadeon.com.br\/portal\/#website","url":"https:\/\/verdadeon.com.br\/portal\/","name":"VerdadeOn","description":"Not\u00edcias di\u00e1rias sobre Franca, Regi\u00e3o, Esporte, Cultura, Cotidiano, Colunas. Cobertura nos principais eventos da cidade \u00e9 aqui - Verdadeon Franca","potentialAction":[{"@type":"SearchAction","target":{"@type":"EntryPoint","urlTemplate":"https:\/\/verdadeon.com.br\/portal\/?s={search_term_string}"},"query-input":{"@type":"PropertyValueSpecification","valueRequired":true,"valueName":"search_term_string"}}],"inLanguage":"pt-BR"},{"@type":"Person","@id":"https:\/\/verdadeon.com.br\/portal\/#\/schema\/person\/a5060ad1e9ea3df545188fc93ce43d2f","name":"Redacao VerdadeOn","image":{"@type":"ImageObject","inLanguage":"pt-BR","@id":"https:\/\/verdadeon.com.br\/portal\/#\/schema\/person\/image\/","url":"https:\/\/secure.gravatar.com\/avatar\/459a9613caaaf07f582c3d0841eea68bdd66f533e465e6ba8b9cb45619572cf4?s=96&d=mm&r=g","contentUrl":"https:\/\/secure.gravatar.com\/avatar\/459a9613caaaf07f582c3d0841eea68bdd66f533e465e6ba8b9cb45619572cf4?s=96&d=mm&r=g","caption":"Redacao VerdadeOn"},"url":"https:\/\/verdadeon.com.br\/portal\/author\/redacao\/"}]}},"jetpack_publicize_connections":[],"jetpack_featured_media_url":"https:\/\/i0.wp.com\/verdadeon.com.br\/portal\/wp-content\/uploads\/2020\/02\/DJI_0012-scaled-scaled.jpg?fit=1000%2C563&ssl=1","jetpack_sharing_enabled":true,"_links":{"self":[{"href":"https:\/\/verdadeon.com.br\/portal\/wp-json\/wp\/v2\/posts\/4374","targetHints":{"allow":["GET"]}}],"collection":[{"href":"https:\/\/verdadeon.com.br\/portal\/wp-json\/wp\/v2\/posts"}],"about":[{"href":"https:\/\/verdadeon.com.br\/portal\/wp-json\/wp\/v2\/types\/post"}],"author":[{"embeddable":true,"href":"https:\/\/verdadeon.com.br\/portal\/wp-json\/wp\/v2\/users\/10"}],"replies":[{"embeddable":true,"href":"https:\/\/verdadeon.com.br\/portal\/wp-json\/wp\/v2\/comments?post=4374"}],"version-history":[{"count":0,"href":"https:\/\/verdadeon.com.br\/portal\/wp-json\/wp\/v2\/posts\/4374\/revisions"}],"wp:featuredmedia":[{"embeddable":true,"href":"https:\/\/verdadeon.com.br\/portal\/wp-json\/wp\/v2\/media\/4375"}],"wp:attachment":[{"href":"https:\/\/verdadeon.com.br\/portal\/wp-json\/wp\/v2\/media?parent=4374"}],"wp:term":[{"taxonomy":"category","embeddable":true,"href":"https:\/\/verdadeon.com.br\/portal\/wp-json\/wp\/v2\/categories?post=4374"},{"taxonomy":"post_tag","embeddable":true,"href":"https:\/\/verdadeon.com.br\/portal\/wp-json\/wp\/v2\/tags?post=4374"}],"curies":[{"name":"wp","href":"https:\/\/api.w.org\/{rel}","templated":true}]}}