{"id":43717,"date":"2024-04-23T10:00:07","date_gmt":"2024-04-23T13:00:07","guid":{"rendered":"https:\/\/verdadeon.com.br\/portal\/?p=43717"},"modified":"2024-04-23T10:27:49","modified_gmt":"2024-04-23T13:27:49","slug":"compositor-e-baixista-eduardo-machado-comemora-aniversario-com-show-gratuito-e-inedito-do-disco-do-nato-samba-jazz-no-teatro-municipal-de-franca-na-sexta-26","status":"publish","type":"post","link":"https:\/\/verdadeon.com.br\/portal\/2024\/04\/23\/compositor-e-baixista-eduardo-machado-comemora-aniversario-com-show-gratuito-e-inedito-do-disco-do-nato-samba-jazz-no-teatro-municipal-de-franca-na-sexta-26\/","title":{"rendered":"Compositor e baixista Eduardo Machado comemora anivers\u00e1rio com show gratuito e in\u00e9dito do disco \u2018Do Nato Samba Jazz\u2019,  no Teatro Municipal de Franca, na sexta, 26"},"content":{"rendered":"<h2>\u00c1lbum com repert\u00f3rio autoral de in\u00e9ditas resgata o samba jazz; show \u00e9 nesta sexta-feira (26\/04), \u00e0s 20h, em comemora\u00e7\u00e3o aos 50 anos do m\u00fasico<\/h2>\n<p><img data-recalc-dims=\"1\" loading=\"lazy\" decoding=\"async\" class=\"size-full wp-image-43719\" src=\"https:\/\/i0.wp.com\/verdadeon.com.br\/portal\/wp-content\/uploads\/2024\/04\/CAPA.jpeg?resize=1220%2C1218&#038;ssl=1\" alt=\"\" width=\"1220\" height=\"1218\" srcset=\"https:\/\/i0.wp.com\/verdadeon.com.br\/portal\/wp-content\/uploads\/2024\/04\/CAPA.jpeg?w=1600&amp;ssl=1 1600w, https:\/\/i0.wp.com\/verdadeon.com.br\/portal\/wp-content\/uploads\/2024\/04\/CAPA.jpeg?resize=300%2C300&amp;ssl=1 300w, https:\/\/i0.wp.com\/verdadeon.com.br\/portal\/wp-content\/uploads\/2024\/04\/CAPA.jpeg?resize=1024%2C1022&amp;ssl=1 1024w, https:\/\/i0.wp.com\/verdadeon.com.br\/portal\/wp-content\/uploads\/2024\/04\/CAPA.jpeg?resize=150%2C150&amp;ssl=1 150w, https:\/\/i0.wp.com\/verdadeon.com.br\/portal\/wp-content\/uploads\/2024\/04\/CAPA.jpeg?resize=768%2C767&amp;ssl=1 768w, https:\/\/i0.wp.com\/verdadeon.com.br\/portal\/wp-content\/uploads\/2024\/04\/CAPA.jpeg?resize=1536%2C1533&amp;ssl=1 1536w, https:\/\/i0.wp.com\/verdadeon.com.br\/portal\/wp-content\/uploads\/2024\/04\/CAPA.jpeg?resize=146%2C146&amp;ssl=1 146w, https:\/\/i0.wp.com\/verdadeon.com.br\/portal\/wp-content\/uploads\/2024\/04\/CAPA.jpeg?resize=50%2C50&amp;ssl=1 50w, https:\/\/i0.wp.com\/verdadeon.com.br\/portal\/wp-content\/uploads\/2024\/04\/CAPA.jpeg?resize=75%2C75&amp;ssl=1 75w, https:\/\/i0.wp.com\/verdadeon.com.br\/portal\/wp-content\/uploads\/2024\/04\/CAPA.jpeg?resize=85%2C85&amp;ssl=1 85w, https:\/\/i0.wp.com\/verdadeon.com.br\/portal\/wp-content\/uploads\/2024\/04\/CAPA.jpeg?resize=80%2C80&amp;ssl=1 80w\" sizes=\"auto, (max-width: 1220px) 100vw, 1220px\" \/><\/p>\n<p>Para comemorar seus 50 anos de vida, o compositor e baixista francano Eduardo Machado &#8211; um dos maiores nomes do contrabaixo no Brasil &#8211; apresenta nesta <strong>sexta-feira (26\/04), \u00e0s 20h, no Teatro Municipal de Franca (SP)<\/strong>, o <strong>show gratuito e in\u00e9dito<\/strong>\u00a0do seu 10\u00ba disco \u201cDo Nato Samba Jazz\u201d, lan\u00e7ado h\u00e1 um ano. O \u00e1lbum, com repert\u00f3rio autoral de in\u00e9ditas, homenageou em vida Jo\u00e3o Donato, e revela toda a riqueza e pureza da m\u00fasica instrumental brasileira, com sua maneira jazz\u00edstica moderna de tocar o samba. Antes da apresenta\u00e7\u00e3o, no mesmo local, Eduardo far\u00e1 uma oficina aberta com estudantes, m\u00fasicos e interessados. A entrada \u00e9 livre, n\u00e3o precisa de ingresso.<\/p>\n<p>No palco, Eduardo Machado estar\u00e1 acompanhado do mesmo quarteto que gravou o disco: Daniel D\u2019Alcantara (trompete), Vitor Alc\u00e2ntara (sax tenor), Marcio Bahia (bateria) e Eron Guarnieri (piano\/teclado).<\/p>\n<p><img data-recalc-dims=\"1\" loading=\"lazy\" decoding=\"async\" class=\"alignnone size-full wp-image-43720\" src=\"https:\/\/i0.wp.com\/verdadeon.com.br\/portal\/wp-content\/uploads\/2024\/04\/IMG_0364-scaled.jpg?resize=1220%2C813&#038;ssl=1\" alt=\"\" width=\"1220\" height=\"813\" srcset=\"https:\/\/i0.wp.com\/verdadeon.com.br\/portal\/wp-content\/uploads\/2024\/04\/IMG_0364-scaled.jpg?w=2560&amp;ssl=1 2560w, https:\/\/i0.wp.com\/verdadeon.com.br\/portal\/wp-content\/uploads\/2024\/04\/IMG_0364-scaled.jpg?resize=300%2C200&amp;ssl=1 300w, https:\/\/i0.wp.com\/verdadeon.com.br\/portal\/wp-content\/uploads\/2024\/04\/IMG_0364-scaled.jpg?resize=1024%2C683&amp;ssl=1 1024w, https:\/\/i0.wp.com\/verdadeon.com.br\/portal\/wp-content\/uploads\/2024\/04\/IMG_0364-scaled.jpg?resize=768%2C512&amp;ssl=1 768w, https:\/\/i0.wp.com\/verdadeon.com.br\/portal\/wp-content\/uploads\/2024\/04\/IMG_0364-scaled.jpg?resize=1536%2C1024&amp;ssl=1 1536w, https:\/\/i0.wp.com\/verdadeon.com.br\/portal\/wp-content\/uploads\/2024\/04\/IMG_0364-scaled.jpg?resize=2048%2C1365&amp;ssl=1 2048w, https:\/\/i0.wp.com\/verdadeon.com.br\/portal\/wp-content\/uploads\/2024\/04\/IMG_0364-scaled.jpg?resize=219%2C146&amp;ssl=1 219w, https:\/\/i0.wp.com\/verdadeon.com.br\/portal\/wp-content\/uploads\/2024\/04\/IMG_0364-scaled.jpg?resize=50%2C33&amp;ssl=1 50w, https:\/\/i0.wp.com\/verdadeon.com.br\/portal\/wp-content\/uploads\/2024\/04\/IMG_0364-scaled.jpg?resize=113%2C75&amp;ssl=1 113w, https:\/\/i0.wp.com\/verdadeon.com.br\/portal\/wp-content\/uploads\/2024\/04\/IMG_0364-scaled.jpg?w=2440&amp;ssl=1 2440w\" sizes=\"auto, (max-width: 1220px) 100vw, 1220px\" \/><\/p>\n<p>\u201cEsse show \u00e9 muito especial para mim porque no domingo (28) completo 50 anos de idade. E, tamb\u00e9m, porque desde o lan\u00e7amento do disco j\u00e1 apresentei em v\u00e1rias capitais como S\u00e3o Paulo, Florian\u00f3polis, Porto Alegre, Rio de Janeiro\u2026 e agora tenho a oportunidade de trazer para a minha cidade! E aqui ser\u00e1 com o quinteto completo que participou da grava\u00e7\u00e3o, m\u00fasicos de alt\u00edssimo n\u00edvel, um show com muita qualidade art\u00edstica e t\u00e9cnica, uma grande celebra\u00e7\u00e3o\u201d, diz o m\u00fasico.<\/p>\n<p>O repert\u00f3rio traz muito jazz brasileiro, choro e o samba jazz, um subg\u00eanero do samba que emergiu no \u00e2mbito da bossa nova, considerado mais en\u00e9rgico com a desenvoltura da improvisa\u00e7\u00e3o, que o m\u00fasico resgatou neste \u00faltimo disco. \u201cA ideia \u00e9 trazer \u00e0 tona as vertentes e as experimenta\u00e7\u00f5es elaboradas pelo nosso mestre Jo\u00e3o Donato, ressoando o que de mais contempor\u00e2neo se faz hoje\u201d, diz Eduardo Machado.<\/p>\n<p>Antes da apresenta\u00e7\u00e3o, \u00e0s 17h, no mesmo local, Eduardo e os m\u00fasicos realizam a viv\u00eancia \u201cRa\u00edzes do Samba Jazz\u201d, voltada a m\u00fasicos em in\u00edcio de carreira, estudantes de m\u00fasica e interessados, a partir de 16 anos. A oficina tem como objetivo oferecer uma vis\u00e3o geral do g\u00eanero musical, incluindo seu contexto hist\u00f3rico. Os participantes ter\u00e3o a oportunidade de vivenciar na pr\u00e1tica e explorar os ritmos e as melodias que definem o samba jazz, bem como, compreender a influ\u00eancia do jazz, da m\u00fasica latina e dos ritmos caribenhos na sua cria\u00e7\u00e3o.<\/p>\n<p><img data-recalc-dims=\"1\" loading=\"lazy\" decoding=\"async\" class=\"alignnone size-full wp-image-43723\" src=\"https:\/\/i0.wp.com\/verdadeon.com.br\/portal\/wp-content\/uploads\/2024\/04\/fotos_Stefan-Wolf-9-scaled.jpg?resize=1220%2C407&#038;ssl=1\" alt=\"\" width=\"1220\" height=\"407\" srcset=\"https:\/\/i0.wp.com\/verdadeon.com.br\/portal\/wp-content\/uploads\/2024\/04\/fotos_Stefan-Wolf-9-scaled.jpg?w=2560&amp;ssl=1 2560w, https:\/\/i0.wp.com\/verdadeon.com.br\/portal\/wp-content\/uploads\/2024\/04\/fotos_Stefan-Wolf-9-scaled.jpg?resize=300%2C100&amp;ssl=1 300w, https:\/\/i0.wp.com\/verdadeon.com.br\/portal\/wp-content\/uploads\/2024\/04\/fotos_Stefan-Wolf-9-scaled.jpg?resize=1024%2C341&amp;ssl=1 1024w, https:\/\/i0.wp.com\/verdadeon.com.br\/portal\/wp-content\/uploads\/2024\/04\/fotos_Stefan-Wolf-9-scaled.jpg?resize=768%2C256&amp;ssl=1 768w, https:\/\/i0.wp.com\/verdadeon.com.br\/portal\/wp-content\/uploads\/2024\/04\/fotos_Stefan-Wolf-9-scaled.jpg?resize=1536%2C512&amp;ssl=1 1536w, https:\/\/i0.wp.com\/verdadeon.com.br\/portal\/wp-content\/uploads\/2024\/04\/fotos_Stefan-Wolf-9-scaled.jpg?resize=2048%2C683&amp;ssl=1 2048w, https:\/\/i0.wp.com\/verdadeon.com.br\/portal\/wp-content\/uploads\/2024\/04\/fotos_Stefan-Wolf-9-scaled.jpg?resize=260%2C87&amp;ssl=1 260w, https:\/\/i0.wp.com\/verdadeon.com.br\/portal\/wp-content\/uploads\/2024\/04\/fotos_Stefan-Wolf-9-scaled.jpg?resize=50%2C17&amp;ssl=1 50w, https:\/\/i0.wp.com\/verdadeon.com.br\/portal\/wp-content\/uploads\/2024\/04\/fotos_Stefan-Wolf-9-scaled.jpg?resize=150%2C50&amp;ssl=1 150w, https:\/\/i0.wp.com\/verdadeon.com.br\/portal\/wp-content\/uploads\/2024\/04\/fotos_Stefan-Wolf-9-scaled.jpg?w=2440&amp;ssl=1 2440w\" sizes=\"auto, (max-width: 1220px) 100vw, 1220px\" \/><\/p>\n<p>Jo\u00e3o Donato faleceu em julho de 2023, com 88 anos, mas a homenagem ao m\u00fasico e compositor foi feita ainda em vida. E ele participou, especialmente no piano, da faixa \u201cUra\u201d. \u201cMe senti muito \u00e0 vontade nesta grava\u00e7\u00e3o, porque o jazz \u00e9 a minha casa. A m\u00fasica do Eduardo \u00e9 uma obra que eu poderia ter escrito, \u00e9 a minha cara. E os m\u00fasicos s\u00e3o os melhores do instrumental, que afinal \u00e9 o para\u00edso para mim. Ser homenageado num \u00e1lbum que traz tanto de mim, me faz muito feliz\u201d, disse Jo\u00e3o Donato, na \u00e9poca.<\/p>\n<p>Eduardo tem um carinho especial pela faixa. \u201cFoi a primeira m\u00fasica que compus e enviei ao Jo\u00e3o Donato, no in\u00edcio da pandemia. Fiquei muito emocionado quando a sua mulher retornou dizendo que ele tinha gostado e, por isso, gostaria de participar do disco. A partir da\u00ed surgiu a ideia desse novo trabalho e a composi\u00e7\u00e3o das outras faixas\u201d, explica o baixista.<\/p>\n<p>\u201cJo\u00e3o Donato \u00e9 uma das maiores refer\u00eancias da m\u00fasica popular brasileira e, portanto, foi muito importante prestar uma homenagem a ele ainda em vida. Para mim, ele \u00e9 simplicidade e sofistica\u00e7\u00e3o\u201d, completa Eduardo.<\/p>\n<p>O show em Franca \u00e9 realizado com recursos da Lei Paulo Gustavo, do Minist\u00e9rio da Cultura e do Governo Federal, por meio da Prefeitura Municipal e da FEAC (Funda\u00e7\u00e3o Esporte, Arte e Cultura de Franca).<\/p>\n<p><strong>O disco<\/strong><\/p>\n<p>O \u00e1lbum \u201cDo Nato Samba Jazz\u201d, de Eduardo Machado, est\u00e1 dispon\u00edvel em todas as plataformas digitais (<a href=\"http:\/\/tratore.ffm.to\/ee16\"><u>http:\/\/tratore.ffm.to\/ee16<\/u><\/a>) com 7 faixas autorais e in\u00e9ditas. Sua vers\u00e3o em vinil, pelo selo Microgrooves Records, apresenta 6 faixas. A novidade da edi\u00e7\u00e3o limitada do LP, apenas 300 c\u00f3pias (ainda est\u00e3o \u00e0 venda), fica por conta dos QR Codes com v\u00eddeos exclusivos das sess\u00f5es originais de grava\u00e7\u00e3o e um v\u00eddeo b\u00f4nus com a m\u00fasica \u201cPro Baden\u201d (Thiago Carreri), que homenageia o violonista e compositor brasileiro Baden Powell.<\/p>\n<p>\u201cO disco re\u00fane toda a rica diversidade da minha carreira, com m\u00fasicas que trazem a marcante harmonia da bossa nova e se entretecem com a sensibilidade e pensamento musical de Jo\u00e3o Donato, al\u00e9m de elementos da fus\u00e3o entre o jazz, a m\u00fasica latina e uma pitada dos ritmos caribenhos, bem como, da reincorpora\u00e7\u00e3o afro-cubana ao jazz\u201d, diz Eduardo.<\/p>\n<p>No disco, o quinteto explora instrumentos al\u00e9m de sua forma tradicional, criando uma atmosfera com hibridismo de estilos como o samba, por\u00e9m, com a harmonia da bossa nova e a melodia que remete ao blues. Um jogo din\u00e2mico que s\u00f3 a m\u00fasica brasileira propicia, momentos onde o prazer de ouvir e fazer m\u00fasica se misturam.<\/p>\n<p><strong>SERVI\u00c7O<\/strong><\/p>\n<p><strong>Show in\u00e9dito do disco \u201c<\/strong><strong>D<\/strong><strong>o Nato Sam<\/strong><strong>ba Jazz<\/strong><strong>\u201d, de Eduardo Machado Quinteto<\/strong><\/p>\n<p><strong>Data: <\/strong>Sexta-feira (26\/04), 20h<\/p>\n<p><strong>Local: <\/strong>Teatro Municipal de Franca &#8211; Avenida Sete de Setembro, 455 &#8211; Residencial Baldassari &#8211; Franca\/SP<\/p>\n<p><strong>Evento gratuito<\/strong><\/p>\n<p>Entrada livre, n\u00e3o precisa de ingresso<\/p>\n<p><strong><em>O M\u00daSICO<\/em><\/strong><\/p>\n<p><em>Considerado pela cr\u00edtica especializada como um dos maiores nomes do contrabaixo brasileiro da atualidade, Eduardo Machado estudou no Musicians Institute (Londres) e \u00e9 formado no Conservat\u00f3rio de Tatu\u00ed (SP). Expressa em seu contrabaixo, destreza e versatilidade, caracter\u00edsticas preservadas nos seus 33 anos de carreira, como m\u00fasico e professor. Sua discografia \u00e9 composta por 10 \u00e1lbuns e 5 DVDs.<\/em><\/p>\n<p><img data-recalc-dims=\"1\" loading=\"lazy\" decoding=\"async\" class=\"alignnone size-full wp-image-43724\" src=\"https:\/\/i0.wp.com\/verdadeon.com.br\/portal\/wp-content\/uploads\/2024\/04\/IMG_0301-scaled.jpg?resize=1220%2C813&#038;ssl=1\" alt=\"\" width=\"1220\" height=\"813\" srcset=\"https:\/\/i0.wp.com\/verdadeon.com.br\/portal\/wp-content\/uploads\/2024\/04\/IMG_0301-scaled.jpg?w=2560&amp;ssl=1 2560w, https:\/\/i0.wp.com\/verdadeon.com.br\/portal\/wp-content\/uploads\/2024\/04\/IMG_0301-scaled.jpg?resize=300%2C200&amp;ssl=1 300w, https:\/\/i0.wp.com\/verdadeon.com.br\/portal\/wp-content\/uploads\/2024\/04\/IMG_0301-scaled.jpg?resize=1024%2C683&amp;ssl=1 1024w, https:\/\/i0.wp.com\/verdadeon.com.br\/portal\/wp-content\/uploads\/2024\/04\/IMG_0301-scaled.jpg?resize=768%2C512&amp;ssl=1 768w, https:\/\/i0.wp.com\/verdadeon.com.br\/portal\/wp-content\/uploads\/2024\/04\/IMG_0301-scaled.jpg?resize=1536%2C1024&amp;ssl=1 1536w, https:\/\/i0.wp.com\/verdadeon.com.br\/portal\/wp-content\/uploads\/2024\/04\/IMG_0301-scaled.jpg?resize=2048%2C1365&amp;ssl=1 2048w, https:\/\/i0.wp.com\/verdadeon.com.br\/portal\/wp-content\/uploads\/2024\/04\/IMG_0301-scaled.jpg?resize=219%2C146&amp;ssl=1 219w, https:\/\/i0.wp.com\/verdadeon.com.br\/portal\/wp-content\/uploads\/2024\/04\/IMG_0301-scaled.jpg?resize=50%2C33&amp;ssl=1 50w, https:\/\/i0.wp.com\/verdadeon.com.br\/portal\/wp-content\/uploads\/2024\/04\/IMG_0301-scaled.jpg?resize=112%2C75&amp;ssl=1 112w, https:\/\/i0.wp.com\/verdadeon.com.br\/portal\/wp-content\/uploads\/2024\/04\/IMG_0301-scaled.jpg?w=2440&amp;ssl=1 2440w\" sizes=\"auto, (max-width: 1220px) 100vw, 1220px\" \/><\/p>\n<p><em>Ministrou dezenas de workshops de contrabaixo e m\u00fasica brasileira por todo o Brasil. Participou de dezenas de festivais, dentre eles vale citar o Hong Kong Jazz Festival (China), Jarasum Jazz Festival (Cor\u00e9ia do Sul) e Rio Montreux Jazz Festival (Rio de Janeiro). Com seu grupo fez cinco turn\u00eas na Europa, onde se apresentou em cidades como Paris, Berlim, Amsterd\u00e3, Zurique, Basel, Crac\u00f3via, entre outros. Ele tamb\u00e9m j\u00e1 trabalhou em todos os continentes (Europa, \u00c1sia, Am\u00e9rica do Norte e Am\u00e9rica Latina). Foi premiado <\/em><em>no concurso \u201cNovos Talentos do Jazz\u201d (Savassi Festival, Belo Horizonte\/MG, 2009).<\/em><\/p>\n<p><em>Artista reconhecido tamb\u00e9m no exterior, Eduardo participou de shows e grava\u00e7\u00f5es com grandes nomes da m\u00fasica brasileira e internacional, como Zeca Baleiro, Roberto Menescal, Toquinho, Renato Teixeira, S\u00e9rgio Reis, Jo\u00e3o Donato, Jair Rodrigues, Sandra de S\u00e1, Paula Lima, Margareth Menezes, Dinho Ouro Preto, Luiz Caldas, Z\u00e9 Geraldo, Diego Figueiredo, Larry Coryell, Cyrille Aim\u00e9e, Arthur Maia, Hamilton de Holanda, Robertinho Silva, Toninho Ferragutti, Victor Biglione, Toninho Horta, Ricardo Silveira, Gabriel Grossi, Marku Ribas, Arthur Maia, Celso Pixinga, Edu Ribeiro, Carlos Bala, Alegre Corr\u00eaa, Derico, David Garfield, Roberto Sion e muitos outros.<\/em><\/p>\n<p><img data-recalc-dims=\"1\" loading=\"lazy\" decoding=\"async\" class=\"alignnone size-full wp-image-43725\" src=\"https:\/\/i0.wp.com\/verdadeon.com.br\/portal\/wp-content\/uploads\/2024\/04\/WhatsApp-Image-2023-02-06-at-13.44.36-1.jpeg?resize=1220%2C1220&#038;ssl=1\" alt=\"\" width=\"1220\" height=\"1220\" srcset=\"https:\/\/i0.wp.com\/verdadeon.com.br\/portal\/wp-content\/uploads\/2024\/04\/WhatsApp-Image-2023-02-06-at-13.44.36-1.jpeg?w=1280&amp;ssl=1 1280w, https:\/\/i0.wp.com\/verdadeon.com.br\/portal\/wp-content\/uploads\/2024\/04\/WhatsApp-Image-2023-02-06-at-13.44.36-1.jpeg?resize=300%2C300&amp;ssl=1 300w, https:\/\/i0.wp.com\/verdadeon.com.br\/portal\/wp-content\/uploads\/2024\/04\/WhatsApp-Image-2023-02-06-at-13.44.36-1.jpeg?resize=1024%2C1024&amp;ssl=1 1024w, https:\/\/i0.wp.com\/verdadeon.com.br\/portal\/wp-content\/uploads\/2024\/04\/WhatsApp-Image-2023-02-06-at-13.44.36-1.jpeg?resize=150%2C150&amp;ssl=1 150w, https:\/\/i0.wp.com\/verdadeon.com.br\/portal\/wp-content\/uploads\/2024\/04\/WhatsApp-Image-2023-02-06-at-13.44.36-1.jpeg?resize=768%2C768&amp;ssl=1 768w, https:\/\/i0.wp.com\/verdadeon.com.br\/portal\/wp-content\/uploads\/2024\/04\/WhatsApp-Image-2023-02-06-at-13.44.36-1.jpeg?resize=146%2C146&amp;ssl=1 146w, https:\/\/i0.wp.com\/verdadeon.com.br\/portal\/wp-content\/uploads\/2024\/04\/WhatsApp-Image-2023-02-06-at-13.44.36-1.jpeg?resize=50%2C50&amp;ssl=1 50w, https:\/\/i0.wp.com\/verdadeon.com.br\/portal\/wp-content\/uploads\/2024\/04\/WhatsApp-Image-2023-02-06-at-13.44.36-1.jpeg?resize=75%2C75&amp;ssl=1 75w, https:\/\/i0.wp.com\/verdadeon.com.br\/portal\/wp-content\/uploads\/2024\/04\/WhatsApp-Image-2023-02-06-at-13.44.36-1.jpeg?resize=85%2C85&amp;ssl=1 85w, https:\/\/i0.wp.com\/verdadeon.com.br\/portal\/wp-content\/uploads\/2024\/04\/WhatsApp-Image-2023-02-06-at-13.44.36-1.jpeg?resize=80%2C80&amp;ssl=1 80w, https:\/\/i0.wp.com\/verdadeon.com.br\/portal\/wp-content\/uploads\/2024\/04\/WhatsApp-Image-2023-02-06-at-13.44.36-1.jpeg?resize=1200%2C1200&amp;ssl=1 1200w\" sizes=\"auto, (max-width: 1220px) 100vw, 1220px\" \/><\/p>\n","protected":false},"excerpt":{"rendered":"<p>\u00c1lbum com repert\u00f3rio autoral de in\u00e9ditas resgata o samba jazz; show \u00e9 nesta sexta-feira (26\/04), \u00e0s 20h, em comemora\u00e7\u00e3o aos 50 anos do m\u00fasico Para comemorar<span class=\"excerpt-hellip\"> [\u2026]<\/span><\/p>\n","protected":false},"author":10,"featured_media":43721,"comment_status":"open","ping_status":"open","sticky":false,"template":"","format":"standard","meta":{"_jetpack_memberships_contains_paid_content":false,"footnotes":"","jetpack_publicize_message":"","jetpack_publicize_feature_enabled":true,"jetpack_social_post_already_shared":false,"jetpack_social_options":{"image_generator_settings":{"template":"highway","default_image_id":0,"enabled":false},"version":2}},"categories":[28,81],"tags":[],"class_list":["post-43717","post","type-post","status-publish","format-standard","has-post-thumbnail","hentry","category-cotidiano","category-manchete"],"yoast_head":"<!-- This site is optimized with the Yoast SEO plugin v25.6 - https:\/\/yoast.com\/wordpress\/plugins\/seo\/ -->\n<title>Compositor e baixista Eduardo Machado comemora anivers\u00e1rio com show gratuito e in\u00e9dito do disco \u2018Do Nato Samba Jazz\u2019, no Teatro Municipal de Franca, na sexta, 26 - VerdadeOn<\/title>\n<meta name=\"robots\" content=\"index, follow, max-snippet:-1, max-image-preview:large, max-video-preview:-1\" \/>\n<link rel=\"canonical\" href=\"https:\/\/verdadeon.com.br\/portal\/2024\/04\/23\/compositor-e-baixista-eduardo-machado-comemora-aniversario-com-show-gratuito-e-inedito-do-disco-do-nato-samba-jazz-no-teatro-municipal-de-franca-na-sexta-26\/\" \/>\n<meta property=\"og:locale\" content=\"pt_BR\" \/>\n<meta property=\"og:type\" content=\"article\" \/>\n<meta property=\"og:title\" content=\"Compositor e baixista Eduardo Machado comemora anivers\u00e1rio com show gratuito e in\u00e9dito do disco \u2018Do Nato Samba Jazz\u2019, no Teatro Municipal de Franca, na sexta, 26 - VerdadeOn\" \/>\n<meta property=\"og:description\" content=\"\u00c1lbum com repert\u00f3rio autoral de in\u00e9ditas resgata o samba jazz; show \u00e9 nesta sexta-feira (26\/04), \u00e0s 20h, em comemora\u00e7\u00e3o aos 50 anos do m\u00fasico Para comemorar [\u2026]\" \/>\n<meta property=\"og:url\" content=\"https:\/\/verdadeon.com.br\/portal\/2024\/04\/23\/compositor-e-baixista-eduardo-machado-comemora-aniversario-com-show-gratuito-e-inedito-do-disco-do-nato-samba-jazz-no-teatro-municipal-de-franca-na-sexta-26\/\" \/>\n<meta property=\"og:site_name\" content=\"VerdadeOn\" \/>\n<meta property=\"article:published_time\" content=\"2024-04-23T13:00:07+00:00\" \/>\n<meta property=\"article:modified_time\" content=\"2024-04-23T13:27:49+00:00\" \/>\n<meta property=\"og:image\" content=\"https:\/\/verdadeon.com.br\/portal\/wp-content\/uploads\/2024\/04\/Joao-Donato-e-Eduardo.jpeg\" \/>\n\t<meta property=\"og:image:width\" content=\"1280\" \/>\n\t<meta property=\"og:image:height\" content=\"1280\" \/>\n\t<meta property=\"og:image:type\" content=\"image\/jpeg\" \/>\n<meta name=\"author\" content=\"Redacao VerdadeOn\" \/>\n<meta name=\"twitter:card\" content=\"summary_large_image\" \/>\n<meta name=\"twitter:label1\" content=\"Escrito por\" \/>\n\t<meta name=\"twitter:data1\" content=\"Redacao VerdadeOn\" \/>\n\t<meta name=\"twitter:label2\" content=\"Est. tempo de leitura\" \/>\n\t<meta name=\"twitter:data2\" content=\"8 minutos\" \/>\n<script type=\"application\/ld+json\" class=\"yoast-schema-graph\">{\"@context\":\"https:\/\/schema.org\",\"@graph\":[{\"@type\":\"WebPage\",\"@id\":\"https:\/\/verdadeon.com.br\/portal\/2024\/04\/23\/compositor-e-baixista-eduardo-machado-comemora-aniversario-com-show-gratuito-e-inedito-do-disco-do-nato-samba-jazz-no-teatro-municipal-de-franca-na-sexta-26\/\",\"url\":\"https:\/\/verdadeon.com.br\/portal\/2024\/04\/23\/compositor-e-baixista-eduardo-machado-comemora-aniversario-com-show-gratuito-e-inedito-do-disco-do-nato-samba-jazz-no-teatro-municipal-de-franca-na-sexta-26\/\",\"name\":\"Compositor e baixista Eduardo Machado comemora anivers\u00e1rio com show gratuito e in\u00e9dito do disco \u2018Do Nato Samba Jazz\u2019, no Teatro Municipal de Franca, na sexta, 26 - VerdadeOn\",\"isPartOf\":{\"@id\":\"https:\/\/verdadeon.com.br\/portal\/#website\"},\"primaryImageOfPage\":{\"@id\":\"https:\/\/verdadeon.com.br\/portal\/2024\/04\/23\/compositor-e-baixista-eduardo-machado-comemora-aniversario-com-show-gratuito-e-inedito-do-disco-do-nato-samba-jazz-no-teatro-municipal-de-franca-na-sexta-26\/#primaryimage\"},\"image\":{\"@id\":\"https:\/\/verdadeon.com.br\/portal\/2024\/04\/23\/compositor-e-baixista-eduardo-machado-comemora-aniversario-com-show-gratuito-e-inedito-do-disco-do-nato-samba-jazz-no-teatro-municipal-de-franca-na-sexta-26\/#primaryimage\"},\"thumbnailUrl\":\"https:\/\/i0.wp.com\/verdadeon.com.br\/portal\/wp-content\/uploads\/2024\/04\/Joao-Donato-e-Eduardo.jpeg?fit=1280%2C1280&ssl=1\",\"datePublished\":\"2024-04-23T13:00:07+00:00\",\"dateModified\":\"2024-04-23T13:27:49+00:00\",\"author\":{\"@id\":\"https:\/\/verdadeon.com.br\/portal\/#\/schema\/person\/a5060ad1e9ea3df545188fc93ce43d2f\"},\"breadcrumb\":{\"@id\":\"https:\/\/verdadeon.com.br\/portal\/2024\/04\/23\/compositor-e-baixista-eduardo-machado-comemora-aniversario-com-show-gratuito-e-inedito-do-disco-do-nato-samba-jazz-no-teatro-municipal-de-franca-na-sexta-26\/#breadcrumb\"},\"inLanguage\":\"pt-BR\",\"potentialAction\":[{\"@type\":\"ReadAction\",\"target\":[\"https:\/\/verdadeon.com.br\/portal\/2024\/04\/23\/compositor-e-baixista-eduardo-machado-comemora-aniversario-com-show-gratuito-e-inedito-do-disco-do-nato-samba-jazz-no-teatro-municipal-de-franca-na-sexta-26\/\"]}]},{\"@type\":\"ImageObject\",\"inLanguage\":\"pt-BR\",\"@id\":\"https:\/\/verdadeon.com.br\/portal\/2024\/04\/23\/compositor-e-baixista-eduardo-machado-comemora-aniversario-com-show-gratuito-e-inedito-do-disco-do-nato-samba-jazz-no-teatro-municipal-de-franca-na-sexta-26\/#primaryimage\",\"url\":\"https:\/\/i0.wp.com\/verdadeon.com.br\/portal\/wp-content\/uploads\/2024\/04\/Joao-Donato-e-Eduardo.jpeg?fit=1280%2C1280&ssl=1\",\"contentUrl\":\"https:\/\/i0.wp.com\/verdadeon.com.br\/portal\/wp-content\/uploads\/2024\/04\/Joao-Donato-e-Eduardo.jpeg?fit=1280%2C1280&ssl=1\",\"width\":1280,\"height\":1280,\"caption\":\"Para comemorar seus 50 anos de vida, o compositor e baixista francano Eduardo Machado - um dos maiores nomes do contrabaixo no Brasil - apresenta nesta sexta-feira um show gratuito e in\u00e9dito\u00a0(\u00a9Divulga\u00e7\u00e3o)\"},{\"@type\":\"BreadcrumbList\",\"@id\":\"https:\/\/verdadeon.com.br\/portal\/2024\/04\/23\/compositor-e-baixista-eduardo-machado-comemora-aniversario-com-show-gratuito-e-inedito-do-disco-do-nato-samba-jazz-no-teatro-municipal-de-franca-na-sexta-26\/#breadcrumb\",\"itemListElement\":[{\"@type\":\"ListItem\",\"position\":1,\"name\":\"In\u00edcio\",\"item\":\"https:\/\/verdadeon.com.br\/portal\/\"},{\"@type\":\"ListItem\",\"position\":2,\"name\":\"Compositor e baixista Eduardo Machado comemora anivers\u00e1rio com show gratuito e in\u00e9dito do disco \u2018Do Nato Samba Jazz\u2019, no Teatro Municipal de Franca, na sexta, 26\"}]},{\"@type\":\"WebSite\",\"@id\":\"https:\/\/verdadeon.com.br\/portal\/#website\",\"url\":\"https:\/\/verdadeon.com.br\/portal\/\",\"name\":\"VerdadeOn\",\"description\":\"Not\u00edcias di\u00e1rias sobre Franca, Regi\u00e3o, Esporte, Cultura, Cotidiano, Colunas. Cobertura nos principais eventos da cidade \u00e9 aqui - Verdadeon Franca\",\"potentialAction\":[{\"@type\":\"SearchAction\",\"target\":{\"@type\":\"EntryPoint\",\"urlTemplate\":\"https:\/\/verdadeon.com.br\/portal\/?s={search_term_string}\"},\"query-input\":{\"@type\":\"PropertyValueSpecification\",\"valueRequired\":true,\"valueName\":\"search_term_string\"}}],\"inLanguage\":\"pt-BR\"},{\"@type\":\"Person\",\"@id\":\"https:\/\/verdadeon.com.br\/portal\/#\/schema\/person\/a5060ad1e9ea3df545188fc93ce43d2f\",\"name\":\"Redacao VerdadeOn\",\"image\":{\"@type\":\"ImageObject\",\"inLanguage\":\"pt-BR\",\"@id\":\"https:\/\/verdadeon.com.br\/portal\/#\/schema\/person\/image\/\",\"url\":\"https:\/\/secure.gravatar.com\/avatar\/459a9613caaaf07f582c3d0841eea68bdd66f533e465e6ba8b9cb45619572cf4?s=96&d=mm&r=g\",\"contentUrl\":\"https:\/\/secure.gravatar.com\/avatar\/459a9613caaaf07f582c3d0841eea68bdd66f533e465e6ba8b9cb45619572cf4?s=96&d=mm&r=g\",\"caption\":\"Redacao VerdadeOn\"},\"url\":\"https:\/\/verdadeon.com.br\/portal\/author\/redacao\/\"}]}<\/script>\n<!-- \/ Yoast SEO plugin. -->","yoast_head_json":{"title":"Compositor e baixista Eduardo Machado comemora anivers\u00e1rio com show gratuito e in\u00e9dito do disco \u2018Do Nato Samba Jazz\u2019, no Teatro Municipal de Franca, na sexta, 26 - VerdadeOn","robots":{"index":"index","follow":"follow","max-snippet":"max-snippet:-1","max-image-preview":"max-image-preview:large","max-video-preview":"max-video-preview:-1"},"canonical":"https:\/\/verdadeon.com.br\/portal\/2024\/04\/23\/compositor-e-baixista-eduardo-machado-comemora-aniversario-com-show-gratuito-e-inedito-do-disco-do-nato-samba-jazz-no-teatro-municipal-de-franca-na-sexta-26\/","og_locale":"pt_BR","og_type":"article","og_title":"Compositor e baixista Eduardo Machado comemora anivers\u00e1rio com show gratuito e in\u00e9dito do disco \u2018Do Nato Samba Jazz\u2019, no Teatro Municipal de Franca, na sexta, 26 - VerdadeOn","og_description":"\u00c1lbum com repert\u00f3rio autoral de in\u00e9ditas resgata o samba jazz; show \u00e9 nesta sexta-feira (26\/04), \u00e0s 20h, em comemora\u00e7\u00e3o aos 50 anos do m\u00fasico Para comemorar [\u2026]","og_url":"https:\/\/verdadeon.com.br\/portal\/2024\/04\/23\/compositor-e-baixista-eduardo-machado-comemora-aniversario-com-show-gratuito-e-inedito-do-disco-do-nato-samba-jazz-no-teatro-municipal-de-franca-na-sexta-26\/","og_site_name":"VerdadeOn","article_published_time":"2024-04-23T13:00:07+00:00","article_modified_time":"2024-04-23T13:27:49+00:00","og_image":[{"width":1280,"height":1280,"url":"https:\/\/verdadeon.com.br\/portal\/wp-content\/uploads\/2024\/04\/Joao-Donato-e-Eduardo.jpeg","type":"image\/jpeg"}],"author":"Redacao VerdadeOn","twitter_card":"summary_large_image","twitter_misc":{"Escrito por":"Redacao VerdadeOn","Est. tempo de leitura":"8 minutos"},"schema":{"@context":"https:\/\/schema.org","@graph":[{"@type":"WebPage","@id":"https:\/\/verdadeon.com.br\/portal\/2024\/04\/23\/compositor-e-baixista-eduardo-machado-comemora-aniversario-com-show-gratuito-e-inedito-do-disco-do-nato-samba-jazz-no-teatro-municipal-de-franca-na-sexta-26\/","url":"https:\/\/verdadeon.com.br\/portal\/2024\/04\/23\/compositor-e-baixista-eduardo-machado-comemora-aniversario-com-show-gratuito-e-inedito-do-disco-do-nato-samba-jazz-no-teatro-municipal-de-franca-na-sexta-26\/","name":"Compositor e baixista Eduardo Machado comemora anivers\u00e1rio com show gratuito e in\u00e9dito do disco \u2018Do Nato Samba Jazz\u2019, no Teatro Municipal de Franca, na sexta, 26 - VerdadeOn","isPartOf":{"@id":"https:\/\/verdadeon.com.br\/portal\/#website"},"primaryImageOfPage":{"@id":"https:\/\/verdadeon.com.br\/portal\/2024\/04\/23\/compositor-e-baixista-eduardo-machado-comemora-aniversario-com-show-gratuito-e-inedito-do-disco-do-nato-samba-jazz-no-teatro-municipal-de-franca-na-sexta-26\/#primaryimage"},"image":{"@id":"https:\/\/verdadeon.com.br\/portal\/2024\/04\/23\/compositor-e-baixista-eduardo-machado-comemora-aniversario-com-show-gratuito-e-inedito-do-disco-do-nato-samba-jazz-no-teatro-municipal-de-franca-na-sexta-26\/#primaryimage"},"thumbnailUrl":"https:\/\/i0.wp.com\/verdadeon.com.br\/portal\/wp-content\/uploads\/2024\/04\/Joao-Donato-e-Eduardo.jpeg?fit=1280%2C1280&ssl=1","datePublished":"2024-04-23T13:00:07+00:00","dateModified":"2024-04-23T13:27:49+00:00","author":{"@id":"https:\/\/verdadeon.com.br\/portal\/#\/schema\/person\/a5060ad1e9ea3df545188fc93ce43d2f"},"breadcrumb":{"@id":"https:\/\/verdadeon.com.br\/portal\/2024\/04\/23\/compositor-e-baixista-eduardo-machado-comemora-aniversario-com-show-gratuito-e-inedito-do-disco-do-nato-samba-jazz-no-teatro-municipal-de-franca-na-sexta-26\/#breadcrumb"},"inLanguage":"pt-BR","potentialAction":[{"@type":"ReadAction","target":["https:\/\/verdadeon.com.br\/portal\/2024\/04\/23\/compositor-e-baixista-eduardo-machado-comemora-aniversario-com-show-gratuito-e-inedito-do-disco-do-nato-samba-jazz-no-teatro-municipal-de-franca-na-sexta-26\/"]}]},{"@type":"ImageObject","inLanguage":"pt-BR","@id":"https:\/\/verdadeon.com.br\/portal\/2024\/04\/23\/compositor-e-baixista-eduardo-machado-comemora-aniversario-com-show-gratuito-e-inedito-do-disco-do-nato-samba-jazz-no-teatro-municipal-de-franca-na-sexta-26\/#primaryimage","url":"https:\/\/i0.wp.com\/verdadeon.com.br\/portal\/wp-content\/uploads\/2024\/04\/Joao-Donato-e-Eduardo.jpeg?fit=1280%2C1280&ssl=1","contentUrl":"https:\/\/i0.wp.com\/verdadeon.com.br\/portal\/wp-content\/uploads\/2024\/04\/Joao-Donato-e-Eduardo.jpeg?fit=1280%2C1280&ssl=1","width":1280,"height":1280,"caption":"Para comemorar seus 50 anos de vida, o compositor e baixista francano Eduardo Machado - um dos maiores nomes do contrabaixo no Brasil - apresenta nesta sexta-feira um show gratuito e in\u00e9dito\u00a0(\u00a9Divulga\u00e7\u00e3o)"},{"@type":"BreadcrumbList","@id":"https:\/\/verdadeon.com.br\/portal\/2024\/04\/23\/compositor-e-baixista-eduardo-machado-comemora-aniversario-com-show-gratuito-e-inedito-do-disco-do-nato-samba-jazz-no-teatro-municipal-de-franca-na-sexta-26\/#breadcrumb","itemListElement":[{"@type":"ListItem","position":1,"name":"In\u00edcio","item":"https:\/\/verdadeon.com.br\/portal\/"},{"@type":"ListItem","position":2,"name":"Compositor e baixista Eduardo Machado comemora anivers\u00e1rio com show gratuito e in\u00e9dito do disco \u2018Do Nato Samba Jazz\u2019, no Teatro Municipal de Franca, na sexta, 26"}]},{"@type":"WebSite","@id":"https:\/\/verdadeon.com.br\/portal\/#website","url":"https:\/\/verdadeon.com.br\/portal\/","name":"VerdadeOn","description":"Not\u00edcias di\u00e1rias sobre Franca, Regi\u00e3o, Esporte, Cultura, Cotidiano, Colunas. Cobertura nos principais eventos da cidade \u00e9 aqui - Verdadeon Franca","potentialAction":[{"@type":"SearchAction","target":{"@type":"EntryPoint","urlTemplate":"https:\/\/verdadeon.com.br\/portal\/?s={search_term_string}"},"query-input":{"@type":"PropertyValueSpecification","valueRequired":true,"valueName":"search_term_string"}}],"inLanguage":"pt-BR"},{"@type":"Person","@id":"https:\/\/verdadeon.com.br\/portal\/#\/schema\/person\/a5060ad1e9ea3df545188fc93ce43d2f","name":"Redacao VerdadeOn","image":{"@type":"ImageObject","inLanguage":"pt-BR","@id":"https:\/\/verdadeon.com.br\/portal\/#\/schema\/person\/image\/","url":"https:\/\/secure.gravatar.com\/avatar\/459a9613caaaf07f582c3d0841eea68bdd66f533e465e6ba8b9cb45619572cf4?s=96&d=mm&r=g","contentUrl":"https:\/\/secure.gravatar.com\/avatar\/459a9613caaaf07f582c3d0841eea68bdd66f533e465e6ba8b9cb45619572cf4?s=96&d=mm&r=g","caption":"Redacao VerdadeOn"},"url":"https:\/\/verdadeon.com.br\/portal\/author\/redacao\/"}]}},"jetpack_publicize_connections":[],"jetpack_featured_media_url":"https:\/\/i0.wp.com\/verdadeon.com.br\/portal\/wp-content\/uploads\/2024\/04\/Joao-Donato-e-Eduardo.jpeg?fit=1280%2C1280&ssl=1","jetpack_sharing_enabled":true,"_links":{"self":[{"href":"https:\/\/verdadeon.com.br\/portal\/wp-json\/wp\/v2\/posts\/43717","targetHints":{"allow":["GET"]}}],"collection":[{"href":"https:\/\/verdadeon.com.br\/portal\/wp-json\/wp\/v2\/posts"}],"about":[{"href":"https:\/\/verdadeon.com.br\/portal\/wp-json\/wp\/v2\/types\/post"}],"author":[{"embeddable":true,"href":"https:\/\/verdadeon.com.br\/portal\/wp-json\/wp\/v2\/users\/10"}],"replies":[{"embeddable":true,"href":"https:\/\/verdadeon.com.br\/portal\/wp-json\/wp\/v2\/comments?post=43717"}],"version-history":[{"count":3,"href":"https:\/\/verdadeon.com.br\/portal\/wp-json\/wp\/v2\/posts\/43717\/revisions"}],"predecessor-version":[{"id":43742,"href":"https:\/\/verdadeon.com.br\/portal\/wp-json\/wp\/v2\/posts\/43717\/revisions\/43742"}],"wp:featuredmedia":[{"embeddable":true,"href":"https:\/\/verdadeon.com.br\/portal\/wp-json\/wp\/v2\/media\/43721"}],"wp:attachment":[{"href":"https:\/\/verdadeon.com.br\/portal\/wp-json\/wp\/v2\/media?parent=43717"}],"wp:term":[{"taxonomy":"category","embeddable":true,"href":"https:\/\/verdadeon.com.br\/portal\/wp-json\/wp\/v2\/categories?post=43717"},{"taxonomy":"post_tag","embeddable":true,"href":"https:\/\/verdadeon.com.br\/portal\/wp-json\/wp\/v2\/tags?post=43717"}],"curies":[{"name":"wp","href":"https:\/\/api.w.org\/{rel}","templated":true}]}}