{"id":43645,"date":"2024-04-20T10:34:50","date_gmt":"2024-04-20T13:34:50","guid":{"rendered":"https:\/\/verdadeon.com.br\/portal\/?p=43645"},"modified":"2024-04-20T10:34:50","modified_gmt":"2024-04-20T13:34:50","slug":"um-acidente-grave-na-rodovia-candido-portinari-resultou-em-uma-vitima-fatal-e-duas-feridas","status":"publish","type":"post","link":"https:\/\/verdadeon.com.br\/portal\/2024\/04\/20\/um-acidente-grave-na-rodovia-candido-portinari-resultou-em-uma-vitima-fatal-e-duas-feridas\/","title":{"rendered":"Um acidente grave na rodovia C\u00e2ndido Portinari resultou em uma v\u00edtima fatal e duas feridas"},"content":{"rendered":"<h2>A Pol\u00edcia Militar Rodovi\u00e1ria manteve a \u00e1rea isolada, enquanto a Pol\u00edcia Cient\u00edfica foi acionada para procedimentos periciais. A causa do incidente permanece sob investiga\u00e7\u00e3o<\/h2>\n<p>Na noite de sexta-feira, 19, Jo\u00e3o Ant\u00f4nio Fernandes Martins, 36 anos, encontrou a morte ap\u00f3s um grave incidente na rodovia C\u00e2ndido Portinari, pr\u00f3ximo a Restinga. O acidente deixou outro indiv\u00edduo gravemente ferido, enquanto uma terceira pessoa sofreu les\u00f5es leves.<\/p>\n<p>Relatos da pol\u00edcia indicam que o ocorrido se deu no quil\u00f4metro 381, no sentido de Batatais para Franca. Um caminh\u00e3o atingiu o Fox na parte traseira, resultando em ambos os ve\u00edculos saindo da estrada e adentrando uma \u00e1rea florestal. Dois ocupantes do carro foram levados em estado grave para atendimento m\u00e9dico, por\u00e9m Jo\u00e3o n\u00e3o resistiu ap\u00f3s ser levado \u00e0 Santa Casa de Franca. O motorista do caminh\u00e3o foi socorrido com ferimentos leves.<\/p>\n<p>A equipe da concession\u00e1ria ViaPaulista tomou medidas para sinalizar a \u00e1rea, prevenindo futuros acidentes. Segundo informa\u00e7\u00f5es policiais, as v\u00edtimas eram de Franca e estavam retornando do trabalho em Batatais. Coincidentemente, o local do acidente testemunhou um capotamento algumas horas antes.<\/p>\n<p>&nbsp;<\/p>\n<p>&nbsp;<\/p>\n","protected":false},"excerpt":{"rendered":"<p>A Pol\u00edcia Militar Rodovi\u00e1ria manteve a \u00e1rea isolada, enquanto a Pol\u00edcia Cient\u00edfica foi acionada para procedimentos periciais. A causa do incidente permanece sob investiga\u00e7\u00e3o Na noite<span class=\"excerpt-hellip\"> [\u2026]<\/span><\/p>\n","protected":false},"author":10,"featured_media":43646,"comment_status":"open","ping_status":"open","sticky":false,"template":"","format":"standard","meta":{"_jetpack_memberships_contains_paid_content":false,"footnotes":"","jetpack_publicize_message":"","jetpack_publicize_feature_enabled":true,"jetpack_social_post_already_shared":false,"jetpack_social_options":{"image_generator_settings":{"template":"highway","default_image_id":0,"enabled":false},"version":2}},"categories":[28,44],"tags":[],"class_list":["post-43645","post","type-post","status-publish","format-standard","has-post-thumbnail","hentry","category-cotidiano","category-noticias"],"yoast_head":"<!-- This site is optimized with the Yoast SEO plugin v25.6 - https:\/\/yoast.com\/wordpress\/plugins\/seo\/ -->\n<title>Um acidente grave na rodovia C\u00e2ndido Portinari resultou em uma v\u00edtima fatal e duas feridas - VerdadeOn<\/title>\n<meta name=\"robots\" content=\"index, follow, max-snippet:-1, max-image-preview:large, max-video-preview:-1\" \/>\n<link rel=\"canonical\" href=\"https:\/\/verdadeon.com.br\/portal\/2024\/04\/20\/um-acidente-grave-na-rodovia-candido-portinari-resultou-em-uma-vitima-fatal-e-duas-feridas\/\" \/>\n<meta property=\"og:locale\" content=\"pt_BR\" \/>\n<meta property=\"og:type\" content=\"article\" \/>\n<meta property=\"og:title\" content=\"Um acidente grave na rodovia C\u00e2ndido Portinari resultou em uma v\u00edtima fatal e duas feridas - VerdadeOn\" \/>\n<meta property=\"og:description\" content=\"A Pol\u00edcia Militar Rodovi\u00e1ria manteve a \u00e1rea isolada, enquanto a Pol\u00edcia Cient\u00edfica foi acionada para procedimentos periciais. A causa do incidente permanece sob investiga\u00e7\u00e3o Na noite [\u2026]\" \/>\n<meta property=\"og:url\" content=\"https:\/\/verdadeon.com.br\/portal\/2024\/04\/20\/um-acidente-grave-na-rodovia-candido-portinari-resultou-em-uma-vitima-fatal-e-duas-feridas\/\" \/>\n<meta property=\"og:site_name\" content=\"VerdadeOn\" \/>\n<meta property=\"article:published_time\" content=\"2024-04-20T13:34:50+00:00\" \/>\n<meta property=\"og:image\" content=\"https:\/\/verdadeon.com.br\/portal\/wp-content\/uploads\/2024\/04\/policia-cientifica-1024x704-1.jpg\" \/>\n\t<meta property=\"og:image:width\" content=\"1024\" \/>\n\t<meta property=\"og:image:height\" content=\"704\" \/>\n\t<meta property=\"og:image:type\" content=\"image\/jpeg\" \/>\n<meta name=\"author\" content=\"Redacao VerdadeOn\" \/>\n<meta name=\"twitter:card\" content=\"summary_large_image\" \/>\n<meta name=\"twitter:label1\" content=\"Escrito por\" \/>\n\t<meta name=\"twitter:data1\" content=\"Redacao VerdadeOn\" \/>\n\t<meta name=\"twitter:label2\" content=\"Est. tempo de leitura\" \/>\n\t<meta name=\"twitter:data2\" content=\"1 minuto\" \/>\n<script type=\"application\/ld+json\" class=\"yoast-schema-graph\">{\"@context\":\"https:\/\/schema.org\",\"@graph\":[{\"@type\":\"WebPage\",\"@id\":\"https:\/\/verdadeon.com.br\/portal\/2024\/04\/20\/um-acidente-grave-na-rodovia-candido-portinari-resultou-em-uma-vitima-fatal-e-duas-feridas\/\",\"url\":\"https:\/\/verdadeon.com.br\/portal\/2024\/04\/20\/um-acidente-grave-na-rodovia-candido-portinari-resultou-em-uma-vitima-fatal-e-duas-feridas\/\",\"name\":\"Um acidente grave na rodovia C\u00e2ndido Portinari resultou em uma v\u00edtima fatal e duas feridas - VerdadeOn\",\"isPartOf\":{\"@id\":\"https:\/\/verdadeon.com.br\/portal\/#website\"},\"primaryImageOfPage\":{\"@id\":\"https:\/\/verdadeon.com.br\/portal\/2024\/04\/20\/um-acidente-grave-na-rodovia-candido-portinari-resultou-em-uma-vitima-fatal-e-duas-feridas\/#primaryimage\"},\"image\":{\"@id\":\"https:\/\/verdadeon.com.br\/portal\/2024\/04\/20\/um-acidente-grave-na-rodovia-candido-portinari-resultou-em-uma-vitima-fatal-e-duas-feridas\/#primaryimage\"},\"thumbnailUrl\":\"https:\/\/i0.wp.com\/verdadeon.com.br\/portal\/wp-content\/uploads\/2024\/04\/policia-cientifica-1024x704-1.jpg?fit=1024%2C704&ssl=1\",\"datePublished\":\"2024-04-20T13:34:50+00:00\",\"author\":{\"@id\":\"https:\/\/verdadeon.com.br\/portal\/#\/schema\/person\/a5060ad1e9ea3df545188fc93ce43d2f\"},\"breadcrumb\":{\"@id\":\"https:\/\/verdadeon.com.br\/portal\/2024\/04\/20\/um-acidente-grave-na-rodovia-candido-portinari-resultou-em-uma-vitima-fatal-e-duas-feridas\/#breadcrumb\"},\"inLanguage\":\"pt-BR\",\"potentialAction\":[{\"@type\":\"ReadAction\",\"target\":[\"https:\/\/verdadeon.com.br\/portal\/2024\/04\/20\/um-acidente-grave-na-rodovia-candido-portinari-resultou-em-uma-vitima-fatal-e-duas-feridas\/\"]}]},{\"@type\":\"ImageObject\",\"inLanguage\":\"pt-BR\",\"@id\":\"https:\/\/verdadeon.com.br\/portal\/2024\/04\/20\/um-acidente-grave-na-rodovia-candido-portinari-resultou-em-uma-vitima-fatal-e-duas-feridas\/#primaryimage\",\"url\":\"https:\/\/i0.wp.com\/verdadeon.com.br\/portal\/wp-content\/uploads\/2024\/04\/policia-cientifica-1024x704-1.jpg?fit=1024%2C704&ssl=1\",\"contentUrl\":\"https:\/\/i0.wp.com\/verdadeon.com.br\/portal\/wp-content\/uploads\/2024\/04\/policia-cientifica-1024x704-1.jpg?fit=1024%2C704&ssl=1\",\"width\":1024,\"height\":704,\"caption\":\"Pol\u00edcia Cient\u00edfica (\u00a9Imagens da Internet)\"},{\"@type\":\"BreadcrumbList\",\"@id\":\"https:\/\/verdadeon.com.br\/portal\/2024\/04\/20\/um-acidente-grave-na-rodovia-candido-portinari-resultou-em-uma-vitima-fatal-e-duas-feridas\/#breadcrumb\",\"itemListElement\":[{\"@type\":\"ListItem\",\"position\":1,\"name\":\"In\u00edcio\",\"item\":\"https:\/\/verdadeon.com.br\/portal\/\"},{\"@type\":\"ListItem\",\"position\":2,\"name\":\"Um acidente grave na rodovia C\u00e2ndido Portinari resultou em uma v\u00edtima fatal e duas feridas\"}]},{\"@type\":\"WebSite\",\"@id\":\"https:\/\/verdadeon.com.br\/portal\/#website\",\"url\":\"https:\/\/verdadeon.com.br\/portal\/\",\"name\":\"VerdadeOn\",\"description\":\"Not\u00edcias di\u00e1rias sobre Franca, Regi\u00e3o, Esporte, Cultura, Cotidiano, Colunas. Cobertura nos principais eventos da cidade \u00e9 aqui - Verdadeon Franca\",\"potentialAction\":[{\"@type\":\"SearchAction\",\"target\":{\"@type\":\"EntryPoint\",\"urlTemplate\":\"https:\/\/verdadeon.com.br\/portal\/?s={search_term_string}\"},\"query-input\":{\"@type\":\"PropertyValueSpecification\",\"valueRequired\":true,\"valueName\":\"search_term_string\"}}],\"inLanguage\":\"pt-BR\"},{\"@type\":\"Person\",\"@id\":\"https:\/\/verdadeon.com.br\/portal\/#\/schema\/person\/a5060ad1e9ea3df545188fc93ce43d2f\",\"name\":\"Redacao VerdadeOn\",\"image\":{\"@type\":\"ImageObject\",\"inLanguage\":\"pt-BR\",\"@id\":\"https:\/\/verdadeon.com.br\/portal\/#\/schema\/person\/image\/\",\"url\":\"https:\/\/secure.gravatar.com\/avatar\/459a9613caaaf07f582c3d0841eea68bdd66f533e465e6ba8b9cb45619572cf4?s=96&d=mm&r=g\",\"contentUrl\":\"https:\/\/secure.gravatar.com\/avatar\/459a9613caaaf07f582c3d0841eea68bdd66f533e465e6ba8b9cb45619572cf4?s=96&d=mm&r=g\",\"caption\":\"Redacao VerdadeOn\"},\"url\":\"https:\/\/verdadeon.com.br\/portal\/author\/redacao\/\"}]}<\/script>\n<!-- \/ Yoast SEO plugin. -->","yoast_head_json":{"title":"Um acidente grave na rodovia C\u00e2ndido Portinari resultou em uma v\u00edtima fatal e duas feridas - VerdadeOn","robots":{"index":"index","follow":"follow","max-snippet":"max-snippet:-1","max-image-preview":"max-image-preview:large","max-video-preview":"max-video-preview:-1"},"canonical":"https:\/\/verdadeon.com.br\/portal\/2024\/04\/20\/um-acidente-grave-na-rodovia-candido-portinari-resultou-em-uma-vitima-fatal-e-duas-feridas\/","og_locale":"pt_BR","og_type":"article","og_title":"Um acidente grave na rodovia C\u00e2ndido Portinari resultou em uma v\u00edtima fatal e duas feridas - VerdadeOn","og_description":"A Pol\u00edcia Militar Rodovi\u00e1ria manteve a \u00e1rea isolada, enquanto a Pol\u00edcia Cient\u00edfica foi acionada para procedimentos periciais. A causa do incidente permanece sob investiga\u00e7\u00e3o Na noite [\u2026]","og_url":"https:\/\/verdadeon.com.br\/portal\/2024\/04\/20\/um-acidente-grave-na-rodovia-candido-portinari-resultou-em-uma-vitima-fatal-e-duas-feridas\/","og_site_name":"VerdadeOn","article_published_time":"2024-04-20T13:34:50+00:00","og_image":[{"width":1024,"height":704,"url":"https:\/\/verdadeon.com.br\/portal\/wp-content\/uploads\/2024\/04\/policia-cientifica-1024x704-1.jpg","type":"image\/jpeg"}],"author":"Redacao VerdadeOn","twitter_card":"summary_large_image","twitter_misc":{"Escrito por":"Redacao VerdadeOn","Est. tempo de leitura":"1 minuto"},"schema":{"@context":"https:\/\/schema.org","@graph":[{"@type":"WebPage","@id":"https:\/\/verdadeon.com.br\/portal\/2024\/04\/20\/um-acidente-grave-na-rodovia-candido-portinari-resultou-em-uma-vitima-fatal-e-duas-feridas\/","url":"https:\/\/verdadeon.com.br\/portal\/2024\/04\/20\/um-acidente-grave-na-rodovia-candido-portinari-resultou-em-uma-vitima-fatal-e-duas-feridas\/","name":"Um acidente grave na rodovia C\u00e2ndido Portinari resultou em uma v\u00edtima fatal e duas feridas - VerdadeOn","isPartOf":{"@id":"https:\/\/verdadeon.com.br\/portal\/#website"},"primaryImageOfPage":{"@id":"https:\/\/verdadeon.com.br\/portal\/2024\/04\/20\/um-acidente-grave-na-rodovia-candido-portinari-resultou-em-uma-vitima-fatal-e-duas-feridas\/#primaryimage"},"image":{"@id":"https:\/\/verdadeon.com.br\/portal\/2024\/04\/20\/um-acidente-grave-na-rodovia-candido-portinari-resultou-em-uma-vitima-fatal-e-duas-feridas\/#primaryimage"},"thumbnailUrl":"https:\/\/i0.wp.com\/verdadeon.com.br\/portal\/wp-content\/uploads\/2024\/04\/policia-cientifica-1024x704-1.jpg?fit=1024%2C704&ssl=1","datePublished":"2024-04-20T13:34:50+00:00","author":{"@id":"https:\/\/verdadeon.com.br\/portal\/#\/schema\/person\/a5060ad1e9ea3df545188fc93ce43d2f"},"breadcrumb":{"@id":"https:\/\/verdadeon.com.br\/portal\/2024\/04\/20\/um-acidente-grave-na-rodovia-candido-portinari-resultou-em-uma-vitima-fatal-e-duas-feridas\/#breadcrumb"},"inLanguage":"pt-BR","potentialAction":[{"@type":"ReadAction","target":["https:\/\/verdadeon.com.br\/portal\/2024\/04\/20\/um-acidente-grave-na-rodovia-candido-portinari-resultou-em-uma-vitima-fatal-e-duas-feridas\/"]}]},{"@type":"ImageObject","inLanguage":"pt-BR","@id":"https:\/\/verdadeon.com.br\/portal\/2024\/04\/20\/um-acidente-grave-na-rodovia-candido-portinari-resultou-em-uma-vitima-fatal-e-duas-feridas\/#primaryimage","url":"https:\/\/i0.wp.com\/verdadeon.com.br\/portal\/wp-content\/uploads\/2024\/04\/policia-cientifica-1024x704-1.jpg?fit=1024%2C704&ssl=1","contentUrl":"https:\/\/i0.wp.com\/verdadeon.com.br\/portal\/wp-content\/uploads\/2024\/04\/policia-cientifica-1024x704-1.jpg?fit=1024%2C704&ssl=1","width":1024,"height":704,"caption":"Pol\u00edcia Cient\u00edfica (\u00a9Imagens da Internet)"},{"@type":"BreadcrumbList","@id":"https:\/\/verdadeon.com.br\/portal\/2024\/04\/20\/um-acidente-grave-na-rodovia-candido-portinari-resultou-em-uma-vitima-fatal-e-duas-feridas\/#breadcrumb","itemListElement":[{"@type":"ListItem","position":1,"name":"In\u00edcio","item":"https:\/\/verdadeon.com.br\/portal\/"},{"@type":"ListItem","position":2,"name":"Um acidente grave na rodovia C\u00e2ndido Portinari resultou em uma v\u00edtima fatal e duas feridas"}]},{"@type":"WebSite","@id":"https:\/\/verdadeon.com.br\/portal\/#website","url":"https:\/\/verdadeon.com.br\/portal\/","name":"VerdadeOn","description":"Not\u00edcias di\u00e1rias sobre Franca, Regi\u00e3o, Esporte, Cultura, Cotidiano, Colunas. Cobertura nos principais eventos da cidade \u00e9 aqui - Verdadeon Franca","potentialAction":[{"@type":"SearchAction","target":{"@type":"EntryPoint","urlTemplate":"https:\/\/verdadeon.com.br\/portal\/?s={search_term_string}"},"query-input":{"@type":"PropertyValueSpecification","valueRequired":true,"valueName":"search_term_string"}}],"inLanguage":"pt-BR"},{"@type":"Person","@id":"https:\/\/verdadeon.com.br\/portal\/#\/schema\/person\/a5060ad1e9ea3df545188fc93ce43d2f","name":"Redacao VerdadeOn","image":{"@type":"ImageObject","inLanguage":"pt-BR","@id":"https:\/\/verdadeon.com.br\/portal\/#\/schema\/person\/image\/","url":"https:\/\/secure.gravatar.com\/avatar\/459a9613caaaf07f582c3d0841eea68bdd66f533e465e6ba8b9cb45619572cf4?s=96&d=mm&r=g","contentUrl":"https:\/\/secure.gravatar.com\/avatar\/459a9613caaaf07f582c3d0841eea68bdd66f533e465e6ba8b9cb45619572cf4?s=96&d=mm&r=g","caption":"Redacao VerdadeOn"},"url":"https:\/\/verdadeon.com.br\/portal\/author\/redacao\/"}]}},"jetpack_publicize_connections":[],"jetpack_featured_media_url":"https:\/\/i0.wp.com\/verdadeon.com.br\/portal\/wp-content\/uploads\/2024\/04\/policia-cientifica-1024x704-1.jpg?fit=1024%2C704&ssl=1","jetpack_sharing_enabled":true,"_links":{"self":[{"href":"https:\/\/verdadeon.com.br\/portal\/wp-json\/wp\/v2\/posts\/43645","targetHints":{"allow":["GET"]}}],"collection":[{"href":"https:\/\/verdadeon.com.br\/portal\/wp-json\/wp\/v2\/posts"}],"about":[{"href":"https:\/\/verdadeon.com.br\/portal\/wp-json\/wp\/v2\/types\/post"}],"author":[{"embeddable":true,"href":"https:\/\/verdadeon.com.br\/portal\/wp-json\/wp\/v2\/users\/10"}],"replies":[{"embeddable":true,"href":"https:\/\/verdadeon.com.br\/portal\/wp-json\/wp\/v2\/comments?post=43645"}],"version-history":[{"count":1,"href":"https:\/\/verdadeon.com.br\/portal\/wp-json\/wp\/v2\/posts\/43645\/revisions"}],"predecessor-version":[{"id":43647,"href":"https:\/\/verdadeon.com.br\/portal\/wp-json\/wp\/v2\/posts\/43645\/revisions\/43647"}],"wp:featuredmedia":[{"embeddable":true,"href":"https:\/\/verdadeon.com.br\/portal\/wp-json\/wp\/v2\/media\/43646"}],"wp:attachment":[{"href":"https:\/\/verdadeon.com.br\/portal\/wp-json\/wp\/v2\/media?parent=43645"}],"wp:term":[{"taxonomy":"category","embeddable":true,"href":"https:\/\/verdadeon.com.br\/portal\/wp-json\/wp\/v2\/categories?post=43645"},{"taxonomy":"post_tag","embeddable":true,"href":"https:\/\/verdadeon.com.br\/portal\/wp-json\/wp\/v2\/tags?post=43645"}],"curies":[{"name":"wp","href":"https:\/\/api.w.org\/{rel}","templated":true}]}}