{"id":43639,"date":"2024-04-20T10:06:42","date_gmt":"2024-04-20T13:06:42","guid":{"rendered":"https:\/\/verdadeon.com.br\/portal\/?p=43639"},"modified":"2024-04-20T10:06:42","modified_gmt":"2024-04-20T13:06:42","slug":"paris-2024-brasil-busca-vaga-no-revezamento-misto-da-macha-atletica","status":"publish","type":"post","link":"https:\/\/verdadeon.com.br\/portal\/2024\/04\/20\/paris-2024-brasil-busca-vaga-no-revezamento-misto-da-macha-atletica\/","title":{"rendered":"Paris 2024: Brasil busca vaga no revezamento misto da macha atl\u00e9tica"},"content":{"rendered":"<h3 class=\"col-10 offset-1 animated fadeInDown dealy-900 display-8 display-md-8 alt-font font-italic my-1 text-center\">Pa\u00eds compete domingo (21) no Mundial por equipes em Antalya (Turquia)<\/h3>\n<p>A sele\u00e7\u00e3o brasileira de atletismo disputa neste domingo (21) \u00a0o Mundial de marcha atl\u00e9tica por equipes, em Antalya (Turquia), que reunir\u00e1 431 atletas de 52 pa\u00edses, que buscam a classifica\u00e7\u00e3o para a Olimp\u00edada de Paris. Com duas vagas individuais (Caio Bonfim e Erica Sena) garantidas em Paris na prova dos 20 quil\u00f4metros, o Brasil quer carimbar mais algumas no revezamento misto, prova que estrear\u00e1 no programa ol\u00edmpico dos Jogos de Paris.<\/p>\n<p><iframe id=\"instagram-embed-0\" class=\"instagram-media instagram-media-rendered\" src=\"https:\/\/www.instagram.com\/p\/C58qKuTrwo2\/embed\/captioned\/?cr=1&amp;v=14&amp;wp=540&amp;rd=https%3A%2F%2Fagenciabrasil.ebc.com.br&amp;rp=%2Fesportes%2Fnoticia%2F2024-04%2Fparis-2024-brasil-busca-vaga-no-revezamento-misto-da-macha-atletica#%7B%22ci%22%3A0%2C%22os%22%3A494%2C%22ls%22%3A100.19999998807907%2C%22le%22%3A441.69999998807907%7D\" height=\"1140\" frameborder=\"0\" scrolling=\"no\" allowfullscreen=\"allowfullscreen\" data-instgrm-payload-id=\"instagram-media-payload-0\" data-mce-fragment=\"1\"><\/iframe><\/p>\n<p>A delega\u00e7\u00e3o brasileira conta com 14 atletas (seis mulheres e oito homens) no Mundial de Antaly. Duas duplas competir\u00e3o na maratona no revezamento misto: Caio Bonfim e Viviane Lyra, e Gabriela Muniz e Max Batista dos Santos. \u00a0Eles completar\u00e3o a dist\u00e2ncia de 42.195 km em etapas: a primeira delas &#8211; 12.195 km &#8211; ser\u00e1 percorrida por um atleta homem, e depois os atletas (mulheres e homens) se alternar\u00e3o nos demais trechos de 10 km. \u00a0As primeiras 22 equipes carimbam vaga em Paris 2024. Al\u00e9m disso, as cinco primeiras colocadas ganham o direito de garantir uma segunda dupla nos Jogos.<\/p>\n<blockquote><p>&#8220;Acredito sim que possamos conquistar essa vaga e o sentimento \u00e9 de muita esperan\u00e7a. Vamos dar o nosso melhor para representar bem o Brasil&#8221;, garantiu Caio Bonfim, j\u00e1 classifica a Paris, em declara\u00e7\u00e3o \u00e0 Confedera\u00e7\u00e3o Brasileira de Atletismo (CBAt).<\/p><\/blockquote>\n<p>Caio e Viviane j\u00e1 acumulam experi\u00eancia na prova da marcha atl\u00e9tica no revezamento misto. A dupla foi bronze no ano passado nos Jogos Pan-Americanos de Santiago (Chile).<\/p>\n<blockquote><p>&#8220;Ser\u00e1 uma grande honra representar o nosso pa\u00eds ao lado desta grande fera da marcha atl\u00e9tica, que \u00e9 o Caio Bonfim. A expectativa \u00e9 conquistar uma vaga para o Brasil entre as melhores duplas do mundo&#8221;, projetou Viviane.<\/p><\/blockquote>\n<p>Quem tamb\u00e9m est\u00e1 de olho em Paris \u00e9 Matheus Correa, que competir\u00e1 na provas dos 20 km.<\/p>\n<blockquote><p>&#8220;Estou apostando no \u00edndice para o Mundial (1h20min10s) nos 20 km que pode sair em Antalya ou no Trof\u00e9u Brasil. Vou brigar pela vaga ol\u00edmpica&#8221;, planeja Correa, que representou o Brasil na edi\u00e7\u00e3o de T\u00f3quio 2020.<\/p><\/blockquote>\n<h2>Atletas brasileiros no Mundial<\/h2>\n<p><strong>FEMININO<\/strong><\/p>\n<p>Viviane Santana Lyra &#8211; Maratona em revezamento misto<\/p>\n<p>Erica Rocha de Sena &#8211; 20km Adulto<\/p>\n<p>Gabriela de Souza Muniz (CASO-DF) &#8211;\u00a0Maratona em revezamento misto<\/p>\n<p>Mayara Luize Vicentainer &#8211; 20km Adulto<\/p>\n<p>Gabrielly Cristina dos Santos &#8211; 20km Adulto<\/p>\n<p>Thaliane Janaina Miranda da Cruz &#8211; 10km Sub-20<\/p>\n<p><strong>MASCULINO<\/strong><\/p>\n<p>Caio Oliveira de Sena Bonfim (CASO-DF) &#8211; Maratona em revezamento misto<\/p>\n<p>Matheus Gabriel de Liz Correa (AABLU-SC) &#8211; 20km Adulto<\/p>\n<p>Lucas Gomes de Souza Mazzo (CASO-DF) &#8211; 20km Adulto<\/p>\n<p>Max Batista Gon\u00e7alves dos Santos (CASO-DF) &#8211;\u00a0Maratona em revezamento misto<\/p>\n<p>Paulo Henrique Ribeiro (AABLU-SC) &#8211; 20km Adulto<\/p>\n<p>Klaubert Emanoel Ferreira de Franca (CASO-DF) &#8211; 10km Sub-20<\/p>\n<p>Jo\u00e3o Paulo Nobre De Oliveira (AMDM-CE) &#8211; 10km Sub-20<\/p>\n<p>Santiago David Gonzalez Urbina (CASO-DF) &#8211; 10km Sub-20<\/p>\n<p>&nbsp;<\/p>\n<p>Ag\u00eancia Brasil<\/p>\n","protected":false},"excerpt":{"rendered":"<p>Pa\u00eds compete domingo (21) no Mundial por equipes em Antalya (Turquia) A sele\u00e7\u00e3o brasileira de atletismo disputa neste domingo (21) \u00a0o Mundial de marcha atl\u00e9tica por<span class=\"excerpt-hellip\"> [\u2026]<\/span><\/p>\n","protected":false},"author":10,"featured_media":43640,"comment_status":"open","ping_status":"open","sticky":false,"template":"","format":"standard","meta":{"_jetpack_memberships_contains_paid_content":false,"footnotes":"","jetpack_publicize_message":"","jetpack_publicize_feature_enabled":true,"jetpack_social_post_already_shared":false,"jetpack_social_options":{"image_generator_settings":{"template":"highway","default_image_id":0,"enabled":false},"version":2}},"categories":[28,44],"tags":[],"class_list":["post-43639","post","type-post","status-publish","format-standard","has-post-thumbnail","hentry","category-cotidiano","category-noticias"],"yoast_head":"<!-- This site is optimized with the Yoast SEO plugin v25.6 - https:\/\/yoast.com\/wordpress\/plugins\/seo\/ -->\n<title>Paris 2024: Brasil busca vaga no revezamento misto da macha atl\u00e9tica - VerdadeOn<\/title>\n<meta name=\"robots\" content=\"index, follow, max-snippet:-1, max-image-preview:large, max-video-preview:-1\" \/>\n<link rel=\"canonical\" href=\"https:\/\/verdadeon.com.br\/portal\/2024\/04\/20\/paris-2024-brasil-busca-vaga-no-revezamento-misto-da-macha-atletica\/\" \/>\n<meta property=\"og:locale\" content=\"pt_BR\" \/>\n<meta property=\"og:type\" content=\"article\" \/>\n<meta property=\"og:title\" content=\"Paris 2024: Brasil busca vaga no revezamento misto da macha atl\u00e9tica - VerdadeOn\" \/>\n<meta property=\"og:description\" content=\"Pa\u00eds compete domingo (21) no Mundial por equipes em Antalya (Turquia) A sele\u00e7\u00e3o brasileira de atletismo disputa neste domingo (21) \u00a0o Mundial de marcha atl\u00e9tica por [\u2026]\" \/>\n<meta property=\"og:url\" content=\"https:\/\/verdadeon.com.br\/portal\/2024\/04\/20\/paris-2024-brasil-busca-vaga-no-revezamento-misto-da-macha-atletica\/\" \/>\n<meta property=\"og:site_name\" content=\"VerdadeOn\" \/>\n<meta property=\"article:published_time\" content=\"2024-04-20T13:06:42+00:00\" \/>\n<meta property=\"og:image\" content=\"https:\/\/i0.wp.com\/verdadeon.com.br\/portal\/wp-content\/uploads\/2024\/04\/marcha.webp?fit=1170%2C700&ssl=1\" \/>\n\t<meta property=\"og:image:width\" content=\"1170\" \/>\n\t<meta property=\"og:image:height\" content=\"700\" \/>\n\t<meta property=\"og:image:type\" content=\"image\/webp\" \/>\n<meta name=\"author\" content=\"Redacao VerdadeOn\" \/>\n<meta name=\"twitter:card\" content=\"summary_large_image\" \/>\n<meta name=\"twitter:label1\" content=\"Escrito por\" \/>\n\t<meta name=\"twitter:data1\" content=\"Redacao VerdadeOn\" \/>\n\t<meta name=\"twitter:label2\" content=\"Est. tempo de leitura\" \/>\n\t<meta name=\"twitter:data2\" content=\"3 minutos\" \/>\n<script type=\"application\/ld+json\" class=\"yoast-schema-graph\">{\"@context\":\"https:\/\/schema.org\",\"@graph\":[{\"@type\":\"WebPage\",\"@id\":\"https:\/\/verdadeon.com.br\/portal\/2024\/04\/20\/paris-2024-brasil-busca-vaga-no-revezamento-misto-da-macha-atletica\/\",\"url\":\"https:\/\/verdadeon.com.br\/portal\/2024\/04\/20\/paris-2024-brasil-busca-vaga-no-revezamento-misto-da-macha-atletica\/\",\"name\":\"Paris 2024: Brasil busca vaga no revezamento misto da macha atl\u00e9tica - VerdadeOn\",\"isPartOf\":{\"@id\":\"https:\/\/verdadeon.com.br\/portal\/#website\"},\"primaryImageOfPage\":{\"@id\":\"https:\/\/verdadeon.com.br\/portal\/2024\/04\/20\/paris-2024-brasil-busca-vaga-no-revezamento-misto-da-macha-atletica\/#primaryimage\"},\"image\":{\"@id\":\"https:\/\/verdadeon.com.br\/portal\/2024\/04\/20\/paris-2024-brasil-busca-vaga-no-revezamento-misto-da-macha-atletica\/#primaryimage\"},\"thumbnailUrl\":\"https:\/\/i0.wp.com\/verdadeon.com.br\/portal\/wp-content\/uploads\/2024\/04\/marcha.webp?fit=1170%2C700&ssl=1\",\"datePublished\":\"2024-04-20T13:06:42+00:00\",\"author\":{\"@id\":\"https:\/\/verdadeon.com.br\/portal\/#\/schema\/person\/a5060ad1e9ea3df545188fc93ce43d2f\"},\"breadcrumb\":{\"@id\":\"https:\/\/verdadeon.com.br\/portal\/2024\/04\/20\/paris-2024-brasil-busca-vaga-no-revezamento-misto-da-macha-atletica\/#breadcrumb\"},\"inLanguage\":\"pt-BR\",\"potentialAction\":[{\"@type\":\"ReadAction\",\"target\":[\"https:\/\/verdadeon.com.br\/portal\/2024\/04\/20\/paris-2024-brasil-busca-vaga-no-revezamento-misto-da-macha-atletica\/\"]}]},{\"@type\":\"ImageObject\",\"inLanguage\":\"pt-BR\",\"@id\":\"https:\/\/verdadeon.com.br\/portal\/2024\/04\/20\/paris-2024-brasil-busca-vaga-no-revezamento-misto-da-macha-atletica\/#primaryimage\",\"url\":\"https:\/\/i0.wp.com\/verdadeon.com.br\/portal\/wp-content\/uploads\/2024\/04\/marcha.webp?fit=1170%2C700&ssl=1\",\"contentUrl\":\"https:\/\/i0.wp.com\/verdadeon.com.br\/portal\/wp-content\/uploads\/2024\/04\/marcha.webp?fit=1170%2C700&ssl=1\",\"width\":1170,\"height\":700,\"caption\":\"A delega\u00e7\u00e3o brasileira conta com 14 atletas (seis mulheres e oito homens) no Mundial de Antaly. Duas duplas competir\u00e3o na maratona no revezamento misto: Caio Bonfim e Viviane Lyra, e Gabriela Muniz e Max Batista dos Santos (\u00a9Wagner Carno)\"},{\"@type\":\"BreadcrumbList\",\"@id\":\"https:\/\/verdadeon.com.br\/portal\/2024\/04\/20\/paris-2024-brasil-busca-vaga-no-revezamento-misto-da-macha-atletica\/#breadcrumb\",\"itemListElement\":[{\"@type\":\"ListItem\",\"position\":1,\"name\":\"In\u00edcio\",\"item\":\"https:\/\/verdadeon.com.br\/portal\/\"},{\"@type\":\"ListItem\",\"position\":2,\"name\":\"Paris 2024: Brasil busca vaga no revezamento misto da macha atl\u00e9tica\"}]},{\"@type\":\"WebSite\",\"@id\":\"https:\/\/verdadeon.com.br\/portal\/#website\",\"url\":\"https:\/\/verdadeon.com.br\/portal\/\",\"name\":\"VerdadeOn\",\"description\":\"Not\u00edcias di\u00e1rias sobre Franca, Regi\u00e3o, Esporte, Cultura, Cotidiano, Colunas. Cobertura nos principais eventos da cidade \u00e9 aqui - Verdadeon Franca\",\"potentialAction\":[{\"@type\":\"SearchAction\",\"target\":{\"@type\":\"EntryPoint\",\"urlTemplate\":\"https:\/\/verdadeon.com.br\/portal\/?s={search_term_string}\"},\"query-input\":{\"@type\":\"PropertyValueSpecification\",\"valueRequired\":true,\"valueName\":\"search_term_string\"}}],\"inLanguage\":\"pt-BR\"},{\"@type\":\"Person\",\"@id\":\"https:\/\/verdadeon.com.br\/portal\/#\/schema\/person\/a5060ad1e9ea3df545188fc93ce43d2f\",\"name\":\"Redacao VerdadeOn\",\"image\":{\"@type\":\"ImageObject\",\"inLanguage\":\"pt-BR\",\"@id\":\"https:\/\/verdadeon.com.br\/portal\/#\/schema\/person\/image\/\",\"url\":\"https:\/\/secure.gravatar.com\/avatar\/459a9613caaaf07f582c3d0841eea68bdd66f533e465e6ba8b9cb45619572cf4?s=96&d=mm&r=g\",\"contentUrl\":\"https:\/\/secure.gravatar.com\/avatar\/459a9613caaaf07f582c3d0841eea68bdd66f533e465e6ba8b9cb45619572cf4?s=96&d=mm&r=g\",\"caption\":\"Redacao VerdadeOn\"},\"url\":\"https:\/\/verdadeon.com.br\/portal\/author\/redacao\/\"}]}<\/script>\n<!-- \/ Yoast SEO plugin. -->","yoast_head_json":{"title":"Paris 2024: Brasil busca vaga no revezamento misto da macha atl\u00e9tica - VerdadeOn","robots":{"index":"index","follow":"follow","max-snippet":"max-snippet:-1","max-image-preview":"max-image-preview:large","max-video-preview":"max-video-preview:-1"},"canonical":"https:\/\/verdadeon.com.br\/portal\/2024\/04\/20\/paris-2024-brasil-busca-vaga-no-revezamento-misto-da-macha-atletica\/","og_locale":"pt_BR","og_type":"article","og_title":"Paris 2024: Brasil busca vaga no revezamento misto da macha atl\u00e9tica - VerdadeOn","og_description":"Pa\u00eds compete domingo (21) no Mundial por equipes em Antalya (Turquia) A sele\u00e7\u00e3o brasileira de atletismo disputa neste domingo (21) \u00a0o Mundial de marcha atl\u00e9tica por [\u2026]","og_url":"https:\/\/verdadeon.com.br\/portal\/2024\/04\/20\/paris-2024-brasil-busca-vaga-no-revezamento-misto-da-macha-atletica\/","og_site_name":"VerdadeOn","article_published_time":"2024-04-20T13:06:42+00:00","og_image":[{"width":1170,"height":700,"url":"https:\/\/i0.wp.com\/verdadeon.com.br\/portal\/wp-content\/uploads\/2024\/04\/marcha.webp?fit=1170%2C700&ssl=1","type":"image\/webp"}],"author":"Redacao VerdadeOn","twitter_card":"summary_large_image","twitter_misc":{"Escrito por":"Redacao VerdadeOn","Est. tempo de leitura":"3 minutos"},"schema":{"@context":"https:\/\/schema.org","@graph":[{"@type":"WebPage","@id":"https:\/\/verdadeon.com.br\/portal\/2024\/04\/20\/paris-2024-brasil-busca-vaga-no-revezamento-misto-da-macha-atletica\/","url":"https:\/\/verdadeon.com.br\/portal\/2024\/04\/20\/paris-2024-brasil-busca-vaga-no-revezamento-misto-da-macha-atletica\/","name":"Paris 2024: Brasil busca vaga no revezamento misto da macha atl\u00e9tica - VerdadeOn","isPartOf":{"@id":"https:\/\/verdadeon.com.br\/portal\/#website"},"primaryImageOfPage":{"@id":"https:\/\/verdadeon.com.br\/portal\/2024\/04\/20\/paris-2024-brasil-busca-vaga-no-revezamento-misto-da-macha-atletica\/#primaryimage"},"image":{"@id":"https:\/\/verdadeon.com.br\/portal\/2024\/04\/20\/paris-2024-brasil-busca-vaga-no-revezamento-misto-da-macha-atletica\/#primaryimage"},"thumbnailUrl":"https:\/\/i0.wp.com\/verdadeon.com.br\/portal\/wp-content\/uploads\/2024\/04\/marcha.webp?fit=1170%2C700&ssl=1","datePublished":"2024-04-20T13:06:42+00:00","author":{"@id":"https:\/\/verdadeon.com.br\/portal\/#\/schema\/person\/a5060ad1e9ea3df545188fc93ce43d2f"},"breadcrumb":{"@id":"https:\/\/verdadeon.com.br\/portal\/2024\/04\/20\/paris-2024-brasil-busca-vaga-no-revezamento-misto-da-macha-atletica\/#breadcrumb"},"inLanguage":"pt-BR","potentialAction":[{"@type":"ReadAction","target":["https:\/\/verdadeon.com.br\/portal\/2024\/04\/20\/paris-2024-brasil-busca-vaga-no-revezamento-misto-da-macha-atletica\/"]}]},{"@type":"ImageObject","inLanguage":"pt-BR","@id":"https:\/\/verdadeon.com.br\/portal\/2024\/04\/20\/paris-2024-brasil-busca-vaga-no-revezamento-misto-da-macha-atletica\/#primaryimage","url":"https:\/\/i0.wp.com\/verdadeon.com.br\/portal\/wp-content\/uploads\/2024\/04\/marcha.webp?fit=1170%2C700&ssl=1","contentUrl":"https:\/\/i0.wp.com\/verdadeon.com.br\/portal\/wp-content\/uploads\/2024\/04\/marcha.webp?fit=1170%2C700&ssl=1","width":1170,"height":700,"caption":"A delega\u00e7\u00e3o brasileira conta com 14 atletas (seis mulheres e oito homens) no Mundial de Antaly. Duas duplas competir\u00e3o na maratona no revezamento misto: Caio Bonfim e Viviane Lyra, e Gabriela Muniz e Max Batista dos Santos (\u00a9Wagner Carno)"},{"@type":"BreadcrumbList","@id":"https:\/\/verdadeon.com.br\/portal\/2024\/04\/20\/paris-2024-brasil-busca-vaga-no-revezamento-misto-da-macha-atletica\/#breadcrumb","itemListElement":[{"@type":"ListItem","position":1,"name":"In\u00edcio","item":"https:\/\/verdadeon.com.br\/portal\/"},{"@type":"ListItem","position":2,"name":"Paris 2024: Brasil busca vaga no revezamento misto da macha atl\u00e9tica"}]},{"@type":"WebSite","@id":"https:\/\/verdadeon.com.br\/portal\/#website","url":"https:\/\/verdadeon.com.br\/portal\/","name":"VerdadeOn","description":"Not\u00edcias di\u00e1rias sobre Franca, Regi\u00e3o, Esporte, Cultura, Cotidiano, Colunas. Cobertura nos principais eventos da cidade \u00e9 aqui - Verdadeon Franca","potentialAction":[{"@type":"SearchAction","target":{"@type":"EntryPoint","urlTemplate":"https:\/\/verdadeon.com.br\/portal\/?s={search_term_string}"},"query-input":{"@type":"PropertyValueSpecification","valueRequired":true,"valueName":"search_term_string"}}],"inLanguage":"pt-BR"},{"@type":"Person","@id":"https:\/\/verdadeon.com.br\/portal\/#\/schema\/person\/a5060ad1e9ea3df545188fc93ce43d2f","name":"Redacao VerdadeOn","image":{"@type":"ImageObject","inLanguage":"pt-BR","@id":"https:\/\/verdadeon.com.br\/portal\/#\/schema\/person\/image\/","url":"https:\/\/secure.gravatar.com\/avatar\/459a9613caaaf07f582c3d0841eea68bdd66f533e465e6ba8b9cb45619572cf4?s=96&d=mm&r=g","contentUrl":"https:\/\/secure.gravatar.com\/avatar\/459a9613caaaf07f582c3d0841eea68bdd66f533e465e6ba8b9cb45619572cf4?s=96&d=mm&r=g","caption":"Redacao VerdadeOn"},"url":"https:\/\/verdadeon.com.br\/portal\/author\/redacao\/"}]}},"jetpack_publicize_connections":[],"jetpack_featured_media_url":"https:\/\/i0.wp.com\/verdadeon.com.br\/portal\/wp-content\/uploads\/2024\/04\/marcha.webp?fit=1170%2C700&ssl=1","jetpack_sharing_enabled":true,"_links":{"self":[{"href":"https:\/\/verdadeon.com.br\/portal\/wp-json\/wp\/v2\/posts\/43639","targetHints":{"allow":["GET"]}}],"collection":[{"href":"https:\/\/verdadeon.com.br\/portal\/wp-json\/wp\/v2\/posts"}],"about":[{"href":"https:\/\/verdadeon.com.br\/portal\/wp-json\/wp\/v2\/types\/post"}],"author":[{"embeddable":true,"href":"https:\/\/verdadeon.com.br\/portal\/wp-json\/wp\/v2\/users\/10"}],"replies":[{"embeddable":true,"href":"https:\/\/verdadeon.com.br\/portal\/wp-json\/wp\/v2\/comments?post=43639"}],"version-history":[{"count":1,"href":"https:\/\/verdadeon.com.br\/portal\/wp-json\/wp\/v2\/posts\/43639\/revisions"}],"predecessor-version":[{"id":43641,"href":"https:\/\/verdadeon.com.br\/portal\/wp-json\/wp\/v2\/posts\/43639\/revisions\/43641"}],"wp:featuredmedia":[{"embeddable":true,"href":"https:\/\/verdadeon.com.br\/portal\/wp-json\/wp\/v2\/media\/43640"}],"wp:attachment":[{"href":"https:\/\/verdadeon.com.br\/portal\/wp-json\/wp\/v2\/media?parent=43639"}],"wp:term":[{"taxonomy":"category","embeddable":true,"href":"https:\/\/verdadeon.com.br\/portal\/wp-json\/wp\/v2\/categories?post=43639"},{"taxonomy":"post_tag","embeddable":true,"href":"https:\/\/verdadeon.com.br\/portal\/wp-json\/wp\/v2\/tags?post=43639"}],"curies":[{"name":"wp","href":"https:\/\/api.w.org\/{rel}","templated":true}]}}