{"id":43249,"date":"2024-04-13T12:30:20","date_gmt":"2024-04-13T15:30:20","guid":{"rendered":"https:\/\/verdadeon.com.br\/portal\/?p=43249"},"modified":"2024-04-13T12:30:52","modified_gmt":"2024-04-13T15:30:52","slug":"confira-a-programacao-do-servico-de-fumace-para-os-proximos-dias-na-cidade-de-franca","status":"publish","type":"post","link":"https:\/\/verdadeon.com.br\/portal\/2024\/04\/13\/confira-a-programacao-do-servico-de-fumace-para-os-proximos-dias-na-cidade-de-franca\/","title":{"rendered":"Confira a programa\u00e7\u00e3o do servi\u00e7o de fumac\u00ea para os pr\u00f3ximos dias na cidade de Franca"},"content":{"rendered":"<h4>Os bairros ser\u00e3o selecionados com base nas regi\u00f5es com maior incid\u00eancia de casos de dengue<\/h4>\n<p>&nbsp;<\/p>\n<p>O Departamento de Vigil\u00e2ncia em Sa\u00fade de Franca continua suas opera\u00e7\u00f5es de combate e elimina\u00e7\u00e3o dos criadouros do mosquito da dengue, por meio do trabalho dos agentes de sa\u00fade, que est\u00e3o visitando resid\u00eancias e estabelecimentos comerciais, identificados por seus uniformes e credenciais. Al\u00e9m disso, o servi\u00e7o de nebuliza\u00e7\u00e3o, conhecido como &#8216;fumac\u00ea&#8217;, est\u00e1 sendo realizado em todas as regi\u00f5es da cidade.<\/p>\n<p>Na \u00faltima quinta-feira, a partir das 18 horas, o bairro S\u00e3o Joaquim recebeu a nebuliza\u00e7\u00e3o.<\/p>\n<p>Para a pr\u00f3xima segunda-feira, dia 15, a nebuliza\u00e7\u00e3o ir\u00e1 abranger a \u00e1rea central, indo do centro at\u00e9 a Avenida Dr. Ismael Alonso y Alonso, incluindo as ruas do Com\u00e9rcio, Volunt\u00e1rios da Franca, at\u00e9 a Avenida Major Nic\u00e1cio. Na ter\u00e7a-feira, dia 16, ser\u00e1 a vez das Vilas Santa Luzia e Concei\u00e7\u00e3o Leite.<\/p>\n<p>Na quarta-feira, dia 17, o &#8216;fumac\u00ea&#8217; ser\u00e1 realizado no prolongamento do Jardim \u00c2ngela Rosa e Jovita de Melo. J\u00e1 na quinta-feira, dia 18, ser\u00e1 atendido o Jardim Portinari.<\/p>\n<p>A escolha dos bairros ou regi\u00f5es \u00e9 baseada nos n\u00fameros que indicam os locais com maior incid\u00eancia da doen\u00e7a.<\/p>\n<p>Divulga\u00e7\u00f5es est\u00e3o sendo feitas nos dias que antecedem o &#8216;fumac\u00ea&#8217;, fornecendo orienta\u00e7\u00f5es necess\u00e1rias.<\/p>\n<p>Durante a nebuliza\u00e7\u00e3o, \u00e9 importante que os moradores deixem suas portas e janelas abertas para que o produto possa adentrar as resid\u00eancias. Vale ressaltar que o material utilizado n\u00e3o representa risco \u00e0 sa\u00fade das pessoas nem dos animais, por\u00e9m \u00e9 recomend\u00e1vel que vasilhas de \u00e1gua e comida dos animais dom\u00e9sticos sejam cobertas.<\/p>\n<p>&nbsp;<\/p>\n","protected":false},"excerpt":{"rendered":"<p>Os bairros ser\u00e3o selecionados com base nas regi\u00f5es com maior incid\u00eancia de casos de dengue &nbsp; O Departamento de Vigil\u00e2ncia em Sa\u00fade de Franca continua suas<span class=\"excerpt-hellip\"> [\u2026]<\/span><\/p>\n","protected":false},"author":10,"featured_media":43250,"comment_status":"open","ping_status":"open","sticky":false,"template":"","format":"standard","meta":{"_jetpack_memberships_contains_paid_content":false,"footnotes":"","jetpack_publicize_message":"","jetpack_publicize_feature_enabled":true,"jetpack_social_post_already_shared":false,"jetpack_social_options":{"image_generator_settings":{"template":"highway","default_image_id":0,"enabled":false},"version":2}},"categories":[28,44],"tags":[],"class_list":["post-43249","post","type-post","status-publish","format-standard","has-post-thumbnail","hentry","category-cotidiano","category-noticias"],"yoast_head":"<!-- This site is optimized with the Yoast SEO plugin v25.6 - https:\/\/yoast.com\/wordpress\/plugins\/seo\/ -->\n<title>Confira a programa\u00e7\u00e3o do servi\u00e7o de fumac\u00ea para os pr\u00f3ximos dias na cidade de Franca - VerdadeOn<\/title>\n<meta name=\"robots\" content=\"index, follow, max-snippet:-1, max-image-preview:large, max-video-preview:-1\" \/>\n<link rel=\"canonical\" href=\"https:\/\/verdadeon.com.br\/portal\/2024\/04\/13\/confira-a-programacao-do-servico-de-fumace-para-os-proximos-dias-na-cidade-de-franca\/\" \/>\n<meta property=\"og:locale\" content=\"pt_BR\" \/>\n<meta property=\"og:type\" content=\"article\" \/>\n<meta property=\"og:title\" content=\"Confira a programa\u00e7\u00e3o do servi\u00e7o de fumac\u00ea para os pr\u00f3ximos dias na cidade de Franca - VerdadeOn\" \/>\n<meta property=\"og:description\" content=\"Os bairros ser\u00e3o selecionados com base nas regi\u00f5es com maior incid\u00eancia de casos de dengue &nbsp; O Departamento de Vigil\u00e2ncia em Sa\u00fade de Franca continua suas [\u2026]\" \/>\n<meta property=\"og:url\" content=\"https:\/\/verdadeon.com.br\/portal\/2024\/04\/13\/confira-a-programacao-do-servico-de-fumace-para-os-proximos-dias-na-cidade-de-franca\/\" \/>\n<meta property=\"og:site_name\" content=\"VerdadeOn\" \/>\n<meta property=\"article:published_time\" content=\"2024-04-13T15:30:20+00:00\" \/>\n<meta property=\"article:modified_time\" content=\"2024-04-13T15:30:52+00:00\" \/>\n<meta property=\"og:image\" content=\"https:\/\/verdadeon.com.br\/portal\/wp-content\/uploads\/2024\/04\/FUMACE.jpg\" \/>\n\t<meta property=\"og:image:width\" content=\"1920\" \/>\n\t<meta property=\"og:image:height\" content=\"1080\" \/>\n\t<meta property=\"og:image:type\" content=\"image\/jpeg\" \/>\n<meta name=\"author\" content=\"Redacao VerdadeOn\" \/>\n<meta name=\"twitter:card\" content=\"summary_large_image\" \/>\n<meta name=\"twitter:label1\" content=\"Escrito por\" \/>\n\t<meta name=\"twitter:data1\" content=\"Redacao VerdadeOn\" \/>\n\t<meta name=\"twitter:label2\" content=\"Est. tempo de leitura\" \/>\n\t<meta name=\"twitter:data2\" content=\"2 minutos\" \/>\n<script type=\"application\/ld+json\" class=\"yoast-schema-graph\">{\"@context\":\"https:\/\/schema.org\",\"@graph\":[{\"@type\":\"WebPage\",\"@id\":\"https:\/\/verdadeon.com.br\/portal\/2024\/04\/13\/confira-a-programacao-do-servico-de-fumace-para-os-proximos-dias-na-cidade-de-franca\/\",\"url\":\"https:\/\/verdadeon.com.br\/portal\/2024\/04\/13\/confira-a-programacao-do-servico-de-fumace-para-os-proximos-dias-na-cidade-de-franca\/\",\"name\":\"Confira a programa\u00e7\u00e3o do servi\u00e7o de fumac\u00ea para os pr\u00f3ximos dias na cidade de Franca - VerdadeOn\",\"isPartOf\":{\"@id\":\"https:\/\/verdadeon.com.br\/portal\/#website\"},\"primaryImageOfPage\":{\"@id\":\"https:\/\/verdadeon.com.br\/portal\/2024\/04\/13\/confira-a-programacao-do-servico-de-fumace-para-os-proximos-dias-na-cidade-de-franca\/#primaryimage\"},\"image\":{\"@id\":\"https:\/\/verdadeon.com.br\/portal\/2024\/04\/13\/confira-a-programacao-do-servico-de-fumace-para-os-proximos-dias-na-cidade-de-franca\/#primaryimage\"},\"thumbnailUrl\":\"https:\/\/i0.wp.com\/verdadeon.com.br\/portal\/wp-content\/uploads\/2024\/04\/FUMACE.jpg?fit=1920%2C1080&ssl=1\",\"datePublished\":\"2024-04-13T15:30:20+00:00\",\"dateModified\":\"2024-04-13T15:30:52+00:00\",\"author\":{\"@id\":\"https:\/\/verdadeon.com.br\/portal\/#\/schema\/person\/a5060ad1e9ea3df545188fc93ce43d2f\"},\"breadcrumb\":{\"@id\":\"https:\/\/verdadeon.com.br\/portal\/2024\/04\/13\/confira-a-programacao-do-servico-de-fumace-para-os-proximos-dias-na-cidade-de-franca\/#breadcrumb\"},\"inLanguage\":\"pt-BR\",\"potentialAction\":[{\"@type\":\"ReadAction\",\"target\":[\"https:\/\/verdadeon.com.br\/portal\/2024\/04\/13\/confira-a-programacao-do-servico-de-fumace-para-os-proximos-dias-na-cidade-de-franca\/\"]}]},{\"@type\":\"ImageObject\",\"inLanguage\":\"pt-BR\",\"@id\":\"https:\/\/verdadeon.com.br\/portal\/2024\/04\/13\/confira-a-programacao-do-servico-de-fumace-para-os-proximos-dias-na-cidade-de-franca\/#primaryimage\",\"url\":\"https:\/\/i0.wp.com\/verdadeon.com.br\/portal\/wp-content\/uploads\/2024\/04\/FUMACE.jpg?fit=1920%2C1080&ssl=1\",\"contentUrl\":\"https:\/\/i0.wp.com\/verdadeon.com.br\/portal\/wp-content\/uploads\/2024\/04\/FUMACE.jpg?fit=1920%2C1080&ssl=1\",\"width\":1920,\"height\":1080,\"caption\":\"A Secretaria de Sa\u00fade segue na pr\u00f3xima semana com o \u201cfumac\u00ea\u201d para ajudar no controle e combate ao mosquito transmissor da dengue (\u00a9banco de imagens)\"},{\"@type\":\"BreadcrumbList\",\"@id\":\"https:\/\/verdadeon.com.br\/portal\/2024\/04\/13\/confira-a-programacao-do-servico-de-fumace-para-os-proximos-dias-na-cidade-de-franca\/#breadcrumb\",\"itemListElement\":[{\"@type\":\"ListItem\",\"position\":1,\"name\":\"In\u00edcio\",\"item\":\"https:\/\/verdadeon.com.br\/portal\/\"},{\"@type\":\"ListItem\",\"position\":2,\"name\":\"Confira a programa\u00e7\u00e3o do servi\u00e7o de fumac\u00ea para os pr\u00f3ximos dias na cidade de Franca\"}]},{\"@type\":\"WebSite\",\"@id\":\"https:\/\/verdadeon.com.br\/portal\/#website\",\"url\":\"https:\/\/verdadeon.com.br\/portal\/\",\"name\":\"VerdadeOn\",\"description\":\"Not\u00edcias di\u00e1rias sobre Franca, Regi\u00e3o, Esporte, Cultura, Cotidiano, Colunas. Cobertura nos principais eventos da cidade \u00e9 aqui - Verdadeon Franca\",\"potentialAction\":[{\"@type\":\"SearchAction\",\"target\":{\"@type\":\"EntryPoint\",\"urlTemplate\":\"https:\/\/verdadeon.com.br\/portal\/?s={search_term_string}\"},\"query-input\":{\"@type\":\"PropertyValueSpecification\",\"valueRequired\":true,\"valueName\":\"search_term_string\"}}],\"inLanguage\":\"pt-BR\"},{\"@type\":\"Person\",\"@id\":\"https:\/\/verdadeon.com.br\/portal\/#\/schema\/person\/a5060ad1e9ea3df545188fc93ce43d2f\",\"name\":\"Redacao VerdadeOn\",\"image\":{\"@type\":\"ImageObject\",\"inLanguage\":\"pt-BR\",\"@id\":\"https:\/\/verdadeon.com.br\/portal\/#\/schema\/person\/image\/\",\"url\":\"https:\/\/secure.gravatar.com\/avatar\/459a9613caaaf07f582c3d0841eea68bdd66f533e465e6ba8b9cb45619572cf4?s=96&d=mm&r=g\",\"contentUrl\":\"https:\/\/secure.gravatar.com\/avatar\/459a9613caaaf07f582c3d0841eea68bdd66f533e465e6ba8b9cb45619572cf4?s=96&d=mm&r=g\",\"caption\":\"Redacao VerdadeOn\"},\"url\":\"https:\/\/verdadeon.com.br\/portal\/author\/redacao\/\"}]}<\/script>\n<!-- \/ Yoast SEO plugin. -->","yoast_head_json":{"title":"Confira a programa\u00e7\u00e3o do servi\u00e7o de fumac\u00ea para os pr\u00f3ximos dias na cidade de Franca - VerdadeOn","robots":{"index":"index","follow":"follow","max-snippet":"max-snippet:-1","max-image-preview":"max-image-preview:large","max-video-preview":"max-video-preview:-1"},"canonical":"https:\/\/verdadeon.com.br\/portal\/2024\/04\/13\/confira-a-programacao-do-servico-de-fumace-para-os-proximos-dias-na-cidade-de-franca\/","og_locale":"pt_BR","og_type":"article","og_title":"Confira a programa\u00e7\u00e3o do servi\u00e7o de fumac\u00ea para os pr\u00f3ximos dias na cidade de Franca - VerdadeOn","og_description":"Os bairros ser\u00e3o selecionados com base nas regi\u00f5es com maior incid\u00eancia de casos de dengue &nbsp; O Departamento de Vigil\u00e2ncia em Sa\u00fade de Franca continua suas [\u2026]","og_url":"https:\/\/verdadeon.com.br\/portal\/2024\/04\/13\/confira-a-programacao-do-servico-de-fumace-para-os-proximos-dias-na-cidade-de-franca\/","og_site_name":"VerdadeOn","article_published_time":"2024-04-13T15:30:20+00:00","article_modified_time":"2024-04-13T15:30:52+00:00","og_image":[{"width":1920,"height":1080,"url":"https:\/\/verdadeon.com.br\/portal\/wp-content\/uploads\/2024\/04\/FUMACE.jpg","type":"image\/jpeg"}],"author":"Redacao VerdadeOn","twitter_card":"summary_large_image","twitter_misc":{"Escrito por":"Redacao VerdadeOn","Est. tempo de leitura":"2 minutos"},"schema":{"@context":"https:\/\/schema.org","@graph":[{"@type":"WebPage","@id":"https:\/\/verdadeon.com.br\/portal\/2024\/04\/13\/confira-a-programacao-do-servico-de-fumace-para-os-proximos-dias-na-cidade-de-franca\/","url":"https:\/\/verdadeon.com.br\/portal\/2024\/04\/13\/confira-a-programacao-do-servico-de-fumace-para-os-proximos-dias-na-cidade-de-franca\/","name":"Confira a programa\u00e7\u00e3o do servi\u00e7o de fumac\u00ea para os pr\u00f3ximos dias na cidade de Franca - VerdadeOn","isPartOf":{"@id":"https:\/\/verdadeon.com.br\/portal\/#website"},"primaryImageOfPage":{"@id":"https:\/\/verdadeon.com.br\/portal\/2024\/04\/13\/confira-a-programacao-do-servico-de-fumace-para-os-proximos-dias-na-cidade-de-franca\/#primaryimage"},"image":{"@id":"https:\/\/verdadeon.com.br\/portal\/2024\/04\/13\/confira-a-programacao-do-servico-de-fumace-para-os-proximos-dias-na-cidade-de-franca\/#primaryimage"},"thumbnailUrl":"https:\/\/i0.wp.com\/verdadeon.com.br\/portal\/wp-content\/uploads\/2024\/04\/FUMACE.jpg?fit=1920%2C1080&ssl=1","datePublished":"2024-04-13T15:30:20+00:00","dateModified":"2024-04-13T15:30:52+00:00","author":{"@id":"https:\/\/verdadeon.com.br\/portal\/#\/schema\/person\/a5060ad1e9ea3df545188fc93ce43d2f"},"breadcrumb":{"@id":"https:\/\/verdadeon.com.br\/portal\/2024\/04\/13\/confira-a-programacao-do-servico-de-fumace-para-os-proximos-dias-na-cidade-de-franca\/#breadcrumb"},"inLanguage":"pt-BR","potentialAction":[{"@type":"ReadAction","target":["https:\/\/verdadeon.com.br\/portal\/2024\/04\/13\/confira-a-programacao-do-servico-de-fumace-para-os-proximos-dias-na-cidade-de-franca\/"]}]},{"@type":"ImageObject","inLanguage":"pt-BR","@id":"https:\/\/verdadeon.com.br\/portal\/2024\/04\/13\/confira-a-programacao-do-servico-de-fumace-para-os-proximos-dias-na-cidade-de-franca\/#primaryimage","url":"https:\/\/i0.wp.com\/verdadeon.com.br\/portal\/wp-content\/uploads\/2024\/04\/FUMACE.jpg?fit=1920%2C1080&ssl=1","contentUrl":"https:\/\/i0.wp.com\/verdadeon.com.br\/portal\/wp-content\/uploads\/2024\/04\/FUMACE.jpg?fit=1920%2C1080&ssl=1","width":1920,"height":1080,"caption":"A Secretaria de Sa\u00fade segue na pr\u00f3xima semana com o \u201cfumac\u00ea\u201d para ajudar no controle e combate ao mosquito transmissor da dengue (\u00a9banco de imagens)"},{"@type":"BreadcrumbList","@id":"https:\/\/verdadeon.com.br\/portal\/2024\/04\/13\/confira-a-programacao-do-servico-de-fumace-para-os-proximos-dias-na-cidade-de-franca\/#breadcrumb","itemListElement":[{"@type":"ListItem","position":1,"name":"In\u00edcio","item":"https:\/\/verdadeon.com.br\/portal\/"},{"@type":"ListItem","position":2,"name":"Confira a programa\u00e7\u00e3o do servi\u00e7o de fumac\u00ea para os pr\u00f3ximos dias na cidade de Franca"}]},{"@type":"WebSite","@id":"https:\/\/verdadeon.com.br\/portal\/#website","url":"https:\/\/verdadeon.com.br\/portal\/","name":"VerdadeOn","description":"Not\u00edcias di\u00e1rias sobre Franca, Regi\u00e3o, Esporte, Cultura, Cotidiano, Colunas. Cobertura nos principais eventos da cidade \u00e9 aqui - Verdadeon Franca","potentialAction":[{"@type":"SearchAction","target":{"@type":"EntryPoint","urlTemplate":"https:\/\/verdadeon.com.br\/portal\/?s={search_term_string}"},"query-input":{"@type":"PropertyValueSpecification","valueRequired":true,"valueName":"search_term_string"}}],"inLanguage":"pt-BR"},{"@type":"Person","@id":"https:\/\/verdadeon.com.br\/portal\/#\/schema\/person\/a5060ad1e9ea3df545188fc93ce43d2f","name":"Redacao VerdadeOn","image":{"@type":"ImageObject","inLanguage":"pt-BR","@id":"https:\/\/verdadeon.com.br\/portal\/#\/schema\/person\/image\/","url":"https:\/\/secure.gravatar.com\/avatar\/459a9613caaaf07f582c3d0841eea68bdd66f533e465e6ba8b9cb45619572cf4?s=96&d=mm&r=g","contentUrl":"https:\/\/secure.gravatar.com\/avatar\/459a9613caaaf07f582c3d0841eea68bdd66f533e465e6ba8b9cb45619572cf4?s=96&d=mm&r=g","caption":"Redacao VerdadeOn"},"url":"https:\/\/verdadeon.com.br\/portal\/author\/redacao\/"}]}},"jetpack_publicize_connections":[],"jetpack_featured_media_url":"https:\/\/i0.wp.com\/verdadeon.com.br\/portal\/wp-content\/uploads\/2024\/04\/FUMACE.jpg?fit=1920%2C1080&ssl=1","jetpack_sharing_enabled":true,"_links":{"self":[{"href":"https:\/\/verdadeon.com.br\/portal\/wp-json\/wp\/v2\/posts\/43249","targetHints":{"allow":["GET"]}}],"collection":[{"href":"https:\/\/verdadeon.com.br\/portal\/wp-json\/wp\/v2\/posts"}],"about":[{"href":"https:\/\/verdadeon.com.br\/portal\/wp-json\/wp\/v2\/types\/post"}],"author":[{"embeddable":true,"href":"https:\/\/verdadeon.com.br\/portal\/wp-json\/wp\/v2\/users\/10"}],"replies":[{"embeddable":true,"href":"https:\/\/verdadeon.com.br\/portal\/wp-json\/wp\/v2\/comments?post=43249"}],"version-history":[{"count":2,"href":"https:\/\/verdadeon.com.br\/portal\/wp-json\/wp\/v2\/posts\/43249\/revisions"}],"predecessor-version":[{"id":43280,"href":"https:\/\/verdadeon.com.br\/portal\/wp-json\/wp\/v2\/posts\/43249\/revisions\/43280"}],"wp:featuredmedia":[{"embeddable":true,"href":"https:\/\/verdadeon.com.br\/portal\/wp-json\/wp\/v2\/media\/43250"}],"wp:attachment":[{"href":"https:\/\/verdadeon.com.br\/portal\/wp-json\/wp\/v2\/media?parent=43249"}],"wp:term":[{"taxonomy":"category","embeddable":true,"href":"https:\/\/verdadeon.com.br\/portal\/wp-json\/wp\/v2\/categories?post=43249"},{"taxonomy":"post_tag","embeddable":true,"href":"https:\/\/verdadeon.com.br\/portal\/wp-json\/wp\/v2\/tags?post=43249"}],"curies":[{"name":"wp","href":"https:\/\/api.w.org\/{rel}","templated":true}]}}