{"id":43245,"date":"2024-04-13T12:41:29","date_gmt":"2024-04-13T15:41:29","guid":{"rendered":"https:\/\/verdadeon.com.br\/portal\/?p=43245"},"modified":"2024-04-13T12:41:13","modified_gmt":"2024-04-13T15:41:13","slug":"em-franca-o-fundo-social-de-solidariedade-fussol-decidiu-antecipar-a-campanha-do-agasalho","status":"publish","type":"post","link":"https:\/\/verdadeon.com.br\/portal\/2024\/04\/13\/em-franca-o-fundo-social-de-solidariedade-fussol-decidiu-antecipar-a-campanha-do-agasalho\/","title":{"rendered":"O Fundo Social de Solidariedade (FUSSOL) de Franca surpreende ao antecipar a Campanha do Agasalho"},"content":{"rendered":"<h4>Este ano, a campanha &#8220;Aque\u00e7a Cora\u00e7\u00f5es: Doe Calor&#8221; ser\u00e1 lan\u00e7ada em 15 de abril.<\/h4>\n<p>&nbsp;<\/p>\n<p>Na \u00faltima quarta-feira, 10 de abril, o Fundo Social de Solidariedade de Franca surpreendeu ao anunciar a antecipa\u00e7\u00e3o da t\u00e3o aguardada Campanha do Agasalho deste ano. A decis\u00e3o foi estrategicamente tomada visando ampliar o per\u00edodo de arrecada\u00e7\u00e3o e distribui\u00e7\u00e3o de roupas, cobertores e cal\u00e7ados, tendo em mente a urg\u00eancia de atender \u00e0 popula\u00e7\u00e3o mais vulner\u00e1vel durante os per\u00edodos de baixas temperaturas.<\/p>\n<p>Diferentemente dos anos anteriores, em que a campanha costumava come\u00e7ar em meados de maio, este ano ela ser\u00e1 lan\u00e7ada j\u00e1 na pr\u00f3xima segunda-feira, dia 15 de abril, e se estender\u00e1 at\u00e9 o final de julho. Sob o sugestivo tema &#8220;Esquente seu cora\u00e7\u00e3o e a vida de quem necessita&#8221;, a iniciativa promete mobilizar toda a comunidade franca para ajudar aqueles que mais precisam.<\/p>\n<p>Para garantir o sucesso da campanha, est\u00e3o sendo preparados 77 postos de coleta estrategicamente distribu\u00eddos em diversos locais da cidade. Escolas municipais e particulares, creches, supermercados, farm\u00e1cias, postos de combust\u00edveis, laborat\u00f3rios, lojas, hotel, Pol\u00edcia Militar e at\u00e9 mesmo o pr\u00e9dio da Prefeitura (Pa\u00e7o Municipal) ser\u00e3o pontos de recebimento das doa\u00e7\u00f5es.<\/p>\n<p>As caixas de arrecada\u00e7\u00e3o j\u00e1 come\u00e7ar\u00e3o a ser distribu\u00eddas nos locais at\u00e9 sexta-feira, garantindo que estejam prontas para receber as generosas doa\u00e7\u00f5es a partir da segunda-feira seguinte.<\/p>\n<p>Empresas que desejarem fazer parte deste nobre esfor\u00e7o de solidariedade devem contatar o Fundo Social de Solidariedade para formalizar sua ades\u00e3o.<\/p>\n<p>A campanha aceitar\u00e1 cobertores novos e usados, roupas e cal\u00e7ados em boas condi\u00e7\u00f5es de uso, garantindo que cada doa\u00e7\u00e3o fa\u00e7a a diferen\u00e7a na vida de crian\u00e7as, adultos e idosos durante os rigorosos meses de frio.<\/p>\n<p>Cynthia Milhim Ferreira, presidente do Fundo Social de Solidariedade, conclama a popula\u00e7\u00e3o franca a unir for\u00e7as e contribuir com este importante trabalho, doando pe\u00e7as em bom estado de conserva\u00e7\u00e3o para ajudar a aquecer os cora\u00e7\u00f5es e as vidas dos menos favorecidos.<\/p>\n<p>Com um hist\u00f3rico de sucesso, a Campanha do Agasalho nos anos anteriores arrecadou mais de 8.800 pe\u00e7as, mostrando o grande potencial de solidariedade da comunidade.<\/p>\n<p>Para mais informa\u00e7\u00f5es sobre como contribuir ou participar da campanha, os interessados podem entrar em contato pelo telefone (16) 3711-9311.<\/p>\n<p>Segue abaixo a lista dos pontos de coleta da Campanha do Agasalho 2024:<\/p>\n<p><strong>Prefeitura de Franca \u2013 Pa\u00e7o Municipal<\/strong><\/p>\n<p><strong>CCBEU<\/strong><br \/>\nAv. Major Nic\u00e1cio, 1907<\/p>\n<p><strong>Posto Galo Branco<\/strong><br \/>\nAvenida Ant\u00f4nio Barbosa Filho, 101 \u2013 Jardim Pedreiras<\/p>\n<p><strong>Supermercado Lopes<\/strong><br \/>\nLoja 1: Rua Marco Aur\u00e9lio de Luca, 2021 \u2013 Parque Progresso<br \/>\nLoja 2: Rua Major Moura Matos, 639 \u2013 Vila Rezende<br \/>\nLoja 3: Avenida Carlos Roberto Haddad, 594 \u2013 Jardim Aeroporto I<br \/>\nLoja 4: Avenida. Professor Moacir Vieira Coelho, 3849 \u2013 Residencial Nosso Lar<\/p>\n<p><strong>Droga Farma<\/strong><br \/>\nMatriz: Rua Francisco Marques, 780 \u2013 Vila Santos Dumont<br \/>\nFilial 02 \u2013 Avenida Presidente Vargas, 230 \u2013 Cidade Nova<br \/>\nFilial 05 \u2013 Rua Marco Aur\u00e9lio de Luca, 2058 \u2013 Parque Progresso<br \/>\nFilial 07 -Avenida Carlos Roberto Haddad, 558 \u2013 Jardim Aeroporto I<br \/>\nFilial 08 \u2013 Av. Doutor Abrah\u00e3o Brickman, 1011 \u2013 Jd Portinari<br \/>\nFilial 09 \u2013 Avenida Santos Dumont, 1240- S\u00e3o Joaquim<br \/>\nFilial 18 \u2013 Rua Reynaldo Chioca, 1040 \u2013 Parque Progresso<br \/>\nFilial 20 \u2013 Avenida Dr Chafic Facury, 4761 \u2013 Prolongamento Jardim \u00c2ngela Rosa<br \/>\nFilial 26 \u2013 Avenida Brasil, 1235 -Vila Aparecida<br \/>\nFilial 29 \u2013 Rua Afonso Pena, 1166 \u2013 Cidade Nova<br \/>\nFilial 34 \u2013 Avenida Dr Chafic Facury, 2805 \u2013 Prolongamento Jardim \u00c2ngela Rosa<br \/>\nFilial 36 \u2013 Avenida Paulo Roberto Cavalheiro Coelho, 1831 \u2013 Parque do Castelo<\/p>\n<p><strong>Savegnago<\/strong><br \/>\nLoja 11: Rua Saldanha Marinho, 2151- Centro<br \/>\nLoja 12: Avenida Jos\u00e9 da Silva, 3913 \u2013 Jardim Maria Rosa<br \/>\nLoja 14: Avenida Brasil, 1281 \u2013 Vila Aparecida<br \/>\nLoja 32: Avenida Nelson Nogueira, 2211 \u2013 Jardim Pulicano<br \/>\nLoja 50: Avenida Paulo Roberto Cavalheiro Coelho, 1911 \u2013 Parque do Castelo \u2013<\/p>\n<p><strong>Laborat\u00f3rio Labcenter<\/strong><br \/>\nRua Floriano Peixoto, 1710 \u2013 Centro<br \/>\nRua Ouvidor Freire, 1501<\/p>\n<p><strong>UNI MASTER<\/strong><br \/>\nRua Major Claudiano, 2281 \u2013 Centro<\/p>\n<p><strong>Batalh\u00e3o da Policia Militar<\/strong><br \/>\n15\u00ba Batalh\u00e3o<br \/>\n1\u00aa Companhia da Pol\u00edcia Militar \u2013 em frente \u00e0 Rodovi\u00e1ria<br \/>\n5\u00aa Companhia da Pol\u00edcia Militar \u2013 ao lado do Parque Fernando Costa<\/p>\n<p><strong>Creche Euripedes Barsanulfo<\/strong><br \/>\nRua Geraldo Bombiciano, 2780 \u2013 Vila Europa<\/p>\n<p><strong>Hotel Dan Inn<\/strong><br \/>\nRua Alfredo Tosi, 1088 \u2013 N\u00facleo Agricola Alpha<\/p>\n<p><strong>Escola Vivenda<\/strong><br \/>\nAvenida Dr. Armando de Salles Oliveira, 380 \u2013 Parque Universit\u00e1rio<\/p>\n<p><strong>Secretaria da AEC Castelinho<\/strong><br \/>\nAvenida Miguel S\u00e1bio de Melo, 351<\/p>\n<p><strong>Pet Shop Rota do Pet<\/strong><br \/>\nAvenida Dr Ismael Alonso Y Alonso, 3563<\/p>\n<p><strong>Escolas Municipais<\/strong><br \/>\nEMEB Prof. Aldo Prata<br \/>\nAvenida S\u00e3o Pedro, 601 \u2013 City Petr\u00f3polis<\/p>\n<p>EMEB Prof\u00aa. Ana Rosa de Lima Barbosa<br \/>\nRua Waldomiro Gon\u00e7alves, 191 \u2013 Parque do Horto<\/p>\n<p>EMEB Prof. Florestan Fernandes<br \/>\nRua Raquel Jacintho Mesquita, 900 \u2013 Jd. Vera Cruz<\/p>\n<p>EMEB Prof\u00aa. Maria \u00c2ngela David Henrique dos Santos<br \/>\nAvenida Paulo Duarte, 235 \u2013 Parque Vicente Leporace I<\/p>\n<p>EMEB Prof\u00aa. Maria Brizabela Bruxellas Zinader<br \/>\nRua Wilson David, 2640 \u2013 Jardim Lu\u00edza I<\/p>\n<p>EMEB Prof. Mitermair Alves Barbosa<br \/>\nRua Maria de F\u00e1tima C\u00e1ceres Mercuri, 3185 \u2013 Jardim Lu\u00edza II<\/p>\n<p>EMEB Rev. Prof. Nicanor Xavier da Cunha<br \/>\nRua Ana Aguilar, 1601 \u2013 Nova Franca<\/p>\n<p>EMEI Prof. Walter Costa<br \/>\nRua Em\u00edlio Bruxelas, 3556 \u2013 Parque S\u00e3o Jorge<\/p>\n<p>EMEB Prof\u00aa. Ol\u00edvia Corr\u00eaa Costa<br \/>\nRua Ant\u00f4nio Miras Molina, 4700 \u2013 Jardim Paineiras<\/p>\n<p>EMEB Prof\u00aa. Sueli Contini Marques<br \/>\nRua Mamede Silva, 2771 \u2013 Jardim Tropical<\/p>\n<p>EMEB Prof\u00aa. Val\u00e9ria Teresa Spessoto Figueiredo Penna<br \/>\nRua Erothildes Teodoro Pereira, 1060 \u2013 Parque Vicente Leporace III<\/p>\n<p>EMEB Dr. Valeriano Gomes do Nascimento CAIC<br \/>\nRua Jos\u00e9 Gianesella, 581 \u2013 City Petr\u00f3polis<\/p>\n<p>EM Prof\u00aa. Maria Helena Rosa Barbosa<br \/>\nRua Jo\u00e3o Francisco Murzi, 5210 \u2013 Jardim Redentor<\/p>\n<p>EMEB Prof. Ant\u00f4nio Manoel de Paula<br \/>\nAvenida Gabriela Almeida de Piraj\u00e1, 671 \u2013 Jardim Aeroporto II<\/p>\n<p>EMEB Prof\u00aa. Christianne Dezuani Dias de Oliveira<br \/>\nRua Maria de Lourdes Magrin do Val, 6100 \u2013 Vila Real<\/p>\n<p>EMEB Prof. Fausto Alexandre Souza Teodoro<br \/>\nRua Carlos Maranha, 2021 \u2013 Jardim Santa Barbara<\/p>\n<p>EMEB Frei Germano de Annecy<br \/>\nRua Fued Zacarias Cury, 1230 \u2013 Parque Progresso<\/p>\n<p>EMEB Prof. H\u00e9lio Paulino Pinto<br \/>\nRua Urias Alves Taveira, 6309 \u2013 Residencial Ana Dorot\u00e9ia<\/p>\n<p>EMEB Prof. Jos\u00e9 M\u00e1rio Faleiros<br \/>\nRua Leandro Fernandes Martins, 1971 \u2013 Jardim Aeroporto III<\/p>\n<p>EMEB Prof\u00aa. Maria Ant\u00f4nia Stevanato Reis<br \/>\nRua Amaury Rangel, 5880 \u2013 Jardim Paraty<\/p>\n<p>EMEB Prof. Paulo Freire<br \/>\nRua Joaquim Emerenciano, 1102 \u2013 Jardim Avia\u00e7\u00e3o<\/p>\n<p>EMEB Prof\u00aa. Vanda Thereza de Senne Badar\u00f3<br \/>\nRua Alfonso Sanches Simon, 301 \u2013 Recanto Elimar II<\/p>\n<p>EMEB Prof. C\u00e9sar Augusto de Oliveira<br \/>\nAvenida Major Elias Motta, 1830 \u2013 Jardim Brasil\u00e2ndia<\/p>\n<p>EMEB Frei Lauro de Carvalho Borges<br \/>\nRua C\u00e2ndido Carlos de Mello, 2860 \u2013 Jardim do \u00c9den<\/p>\n<p>EMEB Prof\u00aa. Luzinete Cortez Balieiro<br \/>\nRua Eunice Carmem Gon\u00e7alves Rodrigues, 2555 \u2013 Jardim Palestina<\/p>\n<p>EMEB Prof\u00aa. Marilourdes Figueiredo Iara<br \/>\nRua Hor\u00e1cio Saturi, 350 \u2013 Jardim Panorama<\/p>\n<p>EMEB Prof. Dr. Rubens Zumstein<br \/>\nRua Paulo Vieira da Silva, 2321 \u2013 Jardim Piratininga<\/p>\n<p>EMEB Anor Ravagnani<br \/>\nRua Geraldino Augusto Machado, 181 \u2013 Parque das Esmeraldas<\/p>\n<p>EMEB Prof. Augusto Marques<br \/>\nRua \u00c1gua Santa, 500 \u2013 Vila Nova<\/p>\n<p>EMEB Prof. Dom\u00eanico Pugliesi<br \/>\nRua Santa Luzia, 3421 \u2013 Santa Maria<\/p>\n<p>EMEB Prof\u00aa. Dorotea Paulino Ferro<br \/>\nRua Joaquim Machado, 580 \u2013 Jardim Paulo Archetti<\/p>\n<p>EMEB Prof\u00aa. Etelgina de F\u00e1tima Viveiros<br \/>\nRua Pedro Silveira, 2915 \u2013 Residencial J\u00falio D\u2019Elia<\/p>\n<p>EMEB Prof\u00aa. Nair Martins Rocha<br \/>\nRua Padre Conrado, 1900 \u2013 Vila Santos Dumont<\/p>\n<p>EMEB Prof. e Escritor Nelson dos Santos Damasceno<br \/>\nRua C\u00e2ndido Francisco Pires, 4000 \u2013 Jardim Bonsucesso<\/p>\n<p>EMEB Prof\u00aa. Rita de C\u00e1ssia Calixto Xavier<br \/>\nRua Ota\u00eddes Eur\u00edpedes Eleut\u00e9rio, 2505 \u2013 Jardim Pulicano<\/p>\n<p>EMEB Prof\u00aa. Em\u00edlia de Paula Tarantelli<br \/>\nRua Prudente de Morais, 450 \u2013 Cidade Nova<\/p>\n<p>EM Prof. Ant\u00f4nio Sicchierolli<br \/>\nRua Prof. Laerte Barbosa Cintra, 929 \u2013 Jardim Am\u00e9rica<\/p>\n<p>CEI (Centro de Educa\u00e7\u00e3o Integrada) Gustavo Chereghini Bichuette<br \/>\nRua Prudente de Morais, 426 \u2013 Cidade Nova<\/p>\n<p><strong>Loja Chokdoce<\/strong><br \/>\nCentro<br \/>\nRua Volunt\u00e1rios da Franca, 1311- Centro<\/p>\n<p>Cidade Nova<br \/>\nRua Domingas Scarabuci Teixeira, 1484 \u2013 Vila Santo Ant\u00f4nio<\/p>\n<p>Leporace<br \/>\nAvenida Dr. Abrah\u00e3o Brickmann, 1311 \u2013 Parque Vicente Leporace I<\/p>\n<p>Integra\u00e7\u00e3o<br \/>\nAvenida Chico J\u00falio, 3700.<\/p>\n<p>&nbsp;<\/p>\n","protected":false},"excerpt":{"rendered":"<p>Este ano, a campanha &#8220;Aque\u00e7a Cora\u00e7\u00f5es: Doe Calor&#8221; ser\u00e1 lan\u00e7ada em 15 de abril. &nbsp; Na \u00faltima quarta-feira, 10 de abril, o Fundo Social de Solidariedade<span class=\"excerpt-hellip\"> [\u2026]<\/span><\/p>\n","protected":false},"author":10,"featured_media":43246,"comment_status":"open","ping_status":"open","sticky":false,"template":"","format":"standard","meta":{"_jetpack_memberships_contains_paid_content":false,"footnotes":"","jetpack_publicize_message":"","jetpack_publicize_feature_enabled":true,"jetpack_social_post_already_shared":false,"jetpack_social_options":{"image_generator_settings":{"template":"highway","default_image_id":0,"enabled":false},"version":2}},"categories":[28,81],"tags":[],"class_list":["post-43245","post","type-post","status-publish","format-standard","has-post-thumbnail","hentry","category-cotidiano","category-manchete"],"yoast_head":"<!-- This site is optimized with the Yoast SEO plugin v25.6 - https:\/\/yoast.com\/wordpress\/plugins\/seo\/ -->\n<title>O Fundo Social de Solidariedade (FUSSOL) de Franca surpreende ao antecipar a Campanha do Agasalho - VerdadeOn<\/title>\n<meta name=\"robots\" content=\"index, follow, max-snippet:-1, max-image-preview:large, max-video-preview:-1\" \/>\n<link rel=\"canonical\" href=\"https:\/\/verdadeon.com.br\/portal\/2024\/04\/13\/em-franca-o-fundo-social-de-solidariedade-fussol-decidiu-antecipar-a-campanha-do-agasalho\/\" \/>\n<meta property=\"og:locale\" content=\"pt_BR\" \/>\n<meta property=\"og:type\" content=\"article\" \/>\n<meta property=\"og:title\" content=\"O Fundo Social de Solidariedade (FUSSOL) de Franca surpreende ao antecipar a Campanha do Agasalho - VerdadeOn\" \/>\n<meta property=\"og:description\" content=\"Este ano, a campanha &#8220;Aque\u00e7a Cora\u00e7\u00f5es: Doe Calor&#8221; ser\u00e1 lan\u00e7ada em 15 de abril. &nbsp; Na \u00faltima quarta-feira, 10 de abril, o Fundo Social de Solidariedade [\u2026]\" \/>\n<meta property=\"og:url\" content=\"https:\/\/verdadeon.com.br\/portal\/2024\/04\/13\/em-franca-o-fundo-social-de-solidariedade-fussol-decidiu-antecipar-a-campanha-do-agasalho\/\" \/>\n<meta property=\"og:site_name\" content=\"VerdadeOn\" \/>\n<meta property=\"article:published_time\" content=\"2024-04-13T15:41:29+00:00\" \/>\n<meta property=\"og:image\" content=\"https:\/\/verdadeon.com.br\/portal\/wp-content\/uploads\/2024\/04\/WhatsApp_Image_2024-04-11_at_08.30.00_original.jpeg\" \/>\n\t<meta property=\"og:image:width\" content=\"1600\" \/>\n\t<meta property=\"og:image:height\" content=\"1066\" \/>\n\t<meta property=\"og:image:type\" content=\"image\/jpeg\" \/>\n<meta name=\"author\" content=\"Redacao VerdadeOn\" \/>\n<meta name=\"twitter:card\" content=\"summary_large_image\" \/>\n<meta name=\"twitter:label1\" content=\"Escrito por\" \/>\n\t<meta name=\"twitter:data1\" content=\"Redacao VerdadeOn\" \/>\n\t<meta name=\"twitter:label2\" content=\"Est. tempo de leitura\" \/>\n\t<meta name=\"twitter:data2\" content=\"7 minutos\" \/>\n<script type=\"application\/ld+json\" class=\"yoast-schema-graph\">{\"@context\":\"https:\/\/schema.org\",\"@graph\":[{\"@type\":\"WebPage\",\"@id\":\"https:\/\/verdadeon.com.br\/portal\/2024\/04\/13\/em-franca-o-fundo-social-de-solidariedade-fussol-decidiu-antecipar-a-campanha-do-agasalho\/\",\"url\":\"https:\/\/verdadeon.com.br\/portal\/2024\/04\/13\/em-franca-o-fundo-social-de-solidariedade-fussol-decidiu-antecipar-a-campanha-do-agasalho\/\",\"name\":\"O Fundo Social de Solidariedade (FUSSOL) de Franca surpreende ao antecipar a Campanha do Agasalho - VerdadeOn\",\"isPartOf\":{\"@id\":\"https:\/\/verdadeon.com.br\/portal\/#website\"},\"primaryImageOfPage\":{\"@id\":\"https:\/\/verdadeon.com.br\/portal\/2024\/04\/13\/em-franca-o-fundo-social-de-solidariedade-fussol-decidiu-antecipar-a-campanha-do-agasalho\/#primaryimage\"},\"image\":{\"@id\":\"https:\/\/verdadeon.com.br\/portal\/2024\/04\/13\/em-franca-o-fundo-social-de-solidariedade-fussol-decidiu-antecipar-a-campanha-do-agasalho\/#primaryimage\"},\"thumbnailUrl\":\"https:\/\/i0.wp.com\/verdadeon.com.br\/portal\/wp-content\/uploads\/2024\/04\/WhatsApp_Image_2024-04-11_at_08.30.00_original.jpeg?fit=1600%2C1066&ssl=1\",\"datePublished\":\"2024-04-13T15:41:29+00:00\",\"author\":{\"@id\":\"https:\/\/verdadeon.com.br\/portal\/#\/schema\/person\/a5060ad1e9ea3df545188fc93ce43d2f\"},\"breadcrumb\":{\"@id\":\"https:\/\/verdadeon.com.br\/portal\/2024\/04\/13\/em-franca-o-fundo-social-de-solidariedade-fussol-decidiu-antecipar-a-campanha-do-agasalho\/#breadcrumb\"},\"inLanguage\":\"pt-BR\",\"potentialAction\":[{\"@type\":\"ReadAction\",\"target\":[\"https:\/\/verdadeon.com.br\/portal\/2024\/04\/13\/em-franca-o-fundo-social-de-solidariedade-fussol-decidiu-antecipar-a-campanha-do-agasalho\/\"]}]},{\"@type\":\"ImageObject\",\"inLanguage\":\"pt-BR\",\"@id\":\"https:\/\/verdadeon.com.br\/portal\/2024\/04\/13\/em-franca-o-fundo-social-de-solidariedade-fussol-decidiu-antecipar-a-campanha-do-agasalho\/#primaryimage\",\"url\":\"https:\/\/i0.wp.com\/verdadeon.com.br\/portal\/wp-content\/uploads\/2024\/04\/WhatsApp_Image_2024-04-11_at_08.30.00_original.jpeg?fit=1600%2C1066&ssl=1\",\"contentUrl\":\"https:\/\/i0.wp.com\/verdadeon.com.br\/portal\/wp-content\/uploads\/2024\/04\/WhatsApp_Image_2024-04-11_at_08.30.00_original.jpeg?fit=1600%2C1066&ssl=1\",\"width\":1600,\"height\":1066,\"caption\":\"Participe da campanha \\\"Aque\u00e7a Cora\u00e7\u00f5es: Doe Calor\\\" \u00a9(Divulga\u00e7\u00e3o prefeitura de Franca)\"},{\"@type\":\"BreadcrumbList\",\"@id\":\"https:\/\/verdadeon.com.br\/portal\/2024\/04\/13\/em-franca-o-fundo-social-de-solidariedade-fussol-decidiu-antecipar-a-campanha-do-agasalho\/#breadcrumb\",\"itemListElement\":[{\"@type\":\"ListItem\",\"position\":1,\"name\":\"In\u00edcio\",\"item\":\"https:\/\/verdadeon.com.br\/portal\/\"},{\"@type\":\"ListItem\",\"position\":2,\"name\":\"O Fundo Social de Solidariedade (FUSSOL) de Franca surpreende ao antecipar a Campanha do Agasalho\"}]},{\"@type\":\"WebSite\",\"@id\":\"https:\/\/verdadeon.com.br\/portal\/#website\",\"url\":\"https:\/\/verdadeon.com.br\/portal\/\",\"name\":\"VerdadeOn\",\"description\":\"Not\u00edcias di\u00e1rias sobre Franca, Regi\u00e3o, Esporte, Cultura, Cotidiano, Colunas. Cobertura nos principais eventos da cidade \u00e9 aqui - Verdadeon Franca\",\"potentialAction\":[{\"@type\":\"SearchAction\",\"target\":{\"@type\":\"EntryPoint\",\"urlTemplate\":\"https:\/\/verdadeon.com.br\/portal\/?s={search_term_string}\"},\"query-input\":{\"@type\":\"PropertyValueSpecification\",\"valueRequired\":true,\"valueName\":\"search_term_string\"}}],\"inLanguage\":\"pt-BR\"},{\"@type\":\"Person\",\"@id\":\"https:\/\/verdadeon.com.br\/portal\/#\/schema\/person\/a5060ad1e9ea3df545188fc93ce43d2f\",\"name\":\"Redacao VerdadeOn\",\"image\":{\"@type\":\"ImageObject\",\"inLanguage\":\"pt-BR\",\"@id\":\"https:\/\/verdadeon.com.br\/portal\/#\/schema\/person\/image\/\",\"url\":\"https:\/\/secure.gravatar.com\/avatar\/459a9613caaaf07f582c3d0841eea68bdd66f533e465e6ba8b9cb45619572cf4?s=96&d=mm&r=g\",\"contentUrl\":\"https:\/\/secure.gravatar.com\/avatar\/459a9613caaaf07f582c3d0841eea68bdd66f533e465e6ba8b9cb45619572cf4?s=96&d=mm&r=g\",\"caption\":\"Redacao VerdadeOn\"},\"url\":\"https:\/\/verdadeon.com.br\/portal\/author\/redacao\/\"}]}<\/script>\n<!-- \/ Yoast SEO plugin. -->","yoast_head_json":{"title":"O Fundo Social de Solidariedade (FUSSOL) de Franca surpreende ao antecipar a Campanha do Agasalho - VerdadeOn","robots":{"index":"index","follow":"follow","max-snippet":"max-snippet:-1","max-image-preview":"max-image-preview:large","max-video-preview":"max-video-preview:-1"},"canonical":"https:\/\/verdadeon.com.br\/portal\/2024\/04\/13\/em-franca-o-fundo-social-de-solidariedade-fussol-decidiu-antecipar-a-campanha-do-agasalho\/","og_locale":"pt_BR","og_type":"article","og_title":"O Fundo Social de Solidariedade (FUSSOL) de Franca surpreende ao antecipar a Campanha do Agasalho - VerdadeOn","og_description":"Este ano, a campanha &#8220;Aque\u00e7a Cora\u00e7\u00f5es: Doe Calor&#8221; ser\u00e1 lan\u00e7ada em 15 de abril. &nbsp; Na \u00faltima quarta-feira, 10 de abril, o Fundo Social de Solidariedade [\u2026]","og_url":"https:\/\/verdadeon.com.br\/portal\/2024\/04\/13\/em-franca-o-fundo-social-de-solidariedade-fussol-decidiu-antecipar-a-campanha-do-agasalho\/","og_site_name":"VerdadeOn","article_published_time":"2024-04-13T15:41:29+00:00","og_image":[{"width":1600,"height":1066,"url":"https:\/\/verdadeon.com.br\/portal\/wp-content\/uploads\/2024\/04\/WhatsApp_Image_2024-04-11_at_08.30.00_original.jpeg","type":"image\/jpeg"}],"author":"Redacao VerdadeOn","twitter_card":"summary_large_image","twitter_misc":{"Escrito por":"Redacao VerdadeOn","Est. tempo de leitura":"7 minutos"},"schema":{"@context":"https:\/\/schema.org","@graph":[{"@type":"WebPage","@id":"https:\/\/verdadeon.com.br\/portal\/2024\/04\/13\/em-franca-o-fundo-social-de-solidariedade-fussol-decidiu-antecipar-a-campanha-do-agasalho\/","url":"https:\/\/verdadeon.com.br\/portal\/2024\/04\/13\/em-franca-o-fundo-social-de-solidariedade-fussol-decidiu-antecipar-a-campanha-do-agasalho\/","name":"O Fundo Social de Solidariedade (FUSSOL) de Franca surpreende ao antecipar a Campanha do Agasalho - VerdadeOn","isPartOf":{"@id":"https:\/\/verdadeon.com.br\/portal\/#website"},"primaryImageOfPage":{"@id":"https:\/\/verdadeon.com.br\/portal\/2024\/04\/13\/em-franca-o-fundo-social-de-solidariedade-fussol-decidiu-antecipar-a-campanha-do-agasalho\/#primaryimage"},"image":{"@id":"https:\/\/verdadeon.com.br\/portal\/2024\/04\/13\/em-franca-o-fundo-social-de-solidariedade-fussol-decidiu-antecipar-a-campanha-do-agasalho\/#primaryimage"},"thumbnailUrl":"https:\/\/i0.wp.com\/verdadeon.com.br\/portal\/wp-content\/uploads\/2024\/04\/WhatsApp_Image_2024-04-11_at_08.30.00_original.jpeg?fit=1600%2C1066&ssl=1","datePublished":"2024-04-13T15:41:29+00:00","author":{"@id":"https:\/\/verdadeon.com.br\/portal\/#\/schema\/person\/a5060ad1e9ea3df545188fc93ce43d2f"},"breadcrumb":{"@id":"https:\/\/verdadeon.com.br\/portal\/2024\/04\/13\/em-franca-o-fundo-social-de-solidariedade-fussol-decidiu-antecipar-a-campanha-do-agasalho\/#breadcrumb"},"inLanguage":"pt-BR","potentialAction":[{"@type":"ReadAction","target":["https:\/\/verdadeon.com.br\/portal\/2024\/04\/13\/em-franca-o-fundo-social-de-solidariedade-fussol-decidiu-antecipar-a-campanha-do-agasalho\/"]}]},{"@type":"ImageObject","inLanguage":"pt-BR","@id":"https:\/\/verdadeon.com.br\/portal\/2024\/04\/13\/em-franca-o-fundo-social-de-solidariedade-fussol-decidiu-antecipar-a-campanha-do-agasalho\/#primaryimage","url":"https:\/\/i0.wp.com\/verdadeon.com.br\/portal\/wp-content\/uploads\/2024\/04\/WhatsApp_Image_2024-04-11_at_08.30.00_original.jpeg?fit=1600%2C1066&ssl=1","contentUrl":"https:\/\/i0.wp.com\/verdadeon.com.br\/portal\/wp-content\/uploads\/2024\/04\/WhatsApp_Image_2024-04-11_at_08.30.00_original.jpeg?fit=1600%2C1066&ssl=1","width":1600,"height":1066,"caption":"Participe da campanha \"Aque\u00e7a Cora\u00e7\u00f5es: Doe Calor\" \u00a9(Divulga\u00e7\u00e3o prefeitura de Franca)"},{"@type":"BreadcrumbList","@id":"https:\/\/verdadeon.com.br\/portal\/2024\/04\/13\/em-franca-o-fundo-social-de-solidariedade-fussol-decidiu-antecipar-a-campanha-do-agasalho\/#breadcrumb","itemListElement":[{"@type":"ListItem","position":1,"name":"In\u00edcio","item":"https:\/\/verdadeon.com.br\/portal\/"},{"@type":"ListItem","position":2,"name":"O Fundo Social de Solidariedade (FUSSOL) de Franca surpreende ao antecipar a Campanha do Agasalho"}]},{"@type":"WebSite","@id":"https:\/\/verdadeon.com.br\/portal\/#website","url":"https:\/\/verdadeon.com.br\/portal\/","name":"VerdadeOn","description":"Not\u00edcias di\u00e1rias sobre Franca, Regi\u00e3o, Esporte, Cultura, Cotidiano, Colunas. Cobertura nos principais eventos da cidade \u00e9 aqui - Verdadeon Franca","potentialAction":[{"@type":"SearchAction","target":{"@type":"EntryPoint","urlTemplate":"https:\/\/verdadeon.com.br\/portal\/?s={search_term_string}"},"query-input":{"@type":"PropertyValueSpecification","valueRequired":true,"valueName":"search_term_string"}}],"inLanguage":"pt-BR"},{"@type":"Person","@id":"https:\/\/verdadeon.com.br\/portal\/#\/schema\/person\/a5060ad1e9ea3df545188fc93ce43d2f","name":"Redacao VerdadeOn","image":{"@type":"ImageObject","inLanguage":"pt-BR","@id":"https:\/\/verdadeon.com.br\/portal\/#\/schema\/person\/image\/","url":"https:\/\/secure.gravatar.com\/avatar\/459a9613caaaf07f582c3d0841eea68bdd66f533e465e6ba8b9cb45619572cf4?s=96&d=mm&r=g","contentUrl":"https:\/\/secure.gravatar.com\/avatar\/459a9613caaaf07f582c3d0841eea68bdd66f533e465e6ba8b9cb45619572cf4?s=96&d=mm&r=g","caption":"Redacao VerdadeOn"},"url":"https:\/\/verdadeon.com.br\/portal\/author\/redacao\/"}]}},"jetpack_publicize_connections":[],"jetpack_featured_media_url":"https:\/\/i0.wp.com\/verdadeon.com.br\/portal\/wp-content\/uploads\/2024\/04\/WhatsApp_Image_2024-04-11_at_08.30.00_original.jpeg?fit=1600%2C1066&ssl=1","jetpack_sharing_enabled":true,"_links":{"self":[{"href":"https:\/\/verdadeon.com.br\/portal\/wp-json\/wp\/v2\/posts\/43245","targetHints":{"allow":["GET"]}}],"collection":[{"href":"https:\/\/verdadeon.com.br\/portal\/wp-json\/wp\/v2\/posts"}],"about":[{"href":"https:\/\/verdadeon.com.br\/portal\/wp-json\/wp\/v2\/types\/post"}],"author":[{"embeddable":true,"href":"https:\/\/verdadeon.com.br\/portal\/wp-json\/wp\/v2\/users\/10"}],"replies":[{"embeddable":true,"href":"https:\/\/verdadeon.com.br\/portal\/wp-json\/wp\/v2\/comments?post=43245"}],"version-history":[{"count":4,"href":"https:\/\/verdadeon.com.br\/portal\/wp-json\/wp\/v2\/posts\/43245\/revisions"}],"predecessor-version":[{"id":43288,"href":"https:\/\/verdadeon.com.br\/portal\/wp-json\/wp\/v2\/posts\/43245\/revisions\/43288"}],"wp:featuredmedia":[{"embeddable":true,"href":"https:\/\/verdadeon.com.br\/portal\/wp-json\/wp\/v2\/media\/43246"}],"wp:attachment":[{"href":"https:\/\/verdadeon.com.br\/portal\/wp-json\/wp\/v2\/media?parent=43245"}],"wp:term":[{"taxonomy":"category","embeddable":true,"href":"https:\/\/verdadeon.com.br\/portal\/wp-json\/wp\/v2\/categories?post=43245"},{"taxonomy":"post_tag","embeddable":true,"href":"https:\/\/verdadeon.com.br\/portal\/wp-json\/wp\/v2\/tags?post=43245"}],"curies":[{"name":"wp","href":"https:\/\/api.w.org\/{rel}","templated":true}]}}