{"id":43242,"date":"2024-04-13T12:33:36","date_gmt":"2024-04-13T15:33:36","guid":{"rendered":"https:\/\/verdadeon.com.br\/portal\/?p=43242"},"modified":"2024-04-13T12:36:07","modified_gmt":"2024-04-13T15:36:07","slug":"franca-registra-mais-de-2-000-casos-de-dengue-confira-os-bairros-com-maior-incidencia","status":"publish","type":"post","link":"https:\/\/verdadeon.com.br\/portal\/2024\/04\/13\/franca-registra-mais-de-2-000-casos-de-dengue-confira-os-bairros-com-maior-incidencia\/","title":{"rendered":"Franca registra mais de 2.000 casos de dengue; confira os bairros com maior incid\u00eancia"},"content":{"rendered":"<h4>At\u00e9 o momento, Franca registra 4.394 notifica\u00e7\u00f5es, das quais 2.267 casos foram confirmados. Al\u00e9m disso, h\u00e1 2.499 casos considerados prov\u00e1veis, 232 em fase de investiga\u00e7\u00e3o e 1.860 foram descartados<\/h4>\n<p>&nbsp;<\/p>\n<p>At\u00e9 a \u00faltima sexta-feira, 12 de abril, Franca registrou 2.267 casos confirmados de dengue desde o in\u00edcio do ano, conforme dados fornecidos pela Secretaria Estadual de Sa\u00fade. Al\u00e9m disso, o registro de oito fatalidades relacionadas \u00e0 doen\u00e7a e outros 10 \u00f3bitos em investiga\u00e7\u00e3o acrescentam preocupa\u00e7\u00e3o \u00e0 situa\u00e7\u00e3o na cidade.<\/p>\n<p>Para conter a propaga\u00e7\u00e3o da doen\u00e7a, a Prefeitura mobilizou agentes de controle de vetores para realizar visitas domiciliares. O objetivo \u00e9 identificar poss\u00edveis criadouros do mosquito transmissor da dengue e instruir os moradores sobre medidas preventivas.<\/p>\n<h5>Al\u00e9m disso, como medida de combate ao mosquito adulto, foi implementada a pulveriza\u00e7\u00e3o de inseticida, conhecida como &#8220;fumac\u00ea&#8221;.<\/h5>\n<p>A Prefeitura informa que os casos est\u00e3o concentrados principalmente na regi\u00e3o central. O bairro Centro lidera em n\u00famero de registros de dengue, seguido por S\u00e3o Jos\u00e9 e Santo Agostinho. Abaixo est\u00e3o os 10 bairros com maior incid\u00eancia:<\/p>\n<h5>1. Regi\u00e3o Central;<br \/>\n2. S\u00e3o Jos\u00e9;<br \/>\n3. Santo Agostinho;<br \/>\n4. Prolongamento Jardim \u00c2ngela Rosa;<br \/>\n5. Jardim Calif\u00f3rnia;<br \/>\n6. Jardim Portinari;<br \/>\n7. Vila Santa Cruz;<br \/>\n8. Cidade Nova;<br \/>\n9. Jardim Francano;<br \/>\n10. Jardim Aeroporto I.<\/h5>\n<p>&nbsp;<\/p>\n","protected":false},"excerpt":{"rendered":"<p>At\u00e9 o momento, Franca registra 4.394 notifica\u00e7\u00f5es, das quais 2.267 casos foram confirmados. Al\u00e9m disso, h\u00e1 2.499 casos considerados prov\u00e1veis, 232 em fase de investiga\u00e7\u00e3o e<span class=\"excerpt-hellip\"> [\u2026]<\/span><\/p>\n","protected":false},"author":10,"featured_media":43243,"comment_status":"open","ping_status":"open","sticky":false,"template":"","format":"standard","meta":{"_jetpack_memberships_contains_paid_content":false,"footnotes":"","jetpack_publicize_message":"","jetpack_publicize_feature_enabled":true,"jetpack_social_post_already_shared":false,"jetpack_social_options":{"image_generator_settings":{"template":"highway","default_image_id":0,"enabled":false},"version":2}},"categories":[28,81],"tags":[],"class_list":["post-43242","post","type-post","status-publish","format-standard","has-post-thumbnail","hentry","category-cotidiano","category-manchete"],"yoast_head":"<!-- This site is optimized with the Yoast SEO plugin v25.6 - https:\/\/yoast.com\/wordpress\/plugins\/seo\/ -->\n<title>Franca registra mais de 2.000 casos de dengue; confira os bairros com maior incid\u00eancia - VerdadeOn<\/title>\n<meta name=\"robots\" content=\"index, follow, max-snippet:-1, max-image-preview:large, max-video-preview:-1\" \/>\n<link rel=\"canonical\" href=\"https:\/\/verdadeon.com.br\/portal\/2024\/04\/13\/franca-registra-mais-de-2-000-casos-de-dengue-confira-os-bairros-com-maior-incidencia\/\" \/>\n<meta property=\"og:locale\" content=\"pt_BR\" \/>\n<meta property=\"og:type\" content=\"article\" \/>\n<meta property=\"og:title\" content=\"Franca registra mais de 2.000 casos de dengue; confira os bairros com maior incid\u00eancia - VerdadeOn\" \/>\n<meta property=\"og:description\" content=\"At\u00e9 o momento, Franca registra 4.394 notifica\u00e7\u00f5es, das quais 2.267 casos foram confirmados. Al\u00e9m disso, h\u00e1 2.499 casos considerados prov\u00e1veis, 232 em fase de investiga\u00e7\u00e3o e [\u2026]\" \/>\n<meta property=\"og:url\" content=\"https:\/\/verdadeon.com.br\/portal\/2024\/04\/13\/franca-registra-mais-de-2-000-casos-de-dengue-confira-os-bairros-com-maior-incidencia\/\" \/>\n<meta property=\"og:site_name\" content=\"VerdadeOn\" \/>\n<meta property=\"article:published_time\" content=\"2024-04-13T15:33:36+00:00\" \/>\n<meta property=\"article:modified_time\" content=\"2024-04-13T15:36:07+00:00\" \/>\n<meta property=\"og:image\" content=\"https:\/\/i0.wp.com\/verdadeon.com.br\/portal\/wp-content\/uploads\/2024\/04\/2bf5d2b92890b2ebff33d637028fcf06.webp?fit=1200%2C800&ssl=1\" \/>\n\t<meta property=\"og:image:width\" content=\"1200\" \/>\n\t<meta property=\"og:image:height\" content=\"800\" \/>\n\t<meta property=\"og:image:type\" content=\"image\/webp\" \/>\n<meta name=\"author\" content=\"Redacao VerdadeOn\" \/>\n<meta name=\"twitter:card\" content=\"summary_large_image\" \/>\n<meta name=\"twitter:label1\" content=\"Escrito por\" \/>\n\t<meta name=\"twitter:data1\" content=\"Redacao VerdadeOn\" \/>\n\t<meta name=\"twitter:label2\" content=\"Est. tempo de leitura\" \/>\n\t<meta name=\"twitter:data2\" content=\"2 minutos\" \/>\n<script type=\"application\/ld+json\" class=\"yoast-schema-graph\">{\"@context\":\"https:\/\/schema.org\",\"@graph\":[{\"@type\":\"WebPage\",\"@id\":\"https:\/\/verdadeon.com.br\/portal\/2024\/04\/13\/franca-registra-mais-de-2-000-casos-de-dengue-confira-os-bairros-com-maior-incidencia\/\",\"url\":\"https:\/\/verdadeon.com.br\/portal\/2024\/04\/13\/franca-registra-mais-de-2-000-casos-de-dengue-confira-os-bairros-com-maior-incidencia\/\",\"name\":\"Franca registra mais de 2.000 casos de dengue; confira os bairros com maior incid\u00eancia - VerdadeOn\",\"isPartOf\":{\"@id\":\"https:\/\/verdadeon.com.br\/portal\/#website\"},\"primaryImageOfPage\":{\"@id\":\"https:\/\/verdadeon.com.br\/portal\/2024\/04\/13\/franca-registra-mais-de-2-000-casos-de-dengue-confira-os-bairros-com-maior-incidencia\/#primaryimage\"},\"image\":{\"@id\":\"https:\/\/verdadeon.com.br\/portal\/2024\/04\/13\/franca-registra-mais-de-2-000-casos-de-dengue-confira-os-bairros-com-maior-incidencia\/#primaryimage\"},\"thumbnailUrl\":\"https:\/\/i0.wp.com\/verdadeon.com.br\/portal\/wp-content\/uploads\/2024\/04\/2bf5d2b92890b2ebff33d637028fcf06.webp?fit=1200%2C800&ssl=1\",\"datePublished\":\"2024-04-13T15:33:36+00:00\",\"dateModified\":\"2024-04-13T15:36:07+00:00\",\"author\":{\"@id\":\"https:\/\/verdadeon.com.br\/portal\/#\/schema\/person\/a5060ad1e9ea3df545188fc93ce43d2f\"},\"breadcrumb\":{\"@id\":\"https:\/\/verdadeon.com.br\/portal\/2024\/04\/13\/franca-registra-mais-de-2-000-casos-de-dengue-confira-os-bairros-com-maior-incidencia\/#breadcrumb\"},\"inLanguage\":\"pt-BR\",\"potentialAction\":[{\"@type\":\"ReadAction\",\"target\":[\"https:\/\/verdadeon.com.br\/portal\/2024\/04\/13\/franca-registra-mais-de-2-000-casos-de-dengue-confira-os-bairros-com-maior-incidencia\/\"]}]},{\"@type\":\"ImageObject\",\"inLanguage\":\"pt-BR\",\"@id\":\"https:\/\/verdadeon.com.br\/portal\/2024\/04\/13\/franca-registra-mais-de-2-000-casos-de-dengue-confira-os-bairros-com-maior-incidencia\/#primaryimage\",\"url\":\"https:\/\/i0.wp.com\/verdadeon.com.br\/portal\/wp-content\/uploads\/2024\/04\/2bf5d2b92890b2ebff33d637028fcf06.webp?fit=1200%2C800&ssl=1\",\"contentUrl\":\"https:\/\/i0.wp.com\/verdadeon.com.br\/portal\/wp-content\/uploads\/2024\/04\/2bf5d2b92890b2ebff33d637028fcf06.webp?fit=1200%2C800&ssl=1\",\"width\":1200,\"height\":800,\"caption\":\"Franca registra mais de 2 mil casos de dengue esse ano \u00a9(Divulga\u00e7\u00e3o prefeitura de Franca)\"},{\"@type\":\"BreadcrumbList\",\"@id\":\"https:\/\/verdadeon.com.br\/portal\/2024\/04\/13\/franca-registra-mais-de-2-000-casos-de-dengue-confira-os-bairros-com-maior-incidencia\/#breadcrumb\",\"itemListElement\":[{\"@type\":\"ListItem\",\"position\":1,\"name\":\"In\u00edcio\",\"item\":\"https:\/\/verdadeon.com.br\/portal\/\"},{\"@type\":\"ListItem\",\"position\":2,\"name\":\"Franca registra mais de 2.000 casos de dengue; confira os bairros com maior incid\u00eancia\"}]},{\"@type\":\"WebSite\",\"@id\":\"https:\/\/verdadeon.com.br\/portal\/#website\",\"url\":\"https:\/\/verdadeon.com.br\/portal\/\",\"name\":\"VerdadeOn\",\"description\":\"Not\u00edcias di\u00e1rias sobre Franca, Regi\u00e3o, Esporte, Cultura, Cotidiano, Colunas. Cobertura nos principais eventos da cidade \u00e9 aqui - Verdadeon Franca\",\"potentialAction\":[{\"@type\":\"SearchAction\",\"target\":{\"@type\":\"EntryPoint\",\"urlTemplate\":\"https:\/\/verdadeon.com.br\/portal\/?s={search_term_string}\"},\"query-input\":{\"@type\":\"PropertyValueSpecification\",\"valueRequired\":true,\"valueName\":\"search_term_string\"}}],\"inLanguage\":\"pt-BR\"},{\"@type\":\"Person\",\"@id\":\"https:\/\/verdadeon.com.br\/portal\/#\/schema\/person\/a5060ad1e9ea3df545188fc93ce43d2f\",\"name\":\"Redacao VerdadeOn\",\"image\":{\"@type\":\"ImageObject\",\"inLanguage\":\"pt-BR\",\"@id\":\"https:\/\/verdadeon.com.br\/portal\/#\/schema\/person\/image\/\",\"url\":\"https:\/\/secure.gravatar.com\/avatar\/459a9613caaaf07f582c3d0841eea68bdd66f533e465e6ba8b9cb45619572cf4?s=96&d=mm&r=g\",\"contentUrl\":\"https:\/\/secure.gravatar.com\/avatar\/459a9613caaaf07f582c3d0841eea68bdd66f533e465e6ba8b9cb45619572cf4?s=96&d=mm&r=g\",\"caption\":\"Redacao VerdadeOn\"},\"url\":\"https:\/\/verdadeon.com.br\/portal\/author\/redacao\/\"}]}<\/script>\n<!-- \/ Yoast SEO plugin. -->","yoast_head_json":{"title":"Franca registra mais de 2.000 casos de dengue; confira os bairros com maior incid\u00eancia - VerdadeOn","robots":{"index":"index","follow":"follow","max-snippet":"max-snippet:-1","max-image-preview":"max-image-preview:large","max-video-preview":"max-video-preview:-1"},"canonical":"https:\/\/verdadeon.com.br\/portal\/2024\/04\/13\/franca-registra-mais-de-2-000-casos-de-dengue-confira-os-bairros-com-maior-incidencia\/","og_locale":"pt_BR","og_type":"article","og_title":"Franca registra mais de 2.000 casos de dengue; confira os bairros com maior incid\u00eancia - VerdadeOn","og_description":"At\u00e9 o momento, Franca registra 4.394 notifica\u00e7\u00f5es, das quais 2.267 casos foram confirmados. Al\u00e9m disso, h\u00e1 2.499 casos considerados prov\u00e1veis, 232 em fase de investiga\u00e7\u00e3o e [\u2026]","og_url":"https:\/\/verdadeon.com.br\/portal\/2024\/04\/13\/franca-registra-mais-de-2-000-casos-de-dengue-confira-os-bairros-com-maior-incidencia\/","og_site_name":"VerdadeOn","article_published_time":"2024-04-13T15:33:36+00:00","article_modified_time":"2024-04-13T15:36:07+00:00","og_image":[{"width":1200,"height":800,"url":"https:\/\/i0.wp.com\/verdadeon.com.br\/portal\/wp-content\/uploads\/2024\/04\/2bf5d2b92890b2ebff33d637028fcf06.webp?fit=1200%2C800&ssl=1","type":"image\/webp"}],"author":"Redacao VerdadeOn","twitter_card":"summary_large_image","twitter_misc":{"Escrito por":"Redacao VerdadeOn","Est. tempo de leitura":"2 minutos"},"schema":{"@context":"https:\/\/schema.org","@graph":[{"@type":"WebPage","@id":"https:\/\/verdadeon.com.br\/portal\/2024\/04\/13\/franca-registra-mais-de-2-000-casos-de-dengue-confira-os-bairros-com-maior-incidencia\/","url":"https:\/\/verdadeon.com.br\/portal\/2024\/04\/13\/franca-registra-mais-de-2-000-casos-de-dengue-confira-os-bairros-com-maior-incidencia\/","name":"Franca registra mais de 2.000 casos de dengue; confira os bairros com maior incid\u00eancia - VerdadeOn","isPartOf":{"@id":"https:\/\/verdadeon.com.br\/portal\/#website"},"primaryImageOfPage":{"@id":"https:\/\/verdadeon.com.br\/portal\/2024\/04\/13\/franca-registra-mais-de-2-000-casos-de-dengue-confira-os-bairros-com-maior-incidencia\/#primaryimage"},"image":{"@id":"https:\/\/verdadeon.com.br\/portal\/2024\/04\/13\/franca-registra-mais-de-2-000-casos-de-dengue-confira-os-bairros-com-maior-incidencia\/#primaryimage"},"thumbnailUrl":"https:\/\/i0.wp.com\/verdadeon.com.br\/portal\/wp-content\/uploads\/2024\/04\/2bf5d2b92890b2ebff33d637028fcf06.webp?fit=1200%2C800&ssl=1","datePublished":"2024-04-13T15:33:36+00:00","dateModified":"2024-04-13T15:36:07+00:00","author":{"@id":"https:\/\/verdadeon.com.br\/portal\/#\/schema\/person\/a5060ad1e9ea3df545188fc93ce43d2f"},"breadcrumb":{"@id":"https:\/\/verdadeon.com.br\/portal\/2024\/04\/13\/franca-registra-mais-de-2-000-casos-de-dengue-confira-os-bairros-com-maior-incidencia\/#breadcrumb"},"inLanguage":"pt-BR","potentialAction":[{"@type":"ReadAction","target":["https:\/\/verdadeon.com.br\/portal\/2024\/04\/13\/franca-registra-mais-de-2-000-casos-de-dengue-confira-os-bairros-com-maior-incidencia\/"]}]},{"@type":"ImageObject","inLanguage":"pt-BR","@id":"https:\/\/verdadeon.com.br\/portal\/2024\/04\/13\/franca-registra-mais-de-2-000-casos-de-dengue-confira-os-bairros-com-maior-incidencia\/#primaryimage","url":"https:\/\/i0.wp.com\/verdadeon.com.br\/portal\/wp-content\/uploads\/2024\/04\/2bf5d2b92890b2ebff33d637028fcf06.webp?fit=1200%2C800&ssl=1","contentUrl":"https:\/\/i0.wp.com\/verdadeon.com.br\/portal\/wp-content\/uploads\/2024\/04\/2bf5d2b92890b2ebff33d637028fcf06.webp?fit=1200%2C800&ssl=1","width":1200,"height":800,"caption":"Franca registra mais de 2 mil casos de dengue esse ano \u00a9(Divulga\u00e7\u00e3o prefeitura de Franca)"},{"@type":"BreadcrumbList","@id":"https:\/\/verdadeon.com.br\/portal\/2024\/04\/13\/franca-registra-mais-de-2-000-casos-de-dengue-confira-os-bairros-com-maior-incidencia\/#breadcrumb","itemListElement":[{"@type":"ListItem","position":1,"name":"In\u00edcio","item":"https:\/\/verdadeon.com.br\/portal\/"},{"@type":"ListItem","position":2,"name":"Franca registra mais de 2.000 casos de dengue; confira os bairros com maior incid\u00eancia"}]},{"@type":"WebSite","@id":"https:\/\/verdadeon.com.br\/portal\/#website","url":"https:\/\/verdadeon.com.br\/portal\/","name":"VerdadeOn","description":"Not\u00edcias di\u00e1rias sobre Franca, Regi\u00e3o, Esporte, Cultura, Cotidiano, Colunas. Cobertura nos principais eventos da cidade \u00e9 aqui - Verdadeon Franca","potentialAction":[{"@type":"SearchAction","target":{"@type":"EntryPoint","urlTemplate":"https:\/\/verdadeon.com.br\/portal\/?s={search_term_string}"},"query-input":{"@type":"PropertyValueSpecification","valueRequired":true,"valueName":"search_term_string"}}],"inLanguage":"pt-BR"},{"@type":"Person","@id":"https:\/\/verdadeon.com.br\/portal\/#\/schema\/person\/a5060ad1e9ea3df545188fc93ce43d2f","name":"Redacao VerdadeOn","image":{"@type":"ImageObject","inLanguage":"pt-BR","@id":"https:\/\/verdadeon.com.br\/portal\/#\/schema\/person\/image\/","url":"https:\/\/secure.gravatar.com\/avatar\/459a9613caaaf07f582c3d0841eea68bdd66f533e465e6ba8b9cb45619572cf4?s=96&d=mm&r=g","contentUrl":"https:\/\/secure.gravatar.com\/avatar\/459a9613caaaf07f582c3d0841eea68bdd66f533e465e6ba8b9cb45619572cf4?s=96&d=mm&r=g","caption":"Redacao VerdadeOn"},"url":"https:\/\/verdadeon.com.br\/portal\/author\/redacao\/"}]}},"jetpack_publicize_connections":[],"jetpack_featured_media_url":"https:\/\/i0.wp.com\/verdadeon.com.br\/portal\/wp-content\/uploads\/2024\/04\/2bf5d2b92890b2ebff33d637028fcf06.webp?fit=1200%2C800&ssl=1","jetpack_sharing_enabled":true,"_links":{"self":[{"href":"https:\/\/verdadeon.com.br\/portal\/wp-json\/wp\/v2\/posts\/43242","targetHints":{"allow":["GET"]}}],"collection":[{"href":"https:\/\/verdadeon.com.br\/portal\/wp-json\/wp\/v2\/posts"}],"about":[{"href":"https:\/\/verdadeon.com.br\/portal\/wp-json\/wp\/v2\/types\/post"}],"author":[{"embeddable":true,"href":"https:\/\/verdadeon.com.br\/portal\/wp-json\/wp\/v2\/users\/10"}],"replies":[{"embeddable":true,"href":"https:\/\/verdadeon.com.br\/portal\/wp-json\/wp\/v2\/comments?post=43242"}],"version-history":[{"count":4,"href":"https:\/\/verdadeon.com.br\/portal\/wp-json\/wp\/v2\/posts\/43242\/revisions"}],"predecessor-version":[{"id":43284,"href":"https:\/\/verdadeon.com.br\/portal\/wp-json\/wp\/v2\/posts\/43242\/revisions\/43284"}],"wp:featuredmedia":[{"embeddable":true,"href":"https:\/\/verdadeon.com.br\/portal\/wp-json\/wp\/v2\/media\/43243"}],"wp:attachment":[{"href":"https:\/\/verdadeon.com.br\/portal\/wp-json\/wp\/v2\/media?parent=43242"}],"wp:term":[{"taxonomy":"category","embeddable":true,"href":"https:\/\/verdadeon.com.br\/portal\/wp-json\/wp\/v2\/categories?post=43242"},{"taxonomy":"post_tag","embeddable":true,"href":"https:\/\/verdadeon.com.br\/portal\/wp-json\/wp\/v2\/tags?post=43242"}],"curies":[{"name":"wp","href":"https:\/\/api.w.org\/{rel}","templated":true}]}}