{"id":43230,"date":"2024-04-12T14:03:46","date_gmt":"2024-04-12T17:03:46","guid":{"rendered":"https:\/\/verdadeon.com.br\/portal\/?p=43230"},"modified":"2024-04-12T17:04:12","modified_gmt":"2024-04-12T20:04:12","slug":"conanda-defende-amplo-debate-para-garantir-seguranca-digital-a-crianca","status":"publish","type":"post","link":"https:\/\/verdadeon.com.br\/portal\/2024\/04\/12\/conanda-defende-amplo-debate-para-garantir-seguranca-digital-a-crianca\/","title":{"rendered":"Conanda defende amplo debate para garantir seguran\u00e7a digital \u00e0 crian\u00e7a"},"content":{"rendered":"<div class=\"row\">\n<h3 class=\"col-10 offset-1 animated fadeInDown dealy-900 display-8 display-md-8 alt-font font-italic my-1 text-center\">Adolescentes devem ter papel central na constru\u00e7\u00e3o dessa pol\u00edtica<\/h3>\n<\/div>\n<p>O Conselho Nacional dos Direitos da Crian\u00e7a e do Adolescente (Conanda), principal \u00f3rg\u00e3o do sistema de garantia de direitos dessa parte da popula\u00e7\u00e3o, tem buscado envolver toda a sociedade e o Estado brasileiro no debate sobre seguran\u00e7a no ambiente digital. Nesta semana foi publicada uma\u00a0<a href=\"https:\/\/agenciabrasil.ebc.com.br\/geral\/noticia\/2024-04\/governo-regulamenta-direito-de-crian%C3%A7as-em-ambiente-digital\" target=\"_blank\" rel=\"noopener\">resolu\u00e7\u00e3o<\/a> com orienta\u00e7\u00f5es sobre o tema. A resolu\u00e7\u00e3o prev\u00ea a cria\u00e7\u00e3o de uma pol\u00edtica nacional para o setor em 90 dias.<\/p>\n<p>O documento aborda temas como a prote\u00e7\u00e3o de crian\u00e7as e adolescentes da viol\u00eancia sexual e do discurso de \u00f3dio, publicidade infantil e garantia dos direitos deles \u00e0 privacidade e ao sigilo de dados pessoais. A resolu\u00e7\u00e3o tamb\u00e9m aponta desafios para a constru\u00e7\u00e3o de um ambiente digital que privilegie a defesa dos direitos desse grupo no Brasil.<\/p>\n<p>De acordo com a conselheira Ana Cl\u00e1udia Cifali, a pr\u00f3pria resolu\u00e7\u00e3o destaca a multiplicidade de desafios a serem enfrentados, com temas que tratam de diferentes aspectos. \u201c\u00c9 um esfor\u00e7o que tem que ser m\u00faltiplo, [com envolvimento] de diversos atores, porque cada ator, seja do governo, seja da sociedade civil, vai ter seu papel, sua responsabilidade na garantia da prote\u00e7\u00e3o de crian\u00e7as e adolescentes no ambiente digital.\u201d<\/p>\n<p>Ana Cl\u00e1udia diz que a multiplicidade tamb\u00e9m \u00e9 consequ\u00eancia do amplo debate realizado pelo Conanda tanto na elabora\u00e7\u00e3o de orienta\u00e7\u00f5es quanto na constru\u00e7\u00e3o da pol\u00edtica nacional, que teve contribui\u00e7\u00e3o ativa dos jovens. Segundo ela, todos os questionamentos e as sugest\u00f5es trazidas pelo comit\u00ea de adolescentes foram considerados. \u201cEles trouxeram muito forte a quest\u00e3o da exposi\u00e7\u00e3o aos discursos de \u00f3dio, a necessidade de participa\u00e7\u00e3o e a cria\u00e7\u00e3o de mecanismos de verifica\u00e7\u00e3o et\u00e1ria nos servi\u00e7os e ambientes digitais.\u201d<\/p>\n<p>A posi\u00e7\u00e3o apresentada pelos jovens mostrou-se alinhada aos n\u00fameros apresentados por pesquisas como a &#8220;Algoritmos, viol\u00eancia e juventude no Brasil: rumo a um modelo educacional para a paz e os direitos humanos&#8221;, realizada pela organiza\u00e7\u00e3o n\u00e3o governamental (ONG) Think Twice Brasil. O estudo revela que 84,3% dos jovens entrevistados j\u00e1 encontraram algum conte\u00fado violento ou v\u00eddeo discriminat\u00f3rio, de humilha\u00e7\u00e3o, ou perturbador nas redes sociais.<\/p>\n<p>Na mesma pesquisa, 26,4% dos jovens, com idade entre 13 e 24 anos, declararam que assistir a esses v\u00eddeos violentos, de alguma forma, os motivou a atacar verbal ou fisicamente outras pessoas.<\/p>\n<p>\u201cOs adolescentes t\u00eam que ter um papel central na constru\u00e7\u00e3o dessa pol\u00edtica, para construirmos de fato um ambiente digital que fa\u00e7a frente a tais desafios&#8221;, afirma Ana Cl\u00e1udia. Ela refor\u00e7a que, embora esses temas j\u00e1 sejam tratados em toda a legisla\u00e7\u00e3o brasileira, como a pr\u00f3pria responsabilidade compartilhada na garantia dos direitos da crian\u00e7a e do adolescente, que est\u00e1 presente na Constitui\u00e7\u00e3o Federal, o ambiente virtual ainda precisa ser aprimorado em v\u00e1rios aspectos.<\/p>\n<p>\u201cN\u00e3o nos interessa excluir as crian\u00e7as do ambiente digital, mas sim torn\u00e1-lo seguro para que as crian\u00e7as e adolescentes possam se desenvolver e aproveitar todas as oportunidades que esse ambiente possa oferecer\u201d, enfatiza Ana Cl\u00e1udia.<\/p>\n<p>Ag\u00eancia Brasil<\/p>\n","protected":false},"excerpt":{"rendered":"<p>Adolescentes devem ter papel central na constru\u00e7\u00e3o dessa pol\u00edtica O Conselho Nacional dos Direitos da Crian\u00e7a e do Adolescente (Conanda), principal \u00f3rg\u00e3o do sistema de garantia<span class=\"excerpt-hellip\"> [\u2026]<\/span><\/p>\n","protected":false},"author":10,"featured_media":43231,"comment_status":"open","ping_status":"open","sticky":false,"template":"","format":"standard","meta":{"_jetpack_memberships_contains_paid_content":false,"footnotes":"","jetpack_publicize_message":"","jetpack_publicize_feature_enabled":true,"jetpack_social_post_already_shared":false,"jetpack_social_options":{"image_generator_settings":{"template":"highway","default_image_id":0,"enabled":false},"version":2}},"categories":[28],"tags":[],"class_list":["post-43230","post","type-post","status-publish","format-standard","has-post-thumbnail","hentry","category-cotidiano"],"yoast_head":"<!-- This site is optimized with the Yoast SEO plugin v25.6 - https:\/\/yoast.com\/wordpress\/plugins\/seo\/ -->\n<title>Conanda defende amplo debate para garantir seguran\u00e7a digital \u00e0 crian\u00e7a - VerdadeOn<\/title>\n<meta name=\"robots\" content=\"index, follow, max-snippet:-1, max-image-preview:large, max-video-preview:-1\" \/>\n<link rel=\"canonical\" href=\"https:\/\/verdadeon.com.br\/portal\/2024\/04\/12\/conanda-defende-amplo-debate-para-garantir-seguranca-digital-a-crianca\/\" \/>\n<meta property=\"og:locale\" content=\"pt_BR\" \/>\n<meta property=\"og:type\" content=\"article\" \/>\n<meta property=\"og:title\" content=\"Conanda defende amplo debate para garantir seguran\u00e7a digital \u00e0 crian\u00e7a - VerdadeOn\" \/>\n<meta property=\"og:description\" content=\"Adolescentes devem ter papel central na constru\u00e7\u00e3o dessa pol\u00edtica O Conselho Nacional dos Direitos da Crian\u00e7a e do Adolescente (Conanda), principal \u00f3rg\u00e3o do sistema de garantia [\u2026]\" \/>\n<meta property=\"og:url\" content=\"https:\/\/verdadeon.com.br\/portal\/2024\/04\/12\/conanda-defende-amplo-debate-para-garantir-seguranca-digital-a-crianca\/\" \/>\n<meta property=\"og:site_name\" content=\"VerdadeOn\" \/>\n<meta property=\"article:published_time\" content=\"2024-04-12T17:03:46+00:00\" \/>\n<meta property=\"article:modified_time\" content=\"2024-04-12T20:04:12+00:00\" \/>\n<meta property=\"og:image\" content=\"https:\/\/i0.wp.com\/verdadeon.com.br\/portal\/wp-content\/uploads\/2024\/04\/dragana_gordic-freepik.webp?fit=1170%2C700&ssl=1\" \/>\n\t<meta property=\"og:image:width\" content=\"1170\" \/>\n\t<meta property=\"og:image:height\" content=\"700\" \/>\n\t<meta property=\"og:image:type\" content=\"image\/webp\" \/>\n<meta name=\"author\" content=\"Redacao VerdadeOn\" \/>\n<meta name=\"twitter:card\" content=\"summary_large_image\" \/>\n<meta name=\"twitter:label1\" content=\"Escrito por\" \/>\n\t<meta name=\"twitter:data1\" content=\"Redacao VerdadeOn\" \/>\n\t<meta name=\"twitter:label2\" content=\"Est. tempo de leitura\" \/>\n\t<meta name=\"twitter:data2\" content=\"3 minutos\" \/>\n<script type=\"application\/ld+json\" class=\"yoast-schema-graph\">{\"@context\":\"https:\/\/schema.org\",\"@graph\":[{\"@type\":\"WebPage\",\"@id\":\"https:\/\/verdadeon.com.br\/portal\/2024\/04\/12\/conanda-defende-amplo-debate-para-garantir-seguranca-digital-a-crianca\/\",\"url\":\"https:\/\/verdadeon.com.br\/portal\/2024\/04\/12\/conanda-defende-amplo-debate-para-garantir-seguranca-digital-a-crianca\/\",\"name\":\"Conanda defende amplo debate para garantir seguran\u00e7a digital \u00e0 crian\u00e7a - VerdadeOn\",\"isPartOf\":{\"@id\":\"https:\/\/verdadeon.com.br\/portal\/#website\"},\"primaryImageOfPage\":{\"@id\":\"https:\/\/verdadeon.com.br\/portal\/2024\/04\/12\/conanda-defende-amplo-debate-para-garantir-seguranca-digital-a-crianca\/#primaryimage\"},\"image\":{\"@id\":\"https:\/\/verdadeon.com.br\/portal\/2024\/04\/12\/conanda-defende-amplo-debate-para-garantir-seguranca-digital-a-crianca\/#primaryimage\"},\"thumbnailUrl\":\"https:\/\/i0.wp.com\/verdadeon.com.br\/portal\/wp-content\/uploads\/2024\/04\/dragana_gordic-freepik.webp?fit=1170%2C700&ssl=1\",\"datePublished\":\"2024-04-12T17:03:46+00:00\",\"dateModified\":\"2024-04-12T20:04:12+00:00\",\"author\":{\"@id\":\"https:\/\/verdadeon.com.br\/portal\/#\/schema\/person\/a5060ad1e9ea3df545188fc93ce43d2f\"},\"breadcrumb\":{\"@id\":\"https:\/\/verdadeon.com.br\/portal\/2024\/04\/12\/conanda-defende-amplo-debate-para-garantir-seguranca-digital-a-crianca\/#breadcrumb\"},\"inLanguage\":\"pt-BR\",\"potentialAction\":[{\"@type\":\"ReadAction\",\"target\":[\"https:\/\/verdadeon.com.br\/portal\/2024\/04\/12\/conanda-defende-amplo-debate-para-garantir-seguranca-digital-a-crianca\/\"]}]},{\"@type\":\"ImageObject\",\"inLanguage\":\"pt-BR\",\"@id\":\"https:\/\/verdadeon.com.br\/portal\/2024\/04\/12\/conanda-defende-amplo-debate-para-garantir-seguranca-digital-a-crianca\/#primaryimage\",\"url\":\"https:\/\/i0.wp.com\/verdadeon.com.br\/portal\/wp-content\/uploads\/2024\/04\/dragana_gordic-freepik.webp?fit=1170%2C700&ssl=1\",\"contentUrl\":\"https:\/\/i0.wp.com\/verdadeon.com.br\/portal\/wp-content\/uploads\/2024\/04\/dragana_gordic-freepik.webp?fit=1170%2C700&ssl=1\",\"width\":1170,\"height\":700,\"caption\":\"Estudo revela que 84,3% dos jovens entrevistados j\u00e1 encontraram algum conte\u00fado violento ou v\u00eddeo discriminat\u00f3rio, de humilha\u00e7\u00e3o, ou perturbador nas redes sociais. \u00a9(Drogana Gordic)\"},{\"@type\":\"BreadcrumbList\",\"@id\":\"https:\/\/verdadeon.com.br\/portal\/2024\/04\/12\/conanda-defende-amplo-debate-para-garantir-seguranca-digital-a-crianca\/#breadcrumb\",\"itemListElement\":[{\"@type\":\"ListItem\",\"position\":1,\"name\":\"In\u00edcio\",\"item\":\"https:\/\/verdadeon.com.br\/portal\/\"},{\"@type\":\"ListItem\",\"position\":2,\"name\":\"Conanda defende amplo debate para garantir seguran\u00e7a digital \u00e0 crian\u00e7a\"}]},{\"@type\":\"WebSite\",\"@id\":\"https:\/\/verdadeon.com.br\/portal\/#website\",\"url\":\"https:\/\/verdadeon.com.br\/portal\/\",\"name\":\"VerdadeOn\",\"description\":\"Not\u00edcias di\u00e1rias sobre Franca, Regi\u00e3o, Esporte, Cultura, Cotidiano, Colunas. Cobertura nos principais eventos da cidade \u00e9 aqui - Verdadeon Franca\",\"potentialAction\":[{\"@type\":\"SearchAction\",\"target\":{\"@type\":\"EntryPoint\",\"urlTemplate\":\"https:\/\/verdadeon.com.br\/portal\/?s={search_term_string}\"},\"query-input\":{\"@type\":\"PropertyValueSpecification\",\"valueRequired\":true,\"valueName\":\"search_term_string\"}}],\"inLanguage\":\"pt-BR\"},{\"@type\":\"Person\",\"@id\":\"https:\/\/verdadeon.com.br\/portal\/#\/schema\/person\/a5060ad1e9ea3df545188fc93ce43d2f\",\"name\":\"Redacao VerdadeOn\",\"image\":{\"@type\":\"ImageObject\",\"inLanguage\":\"pt-BR\",\"@id\":\"https:\/\/verdadeon.com.br\/portal\/#\/schema\/person\/image\/\",\"url\":\"https:\/\/secure.gravatar.com\/avatar\/459a9613caaaf07f582c3d0841eea68bdd66f533e465e6ba8b9cb45619572cf4?s=96&d=mm&r=g\",\"contentUrl\":\"https:\/\/secure.gravatar.com\/avatar\/459a9613caaaf07f582c3d0841eea68bdd66f533e465e6ba8b9cb45619572cf4?s=96&d=mm&r=g\",\"caption\":\"Redacao VerdadeOn\"},\"url\":\"https:\/\/verdadeon.com.br\/portal\/author\/redacao\/\"}]}<\/script>\n<!-- \/ Yoast SEO plugin. -->","yoast_head_json":{"title":"Conanda defende amplo debate para garantir seguran\u00e7a digital \u00e0 crian\u00e7a - VerdadeOn","robots":{"index":"index","follow":"follow","max-snippet":"max-snippet:-1","max-image-preview":"max-image-preview:large","max-video-preview":"max-video-preview:-1"},"canonical":"https:\/\/verdadeon.com.br\/portal\/2024\/04\/12\/conanda-defende-amplo-debate-para-garantir-seguranca-digital-a-crianca\/","og_locale":"pt_BR","og_type":"article","og_title":"Conanda defende amplo debate para garantir seguran\u00e7a digital \u00e0 crian\u00e7a - VerdadeOn","og_description":"Adolescentes devem ter papel central na constru\u00e7\u00e3o dessa pol\u00edtica O Conselho Nacional dos Direitos da Crian\u00e7a e do Adolescente (Conanda), principal \u00f3rg\u00e3o do sistema de garantia [\u2026]","og_url":"https:\/\/verdadeon.com.br\/portal\/2024\/04\/12\/conanda-defende-amplo-debate-para-garantir-seguranca-digital-a-crianca\/","og_site_name":"VerdadeOn","article_published_time":"2024-04-12T17:03:46+00:00","article_modified_time":"2024-04-12T20:04:12+00:00","og_image":[{"width":1170,"height":700,"url":"https:\/\/i0.wp.com\/verdadeon.com.br\/portal\/wp-content\/uploads\/2024\/04\/dragana_gordic-freepik.webp?fit=1170%2C700&ssl=1","type":"image\/webp"}],"author":"Redacao VerdadeOn","twitter_card":"summary_large_image","twitter_misc":{"Escrito por":"Redacao VerdadeOn","Est. tempo de leitura":"3 minutos"},"schema":{"@context":"https:\/\/schema.org","@graph":[{"@type":"WebPage","@id":"https:\/\/verdadeon.com.br\/portal\/2024\/04\/12\/conanda-defende-amplo-debate-para-garantir-seguranca-digital-a-crianca\/","url":"https:\/\/verdadeon.com.br\/portal\/2024\/04\/12\/conanda-defende-amplo-debate-para-garantir-seguranca-digital-a-crianca\/","name":"Conanda defende amplo debate para garantir seguran\u00e7a digital \u00e0 crian\u00e7a - VerdadeOn","isPartOf":{"@id":"https:\/\/verdadeon.com.br\/portal\/#website"},"primaryImageOfPage":{"@id":"https:\/\/verdadeon.com.br\/portal\/2024\/04\/12\/conanda-defende-amplo-debate-para-garantir-seguranca-digital-a-crianca\/#primaryimage"},"image":{"@id":"https:\/\/verdadeon.com.br\/portal\/2024\/04\/12\/conanda-defende-amplo-debate-para-garantir-seguranca-digital-a-crianca\/#primaryimage"},"thumbnailUrl":"https:\/\/i0.wp.com\/verdadeon.com.br\/portal\/wp-content\/uploads\/2024\/04\/dragana_gordic-freepik.webp?fit=1170%2C700&ssl=1","datePublished":"2024-04-12T17:03:46+00:00","dateModified":"2024-04-12T20:04:12+00:00","author":{"@id":"https:\/\/verdadeon.com.br\/portal\/#\/schema\/person\/a5060ad1e9ea3df545188fc93ce43d2f"},"breadcrumb":{"@id":"https:\/\/verdadeon.com.br\/portal\/2024\/04\/12\/conanda-defende-amplo-debate-para-garantir-seguranca-digital-a-crianca\/#breadcrumb"},"inLanguage":"pt-BR","potentialAction":[{"@type":"ReadAction","target":["https:\/\/verdadeon.com.br\/portal\/2024\/04\/12\/conanda-defende-amplo-debate-para-garantir-seguranca-digital-a-crianca\/"]}]},{"@type":"ImageObject","inLanguage":"pt-BR","@id":"https:\/\/verdadeon.com.br\/portal\/2024\/04\/12\/conanda-defende-amplo-debate-para-garantir-seguranca-digital-a-crianca\/#primaryimage","url":"https:\/\/i0.wp.com\/verdadeon.com.br\/portal\/wp-content\/uploads\/2024\/04\/dragana_gordic-freepik.webp?fit=1170%2C700&ssl=1","contentUrl":"https:\/\/i0.wp.com\/verdadeon.com.br\/portal\/wp-content\/uploads\/2024\/04\/dragana_gordic-freepik.webp?fit=1170%2C700&ssl=1","width":1170,"height":700,"caption":"Estudo revela que 84,3% dos jovens entrevistados j\u00e1 encontraram algum conte\u00fado violento ou v\u00eddeo discriminat\u00f3rio, de humilha\u00e7\u00e3o, ou perturbador nas redes sociais. \u00a9(Drogana Gordic)"},{"@type":"BreadcrumbList","@id":"https:\/\/verdadeon.com.br\/portal\/2024\/04\/12\/conanda-defende-amplo-debate-para-garantir-seguranca-digital-a-crianca\/#breadcrumb","itemListElement":[{"@type":"ListItem","position":1,"name":"In\u00edcio","item":"https:\/\/verdadeon.com.br\/portal\/"},{"@type":"ListItem","position":2,"name":"Conanda defende amplo debate para garantir seguran\u00e7a digital \u00e0 crian\u00e7a"}]},{"@type":"WebSite","@id":"https:\/\/verdadeon.com.br\/portal\/#website","url":"https:\/\/verdadeon.com.br\/portal\/","name":"VerdadeOn","description":"Not\u00edcias di\u00e1rias sobre Franca, Regi\u00e3o, Esporte, Cultura, Cotidiano, Colunas. Cobertura nos principais eventos da cidade \u00e9 aqui - Verdadeon Franca","potentialAction":[{"@type":"SearchAction","target":{"@type":"EntryPoint","urlTemplate":"https:\/\/verdadeon.com.br\/portal\/?s={search_term_string}"},"query-input":{"@type":"PropertyValueSpecification","valueRequired":true,"valueName":"search_term_string"}}],"inLanguage":"pt-BR"},{"@type":"Person","@id":"https:\/\/verdadeon.com.br\/portal\/#\/schema\/person\/a5060ad1e9ea3df545188fc93ce43d2f","name":"Redacao VerdadeOn","image":{"@type":"ImageObject","inLanguage":"pt-BR","@id":"https:\/\/verdadeon.com.br\/portal\/#\/schema\/person\/image\/","url":"https:\/\/secure.gravatar.com\/avatar\/459a9613caaaf07f582c3d0841eea68bdd66f533e465e6ba8b9cb45619572cf4?s=96&d=mm&r=g","contentUrl":"https:\/\/secure.gravatar.com\/avatar\/459a9613caaaf07f582c3d0841eea68bdd66f533e465e6ba8b9cb45619572cf4?s=96&d=mm&r=g","caption":"Redacao VerdadeOn"},"url":"https:\/\/verdadeon.com.br\/portal\/author\/redacao\/"}]}},"jetpack_publicize_connections":[],"jetpack_featured_media_url":"https:\/\/i0.wp.com\/verdadeon.com.br\/portal\/wp-content\/uploads\/2024\/04\/dragana_gordic-freepik.webp?fit=1170%2C700&ssl=1","jetpack_sharing_enabled":true,"_links":{"self":[{"href":"https:\/\/verdadeon.com.br\/portal\/wp-json\/wp\/v2\/posts\/43230","targetHints":{"allow":["GET"]}}],"collection":[{"href":"https:\/\/verdadeon.com.br\/portal\/wp-json\/wp\/v2\/posts"}],"about":[{"href":"https:\/\/verdadeon.com.br\/portal\/wp-json\/wp\/v2\/types\/post"}],"author":[{"embeddable":true,"href":"https:\/\/verdadeon.com.br\/portal\/wp-json\/wp\/v2\/users\/10"}],"replies":[{"embeddable":true,"href":"https:\/\/verdadeon.com.br\/portal\/wp-json\/wp\/v2\/comments?post=43230"}],"version-history":[{"count":1,"href":"https:\/\/verdadeon.com.br\/portal\/wp-json\/wp\/v2\/posts\/43230\/revisions"}],"predecessor-version":[{"id":43232,"href":"https:\/\/verdadeon.com.br\/portal\/wp-json\/wp\/v2\/posts\/43230\/revisions\/43232"}],"wp:featuredmedia":[{"embeddable":true,"href":"https:\/\/verdadeon.com.br\/portal\/wp-json\/wp\/v2\/media\/43231"}],"wp:attachment":[{"href":"https:\/\/verdadeon.com.br\/portal\/wp-json\/wp\/v2\/media?parent=43230"}],"wp:term":[{"taxonomy":"category","embeddable":true,"href":"https:\/\/verdadeon.com.br\/portal\/wp-json\/wp\/v2\/categories?post=43230"},{"taxonomy":"post_tag","embeddable":true,"href":"https:\/\/verdadeon.com.br\/portal\/wp-json\/wp\/v2\/tags?post=43230"}],"curies":[{"name":"wp","href":"https:\/\/api.w.org\/{rel}","templated":true}]}}