{"id":42984,"date":"2024-04-08T22:17:52","date_gmt":"2024-04-09T01:17:52","guid":{"rendered":"https:\/\/verdadeon.com.br\/portal\/?p=42984"},"modified":"2024-04-08T22:17:52","modified_gmt":"2024-04-09T01:17:52","slug":"grupo-santa-casa-de-franca-conquista-certificacao-avcb","status":"publish","type":"post","link":"https:\/\/verdadeon.com.br\/portal\/2024\/04\/08\/grupo-santa-casa-de-franca-conquista-certificacao-avcb\/","title":{"rendered":"Grupo Santa Casa de Franca  conquista certifica\u00e7\u00e3o AVCB"},"content":{"rendered":"<h2>Poucos hospitais no Brasil possuem este t\u00edtulo que garante seguran\u00e7a para pacientes, visitantes e profissionais da sa\u00fade.<\/h2>\n<p>Com 126 anos de dedica\u00e7\u00e3o e experse no atendimento de sa\u00fade para Franca e regi\u00e3o, o Grupo Santa Casa de Franca permanece em constante evolu\u00e7\u00e3o, acompanhando tend\u00eancias e se mantendo sempre \u00e0 frente de seu tempo.<br \/>\nE alinhada a esta filosofia a instui\u00e7\u00e3o conquistou no \u00falmo dia 05 de mar\u00e7o de 2024 uma importante cerfica\u00e7\u00e3o em termos de seguran\u00e7a aos pacientes, colaboradores e visitantes que circulam no Hospital Geral (Santa Casa) &#8211; a<br \/>\nCerfica\u00e7\u00e3o AVCB (Auto de Vistoria do Corpo de Bombeiros), um tulo que poucos hospitais no Brasil possuem.<br \/>\nO AVCB \u00e9 o documento que atesta que uma instui\u00e7\u00e3o est\u00e1 em conformidade com as normas de seguran\u00e7a contra inc\u00eandios. Essa cerfica\u00e7\u00e3o \u00e9 crucial para hospitais e outras instui\u00e7\u00f5es de sa\u00fade por v\u00e1rias raz\u00f5es: ao cumprir as normas de seguran\u00e7a, o risco de ocorr\u00eancia de inc\u00eandios e a propaga\u00e7\u00e3o de fogo s\u00e3o minimizados; al\u00e9m de que um hospital seguro, pode facilitar a evacua\u00e7\u00e3o ordenada e r\u00e1pida, contribuindo para a preserva\u00e7\u00e3o de vidas; equipamentos de combate a inc\u00eandios e rotas de fuga adequadas s\u00e3o aspectos importantes avaliados durante a vistoria do Corpo de Bombeiros para a emiss\u00e3o do AVCB.<br \/>\nPara esta conquista, a diretoria do Grupo Santa Casa de Franca nos \u00falmos anos intensificou os invesmentos para realiza\u00e7\u00e3o deste projeto, implantando modernas tecnologias com centrais de alarme e monitoramento, adequa\u00e7\u00f5es de infraestrutura com as instala\u00e7\u00f5es de portas cortafogo automazadas, sensores de calor e detectores de fuma\u00e7a em todos ambientes do hospital &#8211; al\u00e9m da constru\u00e7\u00e3o da escada de emerg\u00eancia externa (na foto principal com a equipe) para evacua\u00e7\u00e3o em caso de inc\u00eandios e outras ocorr\u00eancias que possam por vidas em risco.<br \/>\nA equipe do SESMT (Servi\u00e7o Especializado em Seguran\u00e7a e Medicina do Trabalho) com apoio de profissionais qualificados, fortaleceu o treinamento dos colaboradores membros da Brigada de Inc\u00eandio \u2013 requisito obrigat\u00f3rio para obten\u00e7\u00e3o do AVCB &#8211; com orienta\u00e7\u00f5es te\u00f3ricas e pr\u00e1cas no combate a inc\u00eandio e simula\u00e7\u00f5es de emerg\u00eancia. A equipe tamb\u00e9m realiza constantemente os testes recomendados dos equipamentos de seguran\u00e7a de combate a inc\u00eandio, para garanr a funcionalidade e seguran\u00e7a das vidas presentes no ambiente hospitalar.<br \/>\nO presidente do Grupo Santa Casa de Franca, Tony Graciano, destaca: \u201cTemos invesdo constantemente na realiza\u00e7\u00e3o de uma gest\u00e3o que se preocupa com a melhoria connua e busca de qualidade e excel\u00eancia em todos os aspectos que envolvem o processo de atendimento de nossos usu\u00e1rios, em seus m\u00ednimos detalhes. Desta forma, n\u00e3o seria diferente nossa atude em rela\u00e7\u00e3o \u00e0 seguran\u00e7a de nossos colaboradores e pacientes, pois temos visto nos noci\u00e1rios v\u00e1rios acontecimentos infelizmente desastrosos, por falta de invesmento em seguran\u00e7a, inclusive envolvendo hospitais\u201d, falou Tony.<br \/>\nO Administrador Hospitalar do Grupo, Thiago Silva, fez a seguinte observa\u00e7\u00e3o: \u201cCom apoio do SESMT (Servi\u00e7o Especializado em Engenharia de Seguran\u00e7a e Medicina do Trabalho), ap\u00f3s um longo per\u00edodo de adequa\u00e7\u00f5es, conquistamos a cerfica\u00e7\u00e3o AVCB &#8211; Auto de Vistoria do Corpo de Bombeiros \u2013 que \u00e9 o documento emido pelo Corpo de Bombeiros da Pol\u00edcia Militar do Estado de S\u00e3o Paulo (CBPMESP) cerficando que a edifica\u00e7\u00e3o possui as condi\u00e7\u00f5es de seguran\u00e7a contra inc\u00eandio. \u00c9 um conjunto de medidas estruturais, t\u00e9cnicas e organizacionais integradas<br \/>\npara garanr \u00e0 edifica\u00e7\u00e3o um \u00f3mo n\u00edvel de prote\u00e7\u00e3o no segmento de seguran\u00e7a contra inc\u00eandios e p\u00e2nico, previstos pela legisla\u00e7\u00e3o e constantes no processo, estabelecendo um per\u00edodo de revalida\u00e7\u00e3o\u201d, concluiu Thiago Silva.<br \/>\nWillian Sart\u00f3rio, Gerente de Tecnologia e Gest\u00e3o de Pessoas, destaca: \u201cCom apoio da equipe de Engenharia e Infraestrutura do Grupo Santa Casa de Franca, todas as etapas de execu\u00e7\u00e3o do projeto com a supervis\u00e3o do gerente da \u00e1rea &#8211; Sillas Sousa &#8211; e da equipe do SESMT, foi poss\u00edvel concluir a conquista do AVCB, garanndo seguran\u00e7a para nossos colaboradores, pacientes e visitantes, al\u00e9m de permir condi\u00e7\u00f5es de atua\u00e7\u00e3o eficaz dos brigadistas e do Corpo de Bombeiros em situa\u00e7\u00f5es de emerg\u00eancia\u201d, concluiu.<br \/>\nO Grupo Santa Casa de Franca, al\u00e9m de seus 126 anos de experi\u00eancia, \u00e9 h\u00e1 mais de uma d\u00e9cada \u00e9 uma refer\u00eancia estadual e at\u00e9 nacional em gest\u00e3o, inova\u00e7\u00e3o e melhoria, ensino e pesquisa, constru\u00e7\u00e3o do conhecimento, entre outros diversos outros aspectos da assist\u00eancia em sa\u00fade \u2013 e tem sido solicitado por instui\u00e7\u00f5es parceiras para difus\u00e3o deste know how, consolidando-se como um grande complexo hospitalar de alta complexidade.<\/p>\n","protected":false},"excerpt":{"rendered":"<p>Poucos hospitais no Brasil possuem este t\u00edtulo que garante seguran\u00e7a para pacientes, visitantes e profissionais da sa\u00fade. Com 126 anos de dedica\u00e7\u00e3o e experse no atendimento<span class=\"excerpt-hellip\"> [\u2026]<\/span><\/p>\n","protected":false},"author":4,"featured_media":42985,"comment_status":"open","ping_status":"open","sticky":false,"template":"","format":"standard","meta":{"_jetpack_memberships_contains_paid_content":false,"footnotes":"","jetpack_publicize_message":"","jetpack_publicize_feature_enabled":true,"jetpack_social_post_already_shared":false,"jetpack_social_options":{"image_generator_settings":{"template":"highway","default_image_id":0,"enabled":false},"version":2}},"categories":[28,81],"tags":[],"class_list":["post-42984","post","type-post","status-publish","format-standard","has-post-thumbnail","hentry","category-cotidiano","category-manchete"],"yoast_head":"<!-- This site is optimized with the Yoast SEO plugin v25.6 - https:\/\/yoast.com\/wordpress\/plugins\/seo\/ -->\n<title>Grupo Santa Casa de Franca conquista certifica\u00e7\u00e3o AVCB - VerdadeOn<\/title>\n<meta name=\"robots\" content=\"index, follow, max-snippet:-1, max-image-preview:large, max-video-preview:-1\" \/>\n<link rel=\"canonical\" href=\"https:\/\/verdadeon.com.br\/portal\/2024\/04\/08\/grupo-santa-casa-de-franca-conquista-certificacao-avcb\/\" \/>\n<meta property=\"og:locale\" content=\"pt_BR\" \/>\n<meta property=\"og:type\" content=\"article\" \/>\n<meta property=\"og:title\" content=\"Grupo Santa Casa de Franca conquista certifica\u00e7\u00e3o AVCB - VerdadeOn\" \/>\n<meta property=\"og:description\" content=\"Poucos hospitais no Brasil possuem este t\u00edtulo que garante seguran\u00e7a para pacientes, visitantes e profissionais da sa\u00fade. Com 126 anos de dedica\u00e7\u00e3o e experse no atendimento [\u2026]\" \/>\n<meta property=\"og:url\" content=\"https:\/\/verdadeon.com.br\/portal\/2024\/04\/08\/grupo-santa-casa-de-franca-conquista-certificacao-avcb\/\" \/>\n<meta property=\"og:site_name\" content=\"VerdadeOn\" \/>\n<meta property=\"article:published_time\" content=\"2024-04-09T01:17:52+00:00\" \/>\n<meta property=\"og:image\" content=\"https:\/\/verdadeon.com.br\/portal\/wp-content\/uploads\/2024\/04\/sc01.jpg\" \/>\n\t<meta property=\"og:image:width\" content=\"1000\" \/>\n\t<meta property=\"og:image:height\" content=\"670\" \/>\n\t<meta property=\"og:image:type\" content=\"image\/jpeg\" \/>\n<meta name=\"author\" content=\"Fernando Calixto\" \/>\n<meta name=\"twitter:card\" content=\"summary_large_image\" \/>\n<meta name=\"twitter:label1\" content=\"Escrito por\" \/>\n\t<meta name=\"twitter:data1\" content=\"Fernando Calixto\" \/>\n\t<meta name=\"twitter:label2\" content=\"Est. tempo de leitura\" \/>\n\t<meta name=\"twitter:data2\" content=\"4 minutos\" \/>\n<script type=\"application\/ld+json\" class=\"yoast-schema-graph\">{\"@context\":\"https:\/\/schema.org\",\"@graph\":[{\"@type\":\"WebPage\",\"@id\":\"https:\/\/verdadeon.com.br\/portal\/2024\/04\/08\/grupo-santa-casa-de-franca-conquista-certificacao-avcb\/\",\"url\":\"https:\/\/verdadeon.com.br\/portal\/2024\/04\/08\/grupo-santa-casa-de-franca-conquista-certificacao-avcb\/\",\"name\":\"Grupo Santa Casa de Franca conquista certifica\u00e7\u00e3o AVCB - VerdadeOn\",\"isPartOf\":{\"@id\":\"https:\/\/verdadeon.com.br\/portal\/#website\"},\"primaryImageOfPage\":{\"@id\":\"https:\/\/verdadeon.com.br\/portal\/2024\/04\/08\/grupo-santa-casa-de-franca-conquista-certificacao-avcb\/#primaryimage\"},\"image\":{\"@id\":\"https:\/\/verdadeon.com.br\/portal\/2024\/04\/08\/grupo-santa-casa-de-franca-conquista-certificacao-avcb\/#primaryimage\"},\"thumbnailUrl\":\"https:\/\/i0.wp.com\/verdadeon.com.br\/portal\/wp-content\/uploads\/2024\/04\/sc01.jpg?fit=1000%2C670&ssl=1\",\"datePublished\":\"2024-04-09T01:17:52+00:00\",\"author\":{\"@id\":\"https:\/\/verdadeon.com.br\/portal\/#\/schema\/person\/8994718f49ee62ba5610471e29ca1f62\"},\"breadcrumb\":{\"@id\":\"https:\/\/verdadeon.com.br\/portal\/2024\/04\/08\/grupo-santa-casa-de-franca-conquista-certificacao-avcb\/#breadcrumb\"},\"inLanguage\":\"pt-BR\",\"potentialAction\":[{\"@type\":\"ReadAction\",\"target\":[\"https:\/\/verdadeon.com.br\/portal\/2024\/04\/08\/grupo-santa-casa-de-franca-conquista-certificacao-avcb\/\"]}]},{\"@type\":\"ImageObject\",\"inLanguage\":\"pt-BR\",\"@id\":\"https:\/\/verdadeon.com.br\/portal\/2024\/04\/08\/grupo-santa-casa-de-franca-conquista-certificacao-avcb\/#primaryimage\",\"url\":\"https:\/\/i0.wp.com\/verdadeon.com.br\/portal\/wp-content\/uploads\/2024\/04\/sc01.jpg?fit=1000%2C670&ssl=1\",\"contentUrl\":\"https:\/\/i0.wp.com\/verdadeon.com.br\/portal\/wp-content\/uploads\/2024\/04\/sc01.jpg?fit=1000%2C670&ssl=1\",\"width\":1000,\"height\":670},{\"@type\":\"BreadcrumbList\",\"@id\":\"https:\/\/verdadeon.com.br\/portal\/2024\/04\/08\/grupo-santa-casa-de-franca-conquista-certificacao-avcb\/#breadcrumb\",\"itemListElement\":[{\"@type\":\"ListItem\",\"position\":1,\"name\":\"In\u00edcio\",\"item\":\"https:\/\/verdadeon.com.br\/portal\/\"},{\"@type\":\"ListItem\",\"position\":2,\"name\":\"Grupo Santa Casa de Franca conquista certifica\u00e7\u00e3o AVCB\"}]},{\"@type\":\"WebSite\",\"@id\":\"https:\/\/verdadeon.com.br\/portal\/#website\",\"url\":\"https:\/\/verdadeon.com.br\/portal\/\",\"name\":\"VerdadeOn\",\"description\":\"Not\u00edcias di\u00e1rias sobre Franca, Regi\u00e3o, Esporte, Cultura, Cotidiano, Colunas. Cobertura nos principais eventos da cidade \u00e9 aqui - Verdadeon Franca\",\"potentialAction\":[{\"@type\":\"SearchAction\",\"target\":{\"@type\":\"EntryPoint\",\"urlTemplate\":\"https:\/\/verdadeon.com.br\/portal\/?s={search_term_string}\"},\"query-input\":{\"@type\":\"PropertyValueSpecification\",\"valueRequired\":true,\"valueName\":\"search_term_string\"}}],\"inLanguage\":\"pt-BR\"},{\"@type\":\"Person\",\"@id\":\"https:\/\/verdadeon.com.br\/portal\/#\/schema\/person\/8994718f49ee62ba5610471e29ca1f62\",\"name\":\"Fernando Calixto\",\"image\":{\"@type\":\"ImageObject\",\"inLanguage\":\"pt-BR\",\"@id\":\"https:\/\/verdadeon.com.br\/portal\/#\/schema\/person\/image\/\",\"url\":\"https:\/\/secure.gravatar.com\/avatar\/7578910c24966c0316c340f9dbd601e93ee9f9212e1033968b367af9306bd9fb?s=96&d=mm&r=g\",\"contentUrl\":\"https:\/\/secure.gravatar.com\/avatar\/7578910c24966c0316c340f9dbd601e93ee9f9212e1033968b367af9306bd9fb?s=96&d=mm&r=g\",\"caption\":\"Fernando Calixto\"},\"url\":\"https:\/\/verdadeon.com.br\/portal\/author\/fernando-calixto\/\"}]}<\/script>\n<!-- \/ Yoast SEO plugin. -->","yoast_head_json":{"title":"Grupo Santa Casa de Franca conquista certifica\u00e7\u00e3o AVCB - VerdadeOn","robots":{"index":"index","follow":"follow","max-snippet":"max-snippet:-1","max-image-preview":"max-image-preview:large","max-video-preview":"max-video-preview:-1"},"canonical":"https:\/\/verdadeon.com.br\/portal\/2024\/04\/08\/grupo-santa-casa-de-franca-conquista-certificacao-avcb\/","og_locale":"pt_BR","og_type":"article","og_title":"Grupo Santa Casa de Franca conquista certifica\u00e7\u00e3o AVCB - VerdadeOn","og_description":"Poucos hospitais no Brasil possuem este t\u00edtulo que garante seguran\u00e7a para pacientes, visitantes e profissionais da sa\u00fade. Com 126 anos de dedica\u00e7\u00e3o e experse no atendimento [\u2026]","og_url":"https:\/\/verdadeon.com.br\/portal\/2024\/04\/08\/grupo-santa-casa-de-franca-conquista-certificacao-avcb\/","og_site_name":"VerdadeOn","article_published_time":"2024-04-09T01:17:52+00:00","og_image":[{"width":1000,"height":670,"url":"https:\/\/verdadeon.com.br\/portal\/wp-content\/uploads\/2024\/04\/sc01.jpg","type":"image\/jpeg"}],"author":"Fernando Calixto","twitter_card":"summary_large_image","twitter_misc":{"Escrito por":"Fernando Calixto","Est. tempo de leitura":"4 minutos"},"schema":{"@context":"https:\/\/schema.org","@graph":[{"@type":"WebPage","@id":"https:\/\/verdadeon.com.br\/portal\/2024\/04\/08\/grupo-santa-casa-de-franca-conquista-certificacao-avcb\/","url":"https:\/\/verdadeon.com.br\/portal\/2024\/04\/08\/grupo-santa-casa-de-franca-conquista-certificacao-avcb\/","name":"Grupo Santa Casa de Franca conquista certifica\u00e7\u00e3o AVCB - VerdadeOn","isPartOf":{"@id":"https:\/\/verdadeon.com.br\/portal\/#website"},"primaryImageOfPage":{"@id":"https:\/\/verdadeon.com.br\/portal\/2024\/04\/08\/grupo-santa-casa-de-franca-conquista-certificacao-avcb\/#primaryimage"},"image":{"@id":"https:\/\/verdadeon.com.br\/portal\/2024\/04\/08\/grupo-santa-casa-de-franca-conquista-certificacao-avcb\/#primaryimage"},"thumbnailUrl":"https:\/\/i0.wp.com\/verdadeon.com.br\/portal\/wp-content\/uploads\/2024\/04\/sc01.jpg?fit=1000%2C670&ssl=1","datePublished":"2024-04-09T01:17:52+00:00","author":{"@id":"https:\/\/verdadeon.com.br\/portal\/#\/schema\/person\/8994718f49ee62ba5610471e29ca1f62"},"breadcrumb":{"@id":"https:\/\/verdadeon.com.br\/portal\/2024\/04\/08\/grupo-santa-casa-de-franca-conquista-certificacao-avcb\/#breadcrumb"},"inLanguage":"pt-BR","potentialAction":[{"@type":"ReadAction","target":["https:\/\/verdadeon.com.br\/portal\/2024\/04\/08\/grupo-santa-casa-de-franca-conquista-certificacao-avcb\/"]}]},{"@type":"ImageObject","inLanguage":"pt-BR","@id":"https:\/\/verdadeon.com.br\/portal\/2024\/04\/08\/grupo-santa-casa-de-franca-conquista-certificacao-avcb\/#primaryimage","url":"https:\/\/i0.wp.com\/verdadeon.com.br\/portal\/wp-content\/uploads\/2024\/04\/sc01.jpg?fit=1000%2C670&ssl=1","contentUrl":"https:\/\/i0.wp.com\/verdadeon.com.br\/portal\/wp-content\/uploads\/2024\/04\/sc01.jpg?fit=1000%2C670&ssl=1","width":1000,"height":670},{"@type":"BreadcrumbList","@id":"https:\/\/verdadeon.com.br\/portal\/2024\/04\/08\/grupo-santa-casa-de-franca-conquista-certificacao-avcb\/#breadcrumb","itemListElement":[{"@type":"ListItem","position":1,"name":"In\u00edcio","item":"https:\/\/verdadeon.com.br\/portal\/"},{"@type":"ListItem","position":2,"name":"Grupo Santa Casa de Franca conquista certifica\u00e7\u00e3o AVCB"}]},{"@type":"WebSite","@id":"https:\/\/verdadeon.com.br\/portal\/#website","url":"https:\/\/verdadeon.com.br\/portal\/","name":"VerdadeOn","description":"Not\u00edcias di\u00e1rias sobre Franca, Regi\u00e3o, Esporte, Cultura, Cotidiano, Colunas. Cobertura nos principais eventos da cidade \u00e9 aqui - Verdadeon Franca","potentialAction":[{"@type":"SearchAction","target":{"@type":"EntryPoint","urlTemplate":"https:\/\/verdadeon.com.br\/portal\/?s={search_term_string}"},"query-input":{"@type":"PropertyValueSpecification","valueRequired":true,"valueName":"search_term_string"}}],"inLanguage":"pt-BR"},{"@type":"Person","@id":"https:\/\/verdadeon.com.br\/portal\/#\/schema\/person\/8994718f49ee62ba5610471e29ca1f62","name":"Fernando Calixto","image":{"@type":"ImageObject","inLanguage":"pt-BR","@id":"https:\/\/verdadeon.com.br\/portal\/#\/schema\/person\/image\/","url":"https:\/\/secure.gravatar.com\/avatar\/7578910c24966c0316c340f9dbd601e93ee9f9212e1033968b367af9306bd9fb?s=96&d=mm&r=g","contentUrl":"https:\/\/secure.gravatar.com\/avatar\/7578910c24966c0316c340f9dbd601e93ee9f9212e1033968b367af9306bd9fb?s=96&d=mm&r=g","caption":"Fernando Calixto"},"url":"https:\/\/verdadeon.com.br\/portal\/author\/fernando-calixto\/"}]}},"jetpack_publicize_connections":[],"jetpack_featured_media_url":"https:\/\/i0.wp.com\/verdadeon.com.br\/portal\/wp-content\/uploads\/2024\/04\/sc01.jpg?fit=1000%2C670&ssl=1","jetpack_sharing_enabled":true,"_links":{"self":[{"href":"https:\/\/verdadeon.com.br\/portal\/wp-json\/wp\/v2\/posts\/42984","targetHints":{"allow":["GET"]}}],"collection":[{"href":"https:\/\/verdadeon.com.br\/portal\/wp-json\/wp\/v2\/posts"}],"about":[{"href":"https:\/\/verdadeon.com.br\/portal\/wp-json\/wp\/v2\/types\/post"}],"author":[{"embeddable":true,"href":"https:\/\/verdadeon.com.br\/portal\/wp-json\/wp\/v2\/users\/4"}],"replies":[{"embeddable":true,"href":"https:\/\/verdadeon.com.br\/portal\/wp-json\/wp\/v2\/comments?post=42984"}],"version-history":[{"count":1,"href":"https:\/\/verdadeon.com.br\/portal\/wp-json\/wp\/v2\/posts\/42984\/revisions"}],"predecessor-version":[{"id":42986,"href":"https:\/\/verdadeon.com.br\/portal\/wp-json\/wp\/v2\/posts\/42984\/revisions\/42986"}],"wp:featuredmedia":[{"embeddable":true,"href":"https:\/\/verdadeon.com.br\/portal\/wp-json\/wp\/v2\/media\/42985"}],"wp:attachment":[{"href":"https:\/\/verdadeon.com.br\/portal\/wp-json\/wp\/v2\/media?parent=42984"}],"wp:term":[{"taxonomy":"category","embeddable":true,"href":"https:\/\/verdadeon.com.br\/portal\/wp-json\/wp\/v2\/categories?post=42984"},{"taxonomy":"post_tag","embeddable":true,"href":"https:\/\/verdadeon.com.br\/portal\/wp-json\/wp\/v2\/tags?post=42984"}],"curies":[{"name":"wp","href":"https:\/\/api.w.org\/{rel}","templated":true}]}}