{"id":42768,"date":"2024-04-01T14:07:37","date_gmt":"2024-04-01T17:07:37","guid":{"rendered":"https:\/\/verdadeon.com.br\/portal\/?p=42768"},"modified":"2024-04-01T14:07:37","modified_gmt":"2024-04-01T17:07:37","slug":"grupo-santa-casa-de-franca-realiza-oficina-de-pascoa-para-criancas-do-hospital-do-cancer","status":"publish","type":"post","link":"https:\/\/verdadeon.com.br\/portal\/2024\/04\/01\/grupo-santa-casa-de-franca-realiza-oficina-de-pascoa-para-criancas-do-hospital-do-cancer\/","title":{"rendered":"Grupo Santa Casa de Franca realiza oficina de P\u00e1scoa para crian\u00e7as do Hospital do C\u00e2ncer"},"content":{"rendered":"<div class=\"x11i5rnm xat24cr x1mh8g0r x1vvkbs xtlvy1s x126k92a\">\n<h2 dir=\"auto\">A\u00e7\u00e3o contou com 17 pacientes de dois a quinze anos que est\u00e3o em acompanhamento no Hospital<\/h2>\n<p dir=\"auto\">Na \u00faltima quinta-feira, 28 de mar\u00e7o, aconteceu a Oficina de P\u00e1scoa para as crian\u00e7as do Hospital do C\u00e2ncer de Franca, no hall do Hotel Dan Inn de Franca.<\/p>\n<\/div>\n<div dir=\"auto\">A a\u00e7\u00e3o contou com 17 pacientes de dois a quinze anos que est\u00e3o em acompanhamento no Hospital do C\u00e2ncer &#8211; para o tratamento, seguimento ou reabilita\u00e7\u00e3o oncol\u00f3gica &#8211; tendo como envolvidos diretos a Dra. Bruna Salviano (M\u00e9dica Oncologista Pedi\u00e1trica), Wiviane Nogueira (Gerente Assistencial do Hospital do C\u00e2ncer), Patr\u00edcia Stephani (Enfermeira Supervisora do Hospital do C\u00e2ncer), Gabriela Covas (Supervisora do Centro de Reabilita\u00e7\u00e3o do Hospital do C\u00e2ncer), Chef Alex Sabino, Chokdoce, colaboradores do Hospital do C\u00e2ncer e Centro de Reabilita\u00e7\u00e3o, al\u00e9m de diversos parceiros volunt\u00e1rios.<\/div>\n<div dir=\"auto\">As crian\u00e7as participaram da oficina interagindo com os ingredientes para os preparativos de um verrine duo de chocolate com outros acompanhamentos da receita, orientados pelo chef Alex Sabino.<\/div>\n<div class=\"x11i5rnm xat24cr x1mh8g0r x1vvkbs xtlvy1s x126k92a\">\n<p dir=\"auto\">Dr. Laurence Dias de Oliveira, m\u00e9dico e diretor t\u00e9cnico dos Hospitais do C\u00e2ncer e do Cora\u00e7\u00e3o (do Grupo Santa Casa de Franca) falou: &#8220;Contar com a iniciativa de nossos profissionais e de parceiros volunt\u00e1rios \u00e9 muito importante para essas crian\u00e7as em tratamento e acompanhamento aqui em nosso Hospital do C\u00e2ncer de Franca, pois esses momentos os desconectam da rotina hospitalar, gerando um clima saud\u00e1vel e de bastante descontra\u00e7\u00e3o, aliviando as tens\u00f5es da rotina, tanto para as crian\u00e7as quanto para os familiares, al\u00e9m de criar tamb\u00e9m uma momento de intera\u00e7\u00e3o entre os pr\u00f3prios pacientes, o que colabora para uma melhora significativa no estado emocional dessas crian\u00e7as, colaborando com uma resposta positiva aos tratamentos pelos quais elas est\u00e3o passando. Agrade\u00e7o imensamente a todos os nossos colaboradores e parceiros&#8221;, finalizou o Dr. Laurence.<\/p>\n<\/div>\n","protected":false},"excerpt":{"rendered":"<p>A\u00e7\u00e3o contou com 17 pacientes de dois a quinze anos que est\u00e3o em acompanhamento no Hospital Na \u00faltima quinta-feira, 28 de mar\u00e7o, aconteceu a Oficina de<span class=\"excerpt-hellip\"> [\u2026]<\/span><\/p>\n","protected":false},"author":10,"featured_media":42769,"comment_status":"open","ping_status":"open","sticky":false,"template":"","format":"standard","meta":{"_jetpack_memberships_contains_paid_content":false,"footnotes":"","jetpack_publicize_message":"","jetpack_publicize_feature_enabled":true,"jetpack_social_post_already_shared":false,"jetpack_social_options":{"image_generator_settings":{"template":"highway","default_image_id":0,"enabled":false},"version":2}},"categories":[28,81],"tags":[],"class_list":["post-42768","post","type-post","status-publish","format-standard","has-post-thumbnail","hentry","category-cotidiano","category-manchete"],"yoast_head":"<!-- This site is optimized with the Yoast SEO plugin v25.6 - https:\/\/yoast.com\/wordpress\/plugins\/seo\/ -->\n<title>Grupo Santa Casa de Franca realiza oficina de P\u00e1scoa para crian\u00e7as do Hospital do C\u00e2ncer - VerdadeOn<\/title>\n<meta name=\"robots\" content=\"index, follow, max-snippet:-1, max-image-preview:large, max-video-preview:-1\" \/>\n<link rel=\"canonical\" href=\"https:\/\/verdadeon.com.br\/portal\/2024\/04\/01\/grupo-santa-casa-de-franca-realiza-oficina-de-pascoa-para-criancas-do-hospital-do-cancer\/\" \/>\n<meta property=\"og:locale\" content=\"pt_BR\" \/>\n<meta property=\"og:type\" content=\"article\" \/>\n<meta property=\"og:title\" content=\"Grupo Santa Casa de Franca realiza oficina de P\u00e1scoa para crian\u00e7as do Hospital do C\u00e2ncer - VerdadeOn\" \/>\n<meta property=\"og:description\" content=\"A\u00e7\u00e3o contou com 17 pacientes de dois a quinze anos que est\u00e3o em acompanhamento no Hospital Na \u00faltima quinta-feira, 28 de mar\u00e7o, aconteceu a Oficina de [\u2026]\" \/>\n<meta property=\"og:url\" content=\"https:\/\/verdadeon.com.br\/portal\/2024\/04\/01\/grupo-santa-casa-de-franca-realiza-oficina-de-pascoa-para-criancas-do-hospital-do-cancer\/\" \/>\n<meta property=\"og:site_name\" content=\"VerdadeOn\" \/>\n<meta property=\"article:published_time\" content=\"2024-04-01T17:07:37+00:00\" \/>\n<meta property=\"og:image\" content=\"https:\/\/verdadeon.com.br\/portal\/wp-content\/uploads\/2024\/04\/434393430_805490991622613_4417851950681933726_n.jpg\" \/>\n\t<meta property=\"og:image:width\" content=\"1024\" \/>\n\t<meta property=\"og:image:height\" content=\"686\" \/>\n\t<meta property=\"og:image:type\" content=\"image\/jpeg\" \/>\n<meta name=\"author\" content=\"Redacao VerdadeOn\" \/>\n<meta name=\"twitter:card\" content=\"summary_large_image\" \/>\n<meta name=\"twitter:label1\" content=\"Escrito por\" \/>\n\t<meta name=\"twitter:data1\" content=\"Redacao VerdadeOn\" \/>\n\t<meta name=\"twitter:label2\" content=\"Est. tempo de leitura\" \/>\n\t<meta name=\"twitter:data2\" content=\"2 minutos\" \/>\n<script type=\"application\/ld+json\" class=\"yoast-schema-graph\">{\"@context\":\"https:\/\/schema.org\",\"@graph\":[{\"@type\":\"WebPage\",\"@id\":\"https:\/\/verdadeon.com.br\/portal\/2024\/04\/01\/grupo-santa-casa-de-franca-realiza-oficina-de-pascoa-para-criancas-do-hospital-do-cancer\/\",\"url\":\"https:\/\/verdadeon.com.br\/portal\/2024\/04\/01\/grupo-santa-casa-de-franca-realiza-oficina-de-pascoa-para-criancas-do-hospital-do-cancer\/\",\"name\":\"Grupo Santa Casa de Franca realiza oficina de P\u00e1scoa para crian\u00e7as do Hospital do C\u00e2ncer - VerdadeOn\",\"isPartOf\":{\"@id\":\"https:\/\/verdadeon.com.br\/portal\/#website\"},\"primaryImageOfPage\":{\"@id\":\"https:\/\/verdadeon.com.br\/portal\/2024\/04\/01\/grupo-santa-casa-de-franca-realiza-oficina-de-pascoa-para-criancas-do-hospital-do-cancer\/#primaryimage\"},\"image\":{\"@id\":\"https:\/\/verdadeon.com.br\/portal\/2024\/04\/01\/grupo-santa-casa-de-franca-realiza-oficina-de-pascoa-para-criancas-do-hospital-do-cancer\/#primaryimage\"},\"thumbnailUrl\":\"https:\/\/i0.wp.com\/verdadeon.com.br\/portal\/wp-content\/uploads\/2024\/04\/434393430_805490991622613_4417851950681933726_n.jpg?fit=1024%2C686&ssl=1\",\"datePublished\":\"2024-04-01T17:07:37+00:00\",\"author\":{\"@id\":\"https:\/\/verdadeon.com.br\/portal\/#\/schema\/person\/a5060ad1e9ea3df545188fc93ce43d2f\"},\"breadcrumb\":{\"@id\":\"https:\/\/verdadeon.com.br\/portal\/2024\/04\/01\/grupo-santa-casa-de-franca-realiza-oficina-de-pascoa-para-criancas-do-hospital-do-cancer\/#breadcrumb\"},\"inLanguage\":\"pt-BR\",\"potentialAction\":[{\"@type\":\"ReadAction\",\"target\":[\"https:\/\/verdadeon.com.br\/portal\/2024\/04\/01\/grupo-santa-casa-de-franca-realiza-oficina-de-pascoa-para-criancas-do-hospital-do-cancer\/\"]}]},{\"@type\":\"ImageObject\",\"inLanguage\":\"pt-BR\",\"@id\":\"https:\/\/verdadeon.com.br\/portal\/2024\/04\/01\/grupo-santa-casa-de-franca-realiza-oficina-de-pascoa-para-criancas-do-hospital-do-cancer\/#primaryimage\",\"url\":\"https:\/\/i0.wp.com\/verdadeon.com.br\/portal\/wp-content\/uploads\/2024\/04\/434393430_805490991622613_4417851950681933726_n.jpg?fit=1024%2C686&ssl=1\",\"contentUrl\":\"https:\/\/i0.wp.com\/verdadeon.com.br\/portal\/wp-content\/uploads\/2024\/04\/434393430_805490991622613_4417851950681933726_n.jpg?fit=1024%2C686&ssl=1\",\"width\":1024,\"height\":686,\"caption\":\"Crian\u00e7as foram orientadas pelo chef Alex Sabino (\u00a9Divulga\u00e7\u00e3o)\"},{\"@type\":\"BreadcrumbList\",\"@id\":\"https:\/\/verdadeon.com.br\/portal\/2024\/04\/01\/grupo-santa-casa-de-franca-realiza-oficina-de-pascoa-para-criancas-do-hospital-do-cancer\/#breadcrumb\",\"itemListElement\":[{\"@type\":\"ListItem\",\"position\":1,\"name\":\"In\u00edcio\",\"item\":\"https:\/\/verdadeon.com.br\/portal\/\"},{\"@type\":\"ListItem\",\"position\":2,\"name\":\"Grupo Santa Casa de Franca realiza oficina de P\u00e1scoa para crian\u00e7as do Hospital do C\u00e2ncer\"}]},{\"@type\":\"WebSite\",\"@id\":\"https:\/\/verdadeon.com.br\/portal\/#website\",\"url\":\"https:\/\/verdadeon.com.br\/portal\/\",\"name\":\"VerdadeOn\",\"description\":\"Not\u00edcias di\u00e1rias sobre Franca, Regi\u00e3o, Esporte, Cultura, Cotidiano, Colunas. Cobertura nos principais eventos da cidade \u00e9 aqui - Verdadeon Franca\",\"potentialAction\":[{\"@type\":\"SearchAction\",\"target\":{\"@type\":\"EntryPoint\",\"urlTemplate\":\"https:\/\/verdadeon.com.br\/portal\/?s={search_term_string}\"},\"query-input\":{\"@type\":\"PropertyValueSpecification\",\"valueRequired\":true,\"valueName\":\"search_term_string\"}}],\"inLanguage\":\"pt-BR\"},{\"@type\":\"Person\",\"@id\":\"https:\/\/verdadeon.com.br\/portal\/#\/schema\/person\/a5060ad1e9ea3df545188fc93ce43d2f\",\"name\":\"Redacao VerdadeOn\",\"image\":{\"@type\":\"ImageObject\",\"inLanguage\":\"pt-BR\",\"@id\":\"https:\/\/verdadeon.com.br\/portal\/#\/schema\/person\/image\/\",\"url\":\"https:\/\/secure.gravatar.com\/avatar\/459a9613caaaf07f582c3d0841eea68bdd66f533e465e6ba8b9cb45619572cf4?s=96&d=mm&r=g\",\"contentUrl\":\"https:\/\/secure.gravatar.com\/avatar\/459a9613caaaf07f582c3d0841eea68bdd66f533e465e6ba8b9cb45619572cf4?s=96&d=mm&r=g\",\"caption\":\"Redacao VerdadeOn\"},\"url\":\"https:\/\/verdadeon.com.br\/portal\/author\/redacao\/\"}]}<\/script>\n<!-- \/ Yoast SEO plugin. -->","yoast_head_json":{"title":"Grupo Santa Casa de Franca realiza oficina de P\u00e1scoa para crian\u00e7as do Hospital do C\u00e2ncer - VerdadeOn","robots":{"index":"index","follow":"follow","max-snippet":"max-snippet:-1","max-image-preview":"max-image-preview:large","max-video-preview":"max-video-preview:-1"},"canonical":"https:\/\/verdadeon.com.br\/portal\/2024\/04\/01\/grupo-santa-casa-de-franca-realiza-oficina-de-pascoa-para-criancas-do-hospital-do-cancer\/","og_locale":"pt_BR","og_type":"article","og_title":"Grupo Santa Casa de Franca realiza oficina de P\u00e1scoa para crian\u00e7as do Hospital do C\u00e2ncer - VerdadeOn","og_description":"A\u00e7\u00e3o contou com 17 pacientes de dois a quinze anos que est\u00e3o em acompanhamento no Hospital Na \u00faltima quinta-feira, 28 de mar\u00e7o, aconteceu a Oficina de [\u2026]","og_url":"https:\/\/verdadeon.com.br\/portal\/2024\/04\/01\/grupo-santa-casa-de-franca-realiza-oficina-de-pascoa-para-criancas-do-hospital-do-cancer\/","og_site_name":"VerdadeOn","article_published_time":"2024-04-01T17:07:37+00:00","og_image":[{"width":1024,"height":686,"url":"https:\/\/verdadeon.com.br\/portal\/wp-content\/uploads\/2024\/04\/434393430_805490991622613_4417851950681933726_n.jpg","type":"image\/jpeg"}],"author":"Redacao VerdadeOn","twitter_card":"summary_large_image","twitter_misc":{"Escrito por":"Redacao VerdadeOn","Est. tempo de leitura":"2 minutos"},"schema":{"@context":"https:\/\/schema.org","@graph":[{"@type":"WebPage","@id":"https:\/\/verdadeon.com.br\/portal\/2024\/04\/01\/grupo-santa-casa-de-franca-realiza-oficina-de-pascoa-para-criancas-do-hospital-do-cancer\/","url":"https:\/\/verdadeon.com.br\/portal\/2024\/04\/01\/grupo-santa-casa-de-franca-realiza-oficina-de-pascoa-para-criancas-do-hospital-do-cancer\/","name":"Grupo Santa Casa de Franca realiza oficina de P\u00e1scoa para crian\u00e7as do Hospital do C\u00e2ncer - VerdadeOn","isPartOf":{"@id":"https:\/\/verdadeon.com.br\/portal\/#website"},"primaryImageOfPage":{"@id":"https:\/\/verdadeon.com.br\/portal\/2024\/04\/01\/grupo-santa-casa-de-franca-realiza-oficina-de-pascoa-para-criancas-do-hospital-do-cancer\/#primaryimage"},"image":{"@id":"https:\/\/verdadeon.com.br\/portal\/2024\/04\/01\/grupo-santa-casa-de-franca-realiza-oficina-de-pascoa-para-criancas-do-hospital-do-cancer\/#primaryimage"},"thumbnailUrl":"https:\/\/i0.wp.com\/verdadeon.com.br\/portal\/wp-content\/uploads\/2024\/04\/434393430_805490991622613_4417851950681933726_n.jpg?fit=1024%2C686&ssl=1","datePublished":"2024-04-01T17:07:37+00:00","author":{"@id":"https:\/\/verdadeon.com.br\/portal\/#\/schema\/person\/a5060ad1e9ea3df545188fc93ce43d2f"},"breadcrumb":{"@id":"https:\/\/verdadeon.com.br\/portal\/2024\/04\/01\/grupo-santa-casa-de-franca-realiza-oficina-de-pascoa-para-criancas-do-hospital-do-cancer\/#breadcrumb"},"inLanguage":"pt-BR","potentialAction":[{"@type":"ReadAction","target":["https:\/\/verdadeon.com.br\/portal\/2024\/04\/01\/grupo-santa-casa-de-franca-realiza-oficina-de-pascoa-para-criancas-do-hospital-do-cancer\/"]}]},{"@type":"ImageObject","inLanguage":"pt-BR","@id":"https:\/\/verdadeon.com.br\/portal\/2024\/04\/01\/grupo-santa-casa-de-franca-realiza-oficina-de-pascoa-para-criancas-do-hospital-do-cancer\/#primaryimage","url":"https:\/\/i0.wp.com\/verdadeon.com.br\/portal\/wp-content\/uploads\/2024\/04\/434393430_805490991622613_4417851950681933726_n.jpg?fit=1024%2C686&ssl=1","contentUrl":"https:\/\/i0.wp.com\/verdadeon.com.br\/portal\/wp-content\/uploads\/2024\/04\/434393430_805490991622613_4417851950681933726_n.jpg?fit=1024%2C686&ssl=1","width":1024,"height":686,"caption":"Crian\u00e7as foram orientadas pelo chef Alex Sabino (\u00a9Divulga\u00e7\u00e3o)"},{"@type":"BreadcrumbList","@id":"https:\/\/verdadeon.com.br\/portal\/2024\/04\/01\/grupo-santa-casa-de-franca-realiza-oficina-de-pascoa-para-criancas-do-hospital-do-cancer\/#breadcrumb","itemListElement":[{"@type":"ListItem","position":1,"name":"In\u00edcio","item":"https:\/\/verdadeon.com.br\/portal\/"},{"@type":"ListItem","position":2,"name":"Grupo Santa Casa de Franca realiza oficina de P\u00e1scoa para crian\u00e7as do Hospital do C\u00e2ncer"}]},{"@type":"WebSite","@id":"https:\/\/verdadeon.com.br\/portal\/#website","url":"https:\/\/verdadeon.com.br\/portal\/","name":"VerdadeOn","description":"Not\u00edcias di\u00e1rias sobre Franca, Regi\u00e3o, Esporte, Cultura, Cotidiano, Colunas. Cobertura nos principais eventos da cidade \u00e9 aqui - Verdadeon Franca","potentialAction":[{"@type":"SearchAction","target":{"@type":"EntryPoint","urlTemplate":"https:\/\/verdadeon.com.br\/portal\/?s={search_term_string}"},"query-input":{"@type":"PropertyValueSpecification","valueRequired":true,"valueName":"search_term_string"}}],"inLanguage":"pt-BR"},{"@type":"Person","@id":"https:\/\/verdadeon.com.br\/portal\/#\/schema\/person\/a5060ad1e9ea3df545188fc93ce43d2f","name":"Redacao VerdadeOn","image":{"@type":"ImageObject","inLanguage":"pt-BR","@id":"https:\/\/verdadeon.com.br\/portal\/#\/schema\/person\/image\/","url":"https:\/\/secure.gravatar.com\/avatar\/459a9613caaaf07f582c3d0841eea68bdd66f533e465e6ba8b9cb45619572cf4?s=96&d=mm&r=g","contentUrl":"https:\/\/secure.gravatar.com\/avatar\/459a9613caaaf07f582c3d0841eea68bdd66f533e465e6ba8b9cb45619572cf4?s=96&d=mm&r=g","caption":"Redacao VerdadeOn"},"url":"https:\/\/verdadeon.com.br\/portal\/author\/redacao\/"}]}},"jetpack_publicize_connections":[],"jetpack_featured_media_url":"https:\/\/i0.wp.com\/verdadeon.com.br\/portal\/wp-content\/uploads\/2024\/04\/434393430_805490991622613_4417851950681933726_n.jpg?fit=1024%2C686&ssl=1","jetpack_sharing_enabled":true,"_links":{"self":[{"href":"https:\/\/verdadeon.com.br\/portal\/wp-json\/wp\/v2\/posts\/42768","targetHints":{"allow":["GET"]}}],"collection":[{"href":"https:\/\/verdadeon.com.br\/portal\/wp-json\/wp\/v2\/posts"}],"about":[{"href":"https:\/\/verdadeon.com.br\/portal\/wp-json\/wp\/v2\/types\/post"}],"author":[{"embeddable":true,"href":"https:\/\/verdadeon.com.br\/portal\/wp-json\/wp\/v2\/users\/10"}],"replies":[{"embeddable":true,"href":"https:\/\/verdadeon.com.br\/portal\/wp-json\/wp\/v2\/comments?post=42768"}],"version-history":[{"count":1,"href":"https:\/\/verdadeon.com.br\/portal\/wp-json\/wp\/v2\/posts\/42768\/revisions"}],"predecessor-version":[{"id":42770,"href":"https:\/\/verdadeon.com.br\/portal\/wp-json\/wp\/v2\/posts\/42768\/revisions\/42770"}],"wp:featuredmedia":[{"embeddable":true,"href":"https:\/\/verdadeon.com.br\/portal\/wp-json\/wp\/v2\/media\/42769"}],"wp:attachment":[{"href":"https:\/\/verdadeon.com.br\/portal\/wp-json\/wp\/v2\/media?parent=42768"}],"wp:term":[{"taxonomy":"category","embeddable":true,"href":"https:\/\/verdadeon.com.br\/portal\/wp-json\/wp\/v2\/categories?post=42768"},{"taxonomy":"post_tag","embeddable":true,"href":"https:\/\/verdadeon.com.br\/portal\/wp-json\/wp\/v2\/tags?post=42768"}],"curies":[{"name":"wp","href":"https:\/\/api.w.org\/{rel}","templated":true}]}}