{"id":42763,"date":"2024-04-01T13:04:10","date_gmt":"2024-04-01T16:04:10","guid":{"rendered":"https:\/\/verdadeon.com.br\/portal\/?p=42763"},"modified":"2024-04-01T13:04:10","modified_gmt":"2024-04-01T16:04:10","slug":"primeira-semana-de-abril-em-franca-aponta-para-elevacao-das-temperaturas","status":"publish","type":"post","link":"https:\/\/verdadeon.com.br\/portal\/2024\/04\/01\/primeira-semana-de-abril-em-franca-aponta-para-elevacao-das-temperaturas\/","title":{"rendered":"Primeira semana de abril em Franca aponta para eleva\u00e7\u00e3o das temperaturas"},"content":{"rendered":"<h2>Chuvas devem diminuir gradualmente ao longo dos dias<\/h2>\n<p>De acordo com o Instituto Climatempo, as temperaturas devem subir ao longo desta primeira semana de abril. H\u00e1 previs\u00f5es de pancadas de chuva, mas que diminuir\u00e3o gradualmente ao longo dos pr\u00f3ximos dias. Confira:<\/p>\n<p>Na ter\u00e7a-feira, 2, haver\u00e1 sol com muitas nuvens. Tamb\u00e9m haver\u00e1 pancadas de chuva de at\u00e9 8 mil\u00edmetros \u00e0 tarde e \u00e0 noite, com alta probabilidade de forma\u00e7\u00e3o de arco-\u00edris. M\u00e1ximas de 28\u00b0C e m\u00ednimas de 19\u00b0C.<\/p>\n<p>Na quarta-feira, 3, ser\u00e1 praticamente id\u00eantico ao dia anterior, mas com aumento de nuvens pela manh\u00e3.<\/p>\n<p>Na quinta-feira, 4, tamb\u00e9m far\u00e1 sol e aumento de nuvens de manh\u00e3. As pancadas de chuva, previstas para os per\u00edodos de tarde e noite, devem ser reduzidas para 5mm. Mantendo-se a m\u00ednima de 19\u00b0C, a m\u00e1xima sobe para 29\u00b0C.<\/p>\n<p>Na sexta-feira, 5, sol, chuvas e nuvens permanecem da mesma maneira. No entanto, a m\u00e1xima dever\u00e1 atingir os 30\u00b0C.<\/p>\n<p>A partir de s\u00e1bado, 6, as m\u00e1ximas caem para 28\u00b0C e as m\u00ednimas sobem para 20\u00b0C, com chuvas reduzidas para 2mm. Para o domingo, 7, a previs\u00e3o \u00e9 de que n\u00e3o chova e as temperaturas caiam mais ainda: m\u00e1ximas de 27\u00b0C e m\u00ednimas de 17\u00b0C.<\/p>\n","protected":false},"excerpt":{"rendered":"<p>Chuvas devem diminuir gradualmente ao longo dos dias De acordo com o Instituto Climatempo, as temperaturas devem subir ao longo desta primeira semana de abril. H\u00e1<span class=\"excerpt-hellip\"> [\u2026]<\/span><\/p>\n","protected":false},"author":10,"featured_media":21764,"comment_status":"open","ping_status":"open","sticky":false,"template":"","format":"standard","meta":{"_jetpack_memberships_contains_paid_content":false,"footnotes":"","jetpack_publicize_message":"","jetpack_publicize_feature_enabled":true,"jetpack_social_post_already_shared":false,"jetpack_social_options":{"image_generator_settings":{"template":"highway","default_image_id":0,"enabled":false},"version":2}},"categories":[28,81],"tags":[],"class_list":["post-42763","post","type-post","status-publish","format-standard","has-post-thumbnail","hentry","category-cotidiano","category-manchete"],"yoast_head":"<!-- This site is optimized with the Yoast SEO plugin v25.6 - https:\/\/yoast.com\/wordpress\/plugins\/seo\/ -->\n<title>Primeira semana de abril em Franca aponta para eleva\u00e7\u00e3o das temperaturas - VerdadeOn<\/title>\n<meta name=\"robots\" content=\"index, follow, max-snippet:-1, max-image-preview:large, max-video-preview:-1\" \/>\n<link rel=\"canonical\" href=\"https:\/\/verdadeon.com.br\/portal\/2024\/04\/01\/primeira-semana-de-abril-em-franca-aponta-para-elevacao-das-temperaturas\/\" \/>\n<meta property=\"og:locale\" content=\"pt_BR\" \/>\n<meta property=\"og:type\" content=\"article\" \/>\n<meta property=\"og:title\" content=\"Primeira semana de abril em Franca aponta para eleva\u00e7\u00e3o das temperaturas - VerdadeOn\" \/>\n<meta property=\"og:description\" content=\"Chuvas devem diminuir gradualmente ao longo dos dias De acordo com o Instituto Climatempo, as temperaturas devem subir ao longo desta primeira semana de abril. H\u00e1 [\u2026]\" \/>\n<meta property=\"og:url\" content=\"https:\/\/verdadeon.com.br\/portal\/2024\/04\/01\/primeira-semana-de-abril-em-franca-aponta-para-elevacao-das-temperaturas\/\" \/>\n<meta property=\"og:site_name\" content=\"VerdadeOn\" \/>\n<meta property=\"article:published_time\" content=\"2024-04-01T16:04:10+00:00\" \/>\n<meta property=\"og:image\" content=\"https:\/\/verdadeon.com.br\/portal\/wp-content\/uploads\/2021\/12\/CHUVA-ARCO-IRIS-FRANCA-RODOVIA-CANDIDO-PORTINARI.jpeg\" \/>\n\t<meta property=\"og:image:width\" content=\"1000\" \/>\n\t<meta property=\"og:image:height\" content=\"670\" \/>\n\t<meta property=\"og:image:type\" content=\"image\/jpeg\" \/>\n<meta name=\"author\" content=\"Redacao VerdadeOn\" \/>\n<meta name=\"twitter:card\" content=\"summary_large_image\" \/>\n<meta name=\"twitter:label1\" content=\"Escrito por\" \/>\n\t<meta name=\"twitter:data1\" content=\"Redacao VerdadeOn\" \/>\n\t<meta name=\"twitter:label2\" content=\"Est. tempo de leitura\" \/>\n\t<meta name=\"twitter:data2\" content=\"2 minutos\" \/>\n<script type=\"application\/ld+json\" class=\"yoast-schema-graph\">{\"@context\":\"https:\/\/schema.org\",\"@graph\":[{\"@type\":\"WebPage\",\"@id\":\"https:\/\/verdadeon.com.br\/portal\/2024\/04\/01\/primeira-semana-de-abril-em-franca-aponta-para-elevacao-das-temperaturas\/\",\"url\":\"https:\/\/verdadeon.com.br\/portal\/2024\/04\/01\/primeira-semana-de-abril-em-franca-aponta-para-elevacao-das-temperaturas\/\",\"name\":\"Primeira semana de abril em Franca aponta para eleva\u00e7\u00e3o das temperaturas - VerdadeOn\",\"isPartOf\":{\"@id\":\"https:\/\/verdadeon.com.br\/portal\/#website\"},\"primaryImageOfPage\":{\"@id\":\"https:\/\/verdadeon.com.br\/portal\/2024\/04\/01\/primeira-semana-de-abril-em-franca-aponta-para-elevacao-das-temperaturas\/#primaryimage\"},\"image\":{\"@id\":\"https:\/\/verdadeon.com.br\/portal\/2024\/04\/01\/primeira-semana-de-abril-em-franca-aponta-para-elevacao-das-temperaturas\/#primaryimage\"},\"thumbnailUrl\":\"https:\/\/i0.wp.com\/verdadeon.com.br\/portal\/wp-content\/uploads\/2021\/12\/CHUVA-ARCO-IRIS-FRANCA-RODOVIA-CANDIDO-PORTINARI.jpeg?fit=1000%2C670&ssl=1\",\"datePublished\":\"2024-04-01T16:04:10+00:00\",\"author\":{\"@id\":\"https:\/\/verdadeon.com.br\/portal\/#\/schema\/person\/a5060ad1e9ea3df545188fc93ce43d2f\"},\"breadcrumb\":{\"@id\":\"https:\/\/verdadeon.com.br\/portal\/2024\/04\/01\/primeira-semana-de-abril-em-franca-aponta-para-elevacao-das-temperaturas\/#breadcrumb\"},\"inLanguage\":\"pt-BR\",\"potentialAction\":[{\"@type\":\"ReadAction\",\"target\":[\"https:\/\/verdadeon.com.br\/portal\/2024\/04\/01\/primeira-semana-de-abril-em-franca-aponta-para-elevacao-das-temperaturas\/\"]}]},{\"@type\":\"ImageObject\",\"inLanguage\":\"pt-BR\",\"@id\":\"https:\/\/verdadeon.com.br\/portal\/2024\/04\/01\/primeira-semana-de-abril-em-franca-aponta-para-elevacao-das-temperaturas\/#primaryimage\",\"url\":\"https:\/\/i0.wp.com\/verdadeon.com.br\/portal\/wp-content\/uploads\/2021\/12\/CHUVA-ARCO-IRIS-FRANCA-RODOVIA-CANDIDO-PORTINARI.jpeg?fit=1000%2C670&ssl=1\",\"contentUrl\":\"https:\/\/i0.wp.com\/verdadeon.com.br\/portal\/wp-content\/uploads\/2021\/12\/CHUVA-ARCO-IRIS-FRANCA-RODOVIA-CANDIDO-PORTINARI.jpeg?fit=1000%2C670&ssl=1\",\"width\":1000,\"height\":670,\"caption\":\"H\u00e1 alta probabilidade de forma\u00e7\u00e3o de arco-\u00edris para esta ter\u00e7a-feira, 2 (\u00a9Fernando Lima\/Jornal Verdade)\"},{\"@type\":\"BreadcrumbList\",\"@id\":\"https:\/\/verdadeon.com.br\/portal\/2024\/04\/01\/primeira-semana-de-abril-em-franca-aponta-para-elevacao-das-temperaturas\/#breadcrumb\",\"itemListElement\":[{\"@type\":\"ListItem\",\"position\":1,\"name\":\"In\u00edcio\",\"item\":\"https:\/\/verdadeon.com.br\/portal\/\"},{\"@type\":\"ListItem\",\"position\":2,\"name\":\"Primeira semana de abril em Franca aponta para eleva\u00e7\u00e3o das temperaturas\"}]},{\"@type\":\"WebSite\",\"@id\":\"https:\/\/verdadeon.com.br\/portal\/#website\",\"url\":\"https:\/\/verdadeon.com.br\/portal\/\",\"name\":\"VerdadeOn\",\"description\":\"Not\u00edcias di\u00e1rias sobre Franca, Regi\u00e3o, Esporte, Cultura, Cotidiano, Colunas. Cobertura nos principais eventos da cidade \u00e9 aqui - Verdadeon Franca\",\"potentialAction\":[{\"@type\":\"SearchAction\",\"target\":{\"@type\":\"EntryPoint\",\"urlTemplate\":\"https:\/\/verdadeon.com.br\/portal\/?s={search_term_string}\"},\"query-input\":{\"@type\":\"PropertyValueSpecification\",\"valueRequired\":true,\"valueName\":\"search_term_string\"}}],\"inLanguage\":\"pt-BR\"},{\"@type\":\"Person\",\"@id\":\"https:\/\/verdadeon.com.br\/portal\/#\/schema\/person\/a5060ad1e9ea3df545188fc93ce43d2f\",\"name\":\"Redacao VerdadeOn\",\"image\":{\"@type\":\"ImageObject\",\"inLanguage\":\"pt-BR\",\"@id\":\"https:\/\/verdadeon.com.br\/portal\/#\/schema\/person\/image\/\",\"url\":\"https:\/\/secure.gravatar.com\/avatar\/459a9613caaaf07f582c3d0841eea68bdd66f533e465e6ba8b9cb45619572cf4?s=96&d=mm&r=g\",\"contentUrl\":\"https:\/\/secure.gravatar.com\/avatar\/459a9613caaaf07f582c3d0841eea68bdd66f533e465e6ba8b9cb45619572cf4?s=96&d=mm&r=g\",\"caption\":\"Redacao VerdadeOn\"},\"url\":\"https:\/\/verdadeon.com.br\/portal\/author\/redacao\/\"}]}<\/script>\n<!-- \/ Yoast SEO plugin. -->","yoast_head_json":{"title":"Primeira semana de abril em Franca aponta para eleva\u00e7\u00e3o das temperaturas - VerdadeOn","robots":{"index":"index","follow":"follow","max-snippet":"max-snippet:-1","max-image-preview":"max-image-preview:large","max-video-preview":"max-video-preview:-1"},"canonical":"https:\/\/verdadeon.com.br\/portal\/2024\/04\/01\/primeira-semana-de-abril-em-franca-aponta-para-elevacao-das-temperaturas\/","og_locale":"pt_BR","og_type":"article","og_title":"Primeira semana de abril em Franca aponta para eleva\u00e7\u00e3o das temperaturas - VerdadeOn","og_description":"Chuvas devem diminuir gradualmente ao longo dos dias De acordo com o Instituto Climatempo, as temperaturas devem subir ao longo desta primeira semana de abril. H\u00e1 [\u2026]","og_url":"https:\/\/verdadeon.com.br\/portal\/2024\/04\/01\/primeira-semana-de-abril-em-franca-aponta-para-elevacao-das-temperaturas\/","og_site_name":"VerdadeOn","article_published_time":"2024-04-01T16:04:10+00:00","og_image":[{"width":1000,"height":670,"url":"https:\/\/verdadeon.com.br\/portal\/wp-content\/uploads\/2021\/12\/CHUVA-ARCO-IRIS-FRANCA-RODOVIA-CANDIDO-PORTINARI.jpeg","type":"image\/jpeg"}],"author":"Redacao VerdadeOn","twitter_card":"summary_large_image","twitter_misc":{"Escrito por":"Redacao VerdadeOn","Est. tempo de leitura":"2 minutos"},"schema":{"@context":"https:\/\/schema.org","@graph":[{"@type":"WebPage","@id":"https:\/\/verdadeon.com.br\/portal\/2024\/04\/01\/primeira-semana-de-abril-em-franca-aponta-para-elevacao-das-temperaturas\/","url":"https:\/\/verdadeon.com.br\/portal\/2024\/04\/01\/primeira-semana-de-abril-em-franca-aponta-para-elevacao-das-temperaturas\/","name":"Primeira semana de abril em Franca aponta para eleva\u00e7\u00e3o das temperaturas - VerdadeOn","isPartOf":{"@id":"https:\/\/verdadeon.com.br\/portal\/#website"},"primaryImageOfPage":{"@id":"https:\/\/verdadeon.com.br\/portal\/2024\/04\/01\/primeira-semana-de-abril-em-franca-aponta-para-elevacao-das-temperaturas\/#primaryimage"},"image":{"@id":"https:\/\/verdadeon.com.br\/portal\/2024\/04\/01\/primeira-semana-de-abril-em-franca-aponta-para-elevacao-das-temperaturas\/#primaryimage"},"thumbnailUrl":"https:\/\/i0.wp.com\/verdadeon.com.br\/portal\/wp-content\/uploads\/2021\/12\/CHUVA-ARCO-IRIS-FRANCA-RODOVIA-CANDIDO-PORTINARI.jpeg?fit=1000%2C670&ssl=1","datePublished":"2024-04-01T16:04:10+00:00","author":{"@id":"https:\/\/verdadeon.com.br\/portal\/#\/schema\/person\/a5060ad1e9ea3df545188fc93ce43d2f"},"breadcrumb":{"@id":"https:\/\/verdadeon.com.br\/portal\/2024\/04\/01\/primeira-semana-de-abril-em-franca-aponta-para-elevacao-das-temperaturas\/#breadcrumb"},"inLanguage":"pt-BR","potentialAction":[{"@type":"ReadAction","target":["https:\/\/verdadeon.com.br\/portal\/2024\/04\/01\/primeira-semana-de-abril-em-franca-aponta-para-elevacao-das-temperaturas\/"]}]},{"@type":"ImageObject","inLanguage":"pt-BR","@id":"https:\/\/verdadeon.com.br\/portal\/2024\/04\/01\/primeira-semana-de-abril-em-franca-aponta-para-elevacao-das-temperaturas\/#primaryimage","url":"https:\/\/i0.wp.com\/verdadeon.com.br\/portal\/wp-content\/uploads\/2021\/12\/CHUVA-ARCO-IRIS-FRANCA-RODOVIA-CANDIDO-PORTINARI.jpeg?fit=1000%2C670&ssl=1","contentUrl":"https:\/\/i0.wp.com\/verdadeon.com.br\/portal\/wp-content\/uploads\/2021\/12\/CHUVA-ARCO-IRIS-FRANCA-RODOVIA-CANDIDO-PORTINARI.jpeg?fit=1000%2C670&ssl=1","width":1000,"height":670,"caption":"H\u00e1 alta probabilidade de forma\u00e7\u00e3o de arco-\u00edris para esta ter\u00e7a-feira, 2 (\u00a9Fernando Lima\/Jornal Verdade)"},{"@type":"BreadcrumbList","@id":"https:\/\/verdadeon.com.br\/portal\/2024\/04\/01\/primeira-semana-de-abril-em-franca-aponta-para-elevacao-das-temperaturas\/#breadcrumb","itemListElement":[{"@type":"ListItem","position":1,"name":"In\u00edcio","item":"https:\/\/verdadeon.com.br\/portal\/"},{"@type":"ListItem","position":2,"name":"Primeira semana de abril em Franca aponta para eleva\u00e7\u00e3o das temperaturas"}]},{"@type":"WebSite","@id":"https:\/\/verdadeon.com.br\/portal\/#website","url":"https:\/\/verdadeon.com.br\/portal\/","name":"VerdadeOn","description":"Not\u00edcias di\u00e1rias sobre Franca, Regi\u00e3o, Esporte, Cultura, Cotidiano, Colunas. Cobertura nos principais eventos da cidade \u00e9 aqui - Verdadeon Franca","potentialAction":[{"@type":"SearchAction","target":{"@type":"EntryPoint","urlTemplate":"https:\/\/verdadeon.com.br\/portal\/?s={search_term_string}"},"query-input":{"@type":"PropertyValueSpecification","valueRequired":true,"valueName":"search_term_string"}}],"inLanguage":"pt-BR"},{"@type":"Person","@id":"https:\/\/verdadeon.com.br\/portal\/#\/schema\/person\/a5060ad1e9ea3df545188fc93ce43d2f","name":"Redacao VerdadeOn","image":{"@type":"ImageObject","inLanguage":"pt-BR","@id":"https:\/\/verdadeon.com.br\/portal\/#\/schema\/person\/image\/","url":"https:\/\/secure.gravatar.com\/avatar\/459a9613caaaf07f582c3d0841eea68bdd66f533e465e6ba8b9cb45619572cf4?s=96&d=mm&r=g","contentUrl":"https:\/\/secure.gravatar.com\/avatar\/459a9613caaaf07f582c3d0841eea68bdd66f533e465e6ba8b9cb45619572cf4?s=96&d=mm&r=g","caption":"Redacao VerdadeOn"},"url":"https:\/\/verdadeon.com.br\/portal\/author\/redacao\/"}]}},"jetpack_publicize_connections":[],"jetpack_featured_media_url":"https:\/\/i0.wp.com\/verdadeon.com.br\/portal\/wp-content\/uploads\/2021\/12\/CHUVA-ARCO-IRIS-FRANCA-RODOVIA-CANDIDO-PORTINARI.jpeg?fit=1000%2C670&ssl=1","jetpack_sharing_enabled":true,"_links":{"self":[{"href":"https:\/\/verdadeon.com.br\/portal\/wp-json\/wp\/v2\/posts\/42763","targetHints":{"allow":["GET"]}}],"collection":[{"href":"https:\/\/verdadeon.com.br\/portal\/wp-json\/wp\/v2\/posts"}],"about":[{"href":"https:\/\/verdadeon.com.br\/portal\/wp-json\/wp\/v2\/types\/post"}],"author":[{"embeddable":true,"href":"https:\/\/verdadeon.com.br\/portal\/wp-json\/wp\/v2\/users\/10"}],"replies":[{"embeddable":true,"href":"https:\/\/verdadeon.com.br\/portal\/wp-json\/wp\/v2\/comments?post=42763"}],"version-history":[{"count":1,"href":"https:\/\/verdadeon.com.br\/portal\/wp-json\/wp\/v2\/posts\/42763\/revisions"}],"predecessor-version":[{"id":42765,"href":"https:\/\/verdadeon.com.br\/portal\/wp-json\/wp\/v2\/posts\/42763\/revisions\/42765"}],"wp:featuredmedia":[{"embeddable":true,"href":"https:\/\/verdadeon.com.br\/portal\/wp-json\/wp\/v2\/media\/21764"}],"wp:attachment":[{"href":"https:\/\/verdadeon.com.br\/portal\/wp-json\/wp\/v2\/media?parent=42763"}],"wp:term":[{"taxonomy":"category","embeddable":true,"href":"https:\/\/verdadeon.com.br\/portal\/wp-json\/wp\/v2\/categories?post=42763"},{"taxonomy":"post_tag","embeddable":true,"href":"https:\/\/verdadeon.com.br\/portal\/wp-json\/wp\/v2\/tags?post=42763"}],"curies":[{"name":"wp","href":"https:\/\/api.w.org\/{rel}","templated":true}]}}