{"id":42758,"date":"2024-04-01T11:41:34","date_gmt":"2024-04-01T14:41:34","guid":{"rendered":"https:\/\/verdadeon.com.br\/portal\/?p=42758"},"modified":"2024-04-01T11:41:34","modified_gmt":"2024-04-01T14:41:34","slug":"ex-goleiro-da-francana-nelson-mamao-morre-aos-65-anos","status":"publish","type":"post","link":"https:\/\/verdadeon.com.br\/portal\/2024\/04\/01\/ex-goleiro-da-francana-nelson-mamao-morre-aos-65-anos\/","title":{"rendered":"Ex-goleiro da Francana, Nelson &#8216;Mam\u00e3o&#8217; morre aos 65 anos"},"content":{"rendered":"<h2>O atleta fez parte do time na campanha de 77, quando a Feiticeira subiu para a elite do futebol paulista<\/h2>\n<p>Neste domingo, 31 de mar\u00e7o, faleceu um dos \u00eddolos da Associa\u00e7\u00e3o Atl\u00e9tica Francana: Nelson Martins, o &#8220;Mam\u00e3o&#8221;, ex-goleiro e ex-t\u00e9cnico da Veterana.<\/p>\n<p>Martins defendeu as traves da Feiticeira por algumas temporadas. Era reserva de Geninho na campanha de 1977, quando a Alviverde alcan\u00e7ou a classifica\u00e7\u00e3o para disputar a elite do futebol paulista em 1978, terminando como a oitava colocada.<\/p>\n<p>Martins foi dono de uma escolinha de futebol na d\u00e9cada de 90. Certa vez, um raio o atingiu, deixando-o em estado de coma por 20 dias. Al\u00e9m de seu trabalho nas quatro linhas, Nelson tamb\u00e9m era m\u00fasico.<\/p>\n<p>Mam\u00e3o realizou uma cirurgia no cora\u00e7\u00e3o no in\u00edcio do m\u00eas de mar\u00e7o e, neste domingo, sofreu um AVC (Acidente Vascular Cerebral) em casa. Ele ainda foi levado ao Hospital do Cora\u00e7\u00e3o, mas n\u00e3o resistiu.<\/p>\n<p>O atleta deixa a mulher e dois filhos.<\/p>\n<p><strong>Nota da Francana<\/strong><\/p>\n<p>Em nota divulgada nas redes sociais, a Francana lamenta o ocorrido. Confira na \u00edntegra:<\/p>\n<p>&#8220;Lamentamos profundamente o falecimento de Nelson Martins, &#8220;Mam\u00e3o&#8221; neste domingo (31). O ex-goleiro e ex-t\u00e9cnico da Francana passou por cirurgia no cora\u00e7\u00e3o recentemente e sofreu um AVC (Acidente Vascular Cerebral) em casa neste domingo. Mam\u00e3o defendeu a Veterana na equipe que subiu para a Primeira Divis\u00e3o do Futebol Paulista, em 1977.<\/p>\n<p>O vel\u00f3rio ser\u00e1 nesta segunda-feira, 1\u00ba, a partir das 6h, no Vel\u00f3rio S\u00e3o Vicente. Desejamos muita for\u00e7a para todos os familiares e amigos neste momento.<\/p>\n<p>A FRANCANA EST\u00c1 DE LUTO!&#8221;<\/p>\n","protected":false},"excerpt":{"rendered":"<p>O atleta fez parte do time na campanha de 77, quando a Feiticeira subiu para a elite do futebol paulista Neste domingo, 31 de mar\u00e7o, faleceu<span class=\"excerpt-hellip\"> [\u2026]<\/span><\/p>\n","protected":false},"author":10,"featured_media":42759,"comment_status":"open","ping_status":"open","sticky":false,"template":"","format":"standard","meta":{"_jetpack_memberships_contains_paid_content":false,"footnotes":"","jetpack_publicize_message":"","jetpack_publicize_feature_enabled":true,"jetpack_social_post_already_shared":false,"jetpack_social_options":{"image_generator_settings":{"template":"highway","default_image_id":0,"enabled":false},"version":2}},"categories":[28,81],"tags":[],"class_list":["post-42758","post","type-post","status-publish","format-standard","has-post-thumbnail","hentry","category-cotidiano","category-manchete"],"yoast_head":"<!-- This site is optimized with the Yoast SEO plugin v25.6 - https:\/\/yoast.com\/wordpress\/plugins\/seo\/ -->\n<title>Ex-goleiro da Francana, Nelson &#039;Mam\u00e3o&#039; morre aos 65 anos - VerdadeOn<\/title>\n<meta name=\"robots\" content=\"index, follow, max-snippet:-1, max-image-preview:large, max-video-preview:-1\" \/>\n<link rel=\"canonical\" href=\"https:\/\/verdadeon.com.br\/portal\/2024\/04\/01\/ex-goleiro-da-francana-nelson-mamao-morre-aos-65-anos\/\" \/>\n<meta property=\"og:locale\" content=\"pt_BR\" \/>\n<meta property=\"og:type\" content=\"article\" \/>\n<meta property=\"og:title\" content=\"Ex-goleiro da Francana, Nelson &#039;Mam\u00e3o&#039; morre aos 65 anos - VerdadeOn\" \/>\n<meta property=\"og:description\" content=\"O atleta fez parte do time na campanha de 77, quando a Feiticeira subiu para a elite do futebol paulista Neste domingo, 31 de mar\u00e7o, faleceu [\u2026]\" \/>\n<meta property=\"og:url\" content=\"https:\/\/verdadeon.com.br\/portal\/2024\/04\/01\/ex-goleiro-da-francana-nelson-mamao-morre-aos-65-anos\/\" \/>\n<meta property=\"og:site_name\" content=\"VerdadeOn\" \/>\n<meta property=\"article:published_time\" content=\"2024-04-01T14:41:34+00:00\" \/>\n<meta property=\"og:image\" content=\"https:\/\/verdadeon.com.br\/portal\/wp-content\/uploads\/2024\/04\/Capturar.jpg\" \/>\n\t<meta property=\"og:image:width\" content=\"520\" \/>\n\t<meta property=\"og:image:height\" content=\"349\" \/>\n\t<meta property=\"og:image:type\" content=\"image\/jpeg\" \/>\n<meta name=\"author\" content=\"Redacao VerdadeOn\" \/>\n<meta name=\"twitter:card\" content=\"summary_large_image\" \/>\n<meta name=\"twitter:label1\" content=\"Escrito por\" \/>\n\t<meta name=\"twitter:data1\" content=\"Redacao VerdadeOn\" \/>\n\t<meta name=\"twitter:label2\" content=\"Est. tempo de leitura\" \/>\n\t<meta name=\"twitter:data2\" content=\"2 minutos\" \/>\n<script type=\"application\/ld+json\" class=\"yoast-schema-graph\">{\"@context\":\"https:\/\/schema.org\",\"@graph\":[{\"@type\":\"WebPage\",\"@id\":\"https:\/\/verdadeon.com.br\/portal\/2024\/04\/01\/ex-goleiro-da-francana-nelson-mamao-morre-aos-65-anos\/\",\"url\":\"https:\/\/verdadeon.com.br\/portal\/2024\/04\/01\/ex-goleiro-da-francana-nelson-mamao-morre-aos-65-anos\/\",\"name\":\"Ex-goleiro da Francana, Nelson 'Mam\u00e3o' morre aos 65 anos - VerdadeOn\",\"isPartOf\":{\"@id\":\"https:\/\/verdadeon.com.br\/portal\/#website\"},\"primaryImageOfPage\":{\"@id\":\"https:\/\/verdadeon.com.br\/portal\/2024\/04\/01\/ex-goleiro-da-francana-nelson-mamao-morre-aos-65-anos\/#primaryimage\"},\"image\":{\"@id\":\"https:\/\/verdadeon.com.br\/portal\/2024\/04\/01\/ex-goleiro-da-francana-nelson-mamao-morre-aos-65-anos\/#primaryimage\"},\"thumbnailUrl\":\"https:\/\/i0.wp.com\/verdadeon.com.br\/portal\/wp-content\/uploads\/2024\/04\/Capturar.jpg?fit=520%2C349&ssl=1\",\"datePublished\":\"2024-04-01T14:41:34+00:00\",\"author\":{\"@id\":\"https:\/\/verdadeon.com.br\/portal\/#\/schema\/person\/a5060ad1e9ea3df545188fc93ce43d2f\"},\"breadcrumb\":{\"@id\":\"https:\/\/verdadeon.com.br\/portal\/2024\/04\/01\/ex-goleiro-da-francana-nelson-mamao-morre-aos-65-anos\/#breadcrumb\"},\"inLanguage\":\"pt-BR\",\"potentialAction\":[{\"@type\":\"ReadAction\",\"target\":[\"https:\/\/verdadeon.com.br\/portal\/2024\/04\/01\/ex-goleiro-da-francana-nelson-mamao-morre-aos-65-anos\/\"]}]},{\"@type\":\"ImageObject\",\"inLanguage\":\"pt-BR\",\"@id\":\"https:\/\/verdadeon.com.br\/portal\/2024\/04\/01\/ex-goleiro-da-francana-nelson-mamao-morre-aos-65-anos\/#primaryimage\",\"url\":\"https:\/\/i0.wp.com\/verdadeon.com.br\/portal\/wp-content\/uploads\/2024\/04\/Capturar.jpg?fit=520%2C349&ssl=1\",\"contentUrl\":\"https:\/\/i0.wp.com\/verdadeon.com.br\/portal\/wp-content\/uploads\/2024\/04\/Capturar.jpg?fit=520%2C349&ssl=1\",\"width\":520,\"height\":349,\"caption\":\"Nelson Martins, o \\\"Mam\u00e3o\\\" faleceu na tarde deste domingo, 31 (\u00a9Reprodu\u00e7\u00e3o\/Redes Sociais)\"},{\"@type\":\"BreadcrumbList\",\"@id\":\"https:\/\/verdadeon.com.br\/portal\/2024\/04\/01\/ex-goleiro-da-francana-nelson-mamao-morre-aos-65-anos\/#breadcrumb\",\"itemListElement\":[{\"@type\":\"ListItem\",\"position\":1,\"name\":\"In\u00edcio\",\"item\":\"https:\/\/verdadeon.com.br\/portal\/\"},{\"@type\":\"ListItem\",\"position\":2,\"name\":\"Ex-goleiro da Francana, Nelson &#8216;Mam\u00e3o&#8217; morre aos 65 anos\"}]},{\"@type\":\"WebSite\",\"@id\":\"https:\/\/verdadeon.com.br\/portal\/#website\",\"url\":\"https:\/\/verdadeon.com.br\/portal\/\",\"name\":\"VerdadeOn\",\"description\":\"Not\u00edcias di\u00e1rias sobre Franca, Regi\u00e3o, Esporte, Cultura, Cotidiano, Colunas. Cobertura nos principais eventos da cidade \u00e9 aqui - Verdadeon Franca\",\"potentialAction\":[{\"@type\":\"SearchAction\",\"target\":{\"@type\":\"EntryPoint\",\"urlTemplate\":\"https:\/\/verdadeon.com.br\/portal\/?s={search_term_string}\"},\"query-input\":{\"@type\":\"PropertyValueSpecification\",\"valueRequired\":true,\"valueName\":\"search_term_string\"}}],\"inLanguage\":\"pt-BR\"},{\"@type\":\"Person\",\"@id\":\"https:\/\/verdadeon.com.br\/portal\/#\/schema\/person\/a5060ad1e9ea3df545188fc93ce43d2f\",\"name\":\"Redacao VerdadeOn\",\"image\":{\"@type\":\"ImageObject\",\"inLanguage\":\"pt-BR\",\"@id\":\"https:\/\/verdadeon.com.br\/portal\/#\/schema\/person\/image\/\",\"url\":\"https:\/\/secure.gravatar.com\/avatar\/459a9613caaaf07f582c3d0841eea68bdd66f533e465e6ba8b9cb45619572cf4?s=96&d=mm&r=g\",\"contentUrl\":\"https:\/\/secure.gravatar.com\/avatar\/459a9613caaaf07f582c3d0841eea68bdd66f533e465e6ba8b9cb45619572cf4?s=96&d=mm&r=g\",\"caption\":\"Redacao VerdadeOn\"},\"url\":\"https:\/\/verdadeon.com.br\/portal\/author\/redacao\/\"}]}<\/script>\n<!-- \/ Yoast SEO plugin. -->","yoast_head_json":{"title":"Ex-goleiro da Francana, Nelson 'Mam\u00e3o' morre aos 65 anos - VerdadeOn","robots":{"index":"index","follow":"follow","max-snippet":"max-snippet:-1","max-image-preview":"max-image-preview:large","max-video-preview":"max-video-preview:-1"},"canonical":"https:\/\/verdadeon.com.br\/portal\/2024\/04\/01\/ex-goleiro-da-francana-nelson-mamao-morre-aos-65-anos\/","og_locale":"pt_BR","og_type":"article","og_title":"Ex-goleiro da Francana, Nelson 'Mam\u00e3o' morre aos 65 anos - VerdadeOn","og_description":"O atleta fez parte do time na campanha de 77, quando a Feiticeira subiu para a elite do futebol paulista Neste domingo, 31 de mar\u00e7o, faleceu [\u2026]","og_url":"https:\/\/verdadeon.com.br\/portal\/2024\/04\/01\/ex-goleiro-da-francana-nelson-mamao-morre-aos-65-anos\/","og_site_name":"VerdadeOn","article_published_time":"2024-04-01T14:41:34+00:00","og_image":[{"width":520,"height":349,"url":"https:\/\/verdadeon.com.br\/portal\/wp-content\/uploads\/2024\/04\/Capturar.jpg","type":"image\/jpeg"}],"author":"Redacao VerdadeOn","twitter_card":"summary_large_image","twitter_misc":{"Escrito por":"Redacao VerdadeOn","Est. tempo de leitura":"2 minutos"},"schema":{"@context":"https:\/\/schema.org","@graph":[{"@type":"WebPage","@id":"https:\/\/verdadeon.com.br\/portal\/2024\/04\/01\/ex-goleiro-da-francana-nelson-mamao-morre-aos-65-anos\/","url":"https:\/\/verdadeon.com.br\/portal\/2024\/04\/01\/ex-goleiro-da-francana-nelson-mamao-morre-aos-65-anos\/","name":"Ex-goleiro da Francana, Nelson 'Mam\u00e3o' morre aos 65 anos - VerdadeOn","isPartOf":{"@id":"https:\/\/verdadeon.com.br\/portal\/#website"},"primaryImageOfPage":{"@id":"https:\/\/verdadeon.com.br\/portal\/2024\/04\/01\/ex-goleiro-da-francana-nelson-mamao-morre-aos-65-anos\/#primaryimage"},"image":{"@id":"https:\/\/verdadeon.com.br\/portal\/2024\/04\/01\/ex-goleiro-da-francana-nelson-mamao-morre-aos-65-anos\/#primaryimage"},"thumbnailUrl":"https:\/\/i0.wp.com\/verdadeon.com.br\/portal\/wp-content\/uploads\/2024\/04\/Capturar.jpg?fit=520%2C349&ssl=1","datePublished":"2024-04-01T14:41:34+00:00","author":{"@id":"https:\/\/verdadeon.com.br\/portal\/#\/schema\/person\/a5060ad1e9ea3df545188fc93ce43d2f"},"breadcrumb":{"@id":"https:\/\/verdadeon.com.br\/portal\/2024\/04\/01\/ex-goleiro-da-francana-nelson-mamao-morre-aos-65-anos\/#breadcrumb"},"inLanguage":"pt-BR","potentialAction":[{"@type":"ReadAction","target":["https:\/\/verdadeon.com.br\/portal\/2024\/04\/01\/ex-goleiro-da-francana-nelson-mamao-morre-aos-65-anos\/"]}]},{"@type":"ImageObject","inLanguage":"pt-BR","@id":"https:\/\/verdadeon.com.br\/portal\/2024\/04\/01\/ex-goleiro-da-francana-nelson-mamao-morre-aos-65-anos\/#primaryimage","url":"https:\/\/i0.wp.com\/verdadeon.com.br\/portal\/wp-content\/uploads\/2024\/04\/Capturar.jpg?fit=520%2C349&ssl=1","contentUrl":"https:\/\/i0.wp.com\/verdadeon.com.br\/portal\/wp-content\/uploads\/2024\/04\/Capturar.jpg?fit=520%2C349&ssl=1","width":520,"height":349,"caption":"Nelson Martins, o \"Mam\u00e3o\" faleceu na tarde deste domingo, 31 (\u00a9Reprodu\u00e7\u00e3o\/Redes Sociais)"},{"@type":"BreadcrumbList","@id":"https:\/\/verdadeon.com.br\/portal\/2024\/04\/01\/ex-goleiro-da-francana-nelson-mamao-morre-aos-65-anos\/#breadcrumb","itemListElement":[{"@type":"ListItem","position":1,"name":"In\u00edcio","item":"https:\/\/verdadeon.com.br\/portal\/"},{"@type":"ListItem","position":2,"name":"Ex-goleiro da Francana, Nelson &#8216;Mam\u00e3o&#8217; morre aos 65 anos"}]},{"@type":"WebSite","@id":"https:\/\/verdadeon.com.br\/portal\/#website","url":"https:\/\/verdadeon.com.br\/portal\/","name":"VerdadeOn","description":"Not\u00edcias di\u00e1rias sobre Franca, Regi\u00e3o, Esporte, Cultura, Cotidiano, Colunas. Cobertura nos principais eventos da cidade \u00e9 aqui - Verdadeon Franca","potentialAction":[{"@type":"SearchAction","target":{"@type":"EntryPoint","urlTemplate":"https:\/\/verdadeon.com.br\/portal\/?s={search_term_string}"},"query-input":{"@type":"PropertyValueSpecification","valueRequired":true,"valueName":"search_term_string"}}],"inLanguage":"pt-BR"},{"@type":"Person","@id":"https:\/\/verdadeon.com.br\/portal\/#\/schema\/person\/a5060ad1e9ea3df545188fc93ce43d2f","name":"Redacao VerdadeOn","image":{"@type":"ImageObject","inLanguage":"pt-BR","@id":"https:\/\/verdadeon.com.br\/portal\/#\/schema\/person\/image\/","url":"https:\/\/secure.gravatar.com\/avatar\/459a9613caaaf07f582c3d0841eea68bdd66f533e465e6ba8b9cb45619572cf4?s=96&d=mm&r=g","contentUrl":"https:\/\/secure.gravatar.com\/avatar\/459a9613caaaf07f582c3d0841eea68bdd66f533e465e6ba8b9cb45619572cf4?s=96&d=mm&r=g","caption":"Redacao VerdadeOn"},"url":"https:\/\/verdadeon.com.br\/portal\/author\/redacao\/"}]}},"jetpack_publicize_connections":[],"jetpack_featured_media_url":"https:\/\/i0.wp.com\/verdadeon.com.br\/portal\/wp-content\/uploads\/2024\/04\/Capturar.jpg?fit=520%2C349&ssl=1","jetpack_sharing_enabled":true,"_links":{"self":[{"href":"https:\/\/verdadeon.com.br\/portal\/wp-json\/wp\/v2\/posts\/42758","targetHints":{"allow":["GET"]}}],"collection":[{"href":"https:\/\/verdadeon.com.br\/portal\/wp-json\/wp\/v2\/posts"}],"about":[{"href":"https:\/\/verdadeon.com.br\/portal\/wp-json\/wp\/v2\/types\/post"}],"author":[{"embeddable":true,"href":"https:\/\/verdadeon.com.br\/portal\/wp-json\/wp\/v2\/users\/10"}],"replies":[{"embeddable":true,"href":"https:\/\/verdadeon.com.br\/portal\/wp-json\/wp\/v2\/comments?post=42758"}],"version-history":[{"count":1,"href":"https:\/\/verdadeon.com.br\/portal\/wp-json\/wp\/v2\/posts\/42758\/revisions"}],"predecessor-version":[{"id":42760,"href":"https:\/\/verdadeon.com.br\/portal\/wp-json\/wp\/v2\/posts\/42758\/revisions\/42760"}],"wp:featuredmedia":[{"embeddable":true,"href":"https:\/\/verdadeon.com.br\/portal\/wp-json\/wp\/v2\/media\/42759"}],"wp:attachment":[{"href":"https:\/\/verdadeon.com.br\/portal\/wp-json\/wp\/v2\/media?parent=42758"}],"wp:term":[{"taxonomy":"category","embeddable":true,"href":"https:\/\/verdadeon.com.br\/portal\/wp-json\/wp\/v2\/categories?post=42758"},{"taxonomy":"post_tag","embeddable":true,"href":"https:\/\/verdadeon.com.br\/portal\/wp-json\/wp\/v2\/tags?post=42758"}],"curies":[{"name":"wp","href":"https:\/\/api.w.org\/{rel}","templated":true}]}}