{"id":4269,"date":"2020-02-26T14:26:37","date_gmt":"2020-02-26T17:26:37","guid":{"rendered":"http:\/\/verdadeon.com.br\/portal\/?p=4269"},"modified":"2020-02-26T14:26:37","modified_gmt":"2020-02-26T17:26:37","slug":"festa-da-soja-tem-agenda-definida-em-sao-joaquim-da-barra","status":"publish","type":"post","link":"https:\/\/verdadeon.com.br\/portal\/2020\/02\/26\/festa-da-soja-tem-agenda-definida-em-sao-joaquim-da-barra\/","title":{"rendered":"Festa da Soja tem agenda definida em S\u00e3o Joaquim da Barra"},"content":{"rendered":"<h2>Evento acontece entre 26 e 31 de maio<\/h2>\n<p>&nbsp;<\/p>\n<p>Um dos mais tradicionais eventos da regi\u00e3o j\u00e1 tem data e programa\u00e7\u00e3o definida para este ano. A 51\u00aa edi\u00e7\u00e3o da Festa da Soja est\u00e1 marcada para acontecer entre 26 e 31 de maio. Com seis noites de shows, a organiza\u00e7\u00e3o divulgou a agenda de atra\u00e7\u00f5es que ter\u00e1 tr\u00eas noites sem cobran\u00e7a de ingressos.<\/p>\n<p>Os primeiros a subirem ao palco ser\u00e3o a dupla sertaneja Edson e Hudson, na noite do dia 26, uma ter\u00e7a-feira. A abertura ter\u00e1 entrada gratuita para o p\u00fablico. No dia seguinte, Z\u00e9 Neto e Cristiano s\u00e3o os nomes da festa, que segue na quinta-feira (28) com a cantora Ludmilla.<\/p>\n<p>Na sexta-feira (29), mais uma vez o show n\u00e3o ter\u00e1 cobran\u00e7a de ingressos. A hist\u00f3rica dupla Zez\u00e9 di Camargo e Luciano entrar\u00e1 em cena. No s\u00e1bado, outros nomes tradicionais do sertanejo nacional ser\u00e3o destaques. Chit\u00e3ozinho e Xoror\u00f3 prometem animar a festa que marca tamb\u00e9m a data de anivers\u00e1rio de 122 anos de S\u00e3o Joaquim da Barra.<\/p>\n<p>Para finalizar, novamente sem cobran\u00e7a da entrada para o show, Jo\u00e3o Bosco e Vin\u00edcius fecham a edi\u00e7\u00e3o de 2020 da Festa da Soja. Todos os shows ser\u00e3o realizados no Parque de Exposi\u00e7\u00f5es Tancredo Neves.<\/p>\n","protected":false},"excerpt":{"rendered":"<p>Evento acontece entre 26 e 31 de maio &nbsp; Um dos mais tradicionais eventos da regi\u00e3o j\u00e1 tem data e programa\u00e7\u00e3o definida para este ano. A<span class=\"excerpt-hellip\"> [\u2026]<\/span><\/p>\n","protected":false},"author":10,"featured_media":4270,"comment_status":"open","ping_status":"open","sticky":false,"template":"","format":"standard","meta":{"_jetpack_memberships_contains_paid_content":false,"footnotes":"","jetpack_publicize_message":"","jetpack_publicize_feature_enabled":true,"jetpack_social_post_already_shared":false,"jetpack_social_options":{"image_generator_settings":{"template":"highway","default_image_id":0,"enabled":false},"version":2}},"categories":[28,44],"tags":[48],"class_list":["post-4269","post","type-post","status-publish","format-standard","has-post-thumbnail","hentry","category-cotidiano","category-noticias","tag-variedades"],"yoast_head":"<!-- This site is optimized with the Yoast SEO plugin v25.6 - https:\/\/yoast.com\/wordpress\/plugins\/seo\/ -->\n<title>Festa da Soja tem agenda definida em S\u00e3o Joaquim da Barra - VerdadeOn<\/title>\n<meta name=\"robots\" content=\"index, follow, max-snippet:-1, max-image-preview:large, max-video-preview:-1\" \/>\n<link rel=\"canonical\" href=\"https:\/\/verdadeon.com.br\/portal\/2020\/02\/26\/festa-da-soja-tem-agenda-definida-em-sao-joaquim-da-barra\/\" \/>\n<meta property=\"og:locale\" content=\"pt_BR\" \/>\n<meta property=\"og:type\" content=\"article\" \/>\n<meta property=\"og:title\" content=\"Festa da Soja tem agenda definida em S\u00e3o Joaquim da Barra - VerdadeOn\" \/>\n<meta property=\"og:description\" content=\"Evento acontece entre 26 e 31 de maio &nbsp; Um dos mais tradicionais eventos da regi\u00e3o j\u00e1 tem data e programa\u00e7\u00e3o definida para este ano. A [\u2026]\" \/>\n<meta property=\"og:url\" content=\"https:\/\/verdadeon.com.br\/portal\/2020\/02\/26\/festa-da-soja-tem-agenda-definida-em-sao-joaquim-da-barra\/\" \/>\n<meta property=\"og:site_name\" content=\"VerdadeOn\" \/>\n<meta property=\"article:published_time\" content=\"2020-02-26T17:26:37+00:00\" \/>\n<meta property=\"og:image\" content=\"https:\/\/verdadeon.com.br\/portal\/wp-content\/uploads\/2020\/02\/Screenshot_20200226-142344.png\" \/>\n\t<meta property=\"og:image:width\" content=\"1000\" \/>\n\t<meta property=\"og:image:height\" content=\"563\" \/>\n\t<meta property=\"og:image:type\" content=\"image\/png\" \/>\n<meta name=\"author\" content=\"Redacao VerdadeOn\" \/>\n<meta name=\"twitter:card\" content=\"summary_large_image\" \/>\n<meta name=\"twitter:label1\" content=\"Escrito por\" \/>\n\t<meta name=\"twitter:data1\" content=\"Redacao VerdadeOn\" \/>\n\t<meta name=\"twitter:label2\" content=\"Est. tempo de leitura\" \/>\n\t<meta name=\"twitter:data2\" content=\"1 minuto\" \/>\n<script type=\"application\/ld+json\" class=\"yoast-schema-graph\">{\"@context\":\"https:\/\/schema.org\",\"@graph\":[{\"@type\":\"WebPage\",\"@id\":\"https:\/\/verdadeon.com.br\/portal\/2020\/02\/26\/festa-da-soja-tem-agenda-definida-em-sao-joaquim-da-barra\/\",\"url\":\"https:\/\/verdadeon.com.br\/portal\/2020\/02\/26\/festa-da-soja-tem-agenda-definida-em-sao-joaquim-da-barra\/\",\"name\":\"Festa da Soja tem agenda definida em S\u00e3o Joaquim da Barra - VerdadeOn\",\"isPartOf\":{\"@id\":\"https:\/\/verdadeon.com.br\/portal\/#website\"},\"primaryImageOfPage\":{\"@id\":\"https:\/\/verdadeon.com.br\/portal\/2020\/02\/26\/festa-da-soja-tem-agenda-definida-em-sao-joaquim-da-barra\/#primaryimage\"},\"image\":{\"@id\":\"https:\/\/verdadeon.com.br\/portal\/2020\/02\/26\/festa-da-soja-tem-agenda-definida-em-sao-joaquim-da-barra\/#primaryimage\"},\"thumbnailUrl\":\"https:\/\/i0.wp.com\/verdadeon.com.br\/portal\/wp-content\/uploads\/2020\/02\/Screenshot_20200226-142344.png?fit=1000%2C563&ssl=1\",\"datePublished\":\"2020-02-26T17:26:37+00:00\",\"author\":{\"@id\":\"https:\/\/verdadeon.com.br\/portal\/#\/schema\/person\/a5060ad1e9ea3df545188fc93ce43d2f\"},\"breadcrumb\":{\"@id\":\"https:\/\/verdadeon.com.br\/portal\/2020\/02\/26\/festa-da-soja-tem-agenda-definida-em-sao-joaquim-da-barra\/#breadcrumb\"},\"inLanguage\":\"pt-BR\",\"potentialAction\":[{\"@type\":\"ReadAction\",\"target\":[\"https:\/\/verdadeon.com.br\/portal\/2020\/02\/26\/festa-da-soja-tem-agenda-definida-em-sao-joaquim-da-barra\/\"]}]},{\"@type\":\"ImageObject\",\"inLanguage\":\"pt-BR\",\"@id\":\"https:\/\/verdadeon.com.br\/portal\/2020\/02\/26\/festa-da-soja-tem-agenda-definida-em-sao-joaquim-da-barra\/#primaryimage\",\"url\":\"https:\/\/i0.wp.com\/verdadeon.com.br\/portal\/wp-content\/uploads\/2020\/02\/Screenshot_20200226-142344.png?fit=1000%2C563&ssl=1\",\"contentUrl\":\"https:\/\/i0.wp.com\/verdadeon.com.br\/portal\/wp-content\/uploads\/2020\/02\/Screenshot_20200226-142344.png?fit=1000%2C563&ssl=1\",\"width\":1000,\"height\":563,\"caption\":\"Dupla sertaneja Z\u00e9 Neto e Cristiano durante show neste ano. Eles fazem parte da agenda da Festa da Soja, que ser\u00e1 realizada em maio | Foto: Divulga\u00e7\u00e3o\"},{\"@type\":\"BreadcrumbList\",\"@id\":\"https:\/\/verdadeon.com.br\/portal\/2020\/02\/26\/festa-da-soja-tem-agenda-definida-em-sao-joaquim-da-barra\/#breadcrumb\",\"itemListElement\":[{\"@type\":\"ListItem\",\"position\":1,\"name\":\"In\u00edcio\",\"item\":\"https:\/\/verdadeon.com.br\/portal\/\"},{\"@type\":\"ListItem\",\"position\":2,\"name\":\"Festa da Soja tem agenda definida em S\u00e3o Joaquim da Barra\"}]},{\"@type\":\"WebSite\",\"@id\":\"https:\/\/verdadeon.com.br\/portal\/#website\",\"url\":\"https:\/\/verdadeon.com.br\/portal\/\",\"name\":\"VerdadeOn\",\"description\":\"Not\u00edcias di\u00e1rias sobre Franca, Regi\u00e3o, Esporte, Cultura, Cotidiano, Colunas. Cobertura nos principais eventos da cidade \u00e9 aqui - Verdadeon Franca\",\"potentialAction\":[{\"@type\":\"SearchAction\",\"target\":{\"@type\":\"EntryPoint\",\"urlTemplate\":\"https:\/\/verdadeon.com.br\/portal\/?s={search_term_string}\"},\"query-input\":{\"@type\":\"PropertyValueSpecification\",\"valueRequired\":true,\"valueName\":\"search_term_string\"}}],\"inLanguage\":\"pt-BR\"},{\"@type\":\"Person\",\"@id\":\"https:\/\/verdadeon.com.br\/portal\/#\/schema\/person\/a5060ad1e9ea3df545188fc93ce43d2f\",\"name\":\"Redacao VerdadeOn\",\"image\":{\"@type\":\"ImageObject\",\"inLanguage\":\"pt-BR\",\"@id\":\"https:\/\/verdadeon.com.br\/portal\/#\/schema\/person\/image\/\",\"url\":\"https:\/\/secure.gravatar.com\/avatar\/459a9613caaaf07f582c3d0841eea68bdd66f533e465e6ba8b9cb45619572cf4?s=96&d=mm&r=g\",\"contentUrl\":\"https:\/\/secure.gravatar.com\/avatar\/459a9613caaaf07f582c3d0841eea68bdd66f533e465e6ba8b9cb45619572cf4?s=96&d=mm&r=g\",\"caption\":\"Redacao VerdadeOn\"},\"url\":\"https:\/\/verdadeon.com.br\/portal\/author\/redacao\/\"}]}<\/script>\n<!-- \/ Yoast SEO plugin. -->","yoast_head_json":{"title":"Festa da Soja tem agenda definida em S\u00e3o Joaquim da Barra - VerdadeOn","robots":{"index":"index","follow":"follow","max-snippet":"max-snippet:-1","max-image-preview":"max-image-preview:large","max-video-preview":"max-video-preview:-1"},"canonical":"https:\/\/verdadeon.com.br\/portal\/2020\/02\/26\/festa-da-soja-tem-agenda-definida-em-sao-joaquim-da-barra\/","og_locale":"pt_BR","og_type":"article","og_title":"Festa da Soja tem agenda definida em S\u00e3o Joaquim da Barra - VerdadeOn","og_description":"Evento acontece entre 26 e 31 de maio &nbsp; Um dos mais tradicionais eventos da regi\u00e3o j\u00e1 tem data e programa\u00e7\u00e3o definida para este ano. A [\u2026]","og_url":"https:\/\/verdadeon.com.br\/portal\/2020\/02\/26\/festa-da-soja-tem-agenda-definida-em-sao-joaquim-da-barra\/","og_site_name":"VerdadeOn","article_published_time":"2020-02-26T17:26:37+00:00","og_image":[{"width":1000,"height":563,"url":"https:\/\/verdadeon.com.br\/portal\/wp-content\/uploads\/2020\/02\/Screenshot_20200226-142344.png","type":"image\/png"}],"author":"Redacao VerdadeOn","twitter_card":"summary_large_image","twitter_misc":{"Escrito por":"Redacao VerdadeOn","Est. tempo de leitura":"1 minuto"},"schema":{"@context":"https:\/\/schema.org","@graph":[{"@type":"WebPage","@id":"https:\/\/verdadeon.com.br\/portal\/2020\/02\/26\/festa-da-soja-tem-agenda-definida-em-sao-joaquim-da-barra\/","url":"https:\/\/verdadeon.com.br\/portal\/2020\/02\/26\/festa-da-soja-tem-agenda-definida-em-sao-joaquim-da-barra\/","name":"Festa da Soja tem agenda definida em S\u00e3o Joaquim da Barra - VerdadeOn","isPartOf":{"@id":"https:\/\/verdadeon.com.br\/portal\/#website"},"primaryImageOfPage":{"@id":"https:\/\/verdadeon.com.br\/portal\/2020\/02\/26\/festa-da-soja-tem-agenda-definida-em-sao-joaquim-da-barra\/#primaryimage"},"image":{"@id":"https:\/\/verdadeon.com.br\/portal\/2020\/02\/26\/festa-da-soja-tem-agenda-definida-em-sao-joaquim-da-barra\/#primaryimage"},"thumbnailUrl":"https:\/\/i0.wp.com\/verdadeon.com.br\/portal\/wp-content\/uploads\/2020\/02\/Screenshot_20200226-142344.png?fit=1000%2C563&ssl=1","datePublished":"2020-02-26T17:26:37+00:00","author":{"@id":"https:\/\/verdadeon.com.br\/portal\/#\/schema\/person\/a5060ad1e9ea3df545188fc93ce43d2f"},"breadcrumb":{"@id":"https:\/\/verdadeon.com.br\/portal\/2020\/02\/26\/festa-da-soja-tem-agenda-definida-em-sao-joaquim-da-barra\/#breadcrumb"},"inLanguage":"pt-BR","potentialAction":[{"@type":"ReadAction","target":["https:\/\/verdadeon.com.br\/portal\/2020\/02\/26\/festa-da-soja-tem-agenda-definida-em-sao-joaquim-da-barra\/"]}]},{"@type":"ImageObject","inLanguage":"pt-BR","@id":"https:\/\/verdadeon.com.br\/portal\/2020\/02\/26\/festa-da-soja-tem-agenda-definida-em-sao-joaquim-da-barra\/#primaryimage","url":"https:\/\/i0.wp.com\/verdadeon.com.br\/portal\/wp-content\/uploads\/2020\/02\/Screenshot_20200226-142344.png?fit=1000%2C563&ssl=1","contentUrl":"https:\/\/i0.wp.com\/verdadeon.com.br\/portal\/wp-content\/uploads\/2020\/02\/Screenshot_20200226-142344.png?fit=1000%2C563&ssl=1","width":1000,"height":563,"caption":"Dupla sertaneja Z\u00e9 Neto e Cristiano durante show neste ano. Eles fazem parte da agenda da Festa da Soja, que ser\u00e1 realizada em maio | Foto: Divulga\u00e7\u00e3o"},{"@type":"BreadcrumbList","@id":"https:\/\/verdadeon.com.br\/portal\/2020\/02\/26\/festa-da-soja-tem-agenda-definida-em-sao-joaquim-da-barra\/#breadcrumb","itemListElement":[{"@type":"ListItem","position":1,"name":"In\u00edcio","item":"https:\/\/verdadeon.com.br\/portal\/"},{"@type":"ListItem","position":2,"name":"Festa da Soja tem agenda definida em S\u00e3o Joaquim da Barra"}]},{"@type":"WebSite","@id":"https:\/\/verdadeon.com.br\/portal\/#website","url":"https:\/\/verdadeon.com.br\/portal\/","name":"VerdadeOn","description":"Not\u00edcias di\u00e1rias sobre Franca, Regi\u00e3o, Esporte, Cultura, Cotidiano, Colunas. Cobertura nos principais eventos da cidade \u00e9 aqui - Verdadeon Franca","potentialAction":[{"@type":"SearchAction","target":{"@type":"EntryPoint","urlTemplate":"https:\/\/verdadeon.com.br\/portal\/?s={search_term_string}"},"query-input":{"@type":"PropertyValueSpecification","valueRequired":true,"valueName":"search_term_string"}}],"inLanguage":"pt-BR"},{"@type":"Person","@id":"https:\/\/verdadeon.com.br\/portal\/#\/schema\/person\/a5060ad1e9ea3df545188fc93ce43d2f","name":"Redacao VerdadeOn","image":{"@type":"ImageObject","inLanguage":"pt-BR","@id":"https:\/\/verdadeon.com.br\/portal\/#\/schema\/person\/image\/","url":"https:\/\/secure.gravatar.com\/avatar\/459a9613caaaf07f582c3d0841eea68bdd66f533e465e6ba8b9cb45619572cf4?s=96&d=mm&r=g","contentUrl":"https:\/\/secure.gravatar.com\/avatar\/459a9613caaaf07f582c3d0841eea68bdd66f533e465e6ba8b9cb45619572cf4?s=96&d=mm&r=g","caption":"Redacao VerdadeOn"},"url":"https:\/\/verdadeon.com.br\/portal\/author\/redacao\/"}]}},"jetpack_publicize_connections":[],"jetpack_featured_media_url":"https:\/\/i0.wp.com\/verdadeon.com.br\/portal\/wp-content\/uploads\/2020\/02\/Screenshot_20200226-142344.png?fit=1000%2C563&ssl=1","jetpack_sharing_enabled":true,"_links":{"self":[{"href":"https:\/\/verdadeon.com.br\/portal\/wp-json\/wp\/v2\/posts\/4269","targetHints":{"allow":["GET"]}}],"collection":[{"href":"https:\/\/verdadeon.com.br\/portal\/wp-json\/wp\/v2\/posts"}],"about":[{"href":"https:\/\/verdadeon.com.br\/portal\/wp-json\/wp\/v2\/types\/post"}],"author":[{"embeddable":true,"href":"https:\/\/verdadeon.com.br\/portal\/wp-json\/wp\/v2\/users\/10"}],"replies":[{"embeddable":true,"href":"https:\/\/verdadeon.com.br\/portal\/wp-json\/wp\/v2\/comments?post=4269"}],"version-history":[{"count":0,"href":"https:\/\/verdadeon.com.br\/portal\/wp-json\/wp\/v2\/posts\/4269\/revisions"}],"wp:featuredmedia":[{"embeddable":true,"href":"https:\/\/verdadeon.com.br\/portal\/wp-json\/wp\/v2\/media\/4270"}],"wp:attachment":[{"href":"https:\/\/verdadeon.com.br\/portal\/wp-json\/wp\/v2\/media?parent=4269"}],"wp:term":[{"taxonomy":"category","embeddable":true,"href":"https:\/\/verdadeon.com.br\/portal\/wp-json\/wp\/v2\/categories?post=4269"},{"taxonomy":"post_tag","embeddable":true,"href":"https:\/\/verdadeon.com.br\/portal\/wp-json\/wp\/v2\/tags?post=4269"}],"curies":[{"name":"wp","href":"https:\/\/api.w.org\/{rel}","templated":true}]}}