{"id":4260,"date":"2020-02-26T17:00:43","date_gmt":"2020-02-26T20:00:43","guid":{"rendered":"http:\/\/verdadeon.com.br\/portal\/?p=4260"},"modified":"2020-02-26T12:25:07","modified_gmt":"2020-02-26T15:25:07","slug":"fique-de-olho-nos-filmes-que-entram-em-cartaz-nesta-quinta-feira-na-moviecom-franca","status":"publish","type":"post","link":"https:\/\/verdadeon.com.br\/portal\/2020\/02\/26\/fique-de-olho-nos-filmes-que-entram-em-cartaz-nesta-quinta-feira-na-moviecom-franca\/","title":{"rendered":"Fique de olho nos filmes que entram em cartaz nesta quinta-feira na Moviecom Franca"},"content":{"rendered":"<p><strong>FRANCA 01 &#8211; O HOMEM INVIS\u00cdVEL &#8211; DUB (UNIVERSAL PICTURES)<\/strong><br \/>\nFantasia &#8211; Dublado &#8211; 14 Anos &#8211; Dura\u00e7\u00e3o: 124min.<br \/>\nRefilmagem do cl\u00e1ssico de 1933. Na trama, um cientista brilhante descobre como se tornar invis\u00edvel. Mas sua inven\u00e7\u00e3o acaba custando sua sanidade.<br \/>\nSex.: 16h30 &#8211; 19h00 &#8211; 21h30<br \/>\nS\u00e1b., Dom., Feriado: 14h00 &#8211; 16h30 &#8211; 19h00 &#8211; 21h30<br \/>\nQui., Seg., Ter., Qua.: 16h30 &#8211; 19h00<\/p>\n<p><iframe loading=\"lazy\" src=\"https:\/\/www.youtube.com\/embed\/L91CO7wOqVw\" width=\"713\" height=\"401\" frameborder=\"0\" allowfullscreen=\"allowfullscreen\"><\/iframe><\/p>\n<p><strong>FRANCA 01 &#8211; O HOMEM INVIS\u00cdVEL &#8211; LEG (UNIVERSAL PICTURES)<\/strong><br \/>\nFantasia &#8211; Legendado &#8211; 14 Anos &#8211; Dura\u00e7\u00e3o: 124min.<br \/>\nRefilmagem do cl\u00e1ssico de 1933. Na trama, um cientista brilhante descobre como se tornar invis\u00edvel. Mas sua inven\u00e7\u00e3o acaba custando sua sanidade.<br \/>\nQui., Seg., Ter., Qua.: 21h30<\/p>\n<p>&nbsp;<\/p>\n<p>&nbsp;<\/p>\n<p>&nbsp;<\/p>\n<p><iframe loading=\"lazy\" src=\"https:\/\/www.youtube.com\/embed\/7_ybmGsUKFI\" width=\"735\" height=\"399\" frameborder=\"0\" allowfullscreen=\"allowfullscreen\"><\/iframe><br \/>\n<strong>FRANCA 02 &#8211; SONIC &#8211; O FILME DUB (PARAMOUNT PICTURES)<\/strong><br \/>\nAventura &#8211; Dublado &#8211; Livre &#8211; Dura\u00e7\u00e3o: 99min.<br \/>\nSonic, o porco-espinho azul mais famoso do mundo, se junta com os seus amigos para derrotar o terr\u00edvel Doutor Eggman, um cientista louco que planeja dominar o mundo, e o Doutor Robotnik, respons\u00e1vel por aprisionar animais inocentes em rob\u00f4s. A sinopse oficial ainda n\u00e3o foi divulgada<br \/>\nQui., Sex., Seg., Ter., Qua.: 17h00 &#8211; 19h10 &#8211; 21h15<br \/>\nS\u00e1b., Dom., Feriado: 14h50 &#8211; 17h00 &#8211; 19h10 &#8211; 21h15<\/p>\n<p>&nbsp;<\/p>\n<p>&nbsp;<\/p>\n<p><iframe loading=\"lazy\" src=\"https:\/\/www.youtube.com\/embed\/IXD7LvvLDwE\" width=\"735\" height=\"399\" frameborder=\"0\" allowfullscreen=\"allowfullscreen\"><\/iframe><br \/>\n<strong>FRANCA 03 &#8211; BAD BOYS PARA SEMPRE &#8211; DUB (COLUMBIA PICTURES)<\/strong><br \/>\nCom\u00e9dia \/ A\u00e7\u00e3o &#8211; Dublado &#8211; 16 Anos &#8211; Dura\u00e7\u00e3o: 124min.<br \/>\nTerceiro epis\u00f3dio das hist\u00f3rias dos policiais Burnett (Martin Lawrence) e Lowrey (Will Smith), que devem encontrar e prender os mais perigosos traficantes de drogas da cidade.<br \/>\nS\u00e1b., Dom., Feriado: 14h40<\/p>\n<p>&nbsp;<\/p>\n<p>&nbsp;<\/p>\n<p><iframe loading=\"lazy\" src=\"https:\/\/www.youtube.com\/embed\/-fY2bDzc6cw\" width=\"735\" height=\"399\" frameborder=\"0\" allowfullscreen=\"allowfullscreen\"><\/iframe><br \/>\n<strong>FRANCA 03 &#8211; MARIA E JO\u00c3O: DUB O CONTO DAS BRUXAS (IMAGEM FILMES)<\/strong><br \/>\nTerror &#8211; Dublado &#8211; 14 Anos &#8211; Dura\u00e7\u00e3o: 88min.<br \/>\nH\u00e1 muito tempo, em um campo distante, Maria (Sophia Lillis) leva seu irm\u00e3ozinho Jo\u00e3o (Sammy Leakey) a um bosque escuro, em uma busca desesperada por comida e trabalho. Quando eles encontram Holda (Alice Krige), uma misteriosa mulher que reside na floresta, os dois irm\u00e3os descobrem que nem todo conto de fadas termina bem.<br \/>\nQui., Sex., Seg., Ter., Qua.: 17h20 &#8211; 19h20 &#8211; 21h20<br \/>\nS\u00e1b., Dom., Feriado: 17h20 &#8211; 19h20 &#8211; 21h20<\/p>\n<p>&nbsp;<\/p>\n<p>&nbsp;<\/p>\n<p><iframe loading=\"lazy\" src=\"https:\/\/www.youtube.com\/embed\/c-hwRn94sMw\" width=\"735\" height=\"399\" frameborder=\"0\" allowfullscreen=\"allowfullscreen\"><\/iframe><br \/>\n<strong>FRANCA 04 &#8211; DOLITTLE &#8211; DUB (UNIVERSAL PICTURES)<\/strong><br \/>\nCom\u00e9dia &#8211; Dublado &#8211; 10 Anos &#8211; Dura\u00e7\u00e3o: 102min.<br \/>\nDoutor Dolittle (Robert Downey Jr) \u00e9 um f\u00edsico muito competente, ele vive e cuida de v\u00e1rios animais e afirma que consegue at\u00e9 se comunicar atrav\u00e9s de palavras com eles.<br \/>\nQui., Sex., Seg., Ter., Qua.: 17h10 &#8211; 19h30<br \/>\nS\u00e1b., Dom., Feriado: 15h00 &#8211; 17h10 &#8211; 19h30<\/p>\n<p>&nbsp;<\/p>\n<p><iframe loading=\"lazy\" src=\"https:\/\/www.youtube.com\/embed\/M2LMRXkAZSY\" width=\"713\" height=\"401\" frameborder=\"0\" allowfullscreen=\"allowfullscreen\"><\/iframe><br \/>\nFRANCA 04 &#8211; ARLEQUINA EM AVES DE RAPINA &#8211; DUB (WARNER)<br \/>\nAventura \/ A\u00e7\u00e3o &#8211; Dublado &#8211; 16 Anos &#8211; Dura\u00e7\u00e3o: 108min.<br \/>\nArlequina (Margot Robbie), Can\u00e1rio Negro (Jurnee Smollett), Ca\u00e7adora (Mary Elizabeth Winstead), Cassandra Cain e a policial Ren\u00e9e Montoya (Rosie Perez) formam um grupo inusitado de hero\u00ednas. Quando um perigoso criminoso come\u00e7a a causar destrui\u00e7\u00e3o em Gotham, as cinco mulheres precisam se unir para defender a cidade.<br \/>\nQui., Sex., Seg., Ter., Qua.: 21h40<br \/>\nS\u00e1b., Dom., Feriado: 21h40<\/p>\n","protected":false},"excerpt":{"rendered":"<p>FRANCA 01 &#8211; O HOMEM INVIS\u00cdVEL &#8211; DUB (UNIVERSAL PICTURES) Fantasia &#8211; Dublado &#8211; 14 Anos &#8211; Dura\u00e7\u00e3o: 124min. Refilmagem do cl\u00e1ssico de 1933. Na trama,<span class=\"excerpt-hellip\"> [\u2026]<\/span><\/p>\n","protected":false},"author":10,"featured_media":4263,"comment_status":"open","ping_status":"open","sticky":false,"template":"","format":"standard","meta":{"_jetpack_memberships_contains_paid_content":false,"footnotes":"","jetpack_publicize_message":"","jetpack_publicize_feature_enabled":true,"jetpack_social_post_already_shared":false,"jetpack_social_options":{"image_generator_settings":{"template":"highway","default_image_id":0,"enabled":false},"version":2}},"categories":[28,44],"tags":[],"class_list":["post-4260","post","type-post","status-publish","format-standard","has-post-thumbnail","hentry","category-cotidiano","category-noticias"],"yoast_head":"<!-- This site is optimized with the Yoast SEO plugin v25.6 - https:\/\/yoast.com\/wordpress\/plugins\/seo\/ -->\n<title>Fique de olho nos filmes que entram em cartaz nesta quinta-feira na Moviecom Franca - VerdadeOn<\/title>\n<meta name=\"robots\" content=\"index, follow, max-snippet:-1, max-image-preview:large, max-video-preview:-1\" \/>\n<link rel=\"canonical\" href=\"https:\/\/verdadeon.com.br\/portal\/2020\/02\/26\/fique-de-olho-nos-filmes-que-entram-em-cartaz-nesta-quinta-feira-na-moviecom-franca\/\" \/>\n<meta property=\"og:locale\" content=\"pt_BR\" \/>\n<meta property=\"og:type\" content=\"article\" \/>\n<meta property=\"og:title\" content=\"Fique de olho nos filmes que entram em cartaz nesta quinta-feira na Moviecom Franca - VerdadeOn\" \/>\n<meta property=\"og:description\" content=\"FRANCA 01 &#8211; O HOMEM INVIS\u00cdVEL &#8211; DUB (UNIVERSAL PICTURES) Fantasia &#8211; Dublado &#8211; 14 Anos &#8211; Dura\u00e7\u00e3o: 124min. Refilmagem do cl\u00e1ssico de 1933. Na trama, [\u2026]\" \/>\n<meta property=\"og:url\" content=\"https:\/\/verdadeon.com.br\/portal\/2020\/02\/26\/fique-de-olho-nos-filmes-que-entram-em-cartaz-nesta-quinta-feira-na-moviecom-franca\/\" \/>\n<meta property=\"og:site_name\" content=\"VerdadeOn\" \/>\n<meta property=\"article:published_time\" content=\"2020-02-26T20:00:43+00:00\" \/>\n<meta name=\"author\" content=\"Redacao VerdadeOn\" \/>\n<meta name=\"twitter:card\" content=\"summary_large_image\" \/>\n<meta name=\"twitter:label1\" content=\"Escrito por\" \/>\n\t<meta name=\"twitter:data1\" content=\"Redacao VerdadeOn\" \/>\n\t<meta name=\"twitter:label2\" content=\"Est. tempo de leitura\" \/>\n\t<meta name=\"twitter:data2\" content=\"3 minutos\" \/>\n<script type=\"application\/ld+json\" class=\"yoast-schema-graph\">{\"@context\":\"https:\/\/schema.org\",\"@graph\":[{\"@type\":\"WebPage\",\"@id\":\"https:\/\/verdadeon.com.br\/portal\/2020\/02\/26\/fique-de-olho-nos-filmes-que-entram-em-cartaz-nesta-quinta-feira-na-moviecom-franca\/\",\"url\":\"https:\/\/verdadeon.com.br\/portal\/2020\/02\/26\/fique-de-olho-nos-filmes-que-entram-em-cartaz-nesta-quinta-feira-na-moviecom-franca\/\",\"name\":\"Fique de olho nos filmes que entram em cartaz nesta quinta-feira na Moviecom Franca - VerdadeOn\",\"isPartOf\":{\"@id\":\"https:\/\/verdadeon.com.br\/portal\/#website\"},\"primaryImageOfPage\":{\"@id\":\"https:\/\/verdadeon.com.br\/portal\/2020\/02\/26\/fique-de-olho-nos-filmes-que-entram-em-cartaz-nesta-quinta-feira-na-moviecom-franca\/#primaryimage\"},\"image\":{\"@id\":\"https:\/\/verdadeon.com.br\/portal\/2020\/02\/26\/fique-de-olho-nos-filmes-que-entram-em-cartaz-nesta-quinta-feira-na-moviecom-franca\/#primaryimage\"},\"thumbnailUrl\":\"https:\/\/i0.wp.com\/verdadeon.com.br\/portal\/wp-content\/uploads\/2020\/02\/homem-invisi%CC%81vel.jpg?fit=1200%2C676&ssl=1\",\"datePublished\":\"2020-02-26T20:00:43+00:00\",\"author\":{\"@id\":\"https:\/\/verdadeon.com.br\/portal\/#\/schema\/person\/a5060ad1e9ea3df545188fc93ce43d2f\"},\"breadcrumb\":{\"@id\":\"https:\/\/verdadeon.com.br\/portal\/2020\/02\/26\/fique-de-olho-nos-filmes-que-entram-em-cartaz-nesta-quinta-feira-na-moviecom-franca\/#breadcrumb\"},\"inLanguage\":\"pt-BR\",\"potentialAction\":[{\"@type\":\"ReadAction\",\"target\":[\"https:\/\/verdadeon.com.br\/portal\/2020\/02\/26\/fique-de-olho-nos-filmes-que-entram-em-cartaz-nesta-quinta-feira-na-moviecom-franca\/\"]}]},{\"@type\":\"ImageObject\",\"inLanguage\":\"pt-BR\",\"@id\":\"https:\/\/verdadeon.com.br\/portal\/2020\/02\/26\/fique-de-olho-nos-filmes-que-entram-em-cartaz-nesta-quinta-feira-na-moviecom-franca\/#primaryimage\",\"url\":\"https:\/\/i0.wp.com\/verdadeon.com.br\/portal\/wp-content\/uploads\/2020\/02\/homem-invisi%CC%81vel.jpg?fit=1200%2C676&ssl=1\",\"contentUrl\":\"https:\/\/i0.wp.com\/verdadeon.com.br\/portal\/wp-content\/uploads\/2020\/02\/homem-invisi%CC%81vel.jpg?fit=1200%2C676&ssl=1\",\"width\":1200,\"height\":676},{\"@type\":\"BreadcrumbList\",\"@id\":\"https:\/\/verdadeon.com.br\/portal\/2020\/02\/26\/fique-de-olho-nos-filmes-que-entram-em-cartaz-nesta-quinta-feira-na-moviecom-franca\/#breadcrumb\",\"itemListElement\":[{\"@type\":\"ListItem\",\"position\":1,\"name\":\"In\u00edcio\",\"item\":\"https:\/\/verdadeon.com.br\/portal\/\"},{\"@type\":\"ListItem\",\"position\":2,\"name\":\"Fique de olho nos filmes que entram em cartaz nesta quinta-feira na Moviecom Franca\"}]},{\"@type\":\"WebSite\",\"@id\":\"https:\/\/verdadeon.com.br\/portal\/#website\",\"url\":\"https:\/\/verdadeon.com.br\/portal\/\",\"name\":\"VerdadeOn\",\"description\":\"Not\u00edcias di\u00e1rias sobre Franca, Regi\u00e3o, Esporte, Cultura, Cotidiano, Colunas. Cobertura nos principais eventos da cidade \u00e9 aqui - Verdadeon Franca\",\"potentialAction\":[{\"@type\":\"SearchAction\",\"target\":{\"@type\":\"EntryPoint\",\"urlTemplate\":\"https:\/\/verdadeon.com.br\/portal\/?s={search_term_string}\"},\"query-input\":{\"@type\":\"PropertyValueSpecification\",\"valueRequired\":true,\"valueName\":\"search_term_string\"}}],\"inLanguage\":\"pt-BR\"},{\"@type\":\"Person\",\"@id\":\"https:\/\/verdadeon.com.br\/portal\/#\/schema\/person\/a5060ad1e9ea3df545188fc93ce43d2f\",\"name\":\"Redacao VerdadeOn\",\"image\":{\"@type\":\"ImageObject\",\"inLanguage\":\"pt-BR\",\"@id\":\"https:\/\/verdadeon.com.br\/portal\/#\/schema\/person\/image\/\",\"url\":\"https:\/\/secure.gravatar.com\/avatar\/459a9613caaaf07f582c3d0841eea68bdd66f533e465e6ba8b9cb45619572cf4?s=96&d=mm&r=g\",\"contentUrl\":\"https:\/\/secure.gravatar.com\/avatar\/459a9613caaaf07f582c3d0841eea68bdd66f533e465e6ba8b9cb45619572cf4?s=96&d=mm&r=g\",\"caption\":\"Redacao VerdadeOn\"},\"url\":\"https:\/\/verdadeon.com.br\/portal\/author\/redacao\/\"}]}<\/script>\n<!-- \/ Yoast SEO plugin. -->","yoast_head_json":{"title":"Fique de olho nos filmes que entram em cartaz nesta quinta-feira na Moviecom Franca - VerdadeOn","robots":{"index":"index","follow":"follow","max-snippet":"max-snippet:-1","max-image-preview":"max-image-preview:large","max-video-preview":"max-video-preview:-1"},"canonical":"https:\/\/verdadeon.com.br\/portal\/2020\/02\/26\/fique-de-olho-nos-filmes-que-entram-em-cartaz-nesta-quinta-feira-na-moviecom-franca\/","og_locale":"pt_BR","og_type":"article","og_title":"Fique de olho nos filmes que entram em cartaz nesta quinta-feira na Moviecom Franca - VerdadeOn","og_description":"FRANCA 01 &#8211; O HOMEM INVIS\u00cdVEL &#8211; DUB (UNIVERSAL PICTURES) Fantasia &#8211; Dublado &#8211; 14 Anos &#8211; Dura\u00e7\u00e3o: 124min. Refilmagem do cl\u00e1ssico de 1933. Na trama, [\u2026]","og_url":"https:\/\/verdadeon.com.br\/portal\/2020\/02\/26\/fique-de-olho-nos-filmes-que-entram-em-cartaz-nesta-quinta-feira-na-moviecom-franca\/","og_site_name":"VerdadeOn","article_published_time":"2020-02-26T20:00:43+00:00","author":"Redacao VerdadeOn","twitter_card":"summary_large_image","twitter_misc":{"Escrito por":"Redacao VerdadeOn","Est. tempo de leitura":"3 minutos"},"schema":{"@context":"https:\/\/schema.org","@graph":[{"@type":"WebPage","@id":"https:\/\/verdadeon.com.br\/portal\/2020\/02\/26\/fique-de-olho-nos-filmes-que-entram-em-cartaz-nesta-quinta-feira-na-moviecom-franca\/","url":"https:\/\/verdadeon.com.br\/portal\/2020\/02\/26\/fique-de-olho-nos-filmes-que-entram-em-cartaz-nesta-quinta-feira-na-moviecom-franca\/","name":"Fique de olho nos filmes que entram em cartaz nesta quinta-feira na Moviecom Franca - VerdadeOn","isPartOf":{"@id":"https:\/\/verdadeon.com.br\/portal\/#website"},"primaryImageOfPage":{"@id":"https:\/\/verdadeon.com.br\/portal\/2020\/02\/26\/fique-de-olho-nos-filmes-que-entram-em-cartaz-nesta-quinta-feira-na-moviecom-franca\/#primaryimage"},"image":{"@id":"https:\/\/verdadeon.com.br\/portal\/2020\/02\/26\/fique-de-olho-nos-filmes-que-entram-em-cartaz-nesta-quinta-feira-na-moviecom-franca\/#primaryimage"},"thumbnailUrl":"https:\/\/i0.wp.com\/verdadeon.com.br\/portal\/wp-content\/uploads\/2020\/02\/homem-invisi%CC%81vel.jpg?fit=1200%2C676&ssl=1","datePublished":"2020-02-26T20:00:43+00:00","author":{"@id":"https:\/\/verdadeon.com.br\/portal\/#\/schema\/person\/a5060ad1e9ea3df545188fc93ce43d2f"},"breadcrumb":{"@id":"https:\/\/verdadeon.com.br\/portal\/2020\/02\/26\/fique-de-olho-nos-filmes-que-entram-em-cartaz-nesta-quinta-feira-na-moviecom-franca\/#breadcrumb"},"inLanguage":"pt-BR","potentialAction":[{"@type":"ReadAction","target":["https:\/\/verdadeon.com.br\/portal\/2020\/02\/26\/fique-de-olho-nos-filmes-que-entram-em-cartaz-nesta-quinta-feira-na-moviecom-franca\/"]}]},{"@type":"ImageObject","inLanguage":"pt-BR","@id":"https:\/\/verdadeon.com.br\/portal\/2020\/02\/26\/fique-de-olho-nos-filmes-que-entram-em-cartaz-nesta-quinta-feira-na-moviecom-franca\/#primaryimage","url":"https:\/\/i0.wp.com\/verdadeon.com.br\/portal\/wp-content\/uploads\/2020\/02\/homem-invisi%CC%81vel.jpg?fit=1200%2C676&ssl=1","contentUrl":"https:\/\/i0.wp.com\/verdadeon.com.br\/portal\/wp-content\/uploads\/2020\/02\/homem-invisi%CC%81vel.jpg?fit=1200%2C676&ssl=1","width":1200,"height":676},{"@type":"BreadcrumbList","@id":"https:\/\/verdadeon.com.br\/portal\/2020\/02\/26\/fique-de-olho-nos-filmes-que-entram-em-cartaz-nesta-quinta-feira-na-moviecom-franca\/#breadcrumb","itemListElement":[{"@type":"ListItem","position":1,"name":"In\u00edcio","item":"https:\/\/verdadeon.com.br\/portal\/"},{"@type":"ListItem","position":2,"name":"Fique de olho nos filmes que entram em cartaz nesta quinta-feira na Moviecom Franca"}]},{"@type":"WebSite","@id":"https:\/\/verdadeon.com.br\/portal\/#website","url":"https:\/\/verdadeon.com.br\/portal\/","name":"VerdadeOn","description":"Not\u00edcias di\u00e1rias sobre Franca, Regi\u00e3o, Esporte, Cultura, Cotidiano, Colunas. Cobertura nos principais eventos da cidade \u00e9 aqui - Verdadeon Franca","potentialAction":[{"@type":"SearchAction","target":{"@type":"EntryPoint","urlTemplate":"https:\/\/verdadeon.com.br\/portal\/?s={search_term_string}"},"query-input":{"@type":"PropertyValueSpecification","valueRequired":true,"valueName":"search_term_string"}}],"inLanguage":"pt-BR"},{"@type":"Person","@id":"https:\/\/verdadeon.com.br\/portal\/#\/schema\/person\/a5060ad1e9ea3df545188fc93ce43d2f","name":"Redacao VerdadeOn","image":{"@type":"ImageObject","inLanguage":"pt-BR","@id":"https:\/\/verdadeon.com.br\/portal\/#\/schema\/person\/image\/","url":"https:\/\/secure.gravatar.com\/avatar\/459a9613caaaf07f582c3d0841eea68bdd66f533e465e6ba8b9cb45619572cf4?s=96&d=mm&r=g","contentUrl":"https:\/\/secure.gravatar.com\/avatar\/459a9613caaaf07f582c3d0841eea68bdd66f533e465e6ba8b9cb45619572cf4?s=96&d=mm&r=g","caption":"Redacao VerdadeOn"},"url":"https:\/\/verdadeon.com.br\/portal\/author\/redacao\/"}]}},"jetpack_publicize_connections":[],"jetpack_featured_media_url":"https:\/\/i0.wp.com\/verdadeon.com.br\/portal\/wp-content\/uploads\/2020\/02\/homem-invisi%CC%81vel.jpg?fit=1200%2C676&ssl=1","jetpack_sharing_enabled":true,"_links":{"self":[{"href":"https:\/\/verdadeon.com.br\/portal\/wp-json\/wp\/v2\/posts\/4260","targetHints":{"allow":["GET"]}}],"collection":[{"href":"https:\/\/verdadeon.com.br\/portal\/wp-json\/wp\/v2\/posts"}],"about":[{"href":"https:\/\/verdadeon.com.br\/portal\/wp-json\/wp\/v2\/types\/post"}],"author":[{"embeddable":true,"href":"https:\/\/verdadeon.com.br\/portal\/wp-json\/wp\/v2\/users\/10"}],"replies":[{"embeddable":true,"href":"https:\/\/verdadeon.com.br\/portal\/wp-json\/wp\/v2\/comments?post=4260"}],"version-history":[{"count":0,"href":"https:\/\/verdadeon.com.br\/portal\/wp-json\/wp\/v2\/posts\/4260\/revisions"}],"wp:featuredmedia":[{"embeddable":true,"href":"https:\/\/verdadeon.com.br\/portal\/wp-json\/wp\/v2\/media\/4263"}],"wp:attachment":[{"href":"https:\/\/verdadeon.com.br\/portal\/wp-json\/wp\/v2\/media?parent=4260"}],"wp:term":[{"taxonomy":"category","embeddable":true,"href":"https:\/\/verdadeon.com.br\/portal\/wp-json\/wp\/v2\/categories?post=4260"},{"taxonomy":"post_tag","embeddable":true,"href":"https:\/\/verdadeon.com.br\/portal\/wp-json\/wp\/v2\/tags?post=4260"}],"curies":[{"name":"wp","href":"https:\/\/api.w.org\/{rel}","templated":true}]}}