{"id":42579,"date":"2024-03-23T11:46:45","date_gmt":"2024-03-23T14:46:45","guid":{"rendered":"https:\/\/verdadeon.com.br\/portal\/?p=42579"},"modified":"2024-03-23T11:46:45","modified_gmt":"2024-03-23T14:46:45","slug":"campanha-de-vacinacao-contra-a-influenza-comeca-nesta-segunda-feira-25","status":"publish","type":"post","link":"https:\/\/verdadeon.com.br\/portal\/2024\/03\/23\/campanha-de-vacinacao-contra-a-influenza-comeca-nesta-segunda-feira-25\/","title":{"rendered":"Campanha de Vacina\u00e7\u00e3o contra a Influenza come\u00e7a nesta segunda-feira (25)"},"content":{"rendered":"<h2>A\u00e7\u00e3o faz parte da campanha contra a gripe em todo o Estado de S\u00e3o Paulo<\/h2>\n<p>A Secretaria de Sa\u00fade inicia na pr\u00f3xima segunda-feira, 25, a Campanha de Vacina\u00e7\u00e3o contra a Influenza. A a\u00e7\u00e3o acontecer\u00e1 at\u00e9 31 de maio.<\/p>\n<p>Nesta primeira etapa da campanha, ser\u00e3o atendidas as crian\u00e7as de 6 meses a 5 anos, 11 meses e 29 dias; gestantes; pu\u00e9rperas at\u00e9 45 dias, ap\u00f3s o parto (que dever\u00e3o apresentar certid\u00e3o de nascimento da crian\u00e7a, cart\u00e3o de gestante e documento do hospital); povos ind\u00edgenas; trabalhadores da sa\u00fade; idosos com 60 anos e mais; professores das escolas p\u00fablicas e privadas (dever\u00e3o levar comprova\u00e7\u00e3o da vincula\u00e7\u00e3o ativa); pessoas com doen\u00e7as cr\u00f4nicas n\u00e3o transmiss\u00edveis e outras condi\u00e7\u00f5es cl\u00ednicas especiais, sendo doen\u00e7a respirat\u00f3ria cr\u00f4nica, card\u00edaca cr\u00f4nica, doen\u00e7a renal cr\u00f4nica, hep\u00e1tica cr\u00f4nica, neurol\u00f3gica cr\u00f4nica, diabetes, imunossupress\u00e3o, obesos, transplantados e portadores de trissomias; pessoas com defici\u00eancia permanente; profissionais das for\u00e7as de seguran\u00e7a e salvamento e das for\u00e7as armadas; caminhoneiros; trabalhadores de transporte coletivo rodovi\u00e1rio de passageiros urbano e de longo curso; trabalhadores portu\u00e1rios; funcion\u00e1rios do sistema prisional; pessoas em situa\u00e7\u00e3o de rua; adolescentes e jovens menores de 18 anos sob medidas socioeducativas e popula\u00e7\u00e3o privada de liberdade.<\/p>\n<p>A vacina contra a Influenza estar\u00e1 dispon\u00edvel nas seguintes UBSs: Aeroporto 1, Progresso, \u00c2ngela Rosa, Santa Clara, Guanabara, Esta\u00e7\u00e3o, Horto, Leporace, Paulistano, Aeroporto 3, Santa Terezinha, Paulista, Planalto, Brasil\u00e2ndia e S\u00e3o Sebasti\u00e3o, de segunda a sexta-feira, das 8 \u00e0s 19 horas.<\/p>\n<p>Os ESFs (Estrat\u00e9gias Sa\u00fade da Fam\u00edlia) do Esmeralda, Paineiras, Luiza e Palma far\u00e3o a imuniza\u00e7\u00e3o das 10 \u00e0s 12 horas e das 13 \u00e0s 16 horas. Para receber a vacina, os p\u00fablicos-alvos dever\u00e3o comparecer \u00e0s unidades de sa\u00fade, munidos de um documento de identidade com foto, a carteira de vacina\u00e7\u00e3o e o cart\u00e3o para comprova\u00e7\u00e3o das doses recebidas de covid-19.<\/p>\n<p>A Secretaria de Sa\u00fade orienta que as pessoas que tomaram os imunizantes contra a covid ou contra\u00edram a doen\u00e7a dever\u00e3o aguardar o prazo de 30 dias para receberem a vacina contra a Influenza.<\/p>\n<p><strong>No estado<\/strong><\/p>\n<p>A a\u00e7\u00e3o acontece nos 645 munic\u00edpios paulistas at\u00e9 o dia 5 de maio e visa ampliar a cobertura vacinal contra a gripe para 18,1 milh\u00f5es de pessoas de grupos priorit\u00e1rios como crian\u00e7as de at\u00e9 seis anos, gestantes, professores do ensino b\u00e1sico e idosos.<\/p>\n<p>Com a chegada do outono, h\u00e1 maior preval\u00eancia das doen\u00e7as respirat\u00f3rias como rinite, sinusite, gripes e resfriados. A diretora do Centro de Vigil\u00e2ncia Epidemiol\u00f3gica (CVE) da\u00a0<a href=\"https:\/\/www.saude.sp.gov.br\/\" target=\"_blank\" rel=\"noopener noreferrer\">Secretaria de Estado da Sa\u00fade<\/a>, Tatiana Lang D\u2019Agostini, explica que a mudan\u00e7a de esta\u00e7\u00e3o propicia o aumento de casos e a vacina\u00e7\u00e3o pode prevenir esse cen\u00e1rio.<\/p>\n<p>\u201cEsse per\u00edodo acentua as doen\u00e7as respirat\u00f3rias agudas, por isso, para evitar a prolifera\u00e7\u00e3o do v\u00edrus, \u00e9 fundamental adotar as medidas de preven\u00e7\u00e3o e se imunizar\u201d, afirmou a especialista, que tamb\u00e9m destaca a necessidade de amplia\u00e7\u00e3o da imuniza\u00e7\u00e3o.<\/p>\n<p>\u201cEm 2023, tivemos uma cobertura de 53% em todo estado. A meta para essa campanha, \u00e9 que ela supere os n\u00fameros do ano anterior, fazendo com que o m\u00e1ximo de pessoas estejam imunizadas\u201d, acrescentou.<\/p>\n<p>O CVE recebeu do Minist\u00e9rio da Sa\u00fade mais de 1,7 milh\u00f5es de doses da vacina contra o v\u00edrus influenza. A distribui\u00e7\u00e3o para os Grupos de Vigil\u00e2ncia Epidemiol\u00f3gica (GVE) foi feita nos dias 19 e 20 de mar\u00e7o.<\/p>\n<p>**Com informa\u00e7\u00f5es do portal SP Not\u00edcias<\/p>\n","protected":false},"excerpt":{"rendered":"<p>A\u00e7\u00e3o faz parte da campanha contra a gripe em todo o Estado de S\u00e3o Paulo A Secretaria de Sa\u00fade inicia na pr\u00f3xima segunda-feira, 25, a Campanha<span class=\"excerpt-hellip\"> [\u2026]<\/span><\/p>\n","protected":false},"author":10,"featured_media":42580,"comment_status":"open","ping_status":"open","sticky":false,"template":"","format":"standard","meta":{"_jetpack_memberships_contains_paid_content":false,"footnotes":"","jetpack_publicize_message":"","jetpack_publicize_feature_enabled":true,"jetpack_social_post_already_shared":false,"jetpack_social_options":{"image_generator_settings":{"template":"highway","default_image_id":0,"enabled":false},"version":2}},"categories":[28,81],"tags":[],"class_list":["post-42579","post","type-post","status-publish","format-standard","has-post-thumbnail","hentry","category-cotidiano","category-manchete"],"yoast_head":"<!-- This site is optimized with the Yoast SEO plugin v25.6 - https:\/\/yoast.com\/wordpress\/plugins\/seo\/ -->\n<title>Campanha de Vacina\u00e7\u00e3o contra a Influenza come\u00e7a nesta segunda-feira (25) - VerdadeOn<\/title>\n<meta name=\"robots\" content=\"index, follow, max-snippet:-1, max-image-preview:large, max-video-preview:-1\" \/>\n<link rel=\"canonical\" href=\"https:\/\/verdadeon.com.br\/portal\/2024\/03\/23\/campanha-de-vacinacao-contra-a-influenza-comeca-nesta-segunda-feira-25\/\" \/>\n<meta property=\"og:locale\" content=\"pt_BR\" \/>\n<meta property=\"og:type\" content=\"article\" \/>\n<meta property=\"og:title\" content=\"Campanha de Vacina\u00e7\u00e3o contra a Influenza come\u00e7a nesta segunda-feira (25) - VerdadeOn\" \/>\n<meta property=\"og:description\" content=\"A\u00e7\u00e3o faz parte da campanha contra a gripe em todo o Estado de S\u00e3o Paulo A Secretaria de Sa\u00fade inicia na pr\u00f3xima segunda-feira, 25, a Campanha [\u2026]\" \/>\n<meta property=\"og:url\" content=\"https:\/\/verdadeon.com.br\/portal\/2024\/03\/23\/campanha-de-vacinacao-contra-a-influenza-comeca-nesta-segunda-feira-25\/\" \/>\n<meta property=\"og:site_name\" content=\"VerdadeOn\" \/>\n<meta property=\"article:published_time\" content=\"2024-03-23T14:46:45+00:00\" \/>\n<meta property=\"og:image\" content=\"https:\/\/verdadeon.com.br\/portal\/wp-content\/uploads\/2024\/03\/DSC_5528-scaled.jpg\" \/>\n\t<meta property=\"og:image:width\" content=\"2560\" \/>\n\t<meta property=\"og:image:height\" content=\"1715\" \/>\n\t<meta property=\"og:image:type\" content=\"image\/jpeg\" \/>\n<meta name=\"author\" content=\"Redacao VerdadeOn\" \/>\n<meta name=\"twitter:card\" content=\"summary_large_image\" \/>\n<meta name=\"twitter:label1\" content=\"Escrito por\" \/>\n\t<meta name=\"twitter:data1\" content=\"Redacao VerdadeOn\" \/>\n\t<meta name=\"twitter:label2\" content=\"Est. tempo de leitura\" \/>\n\t<meta name=\"twitter:data2\" content=\"3 minutos\" \/>\n<script type=\"application\/ld+json\" class=\"yoast-schema-graph\">{\"@context\":\"https:\/\/schema.org\",\"@graph\":[{\"@type\":\"WebPage\",\"@id\":\"https:\/\/verdadeon.com.br\/portal\/2024\/03\/23\/campanha-de-vacinacao-contra-a-influenza-comeca-nesta-segunda-feira-25\/\",\"url\":\"https:\/\/verdadeon.com.br\/portal\/2024\/03\/23\/campanha-de-vacinacao-contra-a-influenza-comeca-nesta-segunda-feira-25\/\",\"name\":\"Campanha de Vacina\u00e7\u00e3o contra a Influenza come\u00e7a nesta segunda-feira (25) - VerdadeOn\",\"isPartOf\":{\"@id\":\"https:\/\/verdadeon.com.br\/portal\/#website\"},\"primaryImageOfPage\":{\"@id\":\"https:\/\/verdadeon.com.br\/portal\/2024\/03\/23\/campanha-de-vacinacao-contra-a-influenza-comeca-nesta-segunda-feira-25\/#primaryimage\"},\"image\":{\"@id\":\"https:\/\/verdadeon.com.br\/portal\/2024\/03\/23\/campanha-de-vacinacao-contra-a-influenza-comeca-nesta-segunda-feira-25\/#primaryimage\"},\"thumbnailUrl\":\"https:\/\/i0.wp.com\/verdadeon.com.br\/portal\/wp-content\/uploads\/2024\/03\/DSC_5528-scaled.jpg?fit=2560%2C1715&ssl=1\",\"datePublished\":\"2024-03-23T14:46:45+00:00\",\"author\":{\"@id\":\"https:\/\/verdadeon.com.br\/portal\/#\/schema\/person\/a5060ad1e9ea3df545188fc93ce43d2f\"},\"breadcrumb\":{\"@id\":\"https:\/\/verdadeon.com.br\/portal\/2024\/03\/23\/campanha-de-vacinacao-contra-a-influenza-comeca-nesta-segunda-feira-25\/#breadcrumb\"},\"inLanguage\":\"pt-BR\",\"potentialAction\":[{\"@type\":\"ReadAction\",\"target\":[\"https:\/\/verdadeon.com.br\/portal\/2024\/03\/23\/campanha-de-vacinacao-contra-a-influenza-comeca-nesta-segunda-feira-25\/\"]}]},{\"@type\":\"ImageObject\",\"inLanguage\":\"pt-BR\",\"@id\":\"https:\/\/verdadeon.com.br\/portal\/2024\/03\/23\/campanha-de-vacinacao-contra-a-influenza-comeca-nesta-segunda-feira-25\/#primaryimage\",\"url\":\"https:\/\/i0.wp.com\/verdadeon.com.br\/portal\/wp-content\/uploads\/2024\/03\/DSC_5528-scaled.jpg?fit=2560%2C1715&ssl=1\",\"contentUrl\":\"https:\/\/i0.wp.com\/verdadeon.com.br\/portal\/wp-content\/uploads\/2024\/03\/DSC_5528-scaled.jpg?fit=2560%2C1715&ssl=1\",\"width\":2560,\"height\":1715,\"caption\":\"ESFs (Estrat\u00e9gias Sa\u00fade da Fam\u00edlia) do Esmeralda, Paineiras, Luiza e Palma far\u00e3o a imuniza\u00e7\u00e3o das 10 \u00e0s 12 horas e das 13 \u00e0s 16 horas (\u00a9Divulga\u00e7\u00e3o)\"},{\"@type\":\"BreadcrumbList\",\"@id\":\"https:\/\/verdadeon.com.br\/portal\/2024\/03\/23\/campanha-de-vacinacao-contra-a-influenza-comeca-nesta-segunda-feira-25\/#breadcrumb\",\"itemListElement\":[{\"@type\":\"ListItem\",\"position\":1,\"name\":\"In\u00edcio\",\"item\":\"https:\/\/verdadeon.com.br\/portal\/\"},{\"@type\":\"ListItem\",\"position\":2,\"name\":\"Campanha de Vacina\u00e7\u00e3o contra a Influenza come\u00e7a nesta segunda-feira (25)\"}]},{\"@type\":\"WebSite\",\"@id\":\"https:\/\/verdadeon.com.br\/portal\/#website\",\"url\":\"https:\/\/verdadeon.com.br\/portal\/\",\"name\":\"VerdadeOn\",\"description\":\"Not\u00edcias di\u00e1rias sobre Franca, Regi\u00e3o, Esporte, Cultura, Cotidiano, Colunas. Cobertura nos principais eventos da cidade \u00e9 aqui - Verdadeon Franca\",\"potentialAction\":[{\"@type\":\"SearchAction\",\"target\":{\"@type\":\"EntryPoint\",\"urlTemplate\":\"https:\/\/verdadeon.com.br\/portal\/?s={search_term_string}\"},\"query-input\":{\"@type\":\"PropertyValueSpecification\",\"valueRequired\":true,\"valueName\":\"search_term_string\"}}],\"inLanguage\":\"pt-BR\"},{\"@type\":\"Person\",\"@id\":\"https:\/\/verdadeon.com.br\/portal\/#\/schema\/person\/a5060ad1e9ea3df545188fc93ce43d2f\",\"name\":\"Redacao VerdadeOn\",\"image\":{\"@type\":\"ImageObject\",\"inLanguage\":\"pt-BR\",\"@id\":\"https:\/\/verdadeon.com.br\/portal\/#\/schema\/person\/image\/\",\"url\":\"https:\/\/secure.gravatar.com\/avatar\/459a9613caaaf07f582c3d0841eea68bdd66f533e465e6ba8b9cb45619572cf4?s=96&d=mm&r=g\",\"contentUrl\":\"https:\/\/secure.gravatar.com\/avatar\/459a9613caaaf07f582c3d0841eea68bdd66f533e465e6ba8b9cb45619572cf4?s=96&d=mm&r=g\",\"caption\":\"Redacao VerdadeOn\"},\"url\":\"https:\/\/verdadeon.com.br\/portal\/author\/redacao\/\"}]}<\/script>\n<!-- \/ Yoast SEO plugin. -->","yoast_head_json":{"title":"Campanha de Vacina\u00e7\u00e3o contra a Influenza come\u00e7a nesta segunda-feira (25) - VerdadeOn","robots":{"index":"index","follow":"follow","max-snippet":"max-snippet:-1","max-image-preview":"max-image-preview:large","max-video-preview":"max-video-preview:-1"},"canonical":"https:\/\/verdadeon.com.br\/portal\/2024\/03\/23\/campanha-de-vacinacao-contra-a-influenza-comeca-nesta-segunda-feira-25\/","og_locale":"pt_BR","og_type":"article","og_title":"Campanha de Vacina\u00e7\u00e3o contra a Influenza come\u00e7a nesta segunda-feira (25) - VerdadeOn","og_description":"A\u00e7\u00e3o faz parte da campanha contra a gripe em todo o Estado de S\u00e3o Paulo A Secretaria de Sa\u00fade inicia na pr\u00f3xima segunda-feira, 25, a Campanha [\u2026]","og_url":"https:\/\/verdadeon.com.br\/portal\/2024\/03\/23\/campanha-de-vacinacao-contra-a-influenza-comeca-nesta-segunda-feira-25\/","og_site_name":"VerdadeOn","article_published_time":"2024-03-23T14:46:45+00:00","og_image":[{"width":2560,"height":1715,"url":"https:\/\/verdadeon.com.br\/portal\/wp-content\/uploads\/2024\/03\/DSC_5528-scaled.jpg","type":"image\/jpeg"}],"author":"Redacao VerdadeOn","twitter_card":"summary_large_image","twitter_misc":{"Escrito por":"Redacao VerdadeOn","Est. tempo de leitura":"3 minutos"},"schema":{"@context":"https:\/\/schema.org","@graph":[{"@type":"WebPage","@id":"https:\/\/verdadeon.com.br\/portal\/2024\/03\/23\/campanha-de-vacinacao-contra-a-influenza-comeca-nesta-segunda-feira-25\/","url":"https:\/\/verdadeon.com.br\/portal\/2024\/03\/23\/campanha-de-vacinacao-contra-a-influenza-comeca-nesta-segunda-feira-25\/","name":"Campanha de Vacina\u00e7\u00e3o contra a Influenza come\u00e7a nesta segunda-feira (25) - VerdadeOn","isPartOf":{"@id":"https:\/\/verdadeon.com.br\/portal\/#website"},"primaryImageOfPage":{"@id":"https:\/\/verdadeon.com.br\/portal\/2024\/03\/23\/campanha-de-vacinacao-contra-a-influenza-comeca-nesta-segunda-feira-25\/#primaryimage"},"image":{"@id":"https:\/\/verdadeon.com.br\/portal\/2024\/03\/23\/campanha-de-vacinacao-contra-a-influenza-comeca-nesta-segunda-feira-25\/#primaryimage"},"thumbnailUrl":"https:\/\/i0.wp.com\/verdadeon.com.br\/portal\/wp-content\/uploads\/2024\/03\/DSC_5528-scaled.jpg?fit=2560%2C1715&ssl=1","datePublished":"2024-03-23T14:46:45+00:00","author":{"@id":"https:\/\/verdadeon.com.br\/portal\/#\/schema\/person\/a5060ad1e9ea3df545188fc93ce43d2f"},"breadcrumb":{"@id":"https:\/\/verdadeon.com.br\/portal\/2024\/03\/23\/campanha-de-vacinacao-contra-a-influenza-comeca-nesta-segunda-feira-25\/#breadcrumb"},"inLanguage":"pt-BR","potentialAction":[{"@type":"ReadAction","target":["https:\/\/verdadeon.com.br\/portal\/2024\/03\/23\/campanha-de-vacinacao-contra-a-influenza-comeca-nesta-segunda-feira-25\/"]}]},{"@type":"ImageObject","inLanguage":"pt-BR","@id":"https:\/\/verdadeon.com.br\/portal\/2024\/03\/23\/campanha-de-vacinacao-contra-a-influenza-comeca-nesta-segunda-feira-25\/#primaryimage","url":"https:\/\/i0.wp.com\/verdadeon.com.br\/portal\/wp-content\/uploads\/2024\/03\/DSC_5528-scaled.jpg?fit=2560%2C1715&ssl=1","contentUrl":"https:\/\/i0.wp.com\/verdadeon.com.br\/portal\/wp-content\/uploads\/2024\/03\/DSC_5528-scaled.jpg?fit=2560%2C1715&ssl=1","width":2560,"height":1715,"caption":"ESFs (Estrat\u00e9gias Sa\u00fade da Fam\u00edlia) do Esmeralda, Paineiras, Luiza e Palma far\u00e3o a imuniza\u00e7\u00e3o das 10 \u00e0s 12 horas e das 13 \u00e0s 16 horas (\u00a9Divulga\u00e7\u00e3o)"},{"@type":"BreadcrumbList","@id":"https:\/\/verdadeon.com.br\/portal\/2024\/03\/23\/campanha-de-vacinacao-contra-a-influenza-comeca-nesta-segunda-feira-25\/#breadcrumb","itemListElement":[{"@type":"ListItem","position":1,"name":"In\u00edcio","item":"https:\/\/verdadeon.com.br\/portal\/"},{"@type":"ListItem","position":2,"name":"Campanha de Vacina\u00e7\u00e3o contra a Influenza come\u00e7a nesta segunda-feira (25)"}]},{"@type":"WebSite","@id":"https:\/\/verdadeon.com.br\/portal\/#website","url":"https:\/\/verdadeon.com.br\/portal\/","name":"VerdadeOn","description":"Not\u00edcias di\u00e1rias sobre Franca, Regi\u00e3o, Esporte, Cultura, Cotidiano, Colunas. Cobertura nos principais eventos da cidade \u00e9 aqui - Verdadeon Franca","potentialAction":[{"@type":"SearchAction","target":{"@type":"EntryPoint","urlTemplate":"https:\/\/verdadeon.com.br\/portal\/?s={search_term_string}"},"query-input":{"@type":"PropertyValueSpecification","valueRequired":true,"valueName":"search_term_string"}}],"inLanguage":"pt-BR"},{"@type":"Person","@id":"https:\/\/verdadeon.com.br\/portal\/#\/schema\/person\/a5060ad1e9ea3df545188fc93ce43d2f","name":"Redacao VerdadeOn","image":{"@type":"ImageObject","inLanguage":"pt-BR","@id":"https:\/\/verdadeon.com.br\/portal\/#\/schema\/person\/image\/","url":"https:\/\/secure.gravatar.com\/avatar\/459a9613caaaf07f582c3d0841eea68bdd66f533e465e6ba8b9cb45619572cf4?s=96&d=mm&r=g","contentUrl":"https:\/\/secure.gravatar.com\/avatar\/459a9613caaaf07f582c3d0841eea68bdd66f533e465e6ba8b9cb45619572cf4?s=96&d=mm&r=g","caption":"Redacao VerdadeOn"},"url":"https:\/\/verdadeon.com.br\/portal\/author\/redacao\/"}]}},"jetpack_publicize_connections":[],"jetpack_featured_media_url":"https:\/\/i0.wp.com\/verdadeon.com.br\/portal\/wp-content\/uploads\/2024\/03\/DSC_5528-scaled.jpg?fit=2560%2C1715&ssl=1","jetpack_sharing_enabled":true,"_links":{"self":[{"href":"https:\/\/verdadeon.com.br\/portal\/wp-json\/wp\/v2\/posts\/42579","targetHints":{"allow":["GET"]}}],"collection":[{"href":"https:\/\/verdadeon.com.br\/portal\/wp-json\/wp\/v2\/posts"}],"about":[{"href":"https:\/\/verdadeon.com.br\/portal\/wp-json\/wp\/v2\/types\/post"}],"author":[{"embeddable":true,"href":"https:\/\/verdadeon.com.br\/portal\/wp-json\/wp\/v2\/users\/10"}],"replies":[{"embeddable":true,"href":"https:\/\/verdadeon.com.br\/portal\/wp-json\/wp\/v2\/comments?post=42579"}],"version-history":[{"count":1,"href":"https:\/\/verdadeon.com.br\/portal\/wp-json\/wp\/v2\/posts\/42579\/revisions"}],"predecessor-version":[{"id":42581,"href":"https:\/\/verdadeon.com.br\/portal\/wp-json\/wp\/v2\/posts\/42579\/revisions\/42581"}],"wp:featuredmedia":[{"embeddable":true,"href":"https:\/\/verdadeon.com.br\/portal\/wp-json\/wp\/v2\/media\/42580"}],"wp:attachment":[{"href":"https:\/\/verdadeon.com.br\/portal\/wp-json\/wp\/v2\/media?parent=42579"}],"wp:term":[{"taxonomy":"category","embeddable":true,"href":"https:\/\/verdadeon.com.br\/portal\/wp-json\/wp\/v2\/categories?post=42579"},{"taxonomy":"post_tag","embeddable":true,"href":"https:\/\/verdadeon.com.br\/portal\/wp-json\/wp\/v2\/tags?post=42579"}],"curies":[{"name":"wp","href":"https:\/\/api.w.org\/{rel}","templated":true}]}}