{"id":4257,"date":"2020-02-26T08:00:30","date_gmt":"2020-02-26T11:00:30","guid":{"rendered":"http:\/\/verdadeon.com.br\/portal\/?p=4257"},"modified":"2020-02-26T11:58:17","modified_gmt":"2020-02-26T14:58:17","slug":"como-retomar-os-treinos-de-corrida-apos-quatro-dias-de-folia-no-carnaval","status":"publish","type":"post","link":"https:\/\/verdadeon.com.br\/portal\/2020\/02\/26\/como-retomar-os-treinos-de-corrida-apos-quatro-dias-de-folia-no-carnaval\/","title":{"rendered":"Como retomar os treinos de corrida ap\u00f3s quatro dias de folia no Carnaval"},"content":{"rendered":"<p>Voltar \u00e0 rotina depois de quatro dias pulando e\/ou sambando, dos bloquinhos \u00e0 avenida, pode n\u00e3o ser um bicho de sete cabe\u00e7as. Como vai ser esse retorno para o dia a dia vai depender da forma que o foli\u00e3o aproveitou os dias de uma das festas mais populares do pa\u00eds.<br \/>\n&#8220;O Carnaval n\u00e3o \u00e9 um per\u00edodo t\u00e3o longo, quase n\u00e3o h\u00e1 perda de performance por ficar quatro ou cinco dias parados&#8221;, explica Renata Castro, especialista em cl\u00ednica m\u00e9dica, medicina esportiva e com p\u00f3s-doutorado em cardiologia pela Universidade Harvard.<br \/>\n&#8220;Mas existe o estresse, dependendo de como passou esses dias, dormiu pouco, se alimentou mal, ingeriu bebida alco\u00f3lica. Isso estressa mais o organismo&#8221;, complementa.<br \/>\nPara voltar aos treinos de corrida, a m\u00e9dica destaca que \u00e9 preciso primeiro ter feito o dever de casa durante a folia. &#8220;No per\u00edodo quente como o Carnaval, a hidrata\u00e7\u00e3o \u00e9 essencial. Quem bebe, precisa mais ainda, mas de qualquer forma \u00e9 preciso ter se hidratado bem&#8221;, diz Renata.<br \/>\n&#8220;A quest\u00e3o solar tamb\u00e9m \u00e9 muito importante, ainda mais com a for\u00e7a dos blocos de rua. As pessoas v\u00e3o pro bloco de manha cedo, n\u00e3o aplicam ou esquecem de reaplicar e ficam com les\u00f5es que atrapalham o treino porque precisa colocar a roupa em cima da pele inflamada machucada.&#8221;<br \/>\nSe ao pular o Carnaval essas precau\u00e7\u00f5es foram tomadas, o corredor precisar\u00e1 de um curto per\u00edodo de recupera\u00e7\u00e3o.<br \/>\n&#8220;O treino regenerativo \u00e9 de um, dois dias, e j\u00e1 d\u00e1 para voltar para planilha normal. Noite sem dormir, muito estresse f\u00edsico, bloco, bebida alco\u00f3lica, isso tudo demanda paro corpo regenerar. Quanto mais saud\u00e1vel for o Carnaval menor \u00e9 essa necessidade de recupera\u00e7\u00e3o&#8221;, diz a m\u00e9dica.<br \/>\nEsse tipo de treino fica na intensidade moderada, o que pode ser medido tanto por medidores card\u00edacos usados por corredores como pela sensa\u00e7\u00e3o de esfor\u00e7o.<br \/>\nPara quem usa o frequenc\u00edmetro, h\u00e1 zonas diferentes estipuladas automaticamente com par\u00e2metros de idade, sexo, peso e altura. S\u00e3o cinco zonas no total e, quanto menor a frequ\u00eancia, menor a zona. O treino regenerativo \u00e9 aquele que fica na zona dois.<br \/>\nJ\u00e1 a sensa\u00e7\u00e3o de esfor\u00e7o \u00e9 subjetiva e vai de 0 a 10. Nesse caso, a recupera\u00e7\u00e3o fica na intensidade cinco, no m\u00e1ximo seis. Renata destaca que a dura\u00e7\u00e3o do treino pode at\u00e9 ser mais longa, mas precisa ser de baixa intensidade. &#8220;\u00c9 mais para dar uma soltada, ir voltando, n\u00e3o \u00e9 ganho de performance, tiros, treinos de alta intensidade, em que se fica muito ofegante.&#8221;<br \/>\nH\u00e1 ainda quem talvez tenha conseguido manter os treinos. Afinal, a folia tamb\u00e9m pode estar em percorrer alguns quil\u00f4metros no asfalto.<\/p>\n","protected":false},"excerpt":{"rendered":"<p>Voltar \u00e0 rotina depois de quatro dias pulando e\/ou sambando, dos bloquinhos \u00e0 avenida, pode n\u00e3o ser um bicho de sete cabe\u00e7as. Como vai ser esse<span class=\"excerpt-hellip\"> [\u2026]<\/span><\/p>\n","protected":false},"author":10,"featured_media":4258,"comment_status":"open","ping_status":"open","sticky":false,"template":"","format":"standard","meta":{"_jetpack_memberships_contains_paid_content":false,"footnotes":"","jetpack_publicize_message":"","jetpack_publicize_feature_enabled":true,"jetpack_social_post_already_shared":false,"jetpack_social_options":{"image_generator_settings":{"template":"highway","default_image_id":0,"enabled":false},"version":2}},"categories":[28,81],"tags":[],"class_list":["post-4257","post","type-post","status-publish","format-standard","has-post-thumbnail","hentry","category-cotidiano","category-manchete"],"yoast_head":"<!-- This site is optimized with the Yoast SEO plugin v25.6 - https:\/\/yoast.com\/wordpress\/plugins\/seo\/ -->\n<title>Como retomar os treinos de corrida ap\u00f3s quatro dias de folia no Carnaval - VerdadeOn<\/title>\n<meta name=\"robots\" content=\"index, follow, max-snippet:-1, max-image-preview:large, max-video-preview:-1\" \/>\n<link rel=\"canonical\" href=\"https:\/\/verdadeon.com.br\/portal\/2020\/02\/26\/como-retomar-os-treinos-de-corrida-apos-quatro-dias-de-folia-no-carnaval\/\" \/>\n<meta property=\"og:locale\" content=\"pt_BR\" \/>\n<meta property=\"og:type\" content=\"article\" \/>\n<meta property=\"og:title\" content=\"Como retomar os treinos de corrida ap\u00f3s quatro dias de folia no Carnaval - VerdadeOn\" \/>\n<meta property=\"og:description\" content=\"Voltar \u00e0 rotina depois de quatro dias pulando e\/ou sambando, dos bloquinhos \u00e0 avenida, pode n\u00e3o ser um bicho de sete cabe\u00e7as. Como vai ser esse [\u2026]\" \/>\n<meta property=\"og:url\" content=\"https:\/\/verdadeon.com.br\/portal\/2020\/02\/26\/como-retomar-os-treinos-de-corrida-apos-quatro-dias-de-folia-no-carnaval\/\" \/>\n<meta property=\"og:site_name\" content=\"VerdadeOn\" \/>\n<meta property=\"article:published_time\" content=\"2020-02-26T11:00:30+00:00\" \/>\n<meta property=\"article:modified_time\" content=\"2020-02-26T14:58:17+00:00\" \/>\n<meta property=\"og:image\" content=\"https:\/\/verdadeon.com.br\/portal\/wp-content\/uploads\/2020\/02\/runn_blog.png\" \/>\n\t<meta property=\"og:image:width\" content=\"1000\" \/>\n\t<meta property=\"og:image:height\" content=\"667\" \/>\n\t<meta property=\"og:image:type\" content=\"image\/png\" \/>\n<meta name=\"author\" content=\"Redacao VerdadeOn\" \/>\n<meta name=\"twitter:card\" content=\"summary_large_image\" \/>\n<meta name=\"twitter:label1\" content=\"Escrito por\" \/>\n\t<meta name=\"twitter:data1\" content=\"Redacao VerdadeOn\" \/>\n\t<meta name=\"twitter:label2\" content=\"Est. tempo de leitura\" \/>\n\t<meta name=\"twitter:data2\" content=\"2 minutos\" \/>\n<script type=\"application\/ld+json\" class=\"yoast-schema-graph\">{\"@context\":\"https:\/\/schema.org\",\"@graph\":[{\"@type\":\"WebPage\",\"@id\":\"https:\/\/verdadeon.com.br\/portal\/2020\/02\/26\/como-retomar-os-treinos-de-corrida-apos-quatro-dias-de-folia-no-carnaval\/\",\"url\":\"https:\/\/verdadeon.com.br\/portal\/2020\/02\/26\/como-retomar-os-treinos-de-corrida-apos-quatro-dias-de-folia-no-carnaval\/\",\"name\":\"Como retomar os treinos de corrida ap\u00f3s quatro dias de folia no Carnaval - VerdadeOn\",\"isPartOf\":{\"@id\":\"https:\/\/verdadeon.com.br\/portal\/#website\"},\"primaryImageOfPage\":{\"@id\":\"https:\/\/verdadeon.com.br\/portal\/2020\/02\/26\/como-retomar-os-treinos-de-corrida-apos-quatro-dias-de-folia-no-carnaval\/#primaryimage\"},\"image\":{\"@id\":\"https:\/\/verdadeon.com.br\/portal\/2020\/02\/26\/como-retomar-os-treinos-de-corrida-apos-quatro-dias-de-folia-no-carnaval\/#primaryimage\"},\"thumbnailUrl\":\"https:\/\/i0.wp.com\/verdadeon.com.br\/portal\/wp-content\/uploads\/2020\/02\/runn_blog.png?fit=1000%2C667&ssl=1\",\"datePublished\":\"2020-02-26T11:00:30+00:00\",\"dateModified\":\"2020-02-26T14:58:17+00:00\",\"author\":{\"@id\":\"https:\/\/verdadeon.com.br\/portal\/#\/schema\/person\/a5060ad1e9ea3df545188fc93ce43d2f\"},\"breadcrumb\":{\"@id\":\"https:\/\/verdadeon.com.br\/portal\/2020\/02\/26\/como-retomar-os-treinos-de-corrida-apos-quatro-dias-de-folia-no-carnaval\/#breadcrumb\"},\"inLanguage\":\"pt-BR\",\"potentialAction\":[{\"@type\":\"ReadAction\",\"target\":[\"https:\/\/verdadeon.com.br\/portal\/2020\/02\/26\/como-retomar-os-treinos-de-corrida-apos-quatro-dias-de-folia-no-carnaval\/\"]}]},{\"@type\":\"ImageObject\",\"inLanguage\":\"pt-BR\",\"@id\":\"https:\/\/verdadeon.com.br\/portal\/2020\/02\/26\/como-retomar-os-treinos-de-corrida-apos-quatro-dias-de-folia-no-carnaval\/#primaryimage\",\"url\":\"https:\/\/i0.wp.com\/verdadeon.com.br\/portal\/wp-content\/uploads\/2020\/02\/runn_blog.png?fit=1000%2C667&ssl=1\",\"contentUrl\":\"https:\/\/i0.wp.com\/verdadeon.com.br\/portal\/wp-content\/uploads\/2020\/02\/runn_blog.png?fit=1000%2C667&ssl=1\",\"width\":1000,\"height\":667},{\"@type\":\"BreadcrumbList\",\"@id\":\"https:\/\/verdadeon.com.br\/portal\/2020\/02\/26\/como-retomar-os-treinos-de-corrida-apos-quatro-dias-de-folia-no-carnaval\/#breadcrumb\",\"itemListElement\":[{\"@type\":\"ListItem\",\"position\":1,\"name\":\"In\u00edcio\",\"item\":\"https:\/\/verdadeon.com.br\/portal\/\"},{\"@type\":\"ListItem\",\"position\":2,\"name\":\"Como retomar os treinos de corrida ap\u00f3s quatro dias de folia no Carnaval\"}]},{\"@type\":\"WebSite\",\"@id\":\"https:\/\/verdadeon.com.br\/portal\/#website\",\"url\":\"https:\/\/verdadeon.com.br\/portal\/\",\"name\":\"VerdadeOn\",\"description\":\"Not\u00edcias di\u00e1rias sobre Franca, Regi\u00e3o, Esporte, Cultura, Cotidiano, Colunas. Cobertura nos principais eventos da cidade \u00e9 aqui - Verdadeon Franca\",\"potentialAction\":[{\"@type\":\"SearchAction\",\"target\":{\"@type\":\"EntryPoint\",\"urlTemplate\":\"https:\/\/verdadeon.com.br\/portal\/?s={search_term_string}\"},\"query-input\":{\"@type\":\"PropertyValueSpecification\",\"valueRequired\":true,\"valueName\":\"search_term_string\"}}],\"inLanguage\":\"pt-BR\"},{\"@type\":\"Person\",\"@id\":\"https:\/\/verdadeon.com.br\/portal\/#\/schema\/person\/a5060ad1e9ea3df545188fc93ce43d2f\",\"name\":\"Redacao VerdadeOn\",\"image\":{\"@type\":\"ImageObject\",\"inLanguage\":\"pt-BR\",\"@id\":\"https:\/\/verdadeon.com.br\/portal\/#\/schema\/person\/image\/\",\"url\":\"https:\/\/secure.gravatar.com\/avatar\/459a9613caaaf07f582c3d0841eea68bdd66f533e465e6ba8b9cb45619572cf4?s=96&d=mm&r=g\",\"contentUrl\":\"https:\/\/secure.gravatar.com\/avatar\/459a9613caaaf07f582c3d0841eea68bdd66f533e465e6ba8b9cb45619572cf4?s=96&d=mm&r=g\",\"caption\":\"Redacao VerdadeOn\"},\"url\":\"https:\/\/verdadeon.com.br\/portal\/author\/redacao\/\"}]}<\/script>\n<!-- \/ Yoast SEO plugin. -->","yoast_head_json":{"title":"Como retomar os treinos de corrida ap\u00f3s quatro dias de folia no Carnaval - VerdadeOn","robots":{"index":"index","follow":"follow","max-snippet":"max-snippet:-1","max-image-preview":"max-image-preview:large","max-video-preview":"max-video-preview:-1"},"canonical":"https:\/\/verdadeon.com.br\/portal\/2020\/02\/26\/como-retomar-os-treinos-de-corrida-apos-quatro-dias-de-folia-no-carnaval\/","og_locale":"pt_BR","og_type":"article","og_title":"Como retomar os treinos de corrida ap\u00f3s quatro dias de folia no Carnaval - VerdadeOn","og_description":"Voltar \u00e0 rotina depois de quatro dias pulando e\/ou sambando, dos bloquinhos \u00e0 avenida, pode n\u00e3o ser um bicho de sete cabe\u00e7as. Como vai ser esse [\u2026]","og_url":"https:\/\/verdadeon.com.br\/portal\/2020\/02\/26\/como-retomar-os-treinos-de-corrida-apos-quatro-dias-de-folia-no-carnaval\/","og_site_name":"VerdadeOn","article_published_time":"2020-02-26T11:00:30+00:00","article_modified_time":"2020-02-26T14:58:17+00:00","og_image":[{"width":1000,"height":667,"url":"https:\/\/verdadeon.com.br\/portal\/wp-content\/uploads\/2020\/02\/runn_blog.png","type":"image\/png"}],"author":"Redacao VerdadeOn","twitter_card":"summary_large_image","twitter_misc":{"Escrito por":"Redacao VerdadeOn","Est. tempo de leitura":"2 minutos"},"schema":{"@context":"https:\/\/schema.org","@graph":[{"@type":"WebPage","@id":"https:\/\/verdadeon.com.br\/portal\/2020\/02\/26\/como-retomar-os-treinos-de-corrida-apos-quatro-dias-de-folia-no-carnaval\/","url":"https:\/\/verdadeon.com.br\/portal\/2020\/02\/26\/como-retomar-os-treinos-de-corrida-apos-quatro-dias-de-folia-no-carnaval\/","name":"Como retomar os treinos de corrida ap\u00f3s quatro dias de folia no Carnaval - VerdadeOn","isPartOf":{"@id":"https:\/\/verdadeon.com.br\/portal\/#website"},"primaryImageOfPage":{"@id":"https:\/\/verdadeon.com.br\/portal\/2020\/02\/26\/como-retomar-os-treinos-de-corrida-apos-quatro-dias-de-folia-no-carnaval\/#primaryimage"},"image":{"@id":"https:\/\/verdadeon.com.br\/portal\/2020\/02\/26\/como-retomar-os-treinos-de-corrida-apos-quatro-dias-de-folia-no-carnaval\/#primaryimage"},"thumbnailUrl":"https:\/\/i0.wp.com\/verdadeon.com.br\/portal\/wp-content\/uploads\/2020\/02\/runn_blog.png?fit=1000%2C667&ssl=1","datePublished":"2020-02-26T11:00:30+00:00","dateModified":"2020-02-26T14:58:17+00:00","author":{"@id":"https:\/\/verdadeon.com.br\/portal\/#\/schema\/person\/a5060ad1e9ea3df545188fc93ce43d2f"},"breadcrumb":{"@id":"https:\/\/verdadeon.com.br\/portal\/2020\/02\/26\/como-retomar-os-treinos-de-corrida-apos-quatro-dias-de-folia-no-carnaval\/#breadcrumb"},"inLanguage":"pt-BR","potentialAction":[{"@type":"ReadAction","target":["https:\/\/verdadeon.com.br\/portal\/2020\/02\/26\/como-retomar-os-treinos-de-corrida-apos-quatro-dias-de-folia-no-carnaval\/"]}]},{"@type":"ImageObject","inLanguage":"pt-BR","@id":"https:\/\/verdadeon.com.br\/portal\/2020\/02\/26\/como-retomar-os-treinos-de-corrida-apos-quatro-dias-de-folia-no-carnaval\/#primaryimage","url":"https:\/\/i0.wp.com\/verdadeon.com.br\/portal\/wp-content\/uploads\/2020\/02\/runn_blog.png?fit=1000%2C667&ssl=1","contentUrl":"https:\/\/i0.wp.com\/verdadeon.com.br\/portal\/wp-content\/uploads\/2020\/02\/runn_blog.png?fit=1000%2C667&ssl=1","width":1000,"height":667},{"@type":"BreadcrumbList","@id":"https:\/\/verdadeon.com.br\/portal\/2020\/02\/26\/como-retomar-os-treinos-de-corrida-apos-quatro-dias-de-folia-no-carnaval\/#breadcrumb","itemListElement":[{"@type":"ListItem","position":1,"name":"In\u00edcio","item":"https:\/\/verdadeon.com.br\/portal\/"},{"@type":"ListItem","position":2,"name":"Como retomar os treinos de corrida ap\u00f3s quatro dias de folia no Carnaval"}]},{"@type":"WebSite","@id":"https:\/\/verdadeon.com.br\/portal\/#website","url":"https:\/\/verdadeon.com.br\/portal\/","name":"VerdadeOn","description":"Not\u00edcias di\u00e1rias sobre Franca, Regi\u00e3o, Esporte, Cultura, Cotidiano, Colunas. Cobertura nos principais eventos da cidade \u00e9 aqui - Verdadeon Franca","potentialAction":[{"@type":"SearchAction","target":{"@type":"EntryPoint","urlTemplate":"https:\/\/verdadeon.com.br\/portal\/?s={search_term_string}"},"query-input":{"@type":"PropertyValueSpecification","valueRequired":true,"valueName":"search_term_string"}}],"inLanguage":"pt-BR"},{"@type":"Person","@id":"https:\/\/verdadeon.com.br\/portal\/#\/schema\/person\/a5060ad1e9ea3df545188fc93ce43d2f","name":"Redacao VerdadeOn","image":{"@type":"ImageObject","inLanguage":"pt-BR","@id":"https:\/\/verdadeon.com.br\/portal\/#\/schema\/person\/image\/","url":"https:\/\/secure.gravatar.com\/avatar\/459a9613caaaf07f582c3d0841eea68bdd66f533e465e6ba8b9cb45619572cf4?s=96&d=mm&r=g","contentUrl":"https:\/\/secure.gravatar.com\/avatar\/459a9613caaaf07f582c3d0841eea68bdd66f533e465e6ba8b9cb45619572cf4?s=96&d=mm&r=g","caption":"Redacao VerdadeOn"},"url":"https:\/\/verdadeon.com.br\/portal\/author\/redacao\/"}]}},"jetpack_publicize_connections":[],"jetpack_featured_media_url":"https:\/\/i0.wp.com\/verdadeon.com.br\/portal\/wp-content\/uploads\/2020\/02\/runn_blog.png?fit=1000%2C667&ssl=1","jetpack_sharing_enabled":true,"_links":{"self":[{"href":"https:\/\/verdadeon.com.br\/portal\/wp-json\/wp\/v2\/posts\/4257","targetHints":{"allow":["GET"]}}],"collection":[{"href":"https:\/\/verdadeon.com.br\/portal\/wp-json\/wp\/v2\/posts"}],"about":[{"href":"https:\/\/verdadeon.com.br\/portal\/wp-json\/wp\/v2\/types\/post"}],"author":[{"embeddable":true,"href":"https:\/\/verdadeon.com.br\/portal\/wp-json\/wp\/v2\/users\/10"}],"replies":[{"embeddable":true,"href":"https:\/\/verdadeon.com.br\/portal\/wp-json\/wp\/v2\/comments?post=4257"}],"version-history":[{"count":0,"href":"https:\/\/verdadeon.com.br\/portal\/wp-json\/wp\/v2\/posts\/4257\/revisions"}],"wp:featuredmedia":[{"embeddable":true,"href":"https:\/\/verdadeon.com.br\/portal\/wp-json\/wp\/v2\/media\/4258"}],"wp:attachment":[{"href":"https:\/\/verdadeon.com.br\/portal\/wp-json\/wp\/v2\/media?parent=4257"}],"wp:term":[{"taxonomy":"category","embeddable":true,"href":"https:\/\/verdadeon.com.br\/portal\/wp-json\/wp\/v2\/categories?post=4257"},{"taxonomy":"post_tag","embeddable":true,"href":"https:\/\/verdadeon.com.br\/portal\/wp-json\/wp\/v2\/tags?post=4257"}],"curies":[{"name":"wp","href":"https:\/\/api.w.org\/{rel}","templated":true}]}}