{"id":4252,"date":"2020-02-26T11:51:07","date_gmt":"2020-02-26T14:51:07","guid":{"rendered":"http:\/\/verdadeon.com.br\/portal\/?p=4252"},"modified":"2020-02-26T11:51:07","modified_gmt":"2020-02-26T14:51:07","slug":"brasil-confirma-primeiro-caso-do-novo-coronavirus","status":"publish","type":"post","link":"https:\/\/verdadeon.com.br\/portal\/2020\/02\/26\/brasil-confirma-primeiro-caso-do-novo-coronavirus\/","title":{"rendered":"Brasil confirma primeiro caso do novo coronav\u00edrus"},"content":{"rendered":"<p>O Brasil registrou nesta ter\u00e7a (25) o primeiro caso de coronav\u00edrus. A reportagem apurou que o teste de contraprova de um paciente que j\u00e1 havia sido notificado como caso suspeito nesta noite tamb\u00e9m deu positivo.<br \/>\nA informa\u00e7\u00e3o foi confirmada com uma fonte envolvida no processo. Mais cedo, o homem havia testado positivo para o v\u00edrus no Hospital Israelita Albert Einstein, em S\u00e3o Paulo, e sido submetido ao teste de contraprova no Instituto Aadolfo Lutz, cujo resultado deve ser anunciado nesta quarta (26) pelo Minist\u00e9rio da Sa\u00fade.<br \/>\nCom isso, o Brasil passa a ser o primeiro pa\u00eds da Am\u00e9rica Latina com um caso confirmado do novo v\u00edrus que j\u00e1 matou 2.708 pessoas no mundo.<br \/>\nSegundo o Hospital Israelita Albert Einstein, o paciente foi atendido na segunda (24), e a Vigil\u00e2ncia Epidemiol\u00f3gica estadual foi notificada nesta ter\u00e7a (25). &#8220;O paciente encontra-se em bom estado cl\u00ednico e sem necessidade de interna\u00e7\u00e3o, permanecendo em isolamento respirat\u00f3rio que ser\u00e1 mantido durante os pr\u00f3ximos 14 dias&#8221;, afirma o hospital em nota. O homem est\u00e1 em casa.<br \/>\nA Anvisa afirmou em nota, na noite desta ter\u00e7a, que solicitou a companhia a\u00e9rea a lista de passageiros do voo que trouxe o paciente ao Brasil, e que &#8220;aumentou a criticidade no monitoramento dos voos internacionais provenientes de pa\u00edses onde h\u00e1 casos confirmados da doen\u00e7a&#8221;.<br \/>\nNa ter\u00e7a (25), a pasta havia divulgado que o primeiro teste realizado no paciente tinha dado positivo para o Sars-CoV-2. As amostras foram enviadas ao laborat\u00f3rio de refer\u00eancia nacional, o Instituto Adolfo Lutz, para realiza\u00e7\u00e3o da contraprova que confirmou a infec\u00e7\u00e3o. \u200b<br \/>\nAt\u00e9 esta quarta, mais de 80 mil pessoas foram infectadas e 2.708 morreram em decorr\u00eancia da doen\u00e7a Covid-19.<br \/>\nO per\u00edodo em que o homem esteve na It\u00e1lia a trabalho (do dia 9 a 21 de fevereiro) coincide com a explos\u00e3o de casos no pa\u00eds europeu, quando mais de 220 pessoas foram infectadas.<br \/>\nAt\u00e9 esta quarta, mais de 320 pessoas foram infectadas e 11 morreram na It\u00e1lia. O aumento no n\u00famero de casos pode ter rela\u00e7\u00e3o com falhas de procedimento em um hospital na regi\u00e3o de Mil\u00e3o, onde foi internado um paciente considerado &#8220;n\u00famero um&#8221;, segundo informou o primeiro-ministro Giuseppe Conte.<br \/>\nQUARENTENA<br \/>\nOs 34 brasileiros que foram evacuados de Wuhan, epicentro da doen\u00e7a, e ficaram em quarentena por 18 dias em uma base militar de An\u00e1polis (GO) foram liberados no domingo (23) ap\u00f3s testes indicarem que n\u00e3o foram contaminados pelo novo coronav\u00edrus.<br \/>\nO grupo deixou a base militar com destino a oito estados e ao Distrito Federal: S\u00e3o Paulo, Rio de Janeiro, Minas Gerais, Paran\u00e1, Santa Catarina, Par\u00e1, Maranh\u00e3o e Rio Grande do Norte.<br \/>\nO deslocamento foi feito por duas aeronaves da FAB (For\u00e7a A\u00e9rea Brasileira), sendo que uma delas foi utilizada tamb\u00e9m para transportar a comitiva do governo federal de volta a Bras\u00edlia. \u200b<\/p>\n","protected":false},"excerpt":{"rendered":"<p>O Brasil registrou nesta ter\u00e7a (25) o primeiro caso de coronav\u00edrus. A reportagem apurou que o teste de contraprova de um paciente que j\u00e1 havia sido<span class=\"excerpt-hellip\"> [\u2026]<\/span><\/p>\n","protected":false},"author":10,"featured_media":4198,"comment_status":"open","ping_status":"open","sticky":false,"template":"","format":"standard","meta":{"_jetpack_memberships_contains_paid_content":false,"footnotes":"","jetpack_publicize_message":"","jetpack_publicize_feature_enabled":true,"jetpack_social_post_already_shared":false,"jetpack_social_options":{"image_generator_settings":{"template":"highway","default_image_id":0,"enabled":false},"version":2}},"categories":[53,44],"tags":[],"class_list":["post-4252","post","type-post","status-publish","format-standard","has-post-thumbnail","hentry","category-brasil","category-noticias"],"yoast_head":"<!-- This site is optimized with the Yoast SEO plugin v25.6 - https:\/\/yoast.com\/wordpress\/plugins\/seo\/ -->\n<title>Brasil confirma primeiro caso do novo coronav\u00edrus - VerdadeOn<\/title>\n<meta name=\"robots\" content=\"index, follow, max-snippet:-1, max-image-preview:large, max-video-preview:-1\" \/>\n<link rel=\"canonical\" href=\"https:\/\/verdadeon.com.br\/portal\/2020\/02\/26\/brasil-confirma-primeiro-caso-do-novo-coronavirus\/\" \/>\n<meta property=\"og:locale\" content=\"pt_BR\" \/>\n<meta property=\"og:type\" content=\"article\" \/>\n<meta property=\"og:title\" content=\"Brasil confirma primeiro caso do novo coronav\u00edrus - VerdadeOn\" \/>\n<meta property=\"og:description\" content=\"O Brasil registrou nesta ter\u00e7a (25) o primeiro caso de coronav\u00edrus. A reportagem apurou que o teste de contraprova de um paciente que j\u00e1 havia sido [\u2026]\" \/>\n<meta property=\"og:url\" content=\"https:\/\/verdadeon.com.br\/portal\/2020\/02\/26\/brasil-confirma-primeiro-caso-do-novo-coronavirus\/\" \/>\n<meta property=\"og:site_name\" content=\"VerdadeOn\" \/>\n<meta property=\"article:published_time\" content=\"2020-02-26T14:51:07+00:00\" \/>\n<meta property=\"og:image\" content=\"https:\/\/verdadeon.com.br\/portal\/wp-content\/uploads\/2020\/02\/coronavirus-iran-scaled.jpg\" \/>\n\t<meta property=\"og:image:width\" content=\"1000\" \/>\n\t<meta property=\"og:image:height\" content=\"563\" \/>\n\t<meta property=\"og:image:type\" content=\"image\/jpeg\" \/>\n<meta name=\"author\" content=\"Redacao VerdadeOn\" \/>\n<meta name=\"twitter:card\" content=\"summary_large_image\" \/>\n<meta name=\"twitter:label1\" content=\"Escrito por\" \/>\n\t<meta name=\"twitter:data1\" content=\"Redacao VerdadeOn\" \/>\n\t<meta name=\"twitter:label2\" content=\"Est. tempo de leitura\" \/>\n\t<meta name=\"twitter:data2\" content=\"2 minutos\" \/>\n<script type=\"application\/ld+json\" class=\"yoast-schema-graph\">{\"@context\":\"https:\/\/schema.org\",\"@graph\":[{\"@type\":\"WebPage\",\"@id\":\"https:\/\/verdadeon.com.br\/portal\/2020\/02\/26\/brasil-confirma-primeiro-caso-do-novo-coronavirus\/\",\"url\":\"https:\/\/verdadeon.com.br\/portal\/2020\/02\/26\/brasil-confirma-primeiro-caso-do-novo-coronavirus\/\",\"name\":\"Brasil confirma primeiro caso do novo coronav\u00edrus - VerdadeOn\",\"isPartOf\":{\"@id\":\"https:\/\/verdadeon.com.br\/portal\/#website\"},\"primaryImageOfPage\":{\"@id\":\"https:\/\/verdadeon.com.br\/portal\/2020\/02\/26\/brasil-confirma-primeiro-caso-do-novo-coronavirus\/#primaryimage\"},\"image\":{\"@id\":\"https:\/\/verdadeon.com.br\/portal\/2020\/02\/26\/brasil-confirma-primeiro-caso-do-novo-coronavirus\/#primaryimage\"},\"thumbnailUrl\":\"https:\/\/i0.wp.com\/verdadeon.com.br\/portal\/wp-content\/uploads\/2020\/02\/coronavirus-iran-scaled.jpg?fit=1000%2C563&ssl=1\",\"datePublished\":\"2020-02-26T14:51:07+00:00\",\"author\":{\"@id\":\"https:\/\/verdadeon.com.br\/portal\/#\/schema\/person\/a5060ad1e9ea3df545188fc93ce43d2f\"},\"breadcrumb\":{\"@id\":\"https:\/\/verdadeon.com.br\/portal\/2020\/02\/26\/brasil-confirma-primeiro-caso-do-novo-coronavirus\/#breadcrumb\"},\"inLanguage\":\"pt-BR\",\"potentialAction\":[{\"@type\":\"ReadAction\",\"target\":[\"https:\/\/verdadeon.com.br\/portal\/2020\/02\/26\/brasil-confirma-primeiro-caso-do-novo-coronavirus\/\"]}]},{\"@type\":\"ImageObject\",\"inLanguage\":\"pt-BR\",\"@id\":\"https:\/\/verdadeon.com.br\/portal\/2020\/02\/26\/brasil-confirma-primeiro-caso-do-novo-coronavirus\/#primaryimage\",\"url\":\"https:\/\/i0.wp.com\/verdadeon.com.br\/portal\/wp-content\/uploads\/2020\/02\/coronavirus-iran-scaled.jpg?fit=1000%2C563&ssl=1\",\"contentUrl\":\"https:\/\/i0.wp.com\/verdadeon.com.br\/portal\/wp-content\/uploads\/2020\/02\/coronavirus-iran-scaled.jpg?fit=1000%2C563&ssl=1\",\"width\":1000,\"height\":563},{\"@type\":\"BreadcrumbList\",\"@id\":\"https:\/\/verdadeon.com.br\/portal\/2020\/02\/26\/brasil-confirma-primeiro-caso-do-novo-coronavirus\/#breadcrumb\",\"itemListElement\":[{\"@type\":\"ListItem\",\"position\":1,\"name\":\"In\u00edcio\",\"item\":\"https:\/\/verdadeon.com.br\/portal\/\"},{\"@type\":\"ListItem\",\"position\":2,\"name\":\"Brasil confirma primeiro caso do novo coronav\u00edrus\"}]},{\"@type\":\"WebSite\",\"@id\":\"https:\/\/verdadeon.com.br\/portal\/#website\",\"url\":\"https:\/\/verdadeon.com.br\/portal\/\",\"name\":\"VerdadeOn\",\"description\":\"Not\u00edcias di\u00e1rias sobre Franca, Regi\u00e3o, Esporte, Cultura, Cotidiano, Colunas. Cobertura nos principais eventos da cidade \u00e9 aqui - Verdadeon Franca\",\"potentialAction\":[{\"@type\":\"SearchAction\",\"target\":{\"@type\":\"EntryPoint\",\"urlTemplate\":\"https:\/\/verdadeon.com.br\/portal\/?s={search_term_string}\"},\"query-input\":{\"@type\":\"PropertyValueSpecification\",\"valueRequired\":true,\"valueName\":\"search_term_string\"}}],\"inLanguage\":\"pt-BR\"},{\"@type\":\"Person\",\"@id\":\"https:\/\/verdadeon.com.br\/portal\/#\/schema\/person\/a5060ad1e9ea3df545188fc93ce43d2f\",\"name\":\"Redacao VerdadeOn\",\"image\":{\"@type\":\"ImageObject\",\"inLanguage\":\"pt-BR\",\"@id\":\"https:\/\/verdadeon.com.br\/portal\/#\/schema\/person\/image\/\",\"url\":\"https:\/\/secure.gravatar.com\/avatar\/459a9613caaaf07f582c3d0841eea68bdd66f533e465e6ba8b9cb45619572cf4?s=96&d=mm&r=g\",\"contentUrl\":\"https:\/\/secure.gravatar.com\/avatar\/459a9613caaaf07f582c3d0841eea68bdd66f533e465e6ba8b9cb45619572cf4?s=96&d=mm&r=g\",\"caption\":\"Redacao VerdadeOn\"},\"url\":\"https:\/\/verdadeon.com.br\/portal\/author\/redacao\/\"}]}<\/script>\n<!-- \/ Yoast SEO plugin. -->","yoast_head_json":{"title":"Brasil confirma primeiro caso do novo coronav\u00edrus - VerdadeOn","robots":{"index":"index","follow":"follow","max-snippet":"max-snippet:-1","max-image-preview":"max-image-preview:large","max-video-preview":"max-video-preview:-1"},"canonical":"https:\/\/verdadeon.com.br\/portal\/2020\/02\/26\/brasil-confirma-primeiro-caso-do-novo-coronavirus\/","og_locale":"pt_BR","og_type":"article","og_title":"Brasil confirma primeiro caso do novo coronav\u00edrus - VerdadeOn","og_description":"O Brasil registrou nesta ter\u00e7a (25) o primeiro caso de coronav\u00edrus. A reportagem apurou que o teste de contraprova de um paciente que j\u00e1 havia sido [\u2026]","og_url":"https:\/\/verdadeon.com.br\/portal\/2020\/02\/26\/brasil-confirma-primeiro-caso-do-novo-coronavirus\/","og_site_name":"VerdadeOn","article_published_time":"2020-02-26T14:51:07+00:00","og_image":[{"width":1000,"height":563,"url":"https:\/\/verdadeon.com.br\/portal\/wp-content\/uploads\/2020\/02\/coronavirus-iran-scaled.jpg","type":"image\/jpeg"}],"author":"Redacao VerdadeOn","twitter_card":"summary_large_image","twitter_misc":{"Escrito por":"Redacao VerdadeOn","Est. tempo de leitura":"2 minutos"},"schema":{"@context":"https:\/\/schema.org","@graph":[{"@type":"WebPage","@id":"https:\/\/verdadeon.com.br\/portal\/2020\/02\/26\/brasil-confirma-primeiro-caso-do-novo-coronavirus\/","url":"https:\/\/verdadeon.com.br\/portal\/2020\/02\/26\/brasil-confirma-primeiro-caso-do-novo-coronavirus\/","name":"Brasil confirma primeiro caso do novo coronav\u00edrus - VerdadeOn","isPartOf":{"@id":"https:\/\/verdadeon.com.br\/portal\/#website"},"primaryImageOfPage":{"@id":"https:\/\/verdadeon.com.br\/portal\/2020\/02\/26\/brasil-confirma-primeiro-caso-do-novo-coronavirus\/#primaryimage"},"image":{"@id":"https:\/\/verdadeon.com.br\/portal\/2020\/02\/26\/brasil-confirma-primeiro-caso-do-novo-coronavirus\/#primaryimage"},"thumbnailUrl":"https:\/\/i0.wp.com\/verdadeon.com.br\/portal\/wp-content\/uploads\/2020\/02\/coronavirus-iran-scaled.jpg?fit=1000%2C563&ssl=1","datePublished":"2020-02-26T14:51:07+00:00","author":{"@id":"https:\/\/verdadeon.com.br\/portal\/#\/schema\/person\/a5060ad1e9ea3df545188fc93ce43d2f"},"breadcrumb":{"@id":"https:\/\/verdadeon.com.br\/portal\/2020\/02\/26\/brasil-confirma-primeiro-caso-do-novo-coronavirus\/#breadcrumb"},"inLanguage":"pt-BR","potentialAction":[{"@type":"ReadAction","target":["https:\/\/verdadeon.com.br\/portal\/2020\/02\/26\/brasil-confirma-primeiro-caso-do-novo-coronavirus\/"]}]},{"@type":"ImageObject","inLanguage":"pt-BR","@id":"https:\/\/verdadeon.com.br\/portal\/2020\/02\/26\/brasil-confirma-primeiro-caso-do-novo-coronavirus\/#primaryimage","url":"https:\/\/i0.wp.com\/verdadeon.com.br\/portal\/wp-content\/uploads\/2020\/02\/coronavirus-iran-scaled.jpg?fit=1000%2C563&ssl=1","contentUrl":"https:\/\/i0.wp.com\/verdadeon.com.br\/portal\/wp-content\/uploads\/2020\/02\/coronavirus-iran-scaled.jpg?fit=1000%2C563&ssl=1","width":1000,"height":563},{"@type":"BreadcrumbList","@id":"https:\/\/verdadeon.com.br\/portal\/2020\/02\/26\/brasil-confirma-primeiro-caso-do-novo-coronavirus\/#breadcrumb","itemListElement":[{"@type":"ListItem","position":1,"name":"In\u00edcio","item":"https:\/\/verdadeon.com.br\/portal\/"},{"@type":"ListItem","position":2,"name":"Brasil confirma primeiro caso do novo coronav\u00edrus"}]},{"@type":"WebSite","@id":"https:\/\/verdadeon.com.br\/portal\/#website","url":"https:\/\/verdadeon.com.br\/portal\/","name":"VerdadeOn","description":"Not\u00edcias di\u00e1rias sobre Franca, Regi\u00e3o, Esporte, Cultura, Cotidiano, Colunas. Cobertura nos principais eventos da cidade \u00e9 aqui - Verdadeon Franca","potentialAction":[{"@type":"SearchAction","target":{"@type":"EntryPoint","urlTemplate":"https:\/\/verdadeon.com.br\/portal\/?s={search_term_string}"},"query-input":{"@type":"PropertyValueSpecification","valueRequired":true,"valueName":"search_term_string"}}],"inLanguage":"pt-BR"},{"@type":"Person","@id":"https:\/\/verdadeon.com.br\/portal\/#\/schema\/person\/a5060ad1e9ea3df545188fc93ce43d2f","name":"Redacao VerdadeOn","image":{"@type":"ImageObject","inLanguage":"pt-BR","@id":"https:\/\/verdadeon.com.br\/portal\/#\/schema\/person\/image\/","url":"https:\/\/secure.gravatar.com\/avatar\/459a9613caaaf07f582c3d0841eea68bdd66f533e465e6ba8b9cb45619572cf4?s=96&d=mm&r=g","contentUrl":"https:\/\/secure.gravatar.com\/avatar\/459a9613caaaf07f582c3d0841eea68bdd66f533e465e6ba8b9cb45619572cf4?s=96&d=mm&r=g","caption":"Redacao VerdadeOn"},"url":"https:\/\/verdadeon.com.br\/portal\/author\/redacao\/"}]}},"jetpack_publicize_connections":[],"jetpack_featured_media_url":"https:\/\/i0.wp.com\/verdadeon.com.br\/portal\/wp-content\/uploads\/2020\/02\/coronavirus-iran-scaled.jpg?fit=1000%2C563&ssl=1","jetpack_sharing_enabled":true,"_links":{"self":[{"href":"https:\/\/verdadeon.com.br\/portal\/wp-json\/wp\/v2\/posts\/4252","targetHints":{"allow":["GET"]}}],"collection":[{"href":"https:\/\/verdadeon.com.br\/portal\/wp-json\/wp\/v2\/posts"}],"about":[{"href":"https:\/\/verdadeon.com.br\/portal\/wp-json\/wp\/v2\/types\/post"}],"author":[{"embeddable":true,"href":"https:\/\/verdadeon.com.br\/portal\/wp-json\/wp\/v2\/users\/10"}],"replies":[{"embeddable":true,"href":"https:\/\/verdadeon.com.br\/portal\/wp-json\/wp\/v2\/comments?post=4252"}],"version-history":[{"count":0,"href":"https:\/\/verdadeon.com.br\/portal\/wp-json\/wp\/v2\/posts\/4252\/revisions"}],"wp:featuredmedia":[{"embeddable":true,"href":"https:\/\/verdadeon.com.br\/portal\/wp-json\/wp\/v2\/media\/4198"}],"wp:attachment":[{"href":"https:\/\/verdadeon.com.br\/portal\/wp-json\/wp\/v2\/media?parent=4252"}],"wp:term":[{"taxonomy":"category","embeddable":true,"href":"https:\/\/verdadeon.com.br\/portal\/wp-json\/wp\/v2\/categories?post=4252"},{"taxonomy":"post_tag","embeddable":true,"href":"https:\/\/verdadeon.com.br\/portal\/wp-json\/wp\/v2\/tags?post=4252"}],"curies":[{"name":"wp","href":"https:\/\/api.w.org\/{rel}","templated":true}]}}