{"id":4248,"date":"2020-02-26T07:00:32","date_gmt":"2020-02-26T10:00:32","guid":{"rendered":"http:\/\/verdadeon.com.br\/portal\/?p=4248"},"modified":"2020-02-26T11:47:46","modified_gmt":"2020-02-26T14:47:46","slug":"band-programa-novidades-para-seu-jornalismo","status":"publish","type":"post","link":"https:\/\/verdadeon.com.br\/portal\/2020\/02\/26\/band-programa-novidades-para-seu-jornalismo\/","title":{"rendered":"Band programa novidades para seu jornalismo"},"content":{"rendered":"<p style=\"font-weight: 400;\">\u00a0Por: Fl\u00e1vio Ricco<\/p>\n<p style=\"font-weight: 400;\">Colabora\u00e7\u00e3o:\u00a0\u00a0 Jos\u00e9 Carlos Nery<\/p>\n<p style=\"font-weight: 400;\">\n<p style=\"font-weight: 400;\">O jornalismo da Band, sob a dire\u00e7\u00e3o de Fernando Mitre e Rodolfo Schneider, al\u00e9m de algumas provid\u00eancias que j\u00e1 foram tomadas, est\u00e1 programando uma s\u00e9rie de outros movimentos para esses pr\u00f3ximos dias.<\/p>\n<p style=\"font-weight: 400;\">Entre o que est\u00e1 feito, o \u201cJornal da Band\u201d, ancorado por Lana Canepa e Eduardo Oinegue, mas agora com as participa\u00e7\u00f5es fixas de Paloma Tocci e Joana Treptow, recebeu novo pacote gr\u00e1fico. Est\u00e1 mais \u00e1gil e menos interrompido por tantos intervalos comerciais. At\u00e9 abril, o cen\u00e1rio tamb\u00e9m ser\u00e1 outro.<\/p>\n<p style=\"font-weight: 400;\">O \u201cCaf\u00e9 com Jornal\u201d, ainda em mar\u00e7o, come\u00e7ando \u00e0s 4h da manh\u00e3, muda para \u201cPrimeiro Jornal\u201d (t\u00edtulo da Band) e n\u00e3o ter\u00e1 mais Luiz Megale na sua apresenta\u00e7\u00e3o. Um \u201cprata da casa\u201d ser\u00e1 colocado em seu lugar. A decis\u00e3o de se afastar partiu do pr\u00f3prio Megale, que continuar\u00e1 na emissora. Ser\u00e1 um jornal mais \u00e1gil, com um p\u00falpito no lugar da bancada e uma pagina\u00e7\u00e3o bem diferente da atual.<\/p>\n<p style=\"font-weight: 400;\">E, por fim, o \u201cBora SP\u201d, com Joel Datena das 6h \u00e0s 8h da manh\u00e3 e o \u201cBora Brasil\u201d, com a participa\u00e7\u00e3o de toda a rede, das 8h \u00e0s 9h.<\/p>\n<p style=\"font-weight: 400;\">A d\u00favida sobre essas estreias, entre 9 e 16 de mar\u00e7o, deve-se \u00e0 provid\u00eancias internas. Cen\u00e1rios, por exemplo.<\/p>\n<p style=\"font-weight: 400;\">E, em decorr\u00eancia de tudo, o projeto do novo \u201cJornal da Noite\u201d ainda vai levar um pouco de tempo para ser disparado.<\/p>\n<p><img data-recalc-dims=\"1\" loading=\"lazy\" decoding=\"async\" class=\"alignnone  wp-image-4249\" src=\"https:\/\/i0.wp.com\/verdadeon.com.br\/portal\/wp-content\/uploads\/2020\/02\/Lana-Canepa-225x300.jpg?resize=720%2C960\" alt=\"\" width=\"720\" height=\"960\" \/><\/p>\n<p style=\"font-weight: 400;\">(Lana Canepa \/ Divulga\u00e7\u00e3o Band)<\/p>\n<p style=\"font-weight: 400;\">\n<h2 style=\"font-weight: 400;\">TV Tudo<\/h2>\n<p>&nbsp;<\/p>\n<p style=\"font-weight: 400;\"><strong>Melhorias<\/strong><\/p>\n<p style=\"font-weight: 400;\">Ainda em se tratando de todas as provid\u00eancias tomadas pela Band para o seu jornalismo, entre elas se inclui um novo contrato com a Somar Meteorologia.<\/p>\n<p style=\"font-weight: 400;\">O trabalho da apresentadora Joana Treptow est\u00e1 amparado nos servi\u00e7os desta empresa.<\/p>\n<p style=\"font-weight: 400;\">\n<p style=\"font-weight: 400;\"><strong>Prata da casa<\/strong><\/p>\n<p style=\"font-weight: 400;\">A Band, no ano em que completa 53 anos, lan\u00e7ou uma iniciativa para homenagear os seus valores. Semanalmente, as redes sociais da emissora contam a hist\u00f3ria de um \u201cPrata da Casa\u201d, uma forma carinhosa de reconhecimento p\u00fablico. Trata-se de uma iniciativa in\u00e9dita.<\/p>\n<p style=\"font-weight: 400;\">L\u00e1 j\u00e1 est\u00e3o, por exemplo, o seu Giba, o funcion\u00e1rio mais antigo \u2013 57 anos de casa;\u00a0Sonia Blota, 22 anos; seu Natal, maquinista \u2013 est\u00e1 na segunda passagem;\u00a0 Kim, contrarregra -30, e Neri, diretor de imagem &#8211; 38 anos de emissora.<\/p>\n<p style=\"font-weight: 400;\">\n<p style=\"font-weight: 400;\"><strong>Alugou a tela \u2013 1<\/strong><\/p>\n<p style=\"font-weight: 400;\">Adriana Esteves nunca esteve t\u00e3o presente na grade de programa\u00e7\u00e3o da Globo.<\/p>\n<p style=\"font-weight: 400;\">\u00c9 protagonista em \u201cAmor de M\u00e3e\u201d, ao lado de Ta\u00eds Ara\u00fajo e Regina Cas\u00e9, e integra o elenco de \u201cAvenida Brasil\u201d no \u201cVale a Pena Ver de Novo\u201d, com uma de suas melhores personagens, Carminha.<\/p>\n<p style=\"font-weight: 400;\">\n<p style=\"font-weight: 400;\"><strong>Alugou a tela &#8211; 2<\/strong><\/p>\n<p style=\"font-weight: 400;\">Como se n\u00e3o bastasse, esse ano, novela das nove e reprise no \u201cVale a Pena\u201d, Adriana Esteves tamb\u00e9m ser\u00e1 destaque na grade dos s\u00e1bados, a partir do dia 13 de junho.<\/p>\n<p style=\"font-weight: 400;\">Na substitui\u00e7\u00e3o de \u201cO Melhor da Escolinha\u201d, entrar\u00e1 a s\u00e9rie \u201cToma L\u00e1, D\u00e1 c\u00e1\u201d, com Adriana, Miguel Falabella, Marisa Orth, Diogo Vilella, Fernanda Souza, \u00cdtalo Rossi, Norma Bengell, entre outros.<\/p>\n<p style=\"font-weight: 400;\">\n<p style=\"font-weight: 400;\"><strong>Canal da Analice<\/strong><\/p>\n<p style=\"font-weight: 400;\">Agora em mar\u00e7o, na companhia do chef Luiz Vidal, Analice Nicolau vai estrear no YouTube o programa \u201cVem pra Rua\u201d.<\/p>\n<p style=\"font-weight: 400;\">A proposta \u00e9 mostrar ao p\u00fablico o cotidiano da gastronomia, com hist\u00f3ria de supera\u00e7\u00e3o em diferentes lugares. Estreia dia 9 de mar\u00e7o, \u00e0s 19h.<\/p>\n<p style=\"font-weight: 400;\">\n<p style=\"font-weight: 400;\"><strong>Vai voltar<\/strong><\/p>\n<p style=\"font-weight: 400;\">O canal GNT decidiu retomar o programa \u201cBoas-Vindas\u201d.<\/p>\n<p style=\"font-weight: 400;\">Trata-se de um espa\u00e7o que destaca a luta de pessoas, an\u00f4nimas e famosas, para ter seus filhos.<\/p>\n<p style=\"font-weight: 400;\">\n<p style=\"font-weight: 400;\"><strong>Especial<\/strong><\/p>\n<p style=\"font-weight: 400;\">Realizado em 2018 pela TV Cultura em parceria com o Ita\u00fa Cultural, o document\u00e1rio \u201cInezita\u201d vai ao ar, pela primeira vez, no dia 4, \u00e0s 22h45.<\/p>\n<p style=\"font-weight: 400;\">Neste dia, a dama da m\u00fasica raiz e apresentadora do \u201cViola Minha Viola\u201d completaria 95 anos.<\/p>\n<p style=\"font-weight: 400;\">\n<p style=\"font-weight: 400;\"><strong>Vai bem<\/strong><\/p>\n<p style=\"font-weight: 400;\">N\u00famero 1 da Teledramaturgia da Globo, Silvio de Abreu disparou mensagens para a equipe de \u201cSalve-se Quem Puder\u201d.<\/p>\n<p style=\"font-weight: 400;\">Elogiou os resultados de audi\u00eancia conquistados pela novela.<\/p>\n<p>&nbsp;<\/p>\n<p style=\"font-weight: 400;\"><strong>Ganhou espa\u00e7o<\/strong><\/p>\n<p style=\"font-weight: 400;\">Pierre Bittencourt, que h\u00e1 anos participa da \u201cPra\u00e7a\u201d, a partir desta quinta-feira ser\u00e1 \u201cGuarda Belo\u201d.<\/p>\n<p style=\"font-weight: 400;\">O personagem, que j\u00e1 aparecia no quadro de \u201cDapena\u201d (Z\u00e9 Am\u00e9rico), agora ter\u00e1 seu pr\u00f3prio momento, ao lado de\u00a0Carlos Alberto de N\u00f3brega, aquele que \u00e9 mach\u00e3o, mas n\u00e3o t\u00e3o mach\u00e3o assim.<\/p>\n<p><img data-recalc-dims=\"1\" loading=\"lazy\" decoding=\"async\" class=\"alignnone  wp-image-4250\" src=\"https:\/\/i0.wp.com\/verdadeon.com.br\/portal\/wp-content\/uploads\/2020\/02\/Guarda-Belo_Pierre-e-Carlos-Alberto-de-Nobre%CC%81ga_Foto-Lourival-Ribeiro_SBT-300x200.jpg?resize=708%2C472\" alt=\"\" width=\"708\" height=\"472\" \/><\/p>\n<p style=\"font-weight: 400;\">(Cr\u00e9dito Lourival Ribeiro\/SBT)<\/p>\n<p style=\"font-weight: 400;\">\n<p style=\"font-weight: 400;\"><strong>Em estudos<\/strong><\/p>\n<p style=\"font-weight: 400;\">Diego Guebel, em uma de suas recentes visitas \u00e0 Band, onde trabalhou no passado, apresentou o projeto de um novo programa de disputa entre chefs de cozinha.<\/p>\n<p style=\"font-weight: 400;\">\u00c9 o \u201cEl Gran Premio de La Cocina\u201d, atra\u00e7\u00e3o di\u00e1ria do Eltrece e sucesso na TV da Argentina.<\/p>\n<p style=\"font-weight: 400;\">\n<h2 style=\"font-weight: 400;\">Bate \u2013 Rebate<\/h2>\n<ul>\n<li style=\"font-weight: 400;\">Fazer lutadores na televis\u00e3o n\u00e3o chega a ser novidade para Duda Nagle&#8230;<\/li>\n<li style=\"font-weight: 400;\">&#8230; Saiu recentemente de uma situa\u00e7\u00e3o assim, em \u201cA Dona do Peda\u00e7o\u201d&#8230;<\/li>\n<li style=\"font-weight: 400;\">&#8230; E j\u00e1 vai entrar em outra, na s\u00e9rie \u201cA Vila\u201d, protagonizada por Paulo Gustavo no canal Multishow.<\/li>\n<li style=\"font-weight: 400;\">Est\u00e1 bem o Murilo Ben\u00edcio em \u201cAmor de M\u00e3e\u201d. Personagem na m\u00e3o.<\/li>\n<li style=\"font-weight: 400;\">Netflix j\u00e1 definiu para o dia 13 a estreia do reality \u201cThe Circle\u201d, que tem apresenta\u00e7\u00e3o de Giovanna Ewbank e foi totalmente gravado na Inglaterra.<\/li>\n<li style=\"font-weight: 400;\">Nesta quarta, a partir das 16h15, a Globo mostra a apura\u00e7\u00e3o dos desfiles no Rio de Janeiro&#8230;<\/li>\n<li style=\"font-weight: 400;\">&#8230; E por ser quarta-feira, tamb\u00e9m ter\u00e1 futebol. Para S\u00e3o Paulo, Corinthians e Santo Andr\u00e9&#8230;<\/li>\n<li style=\"font-weight: 400;\">&#8230; E para o Rio e rede, Moto Club e Fluminense.<\/li>\n<li style=\"font-weight: 400;\">Em S\u00e3o Paulo, as equipes do \u201cEsquadr\u00e3o da Moda\u201d, do SBT, lideradas por Isabella Fiorentino e Arlindo Grund, est\u00e3o num ritmo forte de grava\u00e7\u00f5es desde o \u00faltimo dia 11&#8230;<\/li>\n<li style=\"font-weight: 400;\">&#8230; O pessoal n\u00e3o quer mais ser surpreendido pelas chuvas.<\/li>\n<\/ul>\n<p style=\"font-weight: 400;\">\n<h2 style=\"font-weight: 400;\">C\u00b4est fini<\/h2>\n<p style=\"font-weight: 400;\">Apresentadoras de s\u00e9ries dos canais Discovery, as designers Leanne Ford, de \u2018Reforma dos Sonhos\u2019<em>\u00a0<\/em>com os Irm\u00e3os Ford; Jasmine Roth, de \u2018Hidden Potential\u2019; Mina Starsiak Hawk, de \u2018Reforma em Fam\u00edlia\u2019 com Karen e Mina; e Alison Victoria, de \u2018Alison e Donovan: Reformando com Estilo\u2019, s\u00e3o as participantes de \u201cMulheres \u00e0 Obra\u201d, nova competi\u00e7\u00e3o de reformas e design do Discovery Home Health.<\/p>\n<p style=\"font-weight: 400;\">Estreia na ter\u00e7a-feira, 3 de mar\u00e7o, \u00e0s 22h.<\/p>\n<p style=\"font-weight: 400;\">Ent\u00e3o \u00e9 isso. Mas amanh\u00e3 tem mais. Tchau!<\/p>\n","protected":false},"excerpt":{"rendered":"<p>\u00a0Por: Fl\u00e1vio Ricco Colabora\u00e7\u00e3o:\u00a0\u00a0 Jos\u00e9 Carlos Nery O jornalismo da Band, sob a dire\u00e7\u00e3o de Fernando Mitre e Rodolfo Schneider, al\u00e9m de algumas provid\u00eancias que j\u00e1<span class=\"excerpt-hellip\"> [\u2026]<\/span><\/p>\n","protected":false},"author":10,"featured_media":4250,"comment_status":"open","ping_status":"open","sticky":false,"template":"","format":"standard","meta":{"_jetpack_memberships_contains_paid_content":false,"footnotes":"","jetpack_publicize_message":"","jetpack_publicize_feature_enabled":true,"jetpack_social_post_already_shared":false,"jetpack_social_options":{"image_generator_settings":{"template":"highway","default_image_id":0,"enabled":false},"version":2}},"categories":[93,44],"tags":[],"class_list":["post-4248","post","type-post","status-publish","format-standard","has-post-thumbnail","hentry","category-canal-1","category-noticias"],"yoast_head":"<!-- This site is optimized with the Yoast SEO plugin v25.6 - https:\/\/yoast.com\/wordpress\/plugins\/seo\/ -->\n<title>Band programa novidades para seu jornalismo - VerdadeOn<\/title>\n<meta name=\"robots\" content=\"index, follow, max-snippet:-1, max-image-preview:large, max-video-preview:-1\" \/>\n<link rel=\"canonical\" href=\"https:\/\/verdadeon.com.br\/portal\/2020\/02\/26\/band-programa-novidades-para-seu-jornalismo\/\" \/>\n<meta property=\"og:locale\" content=\"pt_BR\" \/>\n<meta property=\"og:type\" content=\"article\" \/>\n<meta property=\"og:title\" content=\"Band programa novidades para seu jornalismo - VerdadeOn\" \/>\n<meta property=\"og:description\" content=\"\u00a0Por: Fl\u00e1vio Ricco Colabora\u00e7\u00e3o:\u00a0\u00a0 Jos\u00e9 Carlos Nery O jornalismo da Band, sob a dire\u00e7\u00e3o de Fernando Mitre e Rodolfo Schneider, al\u00e9m de algumas provid\u00eancias que j\u00e1 [\u2026]\" \/>\n<meta property=\"og:url\" content=\"https:\/\/verdadeon.com.br\/portal\/2020\/02\/26\/band-programa-novidades-para-seu-jornalismo\/\" \/>\n<meta property=\"og:site_name\" content=\"VerdadeOn\" \/>\n<meta property=\"article:published_time\" content=\"2020-02-26T10:00:32+00:00\" \/>\n<meta property=\"article:modified_time\" content=\"2020-02-26T14:47:46+00:00\" \/>\n<meta name=\"author\" content=\"Redacao VerdadeOn\" \/>\n<meta name=\"twitter:card\" content=\"summary_large_image\" \/>\n<meta name=\"twitter:label1\" content=\"Escrito por\" \/>\n\t<meta name=\"twitter:data1\" content=\"Redacao VerdadeOn\" \/>\n\t<meta name=\"twitter:label2\" content=\"Est. tempo de leitura\" \/>\n\t<meta name=\"twitter:data2\" content=\"5 minutos\" \/>\n<script type=\"application\/ld+json\" class=\"yoast-schema-graph\">{\"@context\":\"https:\/\/schema.org\",\"@graph\":[{\"@type\":\"WebPage\",\"@id\":\"https:\/\/verdadeon.com.br\/portal\/2020\/02\/26\/band-programa-novidades-para-seu-jornalismo\/\",\"url\":\"https:\/\/verdadeon.com.br\/portal\/2020\/02\/26\/band-programa-novidades-para-seu-jornalismo\/\",\"name\":\"Band programa novidades para seu jornalismo - VerdadeOn\",\"isPartOf\":{\"@id\":\"https:\/\/verdadeon.com.br\/portal\/#website\"},\"primaryImageOfPage\":{\"@id\":\"https:\/\/verdadeon.com.br\/portal\/2020\/02\/26\/band-programa-novidades-para-seu-jornalismo\/#primaryimage\"},\"image\":{\"@id\":\"https:\/\/verdadeon.com.br\/portal\/2020\/02\/26\/band-programa-novidades-para-seu-jornalismo\/#primaryimage\"},\"thumbnailUrl\":\"https:\/\/i0.wp.com\/verdadeon.com.br\/portal\/wp-content\/uploads\/2020\/02\/Guarda-Belo_Pierre-e-Carlos-Alberto-de-Nobre%CC%81ga_Foto-Lourival-Ribeiro_SBT.jpg?fit=2560%2C1707&ssl=1\",\"datePublished\":\"2020-02-26T10:00:32+00:00\",\"dateModified\":\"2020-02-26T14:47:46+00:00\",\"author\":{\"@id\":\"https:\/\/verdadeon.com.br\/portal\/#\/schema\/person\/a5060ad1e9ea3df545188fc93ce43d2f\"},\"breadcrumb\":{\"@id\":\"https:\/\/verdadeon.com.br\/portal\/2020\/02\/26\/band-programa-novidades-para-seu-jornalismo\/#breadcrumb\"},\"inLanguage\":\"pt-BR\",\"potentialAction\":[{\"@type\":\"ReadAction\",\"target\":[\"https:\/\/verdadeon.com.br\/portal\/2020\/02\/26\/band-programa-novidades-para-seu-jornalismo\/\"]}]},{\"@type\":\"ImageObject\",\"inLanguage\":\"pt-BR\",\"@id\":\"https:\/\/verdadeon.com.br\/portal\/2020\/02\/26\/band-programa-novidades-para-seu-jornalismo\/#primaryimage\",\"url\":\"https:\/\/i0.wp.com\/verdadeon.com.br\/portal\/wp-content\/uploads\/2020\/02\/Guarda-Belo_Pierre-e-Carlos-Alberto-de-Nobre%CC%81ga_Foto-Lourival-Ribeiro_SBT.jpg?fit=2560%2C1707&ssl=1\",\"contentUrl\":\"https:\/\/i0.wp.com\/verdadeon.com.br\/portal\/wp-content\/uploads\/2020\/02\/Guarda-Belo_Pierre-e-Carlos-Alberto-de-Nobre%CC%81ga_Foto-Lourival-Ribeiro_SBT.jpg?fit=2560%2C1707&ssl=1\",\"width\":2560,\"height\":1707},{\"@type\":\"BreadcrumbList\",\"@id\":\"https:\/\/verdadeon.com.br\/portal\/2020\/02\/26\/band-programa-novidades-para-seu-jornalismo\/#breadcrumb\",\"itemListElement\":[{\"@type\":\"ListItem\",\"position\":1,\"name\":\"In\u00edcio\",\"item\":\"https:\/\/verdadeon.com.br\/portal\/\"},{\"@type\":\"ListItem\",\"position\":2,\"name\":\"Band programa novidades para seu jornalismo\"}]},{\"@type\":\"WebSite\",\"@id\":\"https:\/\/verdadeon.com.br\/portal\/#website\",\"url\":\"https:\/\/verdadeon.com.br\/portal\/\",\"name\":\"VerdadeOn\",\"description\":\"Not\u00edcias di\u00e1rias sobre Franca, Regi\u00e3o, Esporte, Cultura, Cotidiano, Colunas. Cobertura nos principais eventos da cidade \u00e9 aqui - Verdadeon Franca\",\"potentialAction\":[{\"@type\":\"SearchAction\",\"target\":{\"@type\":\"EntryPoint\",\"urlTemplate\":\"https:\/\/verdadeon.com.br\/portal\/?s={search_term_string}\"},\"query-input\":{\"@type\":\"PropertyValueSpecification\",\"valueRequired\":true,\"valueName\":\"search_term_string\"}}],\"inLanguage\":\"pt-BR\"},{\"@type\":\"Person\",\"@id\":\"https:\/\/verdadeon.com.br\/portal\/#\/schema\/person\/a5060ad1e9ea3df545188fc93ce43d2f\",\"name\":\"Redacao VerdadeOn\",\"image\":{\"@type\":\"ImageObject\",\"inLanguage\":\"pt-BR\",\"@id\":\"https:\/\/verdadeon.com.br\/portal\/#\/schema\/person\/image\/\",\"url\":\"https:\/\/secure.gravatar.com\/avatar\/459a9613caaaf07f582c3d0841eea68bdd66f533e465e6ba8b9cb45619572cf4?s=96&d=mm&r=g\",\"contentUrl\":\"https:\/\/secure.gravatar.com\/avatar\/459a9613caaaf07f582c3d0841eea68bdd66f533e465e6ba8b9cb45619572cf4?s=96&d=mm&r=g\",\"caption\":\"Redacao VerdadeOn\"},\"url\":\"https:\/\/verdadeon.com.br\/portal\/author\/redacao\/\"}]}<\/script>\n<!-- \/ Yoast SEO plugin. -->","yoast_head_json":{"title":"Band programa novidades para seu jornalismo - VerdadeOn","robots":{"index":"index","follow":"follow","max-snippet":"max-snippet:-1","max-image-preview":"max-image-preview:large","max-video-preview":"max-video-preview:-1"},"canonical":"https:\/\/verdadeon.com.br\/portal\/2020\/02\/26\/band-programa-novidades-para-seu-jornalismo\/","og_locale":"pt_BR","og_type":"article","og_title":"Band programa novidades para seu jornalismo - VerdadeOn","og_description":"\u00a0Por: Fl\u00e1vio Ricco Colabora\u00e7\u00e3o:\u00a0\u00a0 Jos\u00e9 Carlos Nery O jornalismo da Band, sob a dire\u00e7\u00e3o de Fernando Mitre e Rodolfo Schneider, al\u00e9m de algumas provid\u00eancias que j\u00e1 [\u2026]","og_url":"https:\/\/verdadeon.com.br\/portal\/2020\/02\/26\/band-programa-novidades-para-seu-jornalismo\/","og_site_name":"VerdadeOn","article_published_time":"2020-02-26T10:00:32+00:00","article_modified_time":"2020-02-26T14:47:46+00:00","author":"Redacao VerdadeOn","twitter_card":"summary_large_image","twitter_misc":{"Escrito por":"Redacao VerdadeOn","Est. tempo de leitura":"5 minutos"},"schema":{"@context":"https:\/\/schema.org","@graph":[{"@type":"WebPage","@id":"https:\/\/verdadeon.com.br\/portal\/2020\/02\/26\/band-programa-novidades-para-seu-jornalismo\/","url":"https:\/\/verdadeon.com.br\/portal\/2020\/02\/26\/band-programa-novidades-para-seu-jornalismo\/","name":"Band programa novidades para seu jornalismo - VerdadeOn","isPartOf":{"@id":"https:\/\/verdadeon.com.br\/portal\/#website"},"primaryImageOfPage":{"@id":"https:\/\/verdadeon.com.br\/portal\/2020\/02\/26\/band-programa-novidades-para-seu-jornalismo\/#primaryimage"},"image":{"@id":"https:\/\/verdadeon.com.br\/portal\/2020\/02\/26\/band-programa-novidades-para-seu-jornalismo\/#primaryimage"},"thumbnailUrl":"https:\/\/i0.wp.com\/verdadeon.com.br\/portal\/wp-content\/uploads\/2020\/02\/Guarda-Belo_Pierre-e-Carlos-Alberto-de-Nobre%CC%81ga_Foto-Lourival-Ribeiro_SBT.jpg?fit=2560%2C1707&ssl=1","datePublished":"2020-02-26T10:00:32+00:00","dateModified":"2020-02-26T14:47:46+00:00","author":{"@id":"https:\/\/verdadeon.com.br\/portal\/#\/schema\/person\/a5060ad1e9ea3df545188fc93ce43d2f"},"breadcrumb":{"@id":"https:\/\/verdadeon.com.br\/portal\/2020\/02\/26\/band-programa-novidades-para-seu-jornalismo\/#breadcrumb"},"inLanguage":"pt-BR","potentialAction":[{"@type":"ReadAction","target":["https:\/\/verdadeon.com.br\/portal\/2020\/02\/26\/band-programa-novidades-para-seu-jornalismo\/"]}]},{"@type":"ImageObject","inLanguage":"pt-BR","@id":"https:\/\/verdadeon.com.br\/portal\/2020\/02\/26\/band-programa-novidades-para-seu-jornalismo\/#primaryimage","url":"https:\/\/i0.wp.com\/verdadeon.com.br\/portal\/wp-content\/uploads\/2020\/02\/Guarda-Belo_Pierre-e-Carlos-Alberto-de-Nobre%CC%81ga_Foto-Lourival-Ribeiro_SBT.jpg?fit=2560%2C1707&ssl=1","contentUrl":"https:\/\/i0.wp.com\/verdadeon.com.br\/portal\/wp-content\/uploads\/2020\/02\/Guarda-Belo_Pierre-e-Carlos-Alberto-de-Nobre%CC%81ga_Foto-Lourival-Ribeiro_SBT.jpg?fit=2560%2C1707&ssl=1","width":2560,"height":1707},{"@type":"BreadcrumbList","@id":"https:\/\/verdadeon.com.br\/portal\/2020\/02\/26\/band-programa-novidades-para-seu-jornalismo\/#breadcrumb","itemListElement":[{"@type":"ListItem","position":1,"name":"In\u00edcio","item":"https:\/\/verdadeon.com.br\/portal\/"},{"@type":"ListItem","position":2,"name":"Band programa novidades para seu jornalismo"}]},{"@type":"WebSite","@id":"https:\/\/verdadeon.com.br\/portal\/#website","url":"https:\/\/verdadeon.com.br\/portal\/","name":"VerdadeOn","description":"Not\u00edcias di\u00e1rias sobre Franca, Regi\u00e3o, Esporte, Cultura, Cotidiano, Colunas. Cobertura nos principais eventos da cidade \u00e9 aqui - Verdadeon Franca","potentialAction":[{"@type":"SearchAction","target":{"@type":"EntryPoint","urlTemplate":"https:\/\/verdadeon.com.br\/portal\/?s={search_term_string}"},"query-input":{"@type":"PropertyValueSpecification","valueRequired":true,"valueName":"search_term_string"}}],"inLanguage":"pt-BR"},{"@type":"Person","@id":"https:\/\/verdadeon.com.br\/portal\/#\/schema\/person\/a5060ad1e9ea3df545188fc93ce43d2f","name":"Redacao VerdadeOn","image":{"@type":"ImageObject","inLanguage":"pt-BR","@id":"https:\/\/verdadeon.com.br\/portal\/#\/schema\/person\/image\/","url":"https:\/\/secure.gravatar.com\/avatar\/459a9613caaaf07f582c3d0841eea68bdd66f533e465e6ba8b9cb45619572cf4?s=96&d=mm&r=g","contentUrl":"https:\/\/secure.gravatar.com\/avatar\/459a9613caaaf07f582c3d0841eea68bdd66f533e465e6ba8b9cb45619572cf4?s=96&d=mm&r=g","caption":"Redacao VerdadeOn"},"url":"https:\/\/verdadeon.com.br\/portal\/author\/redacao\/"}]}},"jetpack_publicize_connections":[],"jetpack_featured_media_url":"https:\/\/i0.wp.com\/verdadeon.com.br\/portal\/wp-content\/uploads\/2020\/02\/Guarda-Belo_Pierre-e-Carlos-Alberto-de-Nobre%CC%81ga_Foto-Lourival-Ribeiro_SBT.jpg?fit=2560%2C1707&ssl=1","jetpack_sharing_enabled":true,"_links":{"self":[{"href":"https:\/\/verdadeon.com.br\/portal\/wp-json\/wp\/v2\/posts\/4248","targetHints":{"allow":["GET"]}}],"collection":[{"href":"https:\/\/verdadeon.com.br\/portal\/wp-json\/wp\/v2\/posts"}],"about":[{"href":"https:\/\/verdadeon.com.br\/portal\/wp-json\/wp\/v2\/types\/post"}],"author":[{"embeddable":true,"href":"https:\/\/verdadeon.com.br\/portal\/wp-json\/wp\/v2\/users\/10"}],"replies":[{"embeddable":true,"href":"https:\/\/verdadeon.com.br\/portal\/wp-json\/wp\/v2\/comments?post=4248"}],"version-history":[{"count":0,"href":"https:\/\/verdadeon.com.br\/portal\/wp-json\/wp\/v2\/posts\/4248\/revisions"}],"wp:featuredmedia":[{"embeddable":true,"href":"https:\/\/verdadeon.com.br\/portal\/wp-json\/wp\/v2\/media\/4250"}],"wp:attachment":[{"href":"https:\/\/verdadeon.com.br\/portal\/wp-json\/wp\/v2\/media?parent=4248"}],"wp:term":[{"taxonomy":"category","embeddable":true,"href":"https:\/\/verdadeon.com.br\/portal\/wp-json\/wp\/v2\/categories?post=4248"},{"taxonomy":"post_tag","embeddable":true,"href":"https:\/\/verdadeon.com.br\/portal\/wp-json\/wp\/v2\/tags?post=4248"}],"curies":[{"name":"wp","href":"https:\/\/api.w.org\/{rel}","templated":true}]}}