{"id":4244,"date":"2020-02-26T11:41:51","date_gmt":"2020-02-26T14:41:51","guid":{"rendered":"http:\/\/verdadeon.com.br\/portal\/?p=4244"},"modified":"2020-02-26T11:41:51","modified_gmt":"2020-02-26T14:41:51","slug":"trio-e-preso-em-franca-apos-assalto-em-padaria-e-residencia","status":"publish","type":"post","link":"https:\/\/verdadeon.com.br\/portal\/2020\/02\/26\/trio-e-preso-em-franca-apos-assalto-em-padaria-e-residencia\/","title":{"rendered":"Trio \u00e9 preso em Franca ap\u00f3s assalto em padaria e resid\u00eancia"},"content":{"rendered":"<h2>Entre eles estava uma menor de idade<\/h2>\n<p>&nbsp;<\/p>\n<p>Dois homens foram presos e uma adolescente de 17 anos apreendida na madrugada desta quarta-feira (26), no residencial Amazonas em Franca. Eles assaltaram uma padaria na zona sul da cidade e ap\u00f3s roubaram uma casa em Cristais Paulista.<br \/>\nSegundo a Pol\u00edcia Militar, os criminosos invadiram a padaria na avenida dos Sapateiros, renderam uma funcion\u00e1ria e levaram todo o dinheiro que estava no caixa, bebidas e cigarros.<br \/>\nAp\u00f3s a a\u00e7\u00e3o eles seguiram para Cristais Paulista. No munic\u00edpio vizinho, os ladr\u00f5es invadiram uma casa, renderam o propriet\u00e1rio que foi amarrado e trancado em um dos quartos. Foram levadas bijuterias, televisores, um notebook e dois ve\u00edculos.<br \/>\nA pol\u00edcia foi acionada e conseguiu localizar os carros onde os suspeitos estavam na rodovia C\u00e2ndido Portinari. Um deles abandonou o ve\u00edculo corsa, disparou contra os militares e conseguiu fugir. J\u00e1 os ocupantes da caminhonete foram encontrados em um apartamento do residencial Amazonas. No local estavam os produtos roubados, dois rev\u00f3lveres calibre 38, sendo que um deles era de brinquedo. O trio foi encaminhado para a delegacia, eles foram ouvidos e ap\u00f3s recolhidos ao Sistema Prisional de Franca.<\/p>\n","protected":false},"excerpt":{"rendered":"<p>Entre eles estava uma menor de idade &nbsp; Dois homens foram presos e uma adolescente de 17 anos apreendida na madrugada desta quarta-feira (26), no residencial<span class=\"excerpt-hellip\"> [\u2026]<\/span><\/p>\n","protected":false},"author":10,"featured_media":4245,"comment_status":"open","ping_status":"open","sticky":false,"template":"","format":"standard","meta":{"_jetpack_memberships_contains_paid_content":false,"footnotes":"","jetpack_publicize_message":"","jetpack_publicize_feature_enabled":true,"jetpack_social_post_already_shared":false,"jetpack_social_options":{"image_generator_settings":{"template":"highway","default_image_id":0,"enabled":false},"version":2}},"categories":[28,81],"tags":[],"class_list":["post-4244","post","type-post","status-publish","format-standard","has-post-thumbnail","hentry","category-cotidiano","category-manchete"],"yoast_head":"<!-- This site is optimized with the Yoast SEO plugin v25.6 - https:\/\/yoast.com\/wordpress\/plugins\/seo\/ -->\n<title>Trio \u00e9 preso em Franca ap\u00f3s assalto em padaria e resid\u00eancia - VerdadeOn<\/title>\n<meta name=\"robots\" content=\"index, follow, max-snippet:-1, max-image-preview:large, max-video-preview:-1\" \/>\n<link rel=\"canonical\" href=\"https:\/\/verdadeon.com.br\/portal\/2020\/02\/26\/trio-e-preso-em-franca-apos-assalto-em-padaria-e-residencia\/\" \/>\n<meta property=\"og:locale\" content=\"pt_BR\" \/>\n<meta property=\"og:type\" content=\"article\" \/>\n<meta property=\"og:title\" content=\"Trio \u00e9 preso em Franca ap\u00f3s assalto em padaria e resid\u00eancia - VerdadeOn\" \/>\n<meta property=\"og:description\" content=\"Entre eles estava uma menor de idade &nbsp; Dois homens foram presos e uma adolescente de 17 anos apreendida na madrugada desta quarta-feira (26), no residencial [\u2026]\" \/>\n<meta property=\"og:url\" content=\"https:\/\/verdadeon.com.br\/portal\/2020\/02\/26\/trio-e-preso-em-franca-apos-assalto-em-padaria-e-residencia\/\" \/>\n<meta property=\"og:site_name\" content=\"VerdadeOn\" \/>\n<meta property=\"article:published_time\" content=\"2020-02-26T14:41:51+00:00\" \/>\n<meta property=\"og:image\" content=\"https:\/\/verdadeon.com.br\/portal\/wp-content\/uploads\/2020\/02\/WhatsApp-Image-2020-02-26-at-11.30.10.jpeg\" \/>\n\t<meta property=\"og:image:width\" content=\"802\" \/>\n\t<meta property=\"og:image:height\" content=\"535\" \/>\n\t<meta property=\"og:image:type\" content=\"image\/jpeg\" \/>\n<meta name=\"author\" content=\"Redacao VerdadeOn\" \/>\n<meta name=\"twitter:card\" content=\"summary_large_image\" \/>\n<meta name=\"twitter:label1\" content=\"Escrito por\" \/>\n\t<meta name=\"twitter:data1\" content=\"Redacao VerdadeOn\" \/>\n\t<meta name=\"twitter:label2\" content=\"Est. tempo de leitura\" \/>\n\t<meta name=\"twitter:data2\" content=\"1 minuto\" \/>\n<script type=\"application\/ld+json\" class=\"yoast-schema-graph\">{\"@context\":\"https:\/\/schema.org\",\"@graph\":[{\"@type\":\"WebPage\",\"@id\":\"https:\/\/verdadeon.com.br\/portal\/2020\/02\/26\/trio-e-preso-em-franca-apos-assalto-em-padaria-e-residencia\/\",\"url\":\"https:\/\/verdadeon.com.br\/portal\/2020\/02\/26\/trio-e-preso-em-franca-apos-assalto-em-padaria-e-residencia\/\",\"name\":\"Trio \u00e9 preso em Franca ap\u00f3s assalto em padaria e resid\u00eancia - VerdadeOn\",\"isPartOf\":{\"@id\":\"https:\/\/verdadeon.com.br\/portal\/#website\"},\"primaryImageOfPage\":{\"@id\":\"https:\/\/verdadeon.com.br\/portal\/2020\/02\/26\/trio-e-preso-em-franca-apos-assalto-em-padaria-e-residencia\/#primaryimage\"},\"image\":{\"@id\":\"https:\/\/verdadeon.com.br\/portal\/2020\/02\/26\/trio-e-preso-em-franca-apos-assalto-em-padaria-e-residencia\/#primaryimage\"},\"thumbnailUrl\":\"https:\/\/i0.wp.com\/verdadeon.com.br\/portal\/wp-content\/uploads\/2020\/02\/WhatsApp-Image-2020-02-26-at-11.30.10.jpeg?fit=802%2C535&ssl=1\",\"datePublished\":\"2020-02-26T14:41:51+00:00\",\"author\":{\"@id\":\"https:\/\/verdadeon.com.br\/portal\/#\/schema\/person\/a5060ad1e9ea3df545188fc93ce43d2f\"},\"breadcrumb\":{\"@id\":\"https:\/\/verdadeon.com.br\/portal\/2020\/02\/26\/trio-e-preso-em-franca-apos-assalto-em-padaria-e-residencia\/#breadcrumb\"},\"inLanguage\":\"pt-BR\",\"potentialAction\":[{\"@type\":\"ReadAction\",\"target\":[\"https:\/\/verdadeon.com.br\/portal\/2020\/02\/26\/trio-e-preso-em-franca-apos-assalto-em-padaria-e-residencia\/\"]}]},{\"@type\":\"ImageObject\",\"inLanguage\":\"pt-BR\",\"@id\":\"https:\/\/verdadeon.com.br\/portal\/2020\/02\/26\/trio-e-preso-em-franca-apos-assalto-em-padaria-e-residencia\/#primaryimage\",\"url\":\"https:\/\/i0.wp.com\/verdadeon.com.br\/portal\/wp-content\/uploads\/2020\/02\/WhatsApp-Image-2020-02-26-at-11.30.10.jpeg?fit=802%2C535&ssl=1\",\"contentUrl\":\"https:\/\/i0.wp.com\/verdadeon.com.br\/portal\/wp-content\/uploads\/2020\/02\/WhatsApp-Image-2020-02-26-at-11.30.10.jpeg?fit=802%2C535&ssl=1\",\"width\":802,\"height\":535,\"caption\":\"Trio foi levado para o Plant\u00e3o Policial, onde foram ouvidos e ap\u00f3s recolhidos ao Sistema Prisional de Franca\"},{\"@type\":\"BreadcrumbList\",\"@id\":\"https:\/\/verdadeon.com.br\/portal\/2020\/02\/26\/trio-e-preso-em-franca-apos-assalto-em-padaria-e-residencia\/#breadcrumb\",\"itemListElement\":[{\"@type\":\"ListItem\",\"position\":1,\"name\":\"In\u00edcio\",\"item\":\"https:\/\/verdadeon.com.br\/portal\/\"},{\"@type\":\"ListItem\",\"position\":2,\"name\":\"Trio \u00e9 preso em Franca ap\u00f3s assalto em padaria e resid\u00eancia\"}]},{\"@type\":\"WebSite\",\"@id\":\"https:\/\/verdadeon.com.br\/portal\/#website\",\"url\":\"https:\/\/verdadeon.com.br\/portal\/\",\"name\":\"VerdadeOn\",\"description\":\"Not\u00edcias di\u00e1rias sobre Franca, Regi\u00e3o, Esporte, Cultura, Cotidiano, Colunas. Cobertura nos principais eventos da cidade \u00e9 aqui - Verdadeon Franca\",\"potentialAction\":[{\"@type\":\"SearchAction\",\"target\":{\"@type\":\"EntryPoint\",\"urlTemplate\":\"https:\/\/verdadeon.com.br\/portal\/?s={search_term_string}\"},\"query-input\":{\"@type\":\"PropertyValueSpecification\",\"valueRequired\":true,\"valueName\":\"search_term_string\"}}],\"inLanguage\":\"pt-BR\"},{\"@type\":\"Person\",\"@id\":\"https:\/\/verdadeon.com.br\/portal\/#\/schema\/person\/a5060ad1e9ea3df545188fc93ce43d2f\",\"name\":\"Redacao VerdadeOn\",\"image\":{\"@type\":\"ImageObject\",\"inLanguage\":\"pt-BR\",\"@id\":\"https:\/\/verdadeon.com.br\/portal\/#\/schema\/person\/image\/\",\"url\":\"https:\/\/secure.gravatar.com\/avatar\/459a9613caaaf07f582c3d0841eea68bdd66f533e465e6ba8b9cb45619572cf4?s=96&d=mm&r=g\",\"contentUrl\":\"https:\/\/secure.gravatar.com\/avatar\/459a9613caaaf07f582c3d0841eea68bdd66f533e465e6ba8b9cb45619572cf4?s=96&d=mm&r=g\",\"caption\":\"Redacao VerdadeOn\"},\"url\":\"https:\/\/verdadeon.com.br\/portal\/author\/redacao\/\"}]}<\/script>\n<!-- \/ Yoast SEO plugin. -->","yoast_head_json":{"title":"Trio \u00e9 preso em Franca ap\u00f3s assalto em padaria e resid\u00eancia - VerdadeOn","robots":{"index":"index","follow":"follow","max-snippet":"max-snippet:-1","max-image-preview":"max-image-preview:large","max-video-preview":"max-video-preview:-1"},"canonical":"https:\/\/verdadeon.com.br\/portal\/2020\/02\/26\/trio-e-preso-em-franca-apos-assalto-em-padaria-e-residencia\/","og_locale":"pt_BR","og_type":"article","og_title":"Trio \u00e9 preso em Franca ap\u00f3s assalto em padaria e resid\u00eancia - VerdadeOn","og_description":"Entre eles estava uma menor de idade &nbsp; Dois homens foram presos e uma adolescente de 17 anos apreendida na madrugada desta quarta-feira (26), no residencial [\u2026]","og_url":"https:\/\/verdadeon.com.br\/portal\/2020\/02\/26\/trio-e-preso-em-franca-apos-assalto-em-padaria-e-residencia\/","og_site_name":"VerdadeOn","article_published_time":"2020-02-26T14:41:51+00:00","og_image":[{"width":802,"height":535,"url":"https:\/\/verdadeon.com.br\/portal\/wp-content\/uploads\/2020\/02\/WhatsApp-Image-2020-02-26-at-11.30.10.jpeg","type":"image\/jpeg"}],"author":"Redacao VerdadeOn","twitter_card":"summary_large_image","twitter_misc":{"Escrito por":"Redacao VerdadeOn","Est. tempo de leitura":"1 minuto"},"schema":{"@context":"https:\/\/schema.org","@graph":[{"@type":"WebPage","@id":"https:\/\/verdadeon.com.br\/portal\/2020\/02\/26\/trio-e-preso-em-franca-apos-assalto-em-padaria-e-residencia\/","url":"https:\/\/verdadeon.com.br\/portal\/2020\/02\/26\/trio-e-preso-em-franca-apos-assalto-em-padaria-e-residencia\/","name":"Trio \u00e9 preso em Franca ap\u00f3s assalto em padaria e resid\u00eancia - VerdadeOn","isPartOf":{"@id":"https:\/\/verdadeon.com.br\/portal\/#website"},"primaryImageOfPage":{"@id":"https:\/\/verdadeon.com.br\/portal\/2020\/02\/26\/trio-e-preso-em-franca-apos-assalto-em-padaria-e-residencia\/#primaryimage"},"image":{"@id":"https:\/\/verdadeon.com.br\/portal\/2020\/02\/26\/trio-e-preso-em-franca-apos-assalto-em-padaria-e-residencia\/#primaryimage"},"thumbnailUrl":"https:\/\/i0.wp.com\/verdadeon.com.br\/portal\/wp-content\/uploads\/2020\/02\/WhatsApp-Image-2020-02-26-at-11.30.10.jpeg?fit=802%2C535&ssl=1","datePublished":"2020-02-26T14:41:51+00:00","author":{"@id":"https:\/\/verdadeon.com.br\/portal\/#\/schema\/person\/a5060ad1e9ea3df545188fc93ce43d2f"},"breadcrumb":{"@id":"https:\/\/verdadeon.com.br\/portal\/2020\/02\/26\/trio-e-preso-em-franca-apos-assalto-em-padaria-e-residencia\/#breadcrumb"},"inLanguage":"pt-BR","potentialAction":[{"@type":"ReadAction","target":["https:\/\/verdadeon.com.br\/portal\/2020\/02\/26\/trio-e-preso-em-franca-apos-assalto-em-padaria-e-residencia\/"]}]},{"@type":"ImageObject","inLanguage":"pt-BR","@id":"https:\/\/verdadeon.com.br\/portal\/2020\/02\/26\/trio-e-preso-em-franca-apos-assalto-em-padaria-e-residencia\/#primaryimage","url":"https:\/\/i0.wp.com\/verdadeon.com.br\/portal\/wp-content\/uploads\/2020\/02\/WhatsApp-Image-2020-02-26-at-11.30.10.jpeg?fit=802%2C535&ssl=1","contentUrl":"https:\/\/i0.wp.com\/verdadeon.com.br\/portal\/wp-content\/uploads\/2020\/02\/WhatsApp-Image-2020-02-26-at-11.30.10.jpeg?fit=802%2C535&ssl=1","width":802,"height":535,"caption":"Trio foi levado para o Plant\u00e3o Policial, onde foram ouvidos e ap\u00f3s recolhidos ao Sistema Prisional de Franca"},{"@type":"BreadcrumbList","@id":"https:\/\/verdadeon.com.br\/portal\/2020\/02\/26\/trio-e-preso-em-franca-apos-assalto-em-padaria-e-residencia\/#breadcrumb","itemListElement":[{"@type":"ListItem","position":1,"name":"In\u00edcio","item":"https:\/\/verdadeon.com.br\/portal\/"},{"@type":"ListItem","position":2,"name":"Trio \u00e9 preso em Franca ap\u00f3s assalto em padaria e resid\u00eancia"}]},{"@type":"WebSite","@id":"https:\/\/verdadeon.com.br\/portal\/#website","url":"https:\/\/verdadeon.com.br\/portal\/","name":"VerdadeOn","description":"Not\u00edcias di\u00e1rias sobre Franca, Regi\u00e3o, Esporte, Cultura, Cotidiano, Colunas. Cobertura nos principais eventos da cidade \u00e9 aqui - Verdadeon Franca","potentialAction":[{"@type":"SearchAction","target":{"@type":"EntryPoint","urlTemplate":"https:\/\/verdadeon.com.br\/portal\/?s={search_term_string}"},"query-input":{"@type":"PropertyValueSpecification","valueRequired":true,"valueName":"search_term_string"}}],"inLanguage":"pt-BR"},{"@type":"Person","@id":"https:\/\/verdadeon.com.br\/portal\/#\/schema\/person\/a5060ad1e9ea3df545188fc93ce43d2f","name":"Redacao VerdadeOn","image":{"@type":"ImageObject","inLanguage":"pt-BR","@id":"https:\/\/verdadeon.com.br\/portal\/#\/schema\/person\/image\/","url":"https:\/\/secure.gravatar.com\/avatar\/459a9613caaaf07f582c3d0841eea68bdd66f533e465e6ba8b9cb45619572cf4?s=96&d=mm&r=g","contentUrl":"https:\/\/secure.gravatar.com\/avatar\/459a9613caaaf07f582c3d0841eea68bdd66f533e465e6ba8b9cb45619572cf4?s=96&d=mm&r=g","caption":"Redacao VerdadeOn"},"url":"https:\/\/verdadeon.com.br\/portal\/author\/redacao\/"}]}},"jetpack_publicize_connections":[],"jetpack_featured_media_url":"https:\/\/i0.wp.com\/verdadeon.com.br\/portal\/wp-content\/uploads\/2020\/02\/WhatsApp-Image-2020-02-26-at-11.30.10.jpeg?fit=802%2C535&ssl=1","jetpack_sharing_enabled":true,"_links":{"self":[{"href":"https:\/\/verdadeon.com.br\/portal\/wp-json\/wp\/v2\/posts\/4244","targetHints":{"allow":["GET"]}}],"collection":[{"href":"https:\/\/verdadeon.com.br\/portal\/wp-json\/wp\/v2\/posts"}],"about":[{"href":"https:\/\/verdadeon.com.br\/portal\/wp-json\/wp\/v2\/types\/post"}],"author":[{"embeddable":true,"href":"https:\/\/verdadeon.com.br\/portal\/wp-json\/wp\/v2\/users\/10"}],"replies":[{"embeddable":true,"href":"https:\/\/verdadeon.com.br\/portal\/wp-json\/wp\/v2\/comments?post=4244"}],"version-history":[{"count":0,"href":"https:\/\/verdadeon.com.br\/portal\/wp-json\/wp\/v2\/posts\/4244\/revisions"}],"wp:featuredmedia":[{"embeddable":true,"href":"https:\/\/verdadeon.com.br\/portal\/wp-json\/wp\/v2\/media\/4245"}],"wp:attachment":[{"href":"https:\/\/verdadeon.com.br\/portal\/wp-json\/wp\/v2\/media?parent=4244"}],"wp:term":[{"taxonomy":"category","embeddable":true,"href":"https:\/\/verdadeon.com.br\/portal\/wp-json\/wp\/v2\/categories?post=4244"},{"taxonomy":"post_tag","embeddable":true,"href":"https:\/\/verdadeon.com.br\/portal\/wp-json\/wp\/v2\/tags?post=4244"}],"curies":[{"name":"wp","href":"https:\/\/api.w.org\/{rel}","templated":true}]}}