{"id":4238,"date":"2020-02-25T07:00:07","date_gmt":"2020-02-25T10:00:07","guid":{"rendered":"http:\/\/verdadeon.com.br\/portal\/?p=4238"},"modified":"2020-02-25T13:57:11","modified_gmt":"2020-02-25T16:57:11","slug":"o-que-vale-a-pena-ver-de-novo-depois-de-avenida-brasil","status":"publish","type":"post","link":"https:\/\/verdadeon.com.br\/portal\/2020\/02\/25\/o-que-vale-a-pena-ver-de-novo-depois-de-avenida-brasil\/","title":{"rendered":"O que vale a pena ver de novo depois de Avenida Brasil?"},"content":{"rendered":"<p style=\"font-weight: 400;\">\u00a0Por:\u00a0 \u00a0Fl\u00e1vio Ricco<\/p>\n<p style=\"font-weight: 400;\">\u00a0Colabora\u00e7\u00e3o:\u00a0 Jos\u00e9 Carlos Nery<\/p>\n<p>&nbsp;<\/p>\n<p style=\"font-weight: 400;\">\u201cAvenida Brasil\u201d ser\u00e1 apresentada at\u00e9 abril nas tardes da Globo. Mas, e depois, o que vale a pena ver de novo? Cada um certamente tem o desejo de rever um grande sucesso, uma produ\u00e7\u00e3o marcante.<\/p>\n<p style=\"font-weight: 400;\">Oficialmente, a emissora ainda n\u00e3o revela o nome da trama que ocupar\u00e1 o hor\u00e1rio, mas isso tamb\u00e9m n\u00e3o quer dizer que n\u00e3o esteja escolhida.<\/p>\n<p style=\"font-weight: 400;\">Faz parte da estrat\u00e9gia esconder o jogo, at\u00e9 para n\u00e3o tirar o foco da novela atual, \u201cAvenida\u201d, que est\u00e1 bombando em audi\u00eancia e nas redes sociais.<\/p>\n<p style=\"font-weight: 400;\">O que se pode afirmar \u00e9 que h\u00e1 uma lista enorme de poss\u00edveis candidatos ao hor\u00e1rio.<\/p>\n<p style=\"font-weight: 400;\">Liderando a fila encontra-se \u201c\u00cata Mundo Bom!\u201d(2016), escrita por Walcyr Carrasco, com Elizabeth Savala, S\u00e9rgio Guiz\u00e9, D\u00e9bora Nascimento, Fl\u00e1via Alessandra, Bianca Bin, Camila Queiroz&#8230;; \u201cAmor \u00e0 Vida\u201d(2013), tamb\u00e9m de Carrasco, com Ant\u00f4nio Fagundes, Paolla Oliveira, Malvino Salvador, Mateus Solano, Vanessa Gi\u00e1como&#8230;, e \u201cA Favorita\u201d(2008), de Jo\u00e3o Emanuel Carneiro, protagonizada por Cl\u00e1udia Raia e Patr\u00edcia Pillar.<\/p>\n<p style=\"font-weight: 400;\">Quem sabe, tamb\u00e9m, n\u00e3o possa aparecer um sucesso de Benedito Ruy Barbosa ou Walther Negr\u00e3o?<\/p>\n<p style=\"font-weight: 400;\">O fato \u00e9 que o \u201cVale a Pena Ver de Novo\u201d, com \u201cPor Amor\u201d antes e \u201cAvenida Brasil\u201d agora, est\u00e1 embalado. E a Globo n\u00e3o pode errar na escolha da sua pr\u00f3xima atra\u00e7\u00e3o.<\/p>\n<p style=\"font-weight: 400;\">\n<h2 style=\"font-weight: 400;\">TV Tudo<\/h2>\n<p style=\"font-weight: 400;\">\n<p style=\"font-weight: 400;\"><strong>Infantil<\/strong><\/p>\n<p style=\"font-weight: 400;\">O canal Gloob promove dia 2 de mar\u00e7o a estreia da terceira temporada da s\u00e9rie \u201cEscola de G\u00eanios\u201d. Na produ\u00e7\u00e3o, Kaik Pereira interpreta Isaac, o protagonista.<\/p>\n<p style=\"font-weight: 400;\">\u201cEscola\u201d tamb\u00e9m \u00e9 um grande sucesso de vendas, distribu\u00edda para mais de 30 pa\u00edses.<\/p>\n<p><img data-recalc-dims=\"1\" loading=\"lazy\" decoding=\"async\" class=\"alignnone  wp-image-4239\" src=\"https:\/\/i0.wp.com\/verdadeon.com.br\/portal\/wp-content\/uploads\/2020\/02\/Kaik-Pereira-Escola-de-Ge%CC%82nios-Gloob-169x300.jpg?resize=426%2C756\" alt=\"\" width=\"426\" height=\"756\" srcset=\"https:\/\/i0.wp.com\/verdadeon.com.br\/portal\/wp-content\/uploads\/2020\/02\/Kaik-Pereira-Escola-de-Ge%CC%82nios-Gloob.jpg?resize=169%2C300&amp;ssl=1 169w, https:\/\/i0.wp.com\/verdadeon.com.br\/portal\/wp-content\/uploads\/2020\/02\/Kaik-Pereira-Escola-de-Ge%CC%82nios-Gloob.jpg?resize=576%2C1024&amp;ssl=1 576w, https:\/\/i0.wp.com\/verdadeon.com.br\/portal\/wp-content\/uploads\/2020\/02\/Kaik-Pereira-Escola-de-Ge%CC%82nios-Gloob.jpg?resize=82%2C146&amp;ssl=1 82w, https:\/\/i0.wp.com\/verdadeon.com.br\/portal\/wp-content\/uploads\/2020\/02\/Kaik-Pereira-Escola-de-Ge%CC%82nios-Gloob.jpg?resize=28%2C50&amp;ssl=1 28w, https:\/\/i0.wp.com\/verdadeon.com.br\/portal\/wp-content\/uploads\/2020\/02\/Kaik-Pereira-Escola-de-Ge%CC%82nios-Gloob.jpg?resize=42%2C75&amp;ssl=1 42w\" sizes=\"auto, (max-width: 426px) 100vw, 426px\" \/><\/p>\n<p style=\"font-weight: 400;\">(Ator Kaik Pereira \u2013 cr\u00e9dito Divulga\u00e7\u00e3o)<\/p>\n<p style=\"font-weight: 400;\">\n<p style=\"font-weight: 400;\"><strong>Negociando<\/strong><\/p>\n<p style=\"font-weight: 400;\">Monique Alfradique est\u00e1 em negocia\u00e7\u00e3o avan\u00e7ada para integrar o elenco de \u201cCasa Para\u00edso\u201d, nova s\u00e9rie de Leandro Hassum que estreia ainda este ano no Multishow.<\/p>\n<p style=\"font-weight: 400;\">A atriz viver\u00e1 a personagem Manu, que seria de Viviane Ara\u00fajo.<\/p>\n<p style=\"font-weight: 400;\">Como antecipado, Viviane deixou o elenco para se dedicar a \u201cMal Secreto\u201d, nova s\u00e9rie da Globoplay.<\/p>\n<p style=\"font-weight: 400;\">\n<p style=\"font-weight: 400;\"><strong>Nova grade<\/strong><\/p>\n<p style=\"font-weight: 400;\">O BandNews, canal de not\u00edcias do Grupo Band, vai promover\u00a0uma s\u00e9rie de estreias a partir de mar\u00e7o. No mesmo m\u00eas, a CNN Brasil iniciar\u00e1 suas transmiss\u00f5es e a ordem, do lado da Band, tamb\u00e9m \u00e9 mostrar servi\u00e7o.<\/p>\n<p style=\"font-weight: 400;\">\n<p style=\"font-weight: 400;\"><strong>No time<\/strong><\/p>\n<p style=\"font-weight: 400;\">Eduardo Oinegue, \u00e2ncora do \u201cJornal da Band\u201d, comandar\u00e1 um programa nessa nova fase do BandNews. O projeto ainda est\u00e1 sendo formatado e ter\u00e1 a Justi\u00e7a como foco.<\/p>\n<p style=\"font-weight: 400;\">\n<p style=\"font-weight: 400;\"><strong>Reencontro<\/strong><\/p>\n<p style=\"font-weight: 400;\">Desde 2015, quando fizeram a novela \u201cA Regra do Jogo\u201d,\u00a0 Renata Sorrah, Giovanna Antonelli e Vanessa Gi\u00e1como n\u00e3o dividiam um set de grava\u00e7\u00f5es. Elas voltaram a se encontrar em \u201cFilhas de Eva\u201d, nova s\u00e9rie da Globo que acaba de encerrar a fase de grava\u00e7\u00f5es.<\/p>\n<p style=\"font-weight: 400;\">\n<p style=\"font-weight: 400;\"><strong>A obra<\/strong><\/p>\n<p style=\"font-weight: 400;\">\u201cFilhas de Eva\u201d aborda rela\u00e7\u00f5es entre as pessoas em sua ess\u00eancia: destinos que se cruzam, decis\u00f5es que geram transforma\u00e7\u00f5es em cada personagem e seus desdobramentos que alteram os caminhos de todos na trama. Cerca de 70% das cenas foram gravadas em externas e as demais, nos Est\u00fadios Globo.<\/p>\n<p style=\"font-weight: 400;\">\n<p style=\"font-weight: 400;\"><strong>Outros nomes<\/strong><\/p>\n<p style=\"font-weight: 400;\">Com atores da televis\u00e3o e do teatro, o elenco de \u201cFilhas de Eva\u201d re\u00fane ainda Erom Cordeiro, Marcos Veras, Analu Prestes, Cec\u00edlia Homem de Melo, entre outros. A dire\u00e7\u00e3o \u00e9 de Leonardo Nogueira.<\/p>\n<div id=\"attachment_4240\" style=\"width: 693px\" class=\"wp-caption alignnone\"><img data-recalc-dims=\"1\" loading=\"lazy\" decoding=\"async\" aria-describedby=\"caption-attachment-4240\" class=\" wp-image-4240\" src=\"https:\/\/i0.wp.com\/verdadeon.com.br\/portal\/wp-content\/uploads\/2020\/02\/Giovanna-Renata-e-Vanessa-Filhas-de-Eva-300x200.jpg?resize=683%2C455\" alt=\"\" width=\"683\" height=\"455\" \/><p id=\"caption-attachment-4240\" class=\"wp-caption-text\">Cap 100 \u2013 Cena 03 \u2013 Stella ( Renata Sorrah ) \u2013 L\u00edvia ( Giovanna Antonelli ) &#8211; Cl\u00e9o ( Vanessa Gi\u00e1como ). (Cr\u00e9dito Estevam Avellar \/ TV Globo)<\/p><\/div>\n<p>&nbsp;<\/p>\n<p style=\"font-weight: 400;\"><strong>Internet<\/strong><\/p>\n<p style=\"font-weight: 400;\">J\u00e1 est\u00e1 dispon\u00edvel no Discovery.com a s\u00e9rie \u201cS.O.S. Animal\u201d, um docu-reality que segue as miss\u00f5es de duas profissionais que n\u00e3o t\u00eam medo de enfrentar os desafios mais dif\u00edceis para salvar a vida dos animais. Carla S\u00e1ssi, bombeira civil e veterin\u00e1ria, e Am\u00e9lia Oliveira, veterin\u00e1ria, v\u00e3o at\u00e9 locais de grandes trag\u00e9dias ambientais e lugares onde h\u00e1 maus- tratos, focando em resgates complexos.<\/p>\n<p style=\"font-weight: 400;\">S\u00e3o dez epis\u00f3dios de quatro minutos cada.<\/p>\n<p style=\"font-weight: 400;\">\n<p style=\"font-weight: 400;\"><strong>Trilogia<\/strong><\/p>\n<p style=\"font-weight: 400;\">Em 12 de mar\u00e7o chega aos cinemas a com\u00e9dia\u00a0<strong>\u201cSolteira Quase Surtando\u201d, movimentando Mina Nercessian, Stepan Nercessian, Leandro Lima, Let\u00edcia Birkheuer<\/strong><strong>,<\/strong>\u00a0Rafael Infante, Dani Valente, Lui Mendes, William Vita, Beth Zalcman e Tuna Dwek. Dire\u00e7\u00e3o de Caco Souza.<\/p>\n<p style=\"font-weight: 400;\">E a ideia \u00e9 produzir tamb\u00e9m \u201cCasada Quase Surtando\u201d e \u201cDesquitada Quase Surtando\u201d.<\/p>\n<p style=\"font-weight: 400;\">\n<p style=\"font-weight: 400;\"><strong>Aviso de embarque<\/strong><\/p>\n<p style=\"font-weight: 400;\">Oliveira Andrade, \u00c1lvaro Jos\u00e9 e Elia Junior est\u00e3o na lista de profissionais do BandSports que trabalhar\u00e3o na Olimp\u00edada diretamente do Jap\u00e3o.<\/p>\n<p style=\"font-weight: 400;\">O canal dever\u00e1 enviar para os jogos cerca de 30 pessoas. Detalhes como voos, hospedagem e uniforme j\u00e1 est\u00e3o todos definidos.<\/p>\n<p style=\"font-weight: 400;\">\n<p style=\"font-weight: 400;\"><strong>Nata\u00e7\u00e3o<\/strong><\/p>\n<p style=\"font-weight: 400;\">Ricardo Prado, considerado um de nossos maiores nadadores, tamb\u00e9m fechou com o BandSports para a Olimp\u00edada.<\/p>\n<p style=\"font-weight: 400;\">Ele se junta a Andr\u00e9 Domingos, Fof\u00e3o, Marcelo Negr\u00e3o, Daniele Hyp\u00f3lito, entre outros.<\/p>\n<p style=\"font-weight: 400;\">\n<p style=\"font-weight: 400;\"><strong>Derruba tudo<\/strong><\/p>\n<p style=\"font-weight: 400;\">Durante o per\u00edodo da Olimp\u00edada, o BandSports vai respirar o evento 24h por dia.<\/p>\n<p style=\"font-weight: 400;\">Tanto assim que toda a grade atual do canal ser\u00e1 \u201cderrubada\u201d para priorizar os jogos.<\/p>\n<p style=\"font-weight: 400;\">\n<p style=\"font-weight: 400;\"><strong>Continua<\/strong><\/p>\n<p style=\"font-weight: 400;\">Na pr\u00f3xima temporada da s\u00e9rie \u201cSegunda Chamada\u201d, que estreia em abril na Globo, Thalita Carauta e Hermila Guedes voltam a interpretar as amigas e professoras Eliete e S\u00f4nia.<\/p>\n<p style=\"font-weight: 400;\">A produ\u00e7\u00e3o tamb\u00e9m ter\u00e1 um novo elenco, com destaque para a chegada de Moacyr Franco e \u00c2ngelo Ant\u00f4nio.<\/p>\n<p style=\"font-weight: 400;\">\n<div id=\"attachment_4241\" style=\"width: 631px\" class=\"wp-caption alignnone\"><img data-recalc-dims=\"1\" loading=\"lazy\" decoding=\"async\" aria-describedby=\"caption-attachment-4241\" class=\" wp-image-4241\" src=\"https:\/\/i0.wp.com\/verdadeon.com.br\/portal\/wp-content\/uploads\/2020\/02\/Thalita-Carauta-e-Hermila-Guedes-Segunda-Chamada-200x300.jpg?resize=621%2C932\" alt=\"\" width=\"621\" height=\"932\" \/><p id=\"caption-attachment-4241\" class=\"wp-caption-text\">Eliete ( Thalita Carauta ) e S\u00f4nia ( Hermila Guedes ). (Cr\u00e9dito F\u00e1bio Rocha\/ TV Globo)<\/p><\/div>\n<p style=\"font-weight: 400;\">\n<p style=\"font-weight: 400;\">\n<h2 style=\"font-weight: 400;\">Bate \u2013 Rebate<\/h2>\n<ul>\n<li style=\"font-weight: 400;\">O m\u00fasico Samuel Rosa gravar\u00e1 o \u201c#Provoca\u201d, de Marcelo Tas na TV Cultura.<\/li>\n<li style=\"font-weight: 400;\">Aguinaldo Silva sacou a calculadora: \u201cFiz as contas e quase ca\u00ed duro: em 41 anos escrevi 2997 cap\u00edtulos de 15 novelas\u201d, postou ele.<\/li>\n<li style=\"font-weight: 400;\">Prosseguem em S\u00e3o Paulo as filmagens de \u201cA Garota da Mota\u201d, com Maria Casadevall e Duda Nagle.<\/li>\n<li style=\"font-weight: 400;\">\u00a0\u00a0O Corinthians estar\u00e1 em \u201cSalve-se Quem Puder\u201d, novela das sete da Globo&#8230;<\/li>\n<li style=\"font-weight: 400;\">&#8230; Na hist\u00f3ria, Renatinha (Juliana Alves) combina de assistir uma partida do Tim\u00e3o com Rafael (Bruno Ferrari), mas o empres\u00e1rio n\u00e3o consegue sair a tempo do escrit\u00f3rio e acaba doando os convites para Catatau (Bernardo de Assis)&#8230;<\/li>\n<li style=\"font-weight: 400;\">&#8230; O office-boy da Labrador vai aproveitar a oportunidade para se aproximar de Renatinha durante o jogo&#8230;<\/li>\n<li style=\"font-weight: 400;\">&#8230;A cena vai ao ar no fim de mar\u00e7o.<\/li>\n<li style=\"font-weight: 400;\">Est\u00e3o chegando ao fim no Rio as filmagens de \u201cJuntos e Enrolados\u201d, com\u00e9dia com Rafael Portugal Cacau Prot\u00e1sio&#8230;<\/li>\n<li style=\"font-weight: 400;\">&#8230;O roteiro leva assinatura de Cl\u00e1udio Torres Gonzaga, Sabrina Garcia e Rodrigo Goulart.<\/li>\n<\/ul>\n<p style=\"font-weight: 400;\">\n<p style=\"font-weight: 400;\">\n<h2 style=\"font-weight: 400;\">C\u00b4est fini<\/h2>\n<p style=\"font-weight: 400;\">Marcello D\u2019\u00c2ngelo, diretor-executivo do BandNews TV, passou a viver entre S\u00e3o Paulo e Bras\u00edlia. Tem sido muito frequentes as suas viagens \u00e0 capital do Pa\u00eds, por causa dos preparativos de lan\u00e7amento do canal \u201cAgroMais\u201d, nova aposta do Grupo Bandeirantes, marcado para 18 de mar\u00e7o. D\u2019\u00c2ngelo responde pelos dois canais.<\/p>\n<p style=\"font-weight: 400;\">Ent\u00e3o \u00e9 isso. Mas amanh\u00e3 tem mais. Tchau!<\/p>\n<p>&nbsp;<\/p>\n<p><img data-recalc-dims=\"1\" loading=\"lazy\" decoding=\"async\" class=\"alignnone  wp-image-3690\" src=\"https:\/\/i0.wp.com\/verdadeon.com.br\/portal\/wp-content\/uploads\/2020\/02\/AF-Anu%C3%ACncio-Franca-10x13cm-1-300x201.jpg?resize=734%2C492\" alt=\"\" width=\"734\" height=\"492\" \/><\/p>\n","protected":false},"excerpt":{"rendered":"<p>\u00a0Por:\u00a0 \u00a0Fl\u00e1vio Ricco \u00a0Colabora\u00e7\u00e3o:\u00a0 Jos\u00e9 Carlos Nery &nbsp; \u201cAvenida Brasil\u201d ser\u00e1 apresentada at\u00e9 abril nas tardes da Globo. Mas, e depois, o que vale a pena<span class=\"excerpt-hellip\"> [\u2026]<\/span><\/p>\n","protected":false},"author":10,"featured_media":4240,"comment_status":"open","ping_status":"open","sticky":false,"template":"","format":"standard","meta":{"_jetpack_memberships_contains_paid_content":false,"footnotes":"","jetpack_publicize_message":"","jetpack_publicize_feature_enabled":true,"jetpack_social_post_already_shared":false,"jetpack_social_options":{"image_generator_settings":{"template":"highway","default_image_id":0,"enabled":false},"version":2}},"categories":[93,28,44],"tags":[],"class_list":["post-4238","post","type-post","status-publish","format-standard","has-post-thumbnail","hentry","category-canal-1","category-cotidiano","category-noticias"],"yoast_head":"<!-- This site is optimized with the Yoast SEO plugin v25.6 - https:\/\/yoast.com\/wordpress\/plugins\/seo\/ -->\n<title>O que vale a pena ver de novo depois de Avenida Brasil? - VerdadeOn<\/title>\n<meta name=\"robots\" content=\"index, follow, max-snippet:-1, max-image-preview:large, max-video-preview:-1\" \/>\n<link rel=\"canonical\" href=\"https:\/\/verdadeon.com.br\/portal\/2020\/02\/25\/o-que-vale-a-pena-ver-de-novo-depois-de-avenida-brasil\/\" \/>\n<meta property=\"og:locale\" content=\"pt_BR\" \/>\n<meta property=\"og:type\" content=\"article\" \/>\n<meta property=\"og:title\" content=\"O que vale a pena ver de novo depois de Avenida Brasil? - VerdadeOn\" \/>\n<meta property=\"og:description\" content=\"\u00a0Por:\u00a0 \u00a0Fl\u00e1vio Ricco \u00a0Colabora\u00e7\u00e3o:\u00a0 Jos\u00e9 Carlos Nery &nbsp; \u201cAvenida Brasil\u201d ser\u00e1 apresentada at\u00e9 abril nas tardes da Globo. Mas, e depois, o que vale a pena [\u2026]\" \/>\n<meta property=\"og:url\" content=\"https:\/\/verdadeon.com.br\/portal\/2020\/02\/25\/o-que-vale-a-pena-ver-de-novo-depois-de-avenida-brasil\/\" \/>\n<meta property=\"og:site_name\" content=\"VerdadeOn\" \/>\n<meta property=\"article:published_time\" content=\"2020-02-25T10:00:07+00:00\" \/>\n<meta property=\"article:modified_time\" content=\"2020-02-25T16:57:11+00:00\" \/>\n<meta property=\"og:image\" content=\"https:\/\/verdadeon.com.br\/portal\/wp-content\/uploads\/2020\/02\/Giovanna-Renata-e-Vanessa-Filhas-de-Eva-scaled-scaled.jpg\" \/>\n\t<meta property=\"og:image:width\" content=\"1000\" \/>\n\t<meta property=\"og:image:height\" content=\"667\" \/>\n\t<meta property=\"og:image:type\" content=\"image\/jpeg\" \/>\n<meta name=\"author\" content=\"Redacao VerdadeOn\" \/>\n<meta name=\"twitter:card\" content=\"summary_large_image\" \/>\n<meta name=\"twitter:label1\" content=\"Escrito por\" \/>\n\t<meta name=\"twitter:data1\" content=\"Redacao VerdadeOn\" \/>\n\t<meta name=\"twitter:label2\" content=\"Est. tempo de leitura\" \/>\n\t<meta name=\"twitter:data2\" content=\"6 minutos\" \/>\n<script type=\"application\/ld+json\" class=\"yoast-schema-graph\">{\"@context\":\"https:\/\/schema.org\",\"@graph\":[{\"@type\":\"WebPage\",\"@id\":\"https:\/\/verdadeon.com.br\/portal\/2020\/02\/25\/o-que-vale-a-pena-ver-de-novo-depois-de-avenida-brasil\/\",\"url\":\"https:\/\/verdadeon.com.br\/portal\/2020\/02\/25\/o-que-vale-a-pena-ver-de-novo-depois-de-avenida-brasil\/\",\"name\":\"O que vale a pena ver de novo depois de Avenida Brasil? - VerdadeOn\",\"isPartOf\":{\"@id\":\"https:\/\/verdadeon.com.br\/portal\/#website\"},\"primaryImageOfPage\":{\"@id\":\"https:\/\/verdadeon.com.br\/portal\/2020\/02\/25\/o-que-vale-a-pena-ver-de-novo-depois-de-avenida-brasil\/#primaryimage\"},\"image\":{\"@id\":\"https:\/\/verdadeon.com.br\/portal\/2020\/02\/25\/o-que-vale-a-pena-ver-de-novo-depois-de-avenida-brasil\/#primaryimage\"},\"thumbnailUrl\":\"https:\/\/i0.wp.com\/verdadeon.com.br\/portal\/wp-content\/uploads\/2020\/02\/Giovanna-Renata-e-Vanessa-Filhas-de-Eva-scaled-scaled.jpg?fit=1000%2C667&ssl=1\",\"datePublished\":\"2020-02-25T10:00:07+00:00\",\"dateModified\":\"2020-02-25T16:57:11+00:00\",\"author\":{\"@id\":\"https:\/\/verdadeon.com.br\/portal\/#\/schema\/person\/a5060ad1e9ea3df545188fc93ce43d2f\"},\"breadcrumb\":{\"@id\":\"https:\/\/verdadeon.com.br\/portal\/2020\/02\/25\/o-que-vale-a-pena-ver-de-novo-depois-de-avenida-brasil\/#breadcrumb\"},\"inLanguage\":\"pt-BR\",\"potentialAction\":[{\"@type\":\"ReadAction\",\"target\":[\"https:\/\/verdadeon.com.br\/portal\/2020\/02\/25\/o-que-vale-a-pena-ver-de-novo-depois-de-avenida-brasil\/\"]}]},{\"@type\":\"ImageObject\",\"inLanguage\":\"pt-BR\",\"@id\":\"https:\/\/verdadeon.com.br\/portal\/2020\/02\/25\/o-que-vale-a-pena-ver-de-novo-depois-de-avenida-brasil\/#primaryimage\",\"url\":\"https:\/\/i0.wp.com\/verdadeon.com.br\/portal\/wp-content\/uploads\/2020\/02\/Giovanna-Renata-e-Vanessa-Filhas-de-Eva-scaled-scaled.jpg?fit=1000%2C667&ssl=1\",\"contentUrl\":\"https:\/\/i0.wp.com\/verdadeon.com.br\/portal\/wp-content\/uploads\/2020\/02\/Giovanna-Renata-e-Vanessa-Filhas-de-Eva-scaled-scaled.jpg?fit=1000%2C667&ssl=1\",\"width\":1000,\"height\":667,\"caption\":\"Cap 100 \u2013 Cena 03 \u2013 Stella ( Renata Sorrah ) \u2013 L\u00edvia ( Giovanna Antonelli ) - Cl\u00e9o ( Vanessa Gi\u00e1como ).\"},{\"@type\":\"BreadcrumbList\",\"@id\":\"https:\/\/verdadeon.com.br\/portal\/2020\/02\/25\/o-que-vale-a-pena-ver-de-novo-depois-de-avenida-brasil\/#breadcrumb\",\"itemListElement\":[{\"@type\":\"ListItem\",\"position\":1,\"name\":\"In\u00edcio\",\"item\":\"https:\/\/verdadeon.com.br\/portal\/\"},{\"@type\":\"ListItem\",\"position\":2,\"name\":\"O que vale a pena ver de novo depois de Avenida Brasil?\"}]},{\"@type\":\"WebSite\",\"@id\":\"https:\/\/verdadeon.com.br\/portal\/#website\",\"url\":\"https:\/\/verdadeon.com.br\/portal\/\",\"name\":\"VerdadeOn\",\"description\":\"Not\u00edcias di\u00e1rias sobre Franca, Regi\u00e3o, Esporte, Cultura, Cotidiano, Colunas. Cobertura nos principais eventos da cidade \u00e9 aqui - Verdadeon Franca\",\"potentialAction\":[{\"@type\":\"SearchAction\",\"target\":{\"@type\":\"EntryPoint\",\"urlTemplate\":\"https:\/\/verdadeon.com.br\/portal\/?s={search_term_string}\"},\"query-input\":{\"@type\":\"PropertyValueSpecification\",\"valueRequired\":true,\"valueName\":\"search_term_string\"}}],\"inLanguage\":\"pt-BR\"},{\"@type\":\"Person\",\"@id\":\"https:\/\/verdadeon.com.br\/portal\/#\/schema\/person\/a5060ad1e9ea3df545188fc93ce43d2f\",\"name\":\"Redacao VerdadeOn\",\"image\":{\"@type\":\"ImageObject\",\"inLanguage\":\"pt-BR\",\"@id\":\"https:\/\/verdadeon.com.br\/portal\/#\/schema\/person\/image\/\",\"url\":\"https:\/\/secure.gravatar.com\/avatar\/459a9613caaaf07f582c3d0841eea68bdd66f533e465e6ba8b9cb45619572cf4?s=96&d=mm&r=g\",\"contentUrl\":\"https:\/\/secure.gravatar.com\/avatar\/459a9613caaaf07f582c3d0841eea68bdd66f533e465e6ba8b9cb45619572cf4?s=96&d=mm&r=g\",\"caption\":\"Redacao VerdadeOn\"},\"url\":\"https:\/\/verdadeon.com.br\/portal\/author\/redacao\/\"}]}<\/script>\n<!-- \/ Yoast SEO plugin. -->","yoast_head_json":{"title":"O que vale a pena ver de novo depois de Avenida Brasil? - VerdadeOn","robots":{"index":"index","follow":"follow","max-snippet":"max-snippet:-1","max-image-preview":"max-image-preview:large","max-video-preview":"max-video-preview:-1"},"canonical":"https:\/\/verdadeon.com.br\/portal\/2020\/02\/25\/o-que-vale-a-pena-ver-de-novo-depois-de-avenida-brasil\/","og_locale":"pt_BR","og_type":"article","og_title":"O que vale a pena ver de novo depois de Avenida Brasil? - VerdadeOn","og_description":"\u00a0Por:\u00a0 \u00a0Fl\u00e1vio Ricco \u00a0Colabora\u00e7\u00e3o:\u00a0 Jos\u00e9 Carlos Nery &nbsp; \u201cAvenida Brasil\u201d ser\u00e1 apresentada at\u00e9 abril nas tardes da Globo. Mas, e depois, o que vale a pena [\u2026]","og_url":"https:\/\/verdadeon.com.br\/portal\/2020\/02\/25\/o-que-vale-a-pena-ver-de-novo-depois-de-avenida-brasil\/","og_site_name":"VerdadeOn","article_published_time":"2020-02-25T10:00:07+00:00","article_modified_time":"2020-02-25T16:57:11+00:00","og_image":[{"width":1000,"height":667,"url":"https:\/\/verdadeon.com.br\/portal\/wp-content\/uploads\/2020\/02\/Giovanna-Renata-e-Vanessa-Filhas-de-Eva-scaled-scaled.jpg","type":"image\/jpeg"}],"author":"Redacao VerdadeOn","twitter_card":"summary_large_image","twitter_misc":{"Escrito por":"Redacao VerdadeOn","Est. tempo de leitura":"6 minutos"},"schema":{"@context":"https:\/\/schema.org","@graph":[{"@type":"WebPage","@id":"https:\/\/verdadeon.com.br\/portal\/2020\/02\/25\/o-que-vale-a-pena-ver-de-novo-depois-de-avenida-brasil\/","url":"https:\/\/verdadeon.com.br\/portal\/2020\/02\/25\/o-que-vale-a-pena-ver-de-novo-depois-de-avenida-brasil\/","name":"O que vale a pena ver de novo depois de Avenida Brasil? - VerdadeOn","isPartOf":{"@id":"https:\/\/verdadeon.com.br\/portal\/#website"},"primaryImageOfPage":{"@id":"https:\/\/verdadeon.com.br\/portal\/2020\/02\/25\/o-que-vale-a-pena-ver-de-novo-depois-de-avenida-brasil\/#primaryimage"},"image":{"@id":"https:\/\/verdadeon.com.br\/portal\/2020\/02\/25\/o-que-vale-a-pena-ver-de-novo-depois-de-avenida-brasil\/#primaryimage"},"thumbnailUrl":"https:\/\/i0.wp.com\/verdadeon.com.br\/portal\/wp-content\/uploads\/2020\/02\/Giovanna-Renata-e-Vanessa-Filhas-de-Eva-scaled-scaled.jpg?fit=1000%2C667&ssl=1","datePublished":"2020-02-25T10:00:07+00:00","dateModified":"2020-02-25T16:57:11+00:00","author":{"@id":"https:\/\/verdadeon.com.br\/portal\/#\/schema\/person\/a5060ad1e9ea3df545188fc93ce43d2f"},"breadcrumb":{"@id":"https:\/\/verdadeon.com.br\/portal\/2020\/02\/25\/o-que-vale-a-pena-ver-de-novo-depois-de-avenida-brasil\/#breadcrumb"},"inLanguage":"pt-BR","potentialAction":[{"@type":"ReadAction","target":["https:\/\/verdadeon.com.br\/portal\/2020\/02\/25\/o-que-vale-a-pena-ver-de-novo-depois-de-avenida-brasil\/"]}]},{"@type":"ImageObject","inLanguage":"pt-BR","@id":"https:\/\/verdadeon.com.br\/portal\/2020\/02\/25\/o-que-vale-a-pena-ver-de-novo-depois-de-avenida-brasil\/#primaryimage","url":"https:\/\/i0.wp.com\/verdadeon.com.br\/portal\/wp-content\/uploads\/2020\/02\/Giovanna-Renata-e-Vanessa-Filhas-de-Eva-scaled-scaled.jpg?fit=1000%2C667&ssl=1","contentUrl":"https:\/\/i0.wp.com\/verdadeon.com.br\/portal\/wp-content\/uploads\/2020\/02\/Giovanna-Renata-e-Vanessa-Filhas-de-Eva-scaled-scaled.jpg?fit=1000%2C667&ssl=1","width":1000,"height":667,"caption":"Cap 100 \u2013 Cena 03 \u2013 Stella ( Renata Sorrah ) \u2013 L\u00edvia ( Giovanna Antonelli ) - Cl\u00e9o ( Vanessa Gi\u00e1como )."},{"@type":"BreadcrumbList","@id":"https:\/\/verdadeon.com.br\/portal\/2020\/02\/25\/o-que-vale-a-pena-ver-de-novo-depois-de-avenida-brasil\/#breadcrumb","itemListElement":[{"@type":"ListItem","position":1,"name":"In\u00edcio","item":"https:\/\/verdadeon.com.br\/portal\/"},{"@type":"ListItem","position":2,"name":"O que vale a pena ver de novo depois de Avenida Brasil?"}]},{"@type":"WebSite","@id":"https:\/\/verdadeon.com.br\/portal\/#website","url":"https:\/\/verdadeon.com.br\/portal\/","name":"VerdadeOn","description":"Not\u00edcias di\u00e1rias sobre Franca, Regi\u00e3o, Esporte, Cultura, Cotidiano, Colunas. Cobertura nos principais eventos da cidade \u00e9 aqui - Verdadeon Franca","potentialAction":[{"@type":"SearchAction","target":{"@type":"EntryPoint","urlTemplate":"https:\/\/verdadeon.com.br\/portal\/?s={search_term_string}"},"query-input":{"@type":"PropertyValueSpecification","valueRequired":true,"valueName":"search_term_string"}}],"inLanguage":"pt-BR"},{"@type":"Person","@id":"https:\/\/verdadeon.com.br\/portal\/#\/schema\/person\/a5060ad1e9ea3df545188fc93ce43d2f","name":"Redacao VerdadeOn","image":{"@type":"ImageObject","inLanguage":"pt-BR","@id":"https:\/\/verdadeon.com.br\/portal\/#\/schema\/person\/image\/","url":"https:\/\/secure.gravatar.com\/avatar\/459a9613caaaf07f582c3d0841eea68bdd66f533e465e6ba8b9cb45619572cf4?s=96&d=mm&r=g","contentUrl":"https:\/\/secure.gravatar.com\/avatar\/459a9613caaaf07f582c3d0841eea68bdd66f533e465e6ba8b9cb45619572cf4?s=96&d=mm&r=g","caption":"Redacao VerdadeOn"},"url":"https:\/\/verdadeon.com.br\/portal\/author\/redacao\/"}]}},"jetpack_publicize_connections":[],"jetpack_featured_media_url":"https:\/\/i0.wp.com\/verdadeon.com.br\/portal\/wp-content\/uploads\/2020\/02\/Giovanna-Renata-e-Vanessa-Filhas-de-Eva-scaled-scaled.jpg?fit=1000%2C667&ssl=1","jetpack_sharing_enabled":true,"_links":{"self":[{"href":"https:\/\/verdadeon.com.br\/portal\/wp-json\/wp\/v2\/posts\/4238","targetHints":{"allow":["GET"]}}],"collection":[{"href":"https:\/\/verdadeon.com.br\/portal\/wp-json\/wp\/v2\/posts"}],"about":[{"href":"https:\/\/verdadeon.com.br\/portal\/wp-json\/wp\/v2\/types\/post"}],"author":[{"embeddable":true,"href":"https:\/\/verdadeon.com.br\/portal\/wp-json\/wp\/v2\/users\/10"}],"replies":[{"embeddable":true,"href":"https:\/\/verdadeon.com.br\/portal\/wp-json\/wp\/v2\/comments?post=4238"}],"version-history":[{"count":0,"href":"https:\/\/verdadeon.com.br\/portal\/wp-json\/wp\/v2\/posts\/4238\/revisions"}],"wp:featuredmedia":[{"embeddable":true,"href":"https:\/\/verdadeon.com.br\/portal\/wp-json\/wp\/v2\/media\/4240"}],"wp:attachment":[{"href":"https:\/\/verdadeon.com.br\/portal\/wp-json\/wp\/v2\/media?parent=4238"}],"wp:term":[{"taxonomy":"category","embeddable":true,"href":"https:\/\/verdadeon.com.br\/portal\/wp-json\/wp\/v2\/categories?post=4238"},{"taxonomy":"post_tag","embeddable":true,"href":"https:\/\/verdadeon.com.br\/portal\/wp-json\/wp\/v2\/tags?post=4238"}],"curies":[{"name":"wp","href":"https:\/\/api.w.org\/{rel}","templated":true}]}}