{"id":42369,"date":"2024-03-15T11:51:33","date_gmt":"2024-03-15T14:51:33","guid":{"rendered":"https:\/\/verdadeon.com.br\/portal\/?p=42369"},"modified":"2024-03-15T11:51:33","modified_gmt":"2024-03-15T14:51:33","slug":"caminho-para-o-emprego-tem-vagas-em-cursos-de-alimentacao-e-servicos","status":"publish","type":"post","link":"https:\/\/verdadeon.com.br\/portal\/2024\/03\/15\/caminho-para-o-emprego-tem-vagas-em-cursos-de-alimentacao-e-servicos\/","title":{"rendered":"&#8216;Caminho para o Emprego&#8217; tem vagas em cursos de alimenta\u00e7\u00e3o e servi\u00e7os"},"content":{"rendered":"<h2>Interessados devem ter 18 anos completos e se inscreverem pelo site da Prefeitura<\/h2>\n<p>As pessoas que buscam qualifica\u00e7\u00e3o profissional ou querem mudar de \u00e1rea de atua\u00e7\u00e3o, podem se inscrever para os cursos gratuitos oferecidos pelo Programa &#8216;Caminho para o Emprego&#8217;, da Secretaria de Desenvolvimento, nas \u00e1reas de alimenta\u00e7\u00e3o e presta\u00e7\u00e3o de servi\u00e7os.<\/p>\n<p>Dos cursos oferecidos, ainda tem vagas para &#8216;Processamento Caseiro de Leite&#8217;, &#8216;Fotografia Comercial com Celular&#8217;, &#8216;Jardinagem&#8217;, al\u00e9m dos que ser\u00e3o ministrados em parceria com o Fundo Social de Solidariedade, sendo &#8216;Plantas Medicinais&#8217;, Temperos e Condimentos&#8217;, &#8216;Produtos de Confeitaria&#8217; e &#8216;P\u00e3es e Salgados Fitness&#8217;. As capacita\u00e7\u00f5es tamb\u00e9m contam com apoio do Senac (Servi\u00e7o Nacional de Aprendizagem Comercial), Senar (Servi\u00e7o Nacional de Aprendizagem Rural), Sindicato Rural de Franca e Sebrae (Servi\u00e7o Brasileiro de Apoio as Micro e Pequenas Empresas). Algumas das op\u00e7\u00f5es j\u00e1 tiveram as aulas iniciadas e outros come\u00e7ar\u00e3o em abril.<\/p>\n<p>Para fazer inscri\u00e7\u00e3o, o interessado dever\u00e1 ter 18 anos e acessar o site da Prefeitura, no link do &#8216;Programa Caminho para o Emprego&#8217;,\u00a0<a href=\"https:\/\/www.franca.sp.gov.br\/caminho-emprego-portal\/cursos.xhtml\" target=\"_blank\" rel=\"noopener\" data-saferedirecturl=\"https:\/\/www.google.com\/url?q=https:\/\/www.franca.sp.gov.br\/caminho-emprego-portal\/cursos.xhtml&amp;source=gmail&amp;ust=1710595796936000&amp;usg=AOvVaw2LEND7uVq-TfvW0w816ji6\">https:\/\/www.franca.sp.gov.br\/<wbr \/>caminho-emprego-portal\/cursos.<wbr \/>xhtml<\/a>, onde poder\u00e1 consultar a data de in\u00edcio das aulas, locais, dura\u00e7\u00e3o e outras informa\u00e7\u00f5es importantes sobre cada capacita\u00e7\u00e3o. Para alguns cursos \u00e9 necess\u00e1rio comparecer \u00e0 sede da Escola Profissionalizante, no Centro (Rua Dr. J\u00falio Cardoso, 1948 &#8211; Centro) para efetuar o cadastro, munido dos documentos pessoais e comprovante de endere\u00e7o.<\/p>\n<p>Informa\u00e7\u00f5es poder\u00e3o ser obtidas pelo telefone (16) 3706-6590 ou pelo WhatsApp (16) 3724-7417.<\/p>\n<p>Confira as op\u00e7\u00f5es de cursos com vagas abertas:<\/p>\n<p><b>ALIMENTA\u00c7\u00c3O: FABRICA\u00c7\u00c3O DE P\u00c3ES E SALGADOS FITNESS<\/b><\/p>\n<p>01\/04 a 15\/04<\/p>\n<p>Segundas, ter\u00e7as e quartas &#8211; 13 \u00e0s 17 horas<\/p>\n<p>Local: Casa de Miseric\u00f3rdia (rua General Os\u00f3rio, 2294, Centro)<\/p>\n<p>Inscri\u00e7\u00f5es: Site da Prefeitura &gt; Aba \u2018Caminho para o Emprego\u2019 &#8211;\u00a0<a href=\"https:\/\/www.franca.sp.gov.br\/caminho-emprego-portal\/cursos.xhtml\" target=\"_blank\" rel=\"noopener\" data-saferedirecturl=\"https:\/\/www.google.com\/url?q=https:\/\/www.franca.sp.gov.br\/caminho-emprego-portal\/cursos.xhtml&amp;source=gmail&amp;ust=1710595796936000&amp;usg=AOvVaw2LEND7uVq-TfvW0w816ji6\">https:\/\/www.franca.sp.gov.br\/<wbr \/>caminho-emprego-portal\/cursos.<wbr \/>xhtml<\/a><\/p>\n<p><b>FABRICA\u00c7\u00c3O DE PRODUTOS DE CONFEITARIA<\/b><\/p>\n<p>02\/04 a 29\/04<\/p>\n<p>Segundas, ter\u00e7as e quartas \u2013 das 18 \u00e0s 22 horas<\/p>\n<p>Local: Cantinho Amor e Caridade (avenida Gabriela Almeida Piraj\u00e1, 168, Jardim Aeroporto II)<\/p>\n<p>Inscri\u00e7\u00f5es: Site da Prefeitura &gt; Aba \u2018Caminho para o Emprego\u2019 &#8211;\u00a0<a href=\"https:\/\/www.franca.sp.gov.br\/caminho-emprego-portal\/cursos.xhtml\" target=\"_blank\" rel=\"noopener\" data-saferedirecturl=\"https:\/\/www.google.com\/url?q=https:\/\/www.franca.sp.gov.br\/caminho-emprego-portal\/cursos.xhtml&amp;source=gmail&amp;ust=1710595796936000&amp;usg=AOvVaw2LEND7uVq-TfvW0w816ji6\">https:\/\/www.franca.sp.gov.br\/<wbr \/>caminho-emprego-portal\/cursos.<wbr \/>xhtml<\/a><\/p>\n<p><b>TEMPEROS E CONDIMENTOS<\/b><\/p>\n<p>02\/04 a 30\/07<\/p>\n<p>Ter\u00e7as \u2013 8 \u00e0s 11 horas<\/p>\n<p>Local: Jardim Zoobot\u00e2nico (avenida Segundo Guaraldo, City Petr\u00f3polis)<\/p>\n<p>Inscri\u00e7\u00f5es: Site da Prefeitura &gt; Aba \u2018Caminho para o Emprego\u2019 &#8211;\u00a0<a href=\"https:\/\/www.franca.sp.gov.br\/caminho-emprego-portal\/cursos.xhtml\" target=\"_blank\" rel=\"noopener\" data-saferedirecturl=\"https:\/\/www.google.com\/url?q=https:\/\/www.franca.sp.gov.br\/caminho-emprego-portal\/cursos.xhtml&amp;source=gmail&amp;ust=1710595796936000&amp;usg=AOvVaw2LEND7uVq-TfvW0w816ji6\">https:\/\/www.franca.sp.gov.br\/<wbr \/>caminho-emprego-portal\/cursos.<wbr \/>xhtml<\/a><\/p>\n<p><b>PLANTAS MEDICINAIS<\/b><\/p>\n<p>04\/04 a 01\/08<\/p>\n<p>Quintas \u2013 8 \u00e0s 11 horas<\/p>\n<p>Local: Jardim Zoobot\u00e2nico (avenida Segundo Guaraldo, City Petr\u00f3polis)<\/p>\n<p>Inscri\u00e7\u00f5es: Site da Prefeitura &gt; Aba \u2018Caminho para o Emprego\u2019 &#8211;\u00a0<a href=\"https:\/\/www.franca.sp.gov.br\/caminho-emprego-portal\/cursos.xhtml\" target=\"_blank\" rel=\"noopener\" data-saferedirecturl=\"https:\/\/www.google.com\/url?q=https:\/\/www.franca.sp.gov.br\/caminho-emprego-portal\/cursos.xhtml&amp;source=gmail&amp;ust=1710595796936000&amp;usg=AOvVaw2LEND7uVq-TfvW0w816ji6\">https:\/\/www.franca.sp.gov.br\/<wbr \/>caminho-emprego-portal\/cursos.<wbr \/>xhtml<\/a><\/p>\n<p><b>PROCESSAMENTO CASEIRO DE LEITE &#8211; Parceria com o SENAR\/ Sindicato Rural<\/b><\/p>\n<p>De 15\/04 a 17\/04<\/p>\n<p>Segunda a quarta-feira<\/p>\n<p>8 \u00e0s 17h<\/p>\n<p>Local: CASA MATEUS &#8211; RUA CASTRO ALVES, 606 &#8211; MIRAMONTES<\/p>\n<p>Inscri\u00e7\u00f5es: Site da Prefeitura &gt; Aba \u2018Caminho para o Emprego\u2019 &#8211;\u00a0<a href=\"https:\/\/www.franca.sp.gov.br\/caminho-emprego-portal\/cursos.xhtml\" target=\"_blank\" rel=\"noopener\" data-saferedirecturl=\"https:\/\/www.google.com\/url?q=https:\/\/www.franca.sp.gov.br\/caminho-emprego-portal\/cursos.xhtml&amp;source=gmail&amp;ust=1710595796936000&amp;usg=AOvVaw2LEND7uVq-TfvW0w816ji6\">https:\/\/www.franca.sp.gov.br\/<wbr \/>caminho-emprego-portal\/cursos.<wbr \/>xhtml<\/a><\/p>\n<p><b>FOTOGRAFIA COMERCIAL COM O CELULAR &#8211; Parceria com o SENAC<\/b><\/p>\n<p>De 12\/03 a 16\/04<\/p>\n<p>14 \u00e0s 17h<\/p>\n<p>Ter\u00e7as e quintas-feiras<\/p>\n<p>Local: SENAC FRANCA<\/p>\n<p>Inscri\u00e7\u00f5es: Escola Profissionalizante &#8216;Caminho para o Emprego&#8217; &#8211; Rua Dr. J\u00falio Cardoso, 1948 &#8211; Centro<\/p>\n<p><b>JARDINAGEM<\/b><\/p>\n<p>De 18\/03 a 26\/03<\/p>\n<p>13h30 \u00e0s 17h30<\/p>\n<p>Segunda a sexta-feira<\/p>\n<p>Local: Secretaria de Desenvolvimento &#8211; Av Fl\u00e1vio Rocha, 500 &#8211; Vila Exposi\u00e7\u00e3o<\/p>\n<p>Inscri\u00e7\u00f5es: Escola Profissionalizante &#8216;Caminho para o Emprego&#8217; &#8211; Rua Dr. J\u00falio Cardoso, 1948 \u2013 Centro<\/p>\n","protected":false},"excerpt":{"rendered":"<p>Interessados devem ter 18 anos completos e se inscreverem pelo site da Prefeitura As pessoas que buscam qualifica\u00e7\u00e3o profissional ou querem mudar de \u00e1rea de atua\u00e7\u00e3o,<span class=\"excerpt-hellip\"> [\u2026]<\/span><\/p>\n","protected":false},"author":10,"featured_media":36212,"comment_status":"open","ping_status":"open","sticky":false,"template":"","format":"standard","meta":{"_jetpack_memberships_contains_paid_content":false,"footnotes":"","jetpack_publicize_message":"","jetpack_publicize_feature_enabled":true,"jetpack_social_post_already_shared":false,"jetpack_social_options":{"image_generator_settings":{"template":"highway","default_image_id":0,"enabled":false},"version":2}},"categories":[28,44],"tags":[],"class_list":["post-42369","post","type-post","status-publish","format-standard","has-post-thumbnail","hentry","category-cotidiano","category-noticias"],"yoast_head":"<!-- This site is optimized with the Yoast SEO plugin v25.6 - https:\/\/yoast.com\/wordpress\/plugins\/seo\/ -->\n<title>&#039;Caminho para o Emprego&#039; tem vagas em cursos de alimenta\u00e7\u00e3o e servi\u00e7os - VerdadeOn<\/title>\n<meta name=\"robots\" content=\"index, follow, max-snippet:-1, max-image-preview:large, max-video-preview:-1\" \/>\n<link rel=\"canonical\" href=\"https:\/\/verdadeon.com.br\/portal\/2024\/03\/15\/caminho-para-o-emprego-tem-vagas-em-cursos-de-alimentacao-e-servicos\/\" \/>\n<meta property=\"og:locale\" content=\"pt_BR\" \/>\n<meta property=\"og:type\" content=\"article\" \/>\n<meta property=\"og:title\" content=\"&#039;Caminho para o Emprego&#039; tem vagas em cursos de alimenta\u00e7\u00e3o e servi\u00e7os - VerdadeOn\" \/>\n<meta property=\"og:description\" content=\"Interessados devem ter 18 anos completos e se inscreverem pelo site da Prefeitura As pessoas que buscam qualifica\u00e7\u00e3o profissional ou querem mudar de \u00e1rea de atua\u00e7\u00e3o, [\u2026]\" \/>\n<meta property=\"og:url\" content=\"https:\/\/verdadeon.com.br\/portal\/2024\/03\/15\/caminho-para-o-emprego-tem-vagas-em-cursos-de-alimentacao-e-servicos\/\" \/>\n<meta property=\"og:site_name\" content=\"VerdadeOn\" \/>\n<meta property=\"article:published_time\" content=\"2024-03-15T14:51:33+00:00\" \/>\n<meta property=\"og:image\" content=\"https:\/\/verdadeon.com.br\/portal\/wp-content\/uploads\/2023\/07\/DSC_3443-scaled.jpg\" \/>\n\t<meta property=\"og:image:width\" content=\"2560\" \/>\n\t<meta property=\"og:image:height\" content=\"1715\" \/>\n\t<meta property=\"og:image:type\" content=\"image\/jpeg\" \/>\n<meta name=\"author\" content=\"Redacao VerdadeOn\" \/>\n<meta name=\"twitter:card\" content=\"summary_large_image\" \/>\n<meta name=\"twitter:label1\" content=\"Escrito por\" \/>\n\t<meta name=\"twitter:data1\" content=\"Redacao VerdadeOn\" \/>\n\t<meta name=\"twitter:label2\" content=\"Est. tempo de leitura\" \/>\n\t<meta name=\"twitter:data2\" content=\"3 minutos\" \/>\n<script type=\"application\/ld+json\" class=\"yoast-schema-graph\">{\"@context\":\"https:\/\/schema.org\",\"@graph\":[{\"@type\":\"WebPage\",\"@id\":\"https:\/\/verdadeon.com.br\/portal\/2024\/03\/15\/caminho-para-o-emprego-tem-vagas-em-cursos-de-alimentacao-e-servicos\/\",\"url\":\"https:\/\/verdadeon.com.br\/portal\/2024\/03\/15\/caminho-para-o-emprego-tem-vagas-em-cursos-de-alimentacao-e-servicos\/\",\"name\":\"'Caminho para o Emprego' tem vagas em cursos de alimenta\u00e7\u00e3o e servi\u00e7os - VerdadeOn\",\"isPartOf\":{\"@id\":\"https:\/\/verdadeon.com.br\/portal\/#website\"},\"primaryImageOfPage\":{\"@id\":\"https:\/\/verdadeon.com.br\/portal\/2024\/03\/15\/caminho-para-o-emprego-tem-vagas-em-cursos-de-alimentacao-e-servicos\/#primaryimage\"},\"image\":{\"@id\":\"https:\/\/verdadeon.com.br\/portal\/2024\/03\/15\/caminho-para-o-emprego-tem-vagas-em-cursos-de-alimentacao-e-servicos\/#primaryimage\"},\"thumbnailUrl\":\"https:\/\/i0.wp.com\/verdadeon.com.br\/portal\/wp-content\/uploads\/2023\/07\/DSC_3443-scaled.jpg?fit=2560%2C1715&ssl=1\",\"datePublished\":\"2024-03-15T14:51:33+00:00\",\"author\":{\"@id\":\"https:\/\/verdadeon.com.br\/portal\/#\/schema\/person\/a5060ad1e9ea3df545188fc93ce43d2f\"},\"breadcrumb\":{\"@id\":\"https:\/\/verdadeon.com.br\/portal\/2024\/03\/15\/caminho-para-o-emprego-tem-vagas-em-cursos-de-alimentacao-e-servicos\/#breadcrumb\"},\"inLanguage\":\"pt-BR\",\"potentialAction\":[{\"@type\":\"ReadAction\",\"target\":[\"https:\/\/verdadeon.com.br\/portal\/2024\/03\/15\/caminho-para-o-emprego-tem-vagas-em-cursos-de-alimentacao-e-servicos\/\"]}]},{\"@type\":\"ImageObject\",\"inLanguage\":\"pt-BR\",\"@id\":\"https:\/\/verdadeon.com.br\/portal\/2024\/03\/15\/caminho-para-o-emprego-tem-vagas-em-cursos-de-alimentacao-e-servicos\/#primaryimage\",\"url\":\"https:\/\/i0.wp.com\/verdadeon.com.br\/portal\/wp-content\/uploads\/2023\/07\/DSC_3443-scaled.jpg?fit=2560%2C1715&ssl=1\",\"contentUrl\":\"https:\/\/i0.wp.com\/verdadeon.com.br\/portal\/wp-content\/uploads\/2023\/07\/DSC_3443-scaled.jpg?fit=2560%2C1715&ssl=1\",\"width\":2560,\"height\":1715,\"caption\":\"A Escola Profissionalizante fica na rua Dr. J\u00falio Cardoso, 1948 - Centro (\u00a9Divulga\u00e7\u00e3o)\"},{\"@type\":\"BreadcrumbList\",\"@id\":\"https:\/\/verdadeon.com.br\/portal\/2024\/03\/15\/caminho-para-o-emprego-tem-vagas-em-cursos-de-alimentacao-e-servicos\/#breadcrumb\",\"itemListElement\":[{\"@type\":\"ListItem\",\"position\":1,\"name\":\"In\u00edcio\",\"item\":\"https:\/\/verdadeon.com.br\/portal\/\"},{\"@type\":\"ListItem\",\"position\":2,\"name\":\"&#8216;Caminho para o Emprego&#8217; tem vagas em cursos de alimenta\u00e7\u00e3o e servi\u00e7os\"}]},{\"@type\":\"WebSite\",\"@id\":\"https:\/\/verdadeon.com.br\/portal\/#website\",\"url\":\"https:\/\/verdadeon.com.br\/portal\/\",\"name\":\"VerdadeOn\",\"description\":\"Not\u00edcias di\u00e1rias sobre Franca, Regi\u00e3o, Esporte, Cultura, Cotidiano, Colunas. Cobertura nos principais eventos da cidade \u00e9 aqui - Verdadeon Franca\",\"potentialAction\":[{\"@type\":\"SearchAction\",\"target\":{\"@type\":\"EntryPoint\",\"urlTemplate\":\"https:\/\/verdadeon.com.br\/portal\/?s={search_term_string}\"},\"query-input\":{\"@type\":\"PropertyValueSpecification\",\"valueRequired\":true,\"valueName\":\"search_term_string\"}}],\"inLanguage\":\"pt-BR\"},{\"@type\":\"Person\",\"@id\":\"https:\/\/verdadeon.com.br\/portal\/#\/schema\/person\/a5060ad1e9ea3df545188fc93ce43d2f\",\"name\":\"Redacao VerdadeOn\",\"image\":{\"@type\":\"ImageObject\",\"inLanguage\":\"pt-BR\",\"@id\":\"https:\/\/verdadeon.com.br\/portal\/#\/schema\/person\/image\/\",\"url\":\"https:\/\/secure.gravatar.com\/avatar\/459a9613caaaf07f582c3d0841eea68bdd66f533e465e6ba8b9cb45619572cf4?s=96&d=mm&r=g\",\"contentUrl\":\"https:\/\/secure.gravatar.com\/avatar\/459a9613caaaf07f582c3d0841eea68bdd66f533e465e6ba8b9cb45619572cf4?s=96&d=mm&r=g\",\"caption\":\"Redacao VerdadeOn\"},\"url\":\"https:\/\/verdadeon.com.br\/portal\/author\/redacao\/\"}]}<\/script>\n<!-- \/ Yoast SEO plugin. -->","yoast_head_json":{"title":"'Caminho para o Emprego' tem vagas em cursos de alimenta\u00e7\u00e3o e servi\u00e7os - VerdadeOn","robots":{"index":"index","follow":"follow","max-snippet":"max-snippet:-1","max-image-preview":"max-image-preview:large","max-video-preview":"max-video-preview:-1"},"canonical":"https:\/\/verdadeon.com.br\/portal\/2024\/03\/15\/caminho-para-o-emprego-tem-vagas-em-cursos-de-alimentacao-e-servicos\/","og_locale":"pt_BR","og_type":"article","og_title":"'Caminho para o Emprego' tem vagas em cursos de alimenta\u00e7\u00e3o e servi\u00e7os - VerdadeOn","og_description":"Interessados devem ter 18 anos completos e se inscreverem pelo site da Prefeitura As pessoas que buscam qualifica\u00e7\u00e3o profissional ou querem mudar de \u00e1rea de atua\u00e7\u00e3o, [\u2026]","og_url":"https:\/\/verdadeon.com.br\/portal\/2024\/03\/15\/caminho-para-o-emprego-tem-vagas-em-cursos-de-alimentacao-e-servicos\/","og_site_name":"VerdadeOn","article_published_time":"2024-03-15T14:51:33+00:00","og_image":[{"width":2560,"height":1715,"url":"https:\/\/verdadeon.com.br\/portal\/wp-content\/uploads\/2023\/07\/DSC_3443-scaled.jpg","type":"image\/jpeg"}],"author":"Redacao VerdadeOn","twitter_card":"summary_large_image","twitter_misc":{"Escrito por":"Redacao VerdadeOn","Est. tempo de leitura":"3 minutos"},"schema":{"@context":"https:\/\/schema.org","@graph":[{"@type":"WebPage","@id":"https:\/\/verdadeon.com.br\/portal\/2024\/03\/15\/caminho-para-o-emprego-tem-vagas-em-cursos-de-alimentacao-e-servicos\/","url":"https:\/\/verdadeon.com.br\/portal\/2024\/03\/15\/caminho-para-o-emprego-tem-vagas-em-cursos-de-alimentacao-e-servicos\/","name":"'Caminho para o Emprego' tem vagas em cursos de alimenta\u00e7\u00e3o e servi\u00e7os - VerdadeOn","isPartOf":{"@id":"https:\/\/verdadeon.com.br\/portal\/#website"},"primaryImageOfPage":{"@id":"https:\/\/verdadeon.com.br\/portal\/2024\/03\/15\/caminho-para-o-emprego-tem-vagas-em-cursos-de-alimentacao-e-servicos\/#primaryimage"},"image":{"@id":"https:\/\/verdadeon.com.br\/portal\/2024\/03\/15\/caminho-para-o-emprego-tem-vagas-em-cursos-de-alimentacao-e-servicos\/#primaryimage"},"thumbnailUrl":"https:\/\/i0.wp.com\/verdadeon.com.br\/portal\/wp-content\/uploads\/2023\/07\/DSC_3443-scaled.jpg?fit=2560%2C1715&ssl=1","datePublished":"2024-03-15T14:51:33+00:00","author":{"@id":"https:\/\/verdadeon.com.br\/portal\/#\/schema\/person\/a5060ad1e9ea3df545188fc93ce43d2f"},"breadcrumb":{"@id":"https:\/\/verdadeon.com.br\/portal\/2024\/03\/15\/caminho-para-o-emprego-tem-vagas-em-cursos-de-alimentacao-e-servicos\/#breadcrumb"},"inLanguage":"pt-BR","potentialAction":[{"@type":"ReadAction","target":["https:\/\/verdadeon.com.br\/portal\/2024\/03\/15\/caminho-para-o-emprego-tem-vagas-em-cursos-de-alimentacao-e-servicos\/"]}]},{"@type":"ImageObject","inLanguage":"pt-BR","@id":"https:\/\/verdadeon.com.br\/portal\/2024\/03\/15\/caminho-para-o-emprego-tem-vagas-em-cursos-de-alimentacao-e-servicos\/#primaryimage","url":"https:\/\/i0.wp.com\/verdadeon.com.br\/portal\/wp-content\/uploads\/2023\/07\/DSC_3443-scaled.jpg?fit=2560%2C1715&ssl=1","contentUrl":"https:\/\/i0.wp.com\/verdadeon.com.br\/portal\/wp-content\/uploads\/2023\/07\/DSC_3443-scaled.jpg?fit=2560%2C1715&ssl=1","width":2560,"height":1715,"caption":"A Escola Profissionalizante fica na rua Dr. J\u00falio Cardoso, 1948 - Centro (\u00a9Divulga\u00e7\u00e3o)"},{"@type":"BreadcrumbList","@id":"https:\/\/verdadeon.com.br\/portal\/2024\/03\/15\/caminho-para-o-emprego-tem-vagas-em-cursos-de-alimentacao-e-servicos\/#breadcrumb","itemListElement":[{"@type":"ListItem","position":1,"name":"In\u00edcio","item":"https:\/\/verdadeon.com.br\/portal\/"},{"@type":"ListItem","position":2,"name":"&#8216;Caminho para o Emprego&#8217; tem vagas em cursos de alimenta\u00e7\u00e3o e servi\u00e7os"}]},{"@type":"WebSite","@id":"https:\/\/verdadeon.com.br\/portal\/#website","url":"https:\/\/verdadeon.com.br\/portal\/","name":"VerdadeOn","description":"Not\u00edcias di\u00e1rias sobre Franca, Regi\u00e3o, Esporte, Cultura, Cotidiano, Colunas. Cobertura nos principais eventos da cidade \u00e9 aqui - Verdadeon Franca","potentialAction":[{"@type":"SearchAction","target":{"@type":"EntryPoint","urlTemplate":"https:\/\/verdadeon.com.br\/portal\/?s={search_term_string}"},"query-input":{"@type":"PropertyValueSpecification","valueRequired":true,"valueName":"search_term_string"}}],"inLanguage":"pt-BR"},{"@type":"Person","@id":"https:\/\/verdadeon.com.br\/portal\/#\/schema\/person\/a5060ad1e9ea3df545188fc93ce43d2f","name":"Redacao VerdadeOn","image":{"@type":"ImageObject","inLanguage":"pt-BR","@id":"https:\/\/verdadeon.com.br\/portal\/#\/schema\/person\/image\/","url":"https:\/\/secure.gravatar.com\/avatar\/459a9613caaaf07f582c3d0841eea68bdd66f533e465e6ba8b9cb45619572cf4?s=96&d=mm&r=g","contentUrl":"https:\/\/secure.gravatar.com\/avatar\/459a9613caaaf07f582c3d0841eea68bdd66f533e465e6ba8b9cb45619572cf4?s=96&d=mm&r=g","caption":"Redacao VerdadeOn"},"url":"https:\/\/verdadeon.com.br\/portal\/author\/redacao\/"}]}},"jetpack_publicize_connections":[],"jetpack_featured_media_url":"https:\/\/i0.wp.com\/verdadeon.com.br\/portal\/wp-content\/uploads\/2023\/07\/DSC_3443-scaled.jpg?fit=2560%2C1715&ssl=1","jetpack_sharing_enabled":true,"_links":{"self":[{"href":"https:\/\/verdadeon.com.br\/portal\/wp-json\/wp\/v2\/posts\/42369","targetHints":{"allow":["GET"]}}],"collection":[{"href":"https:\/\/verdadeon.com.br\/portal\/wp-json\/wp\/v2\/posts"}],"about":[{"href":"https:\/\/verdadeon.com.br\/portal\/wp-json\/wp\/v2\/types\/post"}],"author":[{"embeddable":true,"href":"https:\/\/verdadeon.com.br\/portal\/wp-json\/wp\/v2\/users\/10"}],"replies":[{"embeddable":true,"href":"https:\/\/verdadeon.com.br\/portal\/wp-json\/wp\/v2\/comments?post=42369"}],"version-history":[{"count":1,"href":"https:\/\/verdadeon.com.br\/portal\/wp-json\/wp\/v2\/posts\/42369\/revisions"}],"predecessor-version":[{"id":42370,"href":"https:\/\/verdadeon.com.br\/portal\/wp-json\/wp\/v2\/posts\/42369\/revisions\/42370"}],"wp:featuredmedia":[{"embeddable":true,"href":"https:\/\/verdadeon.com.br\/portal\/wp-json\/wp\/v2\/media\/36212"}],"wp:attachment":[{"href":"https:\/\/verdadeon.com.br\/portal\/wp-json\/wp\/v2\/media?parent=42369"}],"wp:term":[{"taxonomy":"category","embeddable":true,"href":"https:\/\/verdadeon.com.br\/portal\/wp-json\/wp\/v2\/categories?post=42369"},{"taxonomy":"post_tag","embeddable":true,"href":"https:\/\/verdadeon.com.br\/portal\/wp-json\/wp\/v2\/tags?post=42369"}],"curies":[{"name":"wp","href":"https:\/\/api.w.org\/{rel}","templated":true}]}}