{"id":42361,"date":"2024-03-14T14:45:37","date_gmt":"2024-03-14T17:45:37","guid":{"rendered":"https:\/\/verdadeon.com.br\/portal\/?p=42361"},"modified":"2024-03-14T14:45:37","modified_gmt":"2024-03-14T17:45:37","slug":"pesquisa-do-procon-sp-revela-novo-aumento-no-preco-de-repelentes","status":"publish","type":"post","link":"https:\/\/verdadeon.com.br\/portal\/2024\/03\/14\/pesquisa-do-procon-sp-revela-novo-aumento-no-preco-de-repelentes\/","title":{"rendered":"Pesquisa do Procon-SP revela novo aumento no pre\u00e7o de repelentes"},"content":{"rendered":"<h2 class=\"excerpt\">Levantamento revela alta de quase 10% no pre\u00e7o m\u00e9dio em uma semana; varia\u00e7\u00e3o de valores ofertados para o mesmo produto foi de at\u00e9 107%<\/h2>\n<p>O Procon-SP apurou que o pre\u00e7o m\u00e9dio de repelentes corporais contra insetos aumentou 9,95% entre os dias 1 e 8 de mar\u00e7o. A \u00f3rg\u00e3o de defesa do consumidor realiza pesquisas desde fevereiro, quando os casos diagnosticados de dengue aumentaram em todo o estado. Especialistas do Procon-SP fizeram o levantamento em cinco sites e compararam os pre\u00e7os coletados entre essas duas datas.<\/p>\n<p>Veja o relat\u00f3rio completo aqui:<br \/>\n<a href=\"https:\/\/www.procon.sp.gov.br\/wp-content\/uploads\/2024\/03\/Comparativorepelentes-08-03-24-01-03-24.pdf\" target=\"_blank\" rel=\"noopener noreferrer\">https:\/\/www.procon.sp.gov.br\/wp-content\/uploads\/2024\/03\/Comparativorepelentes-08-03-24-01-03-24.pdf<\/a><\/p>\n<p>Os especialistas tamb\u00e9m compararam os pre\u00e7os praticados no dia 8 de mar\u00e7o para um mesmo item e foram apuradas diferen\u00e7as expressivas, chegando a at\u00e9 107% \u2013 enquanto em um estabelecimento online o valor era R$ 18,99, em outro o mesmo item estava \u00e0 venda por R$ 39,38. Foram comparados os pre\u00e7os de nove tipos de repelentes corporais nos cinco sites consultados.<\/p>\n<p>O Procon-SP tem realizado levantamentos de pre\u00e7os de repelentes semanalmente com o objetivo de oferecer informa\u00e7\u00f5es que auxiliem o consumidor na hora da compra, alertando para a import\u00e2ncia da pesquisa de pre\u00e7os e tamb\u00e9m para a necessidade de preven\u00e7\u00e3o \u00e0 dengue.<\/p>\n<p>As consultas foram realizadas em dezembro do ano passado; em 15 e 23 de fevereiro deste ano, e em duas datas neste m\u00eas de mar\u00e7o (dias 1 e 8). O \u00f3rg\u00e3o de defesa refor\u00e7a ainda que ao escolher um produto o consumidor deve ler o r\u00f3tulo, observando a presen\u00e7a do registro da Anvisa, de eventual restri\u00e7\u00e3o de idade, entre outras informa\u00e7\u00f5es.<\/p>\n<p>Fonte: SP Not\u00edcias<\/p>\n","protected":false},"excerpt":{"rendered":"<p>Levantamento revela alta de quase 10% no pre\u00e7o m\u00e9dio em uma semana; varia\u00e7\u00e3o de valores ofertados para o mesmo produto foi de at\u00e9 107% O Procon-SP<span class=\"excerpt-hellip\"> [\u2026]<\/span><\/p>\n","protected":false},"author":10,"featured_media":42362,"comment_status":"open","ping_status":"open","sticky":false,"template":"","format":"standard","meta":{"_jetpack_memberships_contains_paid_content":false,"footnotes":"","jetpack_publicize_message":"","jetpack_publicize_feature_enabled":true,"jetpack_social_post_already_shared":false,"jetpack_social_options":{"image_generator_settings":{"template":"highway","default_image_id":0,"enabled":false},"version":2}},"categories":[28,44],"tags":[],"class_list":["post-42361","post","type-post","status-publish","format-standard","has-post-thumbnail","hentry","category-cotidiano","category-noticias"],"yoast_head":"<!-- This site is optimized with the Yoast SEO plugin v25.6 - https:\/\/yoast.com\/wordpress\/plugins\/seo\/ -->\n<title>Pesquisa do Procon-SP revela novo aumento no pre\u00e7o de repelentes - VerdadeOn<\/title>\n<meta name=\"robots\" content=\"index, follow, max-snippet:-1, max-image-preview:large, max-video-preview:-1\" \/>\n<link rel=\"canonical\" href=\"https:\/\/verdadeon.com.br\/portal\/2024\/03\/14\/pesquisa-do-procon-sp-revela-novo-aumento-no-preco-de-repelentes\/\" \/>\n<meta property=\"og:locale\" content=\"pt_BR\" \/>\n<meta property=\"og:type\" content=\"article\" \/>\n<meta property=\"og:title\" content=\"Pesquisa do Procon-SP revela novo aumento no pre\u00e7o de repelentes - VerdadeOn\" \/>\n<meta property=\"og:description\" content=\"Levantamento revela alta de quase 10% no pre\u00e7o m\u00e9dio em uma semana; varia\u00e7\u00e3o de valores ofertados para o mesmo produto foi de at\u00e9 107% O Procon-SP [\u2026]\" \/>\n<meta property=\"og:url\" content=\"https:\/\/verdadeon.com.br\/portal\/2024\/03\/14\/pesquisa-do-procon-sp-revela-novo-aumento-no-preco-de-repelentes\/\" \/>\n<meta property=\"og:site_name\" content=\"VerdadeOn\" \/>\n<meta property=\"article:published_time\" content=\"2024-03-14T17:45:37+00:00\" \/>\n<meta property=\"og:image\" content=\"https:\/\/verdadeon.com.br\/portal\/wp-content\/uploads\/2024\/03\/dengue-mosquito-768x500-1.jpg\" \/>\n\t<meta property=\"og:image:width\" content=\"746\" \/>\n\t<meta property=\"og:image:height\" content=\"500\" \/>\n\t<meta property=\"og:image:type\" content=\"image\/jpeg\" \/>\n<meta name=\"author\" content=\"Redacao VerdadeOn\" \/>\n<meta name=\"twitter:card\" content=\"summary_large_image\" \/>\n<meta name=\"twitter:label1\" content=\"Escrito por\" \/>\n\t<meta name=\"twitter:data1\" content=\"Redacao VerdadeOn\" \/>\n\t<meta name=\"twitter:label2\" content=\"Est. tempo de leitura\" \/>\n\t<meta name=\"twitter:data2\" content=\"2 minutos\" \/>\n<script type=\"application\/ld+json\" class=\"yoast-schema-graph\">{\"@context\":\"https:\/\/schema.org\",\"@graph\":[{\"@type\":\"WebPage\",\"@id\":\"https:\/\/verdadeon.com.br\/portal\/2024\/03\/14\/pesquisa-do-procon-sp-revela-novo-aumento-no-preco-de-repelentes\/\",\"url\":\"https:\/\/verdadeon.com.br\/portal\/2024\/03\/14\/pesquisa-do-procon-sp-revela-novo-aumento-no-preco-de-repelentes\/\",\"name\":\"Pesquisa do Procon-SP revela novo aumento no pre\u00e7o de repelentes - VerdadeOn\",\"isPartOf\":{\"@id\":\"https:\/\/verdadeon.com.br\/portal\/#website\"},\"primaryImageOfPage\":{\"@id\":\"https:\/\/verdadeon.com.br\/portal\/2024\/03\/14\/pesquisa-do-procon-sp-revela-novo-aumento-no-preco-de-repelentes\/#primaryimage\"},\"image\":{\"@id\":\"https:\/\/verdadeon.com.br\/portal\/2024\/03\/14\/pesquisa-do-procon-sp-revela-novo-aumento-no-preco-de-repelentes\/#primaryimage\"},\"thumbnailUrl\":\"https:\/\/i0.wp.com\/verdadeon.com.br\/portal\/wp-content\/uploads\/2024\/03\/dengue-mosquito-768x500-1.jpg?fit=746%2C500&ssl=1\",\"datePublished\":\"2024-03-14T17:45:37+00:00\",\"author\":{\"@id\":\"https:\/\/verdadeon.com.br\/portal\/#\/schema\/person\/a5060ad1e9ea3df545188fc93ce43d2f\"},\"breadcrumb\":{\"@id\":\"https:\/\/verdadeon.com.br\/portal\/2024\/03\/14\/pesquisa-do-procon-sp-revela-novo-aumento-no-preco-de-repelentes\/#breadcrumb\"},\"inLanguage\":\"pt-BR\",\"potentialAction\":[{\"@type\":\"ReadAction\",\"target\":[\"https:\/\/verdadeon.com.br\/portal\/2024\/03\/14\/pesquisa-do-procon-sp-revela-novo-aumento-no-preco-de-repelentes\/\"]}]},{\"@type\":\"ImageObject\",\"inLanguage\":\"pt-BR\",\"@id\":\"https:\/\/verdadeon.com.br\/portal\/2024\/03\/14\/pesquisa-do-procon-sp-revela-novo-aumento-no-preco-de-repelentes\/#primaryimage\",\"url\":\"https:\/\/i0.wp.com\/verdadeon.com.br\/portal\/wp-content\/uploads\/2024\/03\/dengue-mosquito-768x500-1.jpg?fit=746%2C500&ssl=1\",\"contentUrl\":\"https:\/\/i0.wp.com\/verdadeon.com.br\/portal\/wp-content\/uploads\/2024\/03\/dengue-mosquito-768x500-1.jpg?fit=746%2C500&ssl=1\",\"width\":746,\"height\":500,\"caption\":\"O Aedes aegypti, al\u00e9m de transmitir o v\u00edrus da dengue, tamb\u00e9m \u00e9 um dos transmissores da febre amarela (\u00a9Divulga\u00e7\u00e3o)\"},{\"@type\":\"BreadcrumbList\",\"@id\":\"https:\/\/verdadeon.com.br\/portal\/2024\/03\/14\/pesquisa-do-procon-sp-revela-novo-aumento-no-preco-de-repelentes\/#breadcrumb\",\"itemListElement\":[{\"@type\":\"ListItem\",\"position\":1,\"name\":\"In\u00edcio\",\"item\":\"https:\/\/verdadeon.com.br\/portal\/\"},{\"@type\":\"ListItem\",\"position\":2,\"name\":\"Pesquisa do Procon-SP revela novo aumento no pre\u00e7o de repelentes\"}]},{\"@type\":\"WebSite\",\"@id\":\"https:\/\/verdadeon.com.br\/portal\/#website\",\"url\":\"https:\/\/verdadeon.com.br\/portal\/\",\"name\":\"VerdadeOn\",\"description\":\"Not\u00edcias di\u00e1rias sobre Franca, Regi\u00e3o, Esporte, Cultura, Cotidiano, Colunas. Cobertura nos principais eventos da cidade \u00e9 aqui - Verdadeon Franca\",\"potentialAction\":[{\"@type\":\"SearchAction\",\"target\":{\"@type\":\"EntryPoint\",\"urlTemplate\":\"https:\/\/verdadeon.com.br\/portal\/?s={search_term_string}\"},\"query-input\":{\"@type\":\"PropertyValueSpecification\",\"valueRequired\":true,\"valueName\":\"search_term_string\"}}],\"inLanguage\":\"pt-BR\"},{\"@type\":\"Person\",\"@id\":\"https:\/\/verdadeon.com.br\/portal\/#\/schema\/person\/a5060ad1e9ea3df545188fc93ce43d2f\",\"name\":\"Redacao VerdadeOn\",\"image\":{\"@type\":\"ImageObject\",\"inLanguage\":\"pt-BR\",\"@id\":\"https:\/\/verdadeon.com.br\/portal\/#\/schema\/person\/image\/\",\"url\":\"https:\/\/secure.gravatar.com\/avatar\/459a9613caaaf07f582c3d0841eea68bdd66f533e465e6ba8b9cb45619572cf4?s=96&d=mm&r=g\",\"contentUrl\":\"https:\/\/secure.gravatar.com\/avatar\/459a9613caaaf07f582c3d0841eea68bdd66f533e465e6ba8b9cb45619572cf4?s=96&d=mm&r=g\",\"caption\":\"Redacao VerdadeOn\"},\"url\":\"https:\/\/verdadeon.com.br\/portal\/author\/redacao\/\"}]}<\/script>\n<!-- \/ Yoast SEO plugin. -->","yoast_head_json":{"title":"Pesquisa do Procon-SP revela novo aumento no pre\u00e7o de repelentes - VerdadeOn","robots":{"index":"index","follow":"follow","max-snippet":"max-snippet:-1","max-image-preview":"max-image-preview:large","max-video-preview":"max-video-preview:-1"},"canonical":"https:\/\/verdadeon.com.br\/portal\/2024\/03\/14\/pesquisa-do-procon-sp-revela-novo-aumento-no-preco-de-repelentes\/","og_locale":"pt_BR","og_type":"article","og_title":"Pesquisa do Procon-SP revela novo aumento no pre\u00e7o de repelentes - VerdadeOn","og_description":"Levantamento revela alta de quase 10% no pre\u00e7o m\u00e9dio em uma semana; varia\u00e7\u00e3o de valores ofertados para o mesmo produto foi de at\u00e9 107% O Procon-SP [\u2026]","og_url":"https:\/\/verdadeon.com.br\/portal\/2024\/03\/14\/pesquisa-do-procon-sp-revela-novo-aumento-no-preco-de-repelentes\/","og_site_name":"VerdadeOn","article_published_time":"2024-03-14T17:45:37+00:00","og_image":[{"width":746,"height":500,"url":"https:\/\/verdadeon.com.br\/portal\/wp-content\/uploads\/2024\/03\/dengue-mosquito-768x500-1.jpg","type":"image\/jpeg"}],"author":"Redacao VerdadeOn","twitter_card":"summary_large_image","twitter_misc":{"Escrito por":"Redacao VerdadeOn","Est. tempo de leitura":"2 minutos"},"schema":{"@context":"https:\/\/schema.org","@graph":[{"@type":"WebPage","@id":"https:\/\/verdadeon.com.br\/portal\/2024\/03\/14\/pesquisa-do-procon-sp-revela-novo-aumento-no-preco-de-repelentes\/","url":"https:\/\/verdadeon.com.br\/portal\/2024\/03\/14\/pesquisa-do-procon-sp-revela-novo-aumento-no-preco-de-repelentes\/","name":"Pesquisa do Procon-SP revela novo aumento no pre\u00e7o de repelentes - VerdadeOn","isPartOf":{"@id":"https:\/\/verdadeon.com.br\/portal\/#website"},"primaryImageOfPage":{"@id":"https:\/\/verdadeon.com.br\/portal\/2024\/03\/14\/pesquisa-do-procon-sp-revela-novo-aumento-no-preco-de-repelentes\/#primaryimage"},"image":{"@id":"https:\/\/verdadeon.com.br\/portal\/2024\/03\/14\/pesquisa-do-procon-sp-revela-novo-aumento-no-preco-de-repelentes\/#primaryimage"},"thumbnailUrl":"https:\/\/i0.wp.com\/verdadeon.com.br\/portal\/wp-content\/uploads\/2024\/03\/dengue-mosquito-768x500-1.jpg?fit=746%2C500&ssl=1","datePublished":"2024-03-14T17:45:37+00:00","author":{"@id":"https:\/\/verdadeon.com.br\/portal\/#\/schema\/person\/a5060ad1e9ea3df545188fc93ce43d2f"},"breadcrumb":{"@id":"https:\/\/verdadeon.com.br\/portal\/2024\/03\/14\/pesquisa-do-procon-sp-revela-novo-aumento-no-preco-de-repelentes\/#breadcrumb"},"inLanguage":"pt-BR","potentialAction":[{"@type":"ReadAction","target":["https:\/\/verdadeon.com.br\/portal\/2024\/03\/14\/pesquisa-do-procon-sp-revela-novo-aumento-no-preco-de-repelentes\/"]}]},{"@type":"ImageObject","inLanguage":"pt-BR","@id":"https:\/\/verdadeon.com.br\/portal\/2024\/03\/14\/pesquisa-do-procon-sp-revela-novo-aumento-no-preco-de-repelentes\/#primaryimage","url":"https:\/\/i0.wp.com\/verdadeon.com.br\/portal\/wp-content\/uploads\/2024\/03\/dengue-mosquito-768x500-1.jpg?fit=746%2C500&ssl=1","contentUrl":"https:\/\/i0.wp.com\/verdadeon.com.br\/portal\/wp-content\/uploads\/2024\/03\/dengue-mosquito-768x500-1.jpg?fit=746%2C500&ssl=1","width":746,"height":500,"caption":"O Aedes aegypti, al\u00e9m de transmitir o v\u00edrus da dengue, tamb\u00e9m \u00e9 um dos transmissores da febre amarela (\u00a9Divulga\u00e7\u00e3o)"},{"@type":"BreadcrumbList","@id":"https:\/\/verdadeon.com.br\/portal\/2024\/03\/14\/pesquisa-do-procon-sp-revela-novo-aumento-no-preco-de-repelentes\/#breadcrumb","itemListElement":[{"@type":"ListItem","position":1,"name":"In\u00edcio","item":"https:\/\/verdadeon.com.br\/portal\/"},{"@type":"ListItem","position":2,"name":"Pesquisa do Procon-SP revela novo aumento no pre\u00e7o de repelentes"}]},{"@type":"WebSite","@id":"https:\/\/verdadeon.com.br\/portal\/#website","url":"https:\/\/verdadeon.com.br\/portal\/","name":"VerdadeOn","description":"Not\u00edcias di\u00e1rias sobre Franca, Regi\u00e3o, Esporte, Cultura, Cotidiano, Colunas. Cobertura nos principais eventos da cidade \u00e9 aqui - Verdadeon Franca","potentialAction":[{"@type":"SearchAction","target":{"@type":"EntryPoint","urlTemplate":"https:\/\/verdadeon.com.br\/portal\/?s={search_term_string}"},"query-input":{"@type":"PropertyValueSpecification","valueRequired":true,"valueName":"search_term_string"}}],"inLanguage":"pt-BR"},{"@type":"Person","@id":"https:\/\/verdadeon.com.br\/portal\/#\/schema\/person\/a5060ad1e9ea3df545188fc93ce43d2f","name":"Redacao VerdadeOn","image":{"@type":"ImageObject","inLanguage":"pt-BR","@id":"https:\/\/verdadeon.com.br\/portal\/#\/schema\/person\/image\/","url":"https:\/\/secure.gravatar.com\/avatar\/459a9613caaaf07f582c3d0841eea68bdd66f533e465e6ba8b9cb45619572cf4?s=96&d=mm&r=g","contentUrl":"https:\/\/secure.gravatar.com\/avatar\/459a9613caaaf07f582c3d0841eea68bdd66f533e465e6ba8b9cb45619572cf4?s=96&d=mm&r=g","caption":"Redacao VerdadeOn"},"url":"https:\/\/verdadeon.com.br\/portal\/author\/redacao\/"}]}},"jetpack_publicize_connections":[],"jetpack_featured_media_url":"https:\/\/i0.wp.com\/verdadeon.com.br\/portal\/wp-content\/uploads\/2024\/03\/dengue-mosquito-768x500-1.jpg?fit=746%2C500&ssl=1","jetpack_sharing_enabled":true,"_links":{"self":[{"href":"https:\/\/verdadeon.com.br\/portal\/wp-json\/wp\/v2\/posts\/42361","targetHints":{"allow":["GET"]}}],"collection":[{"href":"https:\/\/verdadeon.com.br\/portal\/wp-json\/wp\/v2\/posts"}],"about":[{"href":"https:\/\/verdadeon.com.br\/portal\/wp-json\/wp\/v2\/types\/post"}],"author":[{"embeddable":true,"href":"https:\/\/verdadeon.com.br\/portal\/wp-json\/wp\/v2\/users\/10"}],"replies":[{"embeddable":true,"href":"https:\/\/verdadeon.com.br\/portal\/wp-json\/wp\/v2\/comments?post=42361"}],"version-history":[{"count":1,"href":"https:\/\/verdadeon.com.br\/portal\/wp-json\/wp\/v2\/posts\/42361\/revisions"}],"predecessor-version":[{"id":42363,"href":"https:\/\/verdadeon.com.br\/portal\/wp-json\/wp\/v2\/posts\/42361\/revisions\/42363"}],"wp:featuredmedia":[{"embeddable":true,"href":"https:\/\/verdadeon.com.br\/portal\/wp-json\/wp\/v2\/media\/42362"}],"wp:attachment":[{"href":"https:\/\/verdadeon.com.br\/portal\/wp-json\/wp\/v2\/media?parent=42361"}],"wp:term":[{"taxonomy":"category","embeddable":true,"href":"https:\/\/verdadeon.com.br\/portal\/wp-json\/wp\/v2\/categories?post=42361"},{"taxonomy":"post_tag","embeddable":true,"href":"https:\/\/verdadeon.com.br\/portal\/wp-json\/wp\/v2\/tags?post=42361"}],"curies":[{"name":"wp","href":"https:\/\/api.w.org\/{rel}","templated":true}]}}